{"id":64209,"date":"2026-09-06T07:05:25","date_gmt":"2026-09-06T05:05:25","guid":{"rendered":"https:\/\/veritasinfo.org\/?p=64209"},"modified":"2026-09-06T07:05:25","modified_gmt":"2026-09-06T05:05:25","slug":"aktakuza-serbia-mobilizoi-te-gjitha-forcat-si-mjaftonte-vetem-eliminimi-i-adem-jasharit","status":"publish","type":"post","link":"https:\/\/veritasinfo.org\/?p=64209","title":{"rendered":"Aktakuza: Serbia mobilizoi t\u00eb gjitha forcat, s\u2019i mjaftonte vet\u00ebm eliminimi i Adem Jasharit"},"content":{"rendered":"<p>Prishtin\u00eb, 6 shtator 2026 07:04<\/p>\n<p>Aktakuza e Prokuroris\u00eb Speciale kund\u00ebr 35 personave dokumenton n\u00eb m\u00ebnyr\u00eb t\u00eb detajuar se Masakra e Jashar\u00ebve nuk ishte rezultat i nj\u00eb p\u00ebrleshjeje t\u00eb rast\u00ebsishme apo i veprimeve t\u00eb izoluara t\u00eb disa nj\u00ebsive policore. N\u00eb aktakuz\u00eb thuhet se ishte nj\u00eb plan i organizuar nga forcat serbe t\u00eb cil\u00ebt t\u00eb motivuar nga urrejtja etnike synonin spastrimin etnik t\u00eb asaj zone. N\u00eb krye t\u00eb k\u00ebtij organizimi q\u00ebndronin Jovica Stanishiq, Vlastimir Gjorgjeviq dhe Sreten Lukiq, t\u00eb cil\u00ebt, sipas aktakuz\u00ebs, hartuan, miratuan dhe mbik\u00ebqyr\u00ebn operacionin.<\/p>\n<p>Nga 5 deri m\u00eb 7 mars 1998 sh\u00ebnohen dit\u00ebt kur nj\u00ebsi t\u00eb mirorganizuara nga aparati shtet\u00ebror serb kryen sulm ndaj familjes Jashari. Aty mbet\u00ebn t\u00eb vrar\u00eb 59 persona n\u00eb mesin e t\u00eb cil\u00ebve 26 civil\u00eb t\u00eb pambrojtur.<\/p>\n<p>Aktakuza e Prokuroris\u00eb Speciale e ngritur t\u00eb premten kund\u00ebr 35 personave t\u00eb cil\u00ebn e ka siguruar KOHA, i p\u00ebrshkruan n\u00eb m\u00ebnyr\u00eb t\u00eb detajuar veprimet q\u00eb dyshohet se nd\u00ebrmor\u00ebn t\u00eb dyshuarit n\u00eb sulmin e paparalajm\u00ebruar p\u00ebr t\u00eb cilin kishin menduar se do t\u00eb zgjaste vet\u00ebm disa or\u00eb.<\/p>\n<p>N\u00eb krye t\u00eb operacionit, sipas Prokuroris\u00eb, ishte i vendosur Jovica Stanishiq, i cili n\u00eb at\u00eb koh\u00eb ishte z\u00ebvend\u00ebsminist\u00ebr i Pun\u00ebve t\u00eb Brendshme dhe shef i Departamentit t\u00eb Siguris\u00eb Shtet\u00ebrore, nd\u00ebrsa z\u00ebvend\u00ebsi i tij ishte i pandehuri Vlastimir Gjorgjeviq, n\u00eb cil\u00ebsin\u00eb e z\u00ebvend\u00ebsministrit t\u00eb Pun\u00ebve t\u00eb Brendshme.<\/p>\n<p>Plani, sipas aktakuz\u00ebs s\u00eb Prokuroris\u00eb Speciale, ishte ndihmuar edhe nga Sreten Lukiq, i cili ishte p\u00ebrgjegj\u00ebs p\u00ebr koordinimin operacional t\u00eb Nj\u00ebsis\u00eb p\u00ebr Operacione Speciale, Nj\u00ebsive Speciale Antiterroriste dhe Nj\u00ebsis\u00eb s\u00eb Posa\u00e7me t\u00eb Policis\u00eb.<\/p>\n<p>Q\u00eb nga janari i 1998-s e deri n\u00eb p\u00ebrfundim t\u00eb sulmit, n\u00eb aktakuz\u00eb thuhet se lagjja ishte 24 or\u00eb n\u00ebn v\u00ebzhgimin e kamerave. Nd\u00ebrsa sulmin ndaj sht\u00ebpive t\u00eb Adem Jasharit dhe kush\u00ebrinjve t\u00eb tij akuzohet se e ka udh\u00ebhequr i dyshuari Milorad Ulemek, i njohur me nofk\u00ebn \u201cLegia\u201d.<\/p>\n<p>K\u00ebt\u00eb pretendim, Prokuroria e ka mb\u00ebshtetur n\u00eb deklarat\u00ebn e nj\u00eb d\u00ebshmitari t\u00eb mbrojtur i cili e ka pranuar q\u00eb si pjes\u00eb e forcave serbe ishte prezent n\u00eb Prekaz gjat\u00eb k\u00ebtyre tri dit\u00ebve, por q\u00eb nuk kishte marr\u00eb pjes\u00eb n\u00eb sulm.<\/p>\n<p>\u201cLidhur me ngjarjen d\u00ebshmitari ka shtuar me tej se n\u00ebse Adem Jashari kishte qen\u00eb cak i tyre, para k\u00ebtij sulmi shum\u00eb her\u00eb kishte mund\u00ebsi t\u00eb arrestohej, apo \u00e7ak edhe t\u00eb likuidohej (vrar\u00eb), n\u00ebse ishte q\u00ebllimi p\u00ebr ta vrar\u00eb, sepse pjes\u00ebtaret e Nj\u00ebsis\u00eb p\u00ebr Operacione Speciale t\u00eb cil\u00ebt ishin n\u00eb \u201cVill\u00eb\u201d, gjat\u00eb daljes se tyre gjat\u00eb nat\u00ebs n\u00eb patrull\u00eb, e kishin njoftuar shtabin se si e kishin par\u00eb Adem Jasharin, se si kishte kaluar p\u00ebrskaj tyre n\u00eb rrug\u00eb dhe nga shtabi gjithmon\u00eb ishin lajm\u00ebruar q\u00eb vet\u00ebm ta v\u00ebzhgonin situat\u00ebn dhe t\u00eb mos nd\u00ebrmarrin asnj\u00eb veprim\u201d, thuhet n\u00eb aktakuz\u00ebn e Prokuroris\u00eb p\u00ebr masakr\u00ebn te Jashar\u00ebt.<\/p>\n<p>N\u00eb dit\u00ebn e par\u00eb t\u00eb sulmit, sipas aktakuz\u00ebs Legia ka p\u00ebrdorur armatim t\u00eb r\u00ebnd\u00eb, por meq\u00eb pati hasur n\u00eb rezistenc\u00eb, n\u00eb dit\u00ebn e dyt\u00eb ka k\u00ebrkuar q\u00eb t\u00eb p\u00ebrdorte bomba fosfori p\u00ebr helmimin e personave q\u00eb ndodheshin n\u00eb sht\u00ebpi.<\/p>\n<p>\u201cPas k\u00ebsaj, si\u00e7 thekson d\u00ebshmitari, kur \u201cLegia\u201d kishte shkuar n\u00eb shtab, ishte shum\u00eb i nervozuar dhe kishte k\u00ebrkuar nga Goran Radosavljevi\u0107 \u201cGuri\u201d q\u00eb p\u00ebr dit\u00ebn e nes\u00ebrme t\u2019i siguroj\u00eb bombat e fosforit, t\u00eb cilat me minahedh\u00ebs do t\u2019i gjuante n\u00eb oborr, me q\u00ebllim q\u00eb t\u2019i helmoj\u00eb ata njer\u00ebz q\u00eb kishin qen\u00eb n\u00eb sht\u00ebpi, sepse, sipas tij, ndryshe nuk mund t\u00eb hynte brenda\u201d, thuhet tutje n\u00eb aktakuz\u00eb.<\/p>\n<p>Duke u mb\u00ebshtetur n\u00eb d\u00ebshmin\u00eb e k\u00ebtij d\u00ebshmitari, sipas Prokuroris\u00eb Speciale n\u00eb sulm mor\u00ebn pjes\u00eb rreth dy mij\u00eb persona nga Shtabi Nd\u00ebrsektorial q\u00eb ishte formuar m\u00eb 1998-n nga Ministria e Pun\u00ebve t\u00eb Brendshme e Serbis\u00eb p\u00ebr k\u00ebt\u00eb qellim.<\/p>\n<p>\u201cTek t\u00eb pandehurit e lartcekur ka ekzistuar dashja direkte p\u00ebr kryerjen e k\u00ebtij sulmi dhe se kan\u00eb qen\u00eb t\u00eb vet\u00ebdijsh\u00ebm p\u00ebr pasojat t\u00eb cilat do t\u00eb shkaktoheshin gjat\u00eb realizimit t\u00eb sulmit, marr\u00eb parasysh se popullsia civile ka qen\u00eb prezent\u00eb n\u00eb mas\u00eb t\u00eb madhe n\u00eb sht\u00ebpit\u00eb e tyre t\u00eb cilat po ashtu ishin objekte civile e q\u00eb sipas t\u00eb drejt\u00ebs nd\u00ebrkomb\u00ebtare popullsia dhe objektet civile duhet t\u00eb mbrohen\u201d, thuhet n\u00eb aktakuz\u00ebn e PSRK-s\u00eb.<\/p>\n<p>Provat e Prokuroris\u00eb Speciale kan\u00eb treguar se pjes\u00ebmarr\u00ebsit n\u00eb sulm ishin veshur me rroba t\u00eb tjera p\u00ebr t\u2019u dukur si struktur\u00eb policore e rregullt.<\/p>\n<p>D\u00ebshmitari ka treguar n\u00eb PSRK, se pas sulmit, disa udh\u00ebheq\u00ebs t\u00eb k\u00ebtyre nj\u00ebsive kishin marr\u00eb medalje dhe ishin ngritur n\u00eb detyr\u00eb nga Sllobodan Millosheviqi.<\/p>\n<p>13 nga t\u00eb akuzuarit kan\u00eb lindur n\u00eb Kosov\u00eb dhe dyshohen q\u00eb secili ve\u00e7 e ve\u00e7 si dhe n\u00eb bashk\u00ebkryerje kan\u00eb kryer vepr\u00ebn penale t\u00eb krimit t\u00eb luft\u00ebs kund\u00ebr popullat\u00ebs civile.<\/p>\n<p>N\u00eb k\u00ebt\u00eb proces jan\u00eb 24 d\u00ebshmitar\u00eb, e q\u00eb 18 prej tyre kan\u00eb statusin e t\u00eb d\u00ebmtuarit.<\/p>\n<p>M\u00eb 5, 6 dhe 7 mars, forcat serbe vran\u00eb m\u00eb shum\u00eb se 50 persona gjat\u00eb sulmit n\u00eb Prekaz ndaj familjes s\u00eb heroit t\u00eb Kosov\u00ebs, Adem Jashari, nj\u00eb prej themeluesve t\u00eb Ushtris\u00eb \u00c7lirimtare t\u00eb Kosov\u00ebs. Ky ishte nisur sulmi i tret\u00eb i forcave serbe ndaj komandantit t\u00eb U\u00c7K-s\u00eb, Adem Jashari, familjes s\u00eb tij dhe lagjes s\u00eb Jashar\u00ebve n\u00eb Prekaz t\u00eb Skenderajt.<\/p>\n<p>Nga familja e ngusht\u00eb e Adem Jasharit jan\u00eb vrar\u00eb 22 an\u00ebtar\u00eb, bashk\u00eb me 33 banor\u00eb t\u00eb lagjes dhe t\u00eb tjer\u00eb. K\u00ebtij sulmi i ka shp\u00ebtuar Bashkimi, djali i Rifat Jasharit, i cili ia pati dal\u00eb q\u00eb t\u00eb ikte nga rrethina, si dhe Besarta, vajza e Ham\u00ebz Jasharit.<\/p>\n<p>Sulmi i par\u00eb ndaj familjes Jashari \u00ebsht\u00eb b\u00ebr\u00eb m\u00eb 30 dhjetor t\u00eb 1991-t\u00ebs, nd\u00ebrsa t\u00eb dytin forcat paramilitare serbe e kan\u00eb kryer n\u00eb janar t\u00eb 1998-s.<\/p>\n<p>M\u00eb 22 janar 1998, forcat serbe e kan\u00eb sulmuar familjen Jashari, porse edhe k\u00ebsaj beteje f\u00ebmij\u00ebt dhe grat\u00eb e familjes Jashari i kan\u00eb rezistuar. Megjithat\u00eb, n\u00eb k\u00ebt\u00eb betej\u00eb q\u00eb zgjati af\u00ebr 30 minuta, t\u00eb plagosura kan\u00eb mbetur Iliriana, vajza e Rifat Jasharit, dhe Selvetja, vajza e Ham\u00ebz Jasharit.<\/p>\n<p>&nbsp;<\/p>\n<p>&nbsp;<\/p>\n","protected":false},"excerpt":{"rendered":"<p>Prishtin\u00eb, 6 shtator 2026 07:04 Aktakuza e Prokuroris\u00eb Speciale kund\u00ebr 35 personave dokumenton n\u00eb m\u00ebnyr\u00eb t\u00eb detajuar se Masakra e Jashar\u00ebve nuk ishte rezultat i<\/p>\n","protected":false},"author":7,"featured_media":36003,"comment_status":"open","ping_status":"open","sticky":false,"template":"","format":"standard","meta":{"footnotes":""},"categories":[60],"tags":[],"class_list":["post-64209","post","type-post","status-publish","format-standard","has-post-thumbnail","hentry","category-shoqerore-sq"],"yoast_head":"<!-- This site is optimized with the Yoast SEO plugin v25.3.1 - https:\/\/yoast.com\/wordpress\/plugins\/seo\/ -->\n<title>Aktakuza: Serbia mobilizoi t\u00eb gjitha forcat, s\u2019i mjaftonte vet\u00ebm eliminimi i Adem Jasharit -<\/title>\n<meta name=\"robots\" content=\"index, follow, max-snippet:-1, max-image-preview:large, max-video-preview:-1\" \/>\n<link rel=\"canonical\" href=\"https:\/\/veritasinfo.org\/?p=64209\" \/>\n<meta property=\"og:locale\" content=\"en_US\" \/>\n<meta property=\"og:type\" content=\"article\" \/>\n<meta property=\"og:title\" content=\"Aktakuza: Serbia mobilizoi t\u00eb gjitha forcat, s\u2019i mjaftonte vet\u00ebm eliminimi i Adem Jasharit -\" \/>\n<meta property=\"og:description\" content=\"Prishtin\u00eb, 6 shtator 2026 07:04 Aktakuza e Prokuroris\u00eb Speciale kund\u00ebr 35 personave dokumenton n\u00eb m\u00ebnyr\u00eb t\u00eb detajuar se Masakra e Jashar\u00ebve nuk ishte rezultat i\" \/>\n<meta property=\"og:url\" content=\"https:\/\/veritasinfo.org\/?p=64209\" \/>\n<meta property=\"article:published_time\" content=\"2026-09-06T05:05:25+00:00\" \/>\n<meta property=\"og:image\" content=\"https:\/\/veritasinfo.org\/wp-content\/uploads\/2026\/03\/708015_prekaz-1.webp\" \/>\n\t<meta property=\"og:image:width\" content=\"900\" \/>\n\t<meta property=\"og:image:height\" content=\"506\" \/>\n\t<meta property=\"og:image:type\" content=\"image\/webp\" \/>\n<meta name=\"author\" content=\"US6\" \/>\n<meta name=\"twitter:card\" content=\"summary_large_image\" \/>\n<meta name=\"twitter:label1\" content=\"Written by\" \/>\n\t<meta name=\"twitter:data1\" content=\"US6\" \/>\n\t<meta name=\"twitter:label2\" content=\"Est. reading time\" \/>\n\t<meta name=\"twitter:data2\" content=\"5 minutes\" \/>\n<script type=\"application\/ld+json\" class=\"yoast-schema-graph\">{\"@context\":\"https:\/\/schema.org\",\"@graph\":[{\"@type\":\"WebPage\",\"@id\":\"https:\/\/veritasinfo.org\/?p=64209\",\"url\":\"https:\/\/veritasinfo.org\/?p=64209\",\"name\":\"Aktakuza: Serbia mobilizoi t\u00eb gjitha forcat, s\u2019i mjaftonte vet\u00ebm eliminimi i Adem Jasharit -\",\"isPartOf\":{\"@id\":\"https:\/\/veritasinfo.org\/#website\"},\"primaryImageOfPage\":{\"@id\":\"https:\/\/veritasinfo.org\/?p=64209#primaryimage\"},\"image\":{\"@id\":\"https:\/\/veritasinfo.org\/?p=64209#primaryimage\"},\"thumbnailUrl\":\"https:\/\/veritasinfo.org\/wp-content\/uploads\/2026\/03\/708015_prekaz-1.webp\",\"datePublished\":\"2026-09-06T05:05:25+00:00\",\"author\":{\"@id\":\"https:\/\/veritasinfo.org\/#\/schema\/person\/fe199eede04c3937362892b7444747cc\"},\"breadcrumb\":{\"@id\":\"https:\/\/veritasinfo.org\/?p=64209#breadcrumb\"},\"inLanguage\":\"en-US\",\"potentialAction\":[{\"@type\":\"ReadAction\",\"target\":[\"https:\/\/veritasinfo.org\/?p=64209\"]}]},{\"@type\":\"ImageObject\",\"inLanguage\":\"en-US\",\"@id\":\"https:\/\/veritasinfo.org\/?p=64209#primaryimage\",\"url\":\"https:\/\/veritasinfo.org\/wp-content\/uploads\/2026\/03\/708015_prekaz-1.webp\",\"contentUrl\":\"https:\/\/veritasinfo.org\/wp-content\/uploads\/2026\/03\/708015_prekaz-1.webp\",\"width\":900,\"height\":506},{\"@type\":\"BreadcrumbList\",\"@id\":\"https:\/\/veritasinfo.org\/?p=64209#breadcrumb\",\"itemListElement\":[{\"@type\":\"ListItem\",\"position\":1,\"name\":\"Home\",\"item\":\"https:\/\/veritasinfo.org\/\"},{\"@type\":\"ListItem\",\"position\":2,\"name\":\"Aktakuza: Serbia mobilizoi t\u00eb gjitha forcat, s\u2019i mjaftonte vet\u00ebm eliminimi i Adem Jasharit\"}]},{\"@type\":\"WebSite\",\"@id\":\"https:\/\/veritasinfo.org\/#website\",\"url\":\"https:\/\/veritasinfo.org\/\",\"name\":\"\",\"description\":\"\",\"potentialAction\":[{\"@type\":\"SearchAction\",\"target\":{\"@type\":\"EntryPoint\",\"urlTemplate\":\"https:\/\/veritasinfo.org\/?s={search_term_string}\"},\"query-input\":{\"@type\":\"PropertyValueSpecification\",\"valueRequired\":true,\"valueName\":\"search_term_string\"}}],\"inLanguage\":\"en-US\"},{\"@type\":\"Person\",\"@id\":\"https:\/\/veritasinfo.org\/#\/schema\/person\/fe199eede04c3937362892b7444747cc\",\"name\":\"US6\",\"image\":{\"@type\":\"ImageObject\",\"inLanguage\":\"en-US\",\"@id\":\"https:\/\/veritasinfo.org\/#\/schema\/person\/image\/\",\"url\":\"https:\/\/secure.gravatar.com\/avatar\/cb16c3c31c9d23b9b8c705964598220b3014e42ff51eb540ff23cefa3ae8c15f?s=96&d=mm&r=g\",\"contentUrl\":\"https:\/\/secure.gravatar.com\/avatar\/cb16c3c31c9d23b9b8c705964598220b3014e42ff51eb540ff23cefa3ae8c15f?s=96&d=mm&r=g\",\"caption\":\"US6\"},\"url\":\"https:\/\/veritasinfo.org\/?author=7\"}]}<\/script>\n<!-- \/ Yoast SEO plugin. -->","yoast_head_json":{"title":"Aktakuza: Serbia mobilizoi t\u00eb gjitha forcat, s\u2019i mjaftonte vet\u00ebm eliminimi i Adem Jasharit -","robots":{"index":"index","follow":"follow","max-snippet":"max-snippet:-1","max-image-preview":"max-image-preview:large","max-video-preview":"max-video-preview:-1"},"canonical":"https:\/\/veritasinfo.org\/?p=64209","og_locale":"en_US","og_type":"article","og_title":"Aktakuza: Serbia mobilizoi t\u00eb gjitha forcat, s\u2019i mjaftonte vet\u00ebm eliminimi i Adem Jasharit -","og_description":"Prishtin\u00eb, 6 shtator 2026 07:04 Aktakuza e Prokuroris\u00eb Speciale kund\u00ebr 35 personave dokumenton n\u00eb m\u00ebnyr\u00eb t\u00eb detajuar se Masakra e Jashar\u00ebve nuk ishte rezultat i","og_url":"https:\/\/veritasinfo.org\/?p=64209","article_published_time":"2026-09-06T05:05:25+00:00","og_image":[{"width":900,"height":506,"url":"https:\/\/veritasinfo.org\/wp-content\/uploads\/2026\/03\/708015_prekaz-1.webp","type":"image\/webp"}],"author":"US6","twitter_card":"summary_large_image","twitter_misc":{"Written by":"US6","Est. reading time":"5 minutes"},"schema":{"@context":"https:\/\/schema.org","@graph":[{"@type":"WebPage","@id":"https:\/\/veritasinfo.org\/?p=64209","url":"https:\/\/veritasinfo.org\/?p=64209","name":"Aktakuza: Serbia mobilizoi t\u00eb gjitha forcat, s\u2019i mjaftonte vet\u00ebm eliminimi i Adem Jasharit -","isPartOf":{"@id":"https:\/\/veritasinfo.org\/#website"},"primaryImageOfPage":{"@id":"https:\/\/veritasinfo.org\/?p=64209#primaryimage"},"image":{"@id":"https:\/\/veritasinfo.org\/?p=64209#primaryimage"},"thumbnailUrl":"https:\/\/veritasinfo.org\/wp-content\/uploads\/2026\/03\/708015_prekaz-1.webp","datePublished":"2026-09-06T05:05:25+00:00","author":{"@id":"https:\/\/veritasinfo.org\/#\/schema\/person\/fe199eede04c3937362892b7444747cc"},"breadcrumb":{"@id":"https:\/\/veritasinfo.org\/?p=64209#breadcrumb"},"inLanguage":"en-US","potentialAction":[{"@type":"ReadAction","target":["https:\/\/veritasinfo.org\/?p=64209"]}]},{"@type":"ImageObject","inLanguage":"en-US","@id":"https:\/\/veritasinfo.org\/?p=64209#primaryimage","url":"https:\/\/veritasinfo.org\/wp-content\/uploads\/2026\/03\/708015_prekaz-1.webp","contentUrl":"https:\/\/veritasinfo.org\/wp-content\/uploads\/2026\/03\/708015_prekaz-1.webp","width":900,"height":506},{"@type":"BreadcrumbList","@id":"https:\/\/veritasinfo.org\/?p=64209#breadcrumb","itemListElement":[{"@type":"ListItem","position":1,"name":"Home","item":"https:\/\/veritasinfo.org\/"},{"@type":"ListItem","position":2,"name":"Aktakuza: Serbia mobilizoi t\u00eb gjitha forcat, s\u2019i mjaftonte vet\u00ebm eliminimi i Adem Jasharit"}]},{"@type":"WebSite","@id":"https:\/\/veritasinfo.org\/#website","url":"https:\/\/veritasinfo.org\/","name":"","description":"","potentialAction":[{"@type":"SearchAction","target":{"@type":"EntryPoint","urlTemplate":"https:\/\/veritasinfo.org\/?s={search_term_string}"},"query-input":{"@type":"PropertyValueSpecification","valueRequired":true,"valueName":"search_term_string"}}],"inLanguage":"en-US"},{"@type":"Person","@id":"https:\/\/veritasinfo.org\/#\/schema\/person\/fe199eede04c3937362892b7444747cc","name":"US6","image":{"@type":"ImageObject","inLanguage":"en-US","@id":"https:\/\/veritasinfo.org\/#\/schema\/person\/image\/","url":"https:\/\/secure.gravatar.com\/avatar\/cb16c3c31c9d23b9b8c705964598220b3014e42ff51eb540ff23cefa3ae8c15f?s=96&d=mm&r=g","contentUrl":"https:\/\/secure.gravatar.com\/avatar\/cb16c3c31c9d23b9b8c705964598220b3014e42ff51eb540ff23cefa3ae8c15f?s=96&d=mm&r=g","caption":"US6"},"url":"https:\/\/veritasinfo.org\/?author=7"}]}},"featured_image_urls":{"full":["https:\/\/veritasinfo.org\/wp-content\/uploads\/2026\/03\/708015_prekaz-1.webp",900,506,false],"thumbnail":["https:\/\/veritasinfo.org\/wp-content\/uploads\/2026\/03\/708015_prekaz-1-150x150.webp",150,150,true],"medium":["https:\/\/veritasinfo.org\/wp-content\/uploads\/2026\/03\/708015_prekaz-1-300x169.webp",300,169,true],"medium_large":["https:\/\/veritasinfo.org\/wp-content\/uploads\/2026\/03\/708015_prekaz-1-768x432.webp",640,360,true],"large":["https:\/\/veritasinfo.org\/wp-content\/uploads\/2026\/03\/708015_prekaz-1.webp",640,360,false],"1536x1536":["https:\/\/veritasinfo.org\/wp-content\/uploads\/2026\/03\/708015_prekaz-1.webp",900,506,false],"2048x2048":["https:\/\/veritasinfo.org\/wp-content\/uploads\/2026\/03\/708015_prekaz-1.webp",900,506,false],"kreeti-slider-full":["https:\/\/veritasinfo.org\/wp-content\/uploads\/2026\/03\/708015_prekaz-1.webp",900,506,false],"kreeti-featured":["https:\/\/veritasinfo.org\/wp-content\/uploads\/2026\/03\/708015_prekaz-1.webp",900,506,false],"kreeti-medium":["https:\/\/veritasinfo.org\/wp-content\/uploads\/2026\/03\/708015_prekaz-1.webp",720,405,false],"kreeti-medium-square":["https:\/\/veritasinfo.org\/wp-content\/uploads\/2026\/03\/708015_prekaz-1.webp",350,197,false]},"author_info":{"info":["US6"]},"category_info":"<a href=\"https:\/\/veritasinfo.org\/?cat=60\" rel=\"category\">Shoq\u00ebrore<\/a>","tag_info":"Shoq\u00ebrore","comment_count":"0","_links":{"self":[{"href":"https:\/\/veritasinfo.org\/index.php?rest_route=\/wp\/v2\/posts\/64209","targetHints":{"allow":["GET"]}}],"collection":[{"href":"https:\/\/veritasinfo.org\/index.php?rest_route=\/wp\/v2\/posts"}],"about":[{"href":"https:\/\/veritasinfo.org\/index.php?rest_route=\/wp\/v2\/types\/post"}],"author":[{"embeddable":true,"href":"https:\/\/veritasinfo.org\/index.php?rest_route=\/wp\/v2\/users\/7"}],"replies":[{"embeddable":true,"href":"https:\/\/veritasinfo.org\/index.php?rest_route=%2Fwp%2Fv2%2Fcomments&post=64209"}],"version-history":[{"count":1,"href":"https:\/\/veritasinfo.org\/index.php?rest_route=\/wp\/v2\/posts\/64209\/revisions"}],"predecessor-version":[{"id":64210,"href":"https:\/\/veritasinfo.org\/index.php?rest_route=\/wp\/v2\/posts\/64209\/revisions\/64210"}],"wp:featuredmedia":[{"embeddable":true,"href":"https:\/\/veritasinfo.org\/index.php?rest_route=\/wp\/v2\/media\/36003"}],"wp:attachment":[{"href":"https:\/\/veritasinfo.org\/index.php?rest_route=%2Fwp%2Fv2%2Fmedia&parent=64209"}],"wp:term":[{"taxonomy":"category","embeddable":true,"href":"https:\/\/veritasinfo.org\/index.php?rest_route=%2Fwp%2Fv2%2Fcategories&post=64209"},{"taxonomy":"post_tag","embeddable":true,"href":"https:\/\/veritasinfo.org\/index.php?rest_route=%2Fwp%2Fv2%2Ftags&post=64209"}],"curies":[{"name":"wp","href":"https:\/\/api.w.org\/{rel}","templated":true}]}}