{"id":64207,"date":"2026-09-06T07:00:22","date_gmt":"2026-09-06T05:00:22","guid":{"rendered":"https:\/\/veritasinfo.org\/?p=64207"},"modified":"2026-09-06T07:00:22","modified_gmt":"2026-09-06T05:00:22","slug":"eu-poostrava-stav-prema-srbiji-zbog-mladiceve-sahrane","status":"publish","type":"post","link":"https:\/\/veritasinfo.org\/?p=64207&lang=sr","title":{"rendered":"EU poo\u0161trava stav prema Srbiji zbog Mladic\u0301eve sahrane"},"content":{"rendered":"<p>Pri\u0161tina, 6. septembar 2026. 06:58<\/p>\n<p>Evropska unija je povec\u0301ala pritisak na Srbiju nakon odluke da se odr\u017ei sahrana za Ratka Mladic\u0301a, osu\u0111enog za ratne zlo\u010dine, zlo\u010dine protiv \u010dove\u010dnosti i genocid.<\/p>\n<p>U prvim danima nakon Mladic\u0301eve smrti 27. avgusta, nije bilo javne reakcije visokih zvani\u010dnika EU u Briselu. Situacija se promenila nakon \u0161to je njegovo telo vrac\u0301eno u Beograd, kada je postalo jasno da c\u0301e srpske dr\u017eavne institucije biti uklju\u010dene u organizaciju komemoracije i sahrane.<\/p>\n<p>Iza kulisa, evropski zvani\u010dnici rade na tome da ubede predsednika Srbije Aleksandra Vu\u010dic\u0301a da ne odr\u017ei dr\u017eavnu ceremoniju za Mladic\u0301a.<\/p>\n<p>Me\u0111utim, o\u010dekuje se da c\u0301e \u010dlanovi srpske vlade prisustvovati sahrani, \u0161to je nai\u0161lo na kritike u Briselu.<\/p>\n<p>Stav EU je postao o\u0161triji 4. septembra, kada su novoizabrani predsednik Saveta EU, Irska, i evropska komesarka za pro\u0161irenje, Marta Kos, javno reagovali na slu\u010daj.<\/p>\n<p>Kos je Mladic\u0301ev sahranu opisala kao va\u017ean test za Srbiju i za na\u010din na koji deli evropske vrednosti.<\/p>\n<p>Istovremeno, evropski komesar je otkazao planiranu posetu Srbiji 9. i 10. septembra. Odluka je povezana sa zabrinuto\u0161c\u0301u zbog veli\u010danja Mladic\u0301eve figure.<\/p>\n<p>Ovaj razvoj doga\u0111aja dolazi u osetljivom periodu za Srbiju, koja je usred neprijavljene predizborne kampanje, dok je u zemlji izra\u017eena i zabrinutost zbog \u0161pijuniranja politi\u010dkih protivnika i aktivista civilnog dru\u0161tva.<\/p>\n<p>U me\u0111uvremenu, Brisel tako\u0111e pa\u017eljivo prati slu\u010daj poku\u0161aja napada dronom napunjenim eksplozivom na aerodromu u Lajpcigu u Nema\u010dkoj.<\/p>\n<p>Dva srpska dr\u017eavljanina su uhap\u0161ena u Srbiji zbog sumnje da su ume\u0161ana u slu\u010daj, dok Evropska unija jo\u0161 nije izdala odgovor kojim direktno povezuje srpske vlasti sa poku\u0161ajem napada.<\/p>\n<p>U Briselu se incident posmatra u kontekstu novih bezbednosnih izazova sa kojima se suo\u010dava Evropa i kao dodatni dokaz da dr\u017eave \u010dlanice NATO-a tako\u0111e mogu biti predmet provokacija koje mogu biti povezane sa Rusijom.<\/p>\n<p>O\u010dekuje se da c\u0301e slu\u010daj biti i test za NATO i njegovo jedinstvo u slu\u010daju eskalacije pretnji ove prirode.<\/p>\n<p>U EU vec\u0301 dugo postoji zabrinutost zbog dodele srpskih paso\u0161a ruskim dr\u017eavljanima. Broj Rusa koji su dobili srpsko dr\u017eavljanstvo zna\u010dajno se povec\u0301ao od po\u010detka rata u Ukrajini, \u0161to izaziva zabrinutost za bezbednost u zemljama EU.<\/p>\n<p>To je zato \u0161to ruski dr\u017eavljani koji dobiju srpski paso\u0161 mogu slobodno da se krec\u0301u unutar Evropske unije.<\/p>\n<p>Nekoliko balti\u010dkih zemalja je pozvalo na uvo\u0111enje viznih ograni\u010denja za ljude ruskog porekla ili veza, ali ova inicijativa do sada nije dobila \u0161iroku podr\u0161ku na nivou Evropske unije.<\/p>\n","protected":false},"excerpt":{"rendered":"<p>Pri\u0161tina, 6. septembar 2026. 06:58 Evropska unija je povec\u0301ala pritisak na Srbiju nakon odluke da se odr\u017ei sahrana za Ratka Mladic\u0301a, osu\u0111enog za ratne zlo\u010dine,<\/p>\n","protected":false},"author":7,"featured_media":45189,"comment_status":"open","ping_status":"open","sticky":false,"template":"","format":"standard","meta":{"footnotes":""},"categories":[28],"tags":[],"class_list":["post-64207","post","type-post","status-publish","format-standard","has-post-thumbnail","hentry","category-politika"],"yoast_head":"<!-- This site is optimized with the Yoast SEO plugin v25.3.1 - https:\/\/yoast.com\/wordpress\/plugins\/seo\/ -->\n<title>EU poo\u0161trava stav prema Srbiji zbog Mladic\u0301eve sahrane -<\/title>\n<meta name=\"robots\" content=\"index, follow, max-snippet:-1, max-image-preview:large, max-video-preview:-1\" \/>\n<link rel=\"canonical\" href=\"https:\/\/veritasinfo.org\/?p=64207&lang=sr\" \/>\n<meta property=\"og:locale\" content=\"en_US\" \/>\n<meta property=\"og:type\" content=\"article\" \/>\n<meta property=\"og:title\" content=\"EU poo\u0161trava stav prema Srbiji zbog Mladic\u0301eve sahrane -\" \/>\n<meta property=\"og:description\" content=\"Pri\u0161tina, 6. septembar 2026. 06:58 Evropska unija je povec\u0301ala pritisak na Srbiju nakon odluke da se odr\u017ei sahrana za Ratka Mladic\u0301a, osu\u0111enog za ratne zlo\u010dine,\" \/>\n<meta property=\"og:url\" content=\"https:\/\/veritasinfo.org\/?p=64207&amp;lang=sr\" \/>\n<meta property=\"article:published_time\" content=\"2026-09-06T05:00:22+00:00\" \/>\n<meta property=\"og:image\" content=\"https:\/\/veritasinfo.org\/wp-content\/uploads\/2026\/04\/Bashkimi-Evropian-1536x1025-2.jpg\" \/>\n\t<meta property=\"og:image:width\" content=\"1536\" \/>\n\t<meta property=\"og:image:height\" content=\"1025\" \/>\n\t<meta property=\"og:image:type\" content=\"image\/jpeg\" \/>\n<meta name=\"author\" content=\"US6\" \/>\n<meta name=\"twitter:card\" content=\"summary_large_image\" \/>\n<meta name=\"twitter:label1\" content=\"Written by\" \/>\n\t<meta name=\"twitter:data1\" content=\"US6\" \/>\n\t<meta name=\"twitter:label2\" content=\"Est. reading time\" \/>\n\t<meta name=\"twitter:data2\" content=\"2 minutes\" \/>\n<script type=\"application\/ld+json\" class=\"yoast-schema-graph\">{\"@context\":\"https:\/\/schema.org\",\"@graph\":[{\"@type\":\"WebPage\",\"@id\":\"https:\/\/veritasinfo.org\/?p=64207&lang=sr\",\"url\":\"https:\/\/veritasinfo.org\/?p=64207&lang=sr\",\"name\":\"EU poo\u0161trava stav prema Srbiji zbog Mladic\u0301eve sahrane -\",\"isPartOf\":{\"@id\":\"https:\/\/veritasinfo.org\/#website\"},\"primaryImageOfPage\":{\"@id\":\"https:\/\/veritasinfo.org\/?p=64207&lang=sr#primaryimage\"},\"image\":{\"@id\":\"https:\/\/veritasinfo.org\/?p=64207&lang=sr#primaryimage\"},\"thumbnailUrl\":\"https:\/\/veritasinfo.org\/wp-content\/uploads\/2026\/04\/Bashkimi-Evropian-1536x1025-2.jpg\",\"datePublished\":\"2026-09-06T05:00:22+00:00\",\"author\":{\"@id\":\"https:\/\/veritasinfo.org\/#\/schema\/person\/fe199eede04c3937362892b7444747cc\"},\"breadcrumb\":{\"@id\":\"https:\/\/veritasinfo.org\/?p=64207&lang=sr#breadcrumb\"},\"inLanguage\":\"en-US\",\"potentialAction\":[{\"@type\":\"ReadAction\",\"target\":[\"https:\/\/veritasinfo.org\/?p=64207&lang=sr\"]}]},{\"@type\":\"ImageObject\",\"inLanguage\":\"en-US\",\"@id\":\"https:\/\/veritasinfo.org\/?p=64207&lang=sr#primaryimage\",\"url\":\"https:\/\/veritasinfo.org\/wp-content\/uploads\/2026\/04\/Bashkimi-Evropian-1536x1025-2.jpg\",\"contentUrl\":\"https:\/\/veritasinfo.org\/wp-content\/uploads\/2026\/04\/Bashkimi-Evropian-1536x1025-2.jpg\",\"width\":1536,\"height\":1025},{\"@type\":\"BreadcrumbList\",\"@id\":\"https:\/\/veritasinfo.org\/?p=64207&lang=sr#breadcrumb\",\"itemListElement\":[{\"@type\":\"ListItem\",\"position\":1,\"name\":\"Home\",\"item\":\"https:\/\/veritasinfo.org\/\"},{\"@type\":\"ListItem\",\"position\":2,\"name\":\"EU poo\u0161trava stav prema Srbiji zbog Mladic\u0301eve sahrane\"}]},{\"@type\":\"WebSite\",\"@id\":\"https:\/\/veritasinfo.org\/#website\",\"url\":\"https:\/\/veritasinfo.org\/\",\"name\":\"\",\"description\":\"\",\"potentialAction\":[{\"@type\":\"SearchAction\",\"target\":{\"@type\":\"EntryPoint\",\"urlTemplate\":\"https:\/\/veritasinfo.org\/?s={search_term_string}\"},\"query-input\":{\"@type\":\"PropertyValueSpecification\",\"valueRequired\":true,\"valueName\":\"search_term_string\"}}],\"inLanguage\":\"en-US\"},{\"@type\":\"Person\",\"@id\":\"https:\/\/veritasinfo.org\/#\/schema\/person\/fe199eede04c3937362892b7444747cc\",\"name\":\"US6\",\"image\":{\"@type\":\"ImageObject\",\"inLanguage\":\"en-US\",\"@id\":\"https:\/\/veritasinfo.org\/#\/schema\/person\/image\/\",\"url\":\"https:\/\/secure.gravatar.com\/avatar\/cb16c3c31c9d23b9b8c705964598220b3014e42ff51eb540ff23cefa3ae8c15f?s=96&d=mm&r=g\",\"contentUrl\":\"https:\/\/secure.gravatar.com\/avatar\/cb16c3c31c9d23b9b8c705964598220b3014e42ff51eb540ff23cefa3ae8c15f?s=96&d=mm&r=g\",\"caption\":\"US6\"},\"url\":\"https:\/\/veritasinfo.org\/?author=7\"}]}<\/script>\n<!-- \/ Yoast SEO plugin. -->","yoast_head_json":{"title":"EU poo\u0161trava stav prema Srbiji zbog Mladic\u0301eve sahrane -","robots":{"index":"index","follow":"follow","max-snippet":"max-snippet:-1","max-image-preview":"max-image-preview:large","max-video-preview":"max-video-preview:-1"},"canonical":"https:\/\/veritasinfo.org\/?p=64207&lang=sr","og_locale":"en_US","og_type":"article","og_title":"EU poo\u0161trava stav prema Srbiji zbog Mladic\u0301eve sahrane -","og_description":"Pri\u0161tina, 6. septembar 2026. 06:58 Evropska unija je povec\u0301ala pritisak na Srbiju nakon odluke da se odr\u017ei sahrana za Ratka Mladic\u0301a, osu\u0111enog za ratne zlo\u010dine,","og_url":"https:\/\/veritasinfo.org\/?p=64207&lang=sr","article_published_time":"2026-09-06T05:00:22+00:00","og_image":[{"width":1536,"height":1025,"url":"https:\/\/veritasinfo.org\/wp-content\/uploads\/2026\/04\/Bashkimi-Evropian-1536x1025-2.jpg","type":"image\/jpeg"}],"author":"US6","twitter_card":"summary_large_image","twitter_misc":{"Written by":"US6","Est. reading time":"2 minutes"},"schema":{"@context":"https:\/\/schema.org","@graph":[{"@type":"WebPage","@id":"https:\/\/veritasinfo.org\/?p=64207&lang=sr","url":"https:\/\/veritasinfo.org\/?p=64207&lang=sr","name":"EU poo\u0161trava stav prema Srbiji zbog Mladic\u0301eve sahrane -","isPartOf":{"@id":"https:\/\/veritasinfo.org\/#website"},"primaryImageOfPage":{"@id":"https:\/\/veritasinfo.org\/?p=64207&lang=sr#primaryimage"},"image":{"@id":"https:\/\/veritasinfo.org\/?p=64207&lang=sr#primaryimage"},"thumbnailUrl":"https:\/\/veritasinfo.org\/wp-content\/uploads\/2026\/04\/Bashkimi-Evropian-1536x1025-2.jpg","datePublished":"2026-09-06T05:00:22+00:00","author":{"@id":"https:\/\/veritasinfo.org\/#\/schema\/person\/fe199eede04c3937362892b7444747cc"},"breadcrumb":{"@id":"https:\/\/veritasinfo.org\/?p=64207&lang=sr#breadcrumb"},"inLanguage":"en-US","potentialAction":[{"@type":"ReadAction","target":["https:\/\/veritasinfo.org\/?p=64207&lang=sr"]}]},{"@type":"ImageObject","inLanguage":"en-US","@id":"https:\/\/veritasinfo.org\/?p=64207&lang=sr#primaryimage","url":"https:\/\/veritasinfo.org\/wp-content\/uploads\/2026\/04\/Bashkimi-Evropian-1536x1025-2.jpg","contentUrl":"https:\/\/veritasinfo.org\/wp-content\/uploads\/2026\/04\/Bashkimi-Evropian-1536x1025-2.jpg","width":1536,"height":1025},{"@type":"BreadcrumbList","@id":"https:\/\/veritasinfo.org\/?p=64207&lang=sr#breadcrumb","itemListElement":[{"@type":"ListItem","position":1,"name":"Home","item":"https:\/\/veritasinfo.org\/"},{"@type":"ListItem","position":2,"name":"EU poo\u0161trava stav prema Srbiji zbog Mladic\u0301eve sahrane"}]},{"@type":"WebSite","@id":"https:\/\/veritasinfo.org\/#website","url":"https:\/\/veritasinfo.org\/","name":"","description":"","potentialAction":[{"@type":"SearchAction","target":{"@type":"EntryPoint","urlTemplate":"https:\/\/veritasinfo.org\/?s={search_term_string}"},"query-input":{"@type":"PropertyValueSpecification","valueRequired":true,"valueName":"search_term_string"}}],"inLanguage":"en-US"},{"@type":"Person","@id":"https:\/\/veritasinfo.org\/#\/schema\/person\/fe199eede04c3937362892b7444747cc","name":"US6","image":{"@type":"ImageObject","inLanguage":"en-US","@id":"https:\/\/veritasinfo.org\/#\/schema\/person\/image\/","url":"https:\/\/secure.gravatar.com\/avatar\/cb16c3c31c9d23b9b8c705964598220b3014e42ff51eb540ff23cefa3ae8c15f?s=96&d=mm&r=g","contentUrl":"https:\/\/secure.gravatar.com\/avatar\/cb16c3c31c9d23b9b8c705964598220b3014e42ff51eb540ff23cefa3ae8c15f?s=96&d=mm&r=g","caption":"US6"},"url":"https:\/\/veritasinfo.org\/?author=7"}]}},"featured_image_urls":{"full":["https:\/\/veritasinfo.org\/wp-content\/uploads\/2026\/04\/Bashkimi-Evropian-1536x1025-2.jpg",1536,1025,false],"thumbnail":["https:\/\/veritasinfo.org\/wp-content\/uploads\/2026\/04\/Bashkimi-Evropian-1536x1025-2-150x150.jpg",150,150,true],"medium":["https:\/\/veritasinfo.org\/wp-content\/uploads\/2026\/04\/Bashkimi-Evropian-1536x1025-2-300x200.jpg",300,200,true],"medium_large":["https:\/\/veritasinfo.org\/wp-content\/uploads\/2026\/04\/Bashkimi-Evropian-1536x1025-2-768x513.jpg",640,428,true],"large":["https:\/\/veritasinfo.org\/wp-content\/uploads\/2026\/04\/Bashkimi-Evropian-1536x1025-2-1024x683.jpg",640,427,true],"1536x1536":["https:\/\/veritasinfo.org\/wp-content\/uploads\/2026\/04\/Bashkimi-Evropian-1536x1025-2.jpg",1536,1025,false],"2048x2048":["https:\/\/veritasinfo.org\/wp-content\/uploads\/2026\/04\/Bashkimi-Evropian-1536x1025-2.jpg",1536,1025,false],"kreeti-slider-full":["https:\/\/veritasinfo.org\/wp-content\/uploads\/2026\/04\/Bashkimi-Evropian-1536x1025-2-1280x720.jpg",1280,720,true],"kreeti-featured":["https:\/\/veritasinfo.org\/wp-content\/uploads\/2026\/04\/Bashkimi-Evropian-1536x1025-2-1024x683.jpg",1024,683,true],"kreeti-medium":["https:\/\/veritasinfo.org\/wp-content\/uploads\/2026\/04\/Bashkimi-Evropian-1536x1025-2-720x530.jpg",720,530,true],"kreeti-medium-square":["https:\/\/veritasinfo.org\/wp-content\/uploads\/2026\/04\/Bashkimi-Evropian-1536x1025-2-350x350.jpg",350,350,true]},"author_info":{"info":["US6"]},"category_info":"<a href=\"https:\/\/veritasinfo.org\/?cat=28&#038;lang=sr\" rel=\"category\">Politika<\/a>","tag_info":"Politika","comment_count":"0","_links":{"self":[{"href":"https:\/\/veritasinfo.org\/index.php?rest_route=\/wp\/v2\/posts\/64207","targetHints":{"allow":["GET"]}}],"collection":[{"href":"https:\/\/veritasinfo.org\/index.php?rest_route=\/wp\/v2\/posts"}],"about":[{"href":"https:\/\/veritasinfo.org\/index.php?rest_route=\/wp\/v2\/types\/post"}],"author":[{"embeddable":true,"href":"https:\/\/veritasinfo.org\/index.php?rest_route=\/wp\/v2\/users\/7"}],"replies":[{"embeddable":true,"href":"https:\/\/veritasinfo.org\/index.php?rest_route=%2Fwp%2Fv2%2Fcomments&post=64207"}],"version-history":[{"count":1,"href":"https:\/\/veritasinfo.org\/index.php?rest_route=\/wp\/v2\/posts\/64207\/revisions"}],"predecessor-version":[{"id":64208,"href":"https:\/\/veritasinfo.org\/index.php?rest_route=\/wp\/v2\/posts\/64207\/revisions\/64208"}],"wp:featuredmedia":[{"embeddable":true,"href":"https:\/\/veritasinfo.org\/index.php?rest_route=\/wp\/v2\/media\/45189"}],"wp:attachment":[{"href":"https:\/\/veritasinfo.org\/index.php?rest_route=%2Fwp%2Fv2%2Fmedia&parent=64207"}],"wp:term":[{"taxonomy":"category","embeddable":true,"href":"https:\/\/veritasinfo.org\/index.php?rest_route=%2Fwp%2Fv2%2Fcategories&post=64207"},{"taxonomy":"post_tag","embeddable":true,"href":"https:\/\/veritasinfo.org\/index.php?rest_route=%2Fwp%2Fv2%2Ftags&post=64207"}],"curies":[{"name":"wp","href":"https:\/\/api.w.org\/{rel}","templated":true}]}}