{"id":64205,"date":"2026-09-06T06:58:10","date_gmt":"2026-09-06T04:58:10","guid":{"rendered":"https:\/\/veritasinfo.org\/?p=64205"},"modified":"2026-09-06T06:58:10","modified_gmt":"2026-09-06T04:58:10","slug":"be-ja-e-ashpersoi-qendrimin-ndaj-serbise-per-varrimin-e-mlladicit","status":"publish","type":"post","link":"https:\/\/veritasinfo.org\/?p=64205","title":{"rendered":"BE-ja e ashp\u00ebrsoi q\u00ebndrimin ndaj Serbis\u00eb p\u00ebr varrimin e Mlladi\u00e7it"},"content":{"rendered":"<p>Prishtin\u00eb, 6 shtator 2026 06:58<\/p>\n<p>Bashkimi Evropian ka rritur presionin ndaj Serbis\u00eb pas vendimit p\u00ebr organizimin e ceremonive t\u00eb varrimit t\u00eb Ratko Mlladi\u00e7it, i d\u00ebnuar p\u00ebr krime lufte, krime kund\u00ebr njer\u00ebzimit dhe gjenocid.<\/p>\n<p>N\u00eb dit\u00ebt e para pas vdekjes s\u00eb Mlladi\u00e7it, m\u00eb 27 gusht, n\u00eb Bruksel nuk pati reagime publike nga zyrtar\u00ebt e lart\u00eb t\u00eb Bashkimit Evropian. Situata ndryshoi pas kthimit t\u00eb trupit t\u00eb tij n\u00eb Beograd, kur u b\u00eb e qart\u00eb se n\u00eb organizimin e ceremonive p\u00ebrkujtimore dhe varrimit do t\u00eb kishte p\u00ebrfshirje t\u00eb institucioneve shtet\u00ebrore serbe.<\/p>\n<p>N\u00eb prapavij\u00eb, zyrtar\u00ebt evropian\u00eb jan\u00eb angazhuar p\u00ebr t\u00eb bindur presidentin serb, Aleksandar Vu\u00e7i\u00e7, q\u00eb t\u00eb mos organizohet ceremoni shtet\u00ebrore p\u00ebr Mlladi\u00e7in.<\/p>\n<p>Megjithat\u00eb, pritet q\u00eb n\u00eb varrim t\u00eb marrin pjes\u00eb pjes\u00ebtar\u00eb t\u00eb qeveris\u00eb serbe, gj\u00eb q\u00eb \u00ebsht\u00eb pritur me kritika n\u00eb Bruksel.<\/p>\n<p>Q\u00ebndrimi i BE-s\u00eb u b\u00eb m\u00eb i ashp\u00ebr m\u00eb 4 shtator, kur presidentja e radh\u00ebs e K\u00ebshillit t\u00eb BE-s\u00eb, Irlanda, si dhe komisionerja evropiane p\u00ebr Zgjerim, Marta Kos, reaguan publikisht p\u00ebr rastin.<\/p>\n<p>Kos e cil\u00ebsoi varrimin e Mlladi\u00e7it si nj\u00eb test t\u00eb r\u00ebnd\u00ebsish\u00ebm p\u00ebr Serbin\u00eb dhe p\u00ebr m\u00ebnyr\u00ebn se si ajo i ndan vlerat evropiane.<\/p>\n<p>N\u00eb t\u00eb nj\u00ebjt\u00ebn koh\u00eb, komisionerja evropiane ka anuluar vizit\u00ebn e planifikuar n\u00eb Serbi m\u00eb 9 dhe 10 shtator. Vendimi lidhet me shqet\u00ebsimet p\u00ebr glorifikimin e figur\u00ebs s\u00eb Mlladi\u00e7it.<\/p>\n<p>Ky zhvillim vjen n\u00eb nj\u00eb periudh\u00eb t\u00eb ndjeshme p\u00ebr Serbin\u00eb, e cila ndodhet n\u00eb nj\u00eb faz\u00eb t\u00eb nj\u00eb fushate t\u00eb pashpallur parazgjedhore, nd\u00ebrsa n\u00eb vend jan\u00eb ngritur shqet\u00ebsime edhe p\u00ebr spiunimin e oponent\u00ebve politik\u00eb\u00a0dhe aktivist\u00ebve t\u00eb shoq\u00ebris\u00eb civile.<\/p>\n<p>Nd\u00ebrkoh\u00eb, n\u00eb Bruksel po p\u00ebrcillet me v\u00ebmendje edhe rasti i tentativ\u00ebs p\u00ebr sulm me dron t\u00eb ngarkuar me eksploziv n\u00eb aeroportin e Leipzigut n\u00eb Gjermani.<\/p>\n<p>Dy shtetas serb\u00eb jan\u00eb arrestuar n\u00eb Serbi n\u00ebn dyshimet p\u00ebr p\u00ebrfshirje n\u00eb k\u00ebt\u00eb rast, nd\u00ebrsa Bashkimi Evropian ende nuk ka dh\u00ebn\u00eb nj\u00eb reagim q\u00eb lidh drejtp\u00ebrdrejt autoritetet serbe me tentativ\u00ebn p\u00ebr sulm.<\/p>\n<p>N\u00eb Bruksel, incidenti shihet n\u00eb kuad\u00ebr t\u00eb sfidave t\u00eb reja t\u00eb siguris\u00eb me t\u00eb cilat po p\u00ebrballet Evropa dhe si nj\u00eb tjet\u00ebr d\u00ebshmi se edhe vendet an\u00ebtare t\u00eb NATO-s mund t\u00eb jen\u00eb objekt i provokimeve q\u00eb mund t\u00eb lidhen me Rusin\u00eb.<\/p>\n<p>Rasti pritet t\u00eb jet\u00eb gjithashtu nj\u00eb test p\u00ebr NATO-n dhe unitetin e saj n\u00eb rast t\u00eb p\u00ebrshkall\u00ebzimit t\u00eb k\u00ebrc\u00ebnimeve t\u00eb k\u00ebsaj natyre.<\/p>\n<p>N\u00eb BE ekzistojn\u00eb prej koh\u00ebsh shqet\u00ebsime edhe p\u00ebr dh\u00ebnien e pasaportave serbe shtetasve rus\u00eb. Numri i rus\u00ebve q\u00eb kan\u00eb marr\u00eb shtet\u00ebsi serbe \u00ebsht\u00eb rritur ndjesh\u00ebm q\u00eb nga fillimi i luft\u00ebs n\u00eb Ukrain\u00eb, duke ngritur shqet\u00ebsime p\u00ebr sigurin\u00eb n\u00eb vendet e BE-s\u00eb.<\/p>\n<p>Kjo p\u00ebr shkak se shtetasit rus\u00eb q\u00eb pajisen me pasaport\u00eb serbe mund t\u00eb l\u00ebvizin lirsh\u00ebm n\u00eb hap\u00ebsir\u00ebn e Bashkimit Evropian.<\/p>\n<p>Disa vende baltike kan\u00eb k\u00ebrkuar kufizimin e dh\u00ebnies s\u00eb vizave p\u00ebr persona me prejardhje ose lidhje ruse, por kjo nism\u00eb deri m\u00eb tani nuk ka marr\u00eb mb\u00ebshtetje t\u00eb gjer\u00eb n\u00eb nivel t\u00eb Bashkimit Evropian.<\/p>\n","protected":false},"excerpt":{"rendered":"<p>Prishtin\u00eb, 6 shtator 2026 06:58 Bashkimi Evropian ka rritur presionin ndaj Serbis\u00eb pas vendimit p\u00ebr organizimin e ceremonive t\u00eb varrimit t\u00eb Ratko Mlladi\u00e7it, i d\u00ebnuar<\/p>\n","protected":false},"author":7,"featured_media":45185,"comment_status":"open","ping_status":"open","sticky":false,"template":"","format":"standard","meta":{"footnotes":""},"categories":[58],"tags":[],"class_list":["post-64205","post","type-post","status-publish","format-standard","has-post-thumbnail","hentry","category-politike-sq"],"yoast_head":"<!-- This site is optimized with the Yoast SEO plugin v25.3.1 - https:\/\/yoast.com\/wordpress\/plugins\/seo\/ -->\n<title>BE-ja e ashp\u00ebrsoi q\u00ebndrimin ndaj Serbis\u00eb p\u00ebr varrimin e Mlladi\u00e7it -<\/title>\n<meta name=\"robots\" content=\"index, follow, max-snippet:-1, max-image-preview:large, max-video-preview:-1\" \/>\n<link rel=\"canonical\" href=\"https:\/\/veritasinfo.org\/?p=64205\" \/>\n<meta property=\"og:locale\" content=\"en_US\" \/>\n<meta property=\"og:type\" content=\"article\" \/>\n<meta property=\"og:title\" content=\"BE-ja e ashp\u00ebrsoi q\u00ebndrimin ndaj Serbis\u00eb p\u00ebr varrimin e Mlladi\u00e7it -\" \/>\n<meta property=\"og:description\" content=\"Prishtin\u00eb, 6 shtator 2026 06:58 Bashkimi Evropian ka rritur presionin ndaj Serbis\u00eb pas vendimit p\u00ebr organizimin e ceremonive t\u00eb varrimit t\u00eb Ratko Mlladi\u00e7it, i d\u00ebnuar\" \/>\n<meta property=\"og:url\" content=\"https:\/\/veritasinfo.org\/?p=64205\" \/>\n<meta property=\"article:published_time\" content=\"2026-09-06T04:58:10+00:00\" \/>\n<meta property=\"og:image\" content=\"https:\/\/veritasinfo.org\/wp-content\/uploads\/2026\/04\/Bashkimi-Evropian-1536x1025-1.jpg\" \/>\n\t<meta property=\"og:image:width\" content=\"1536\" \/>\n\t<meta property=\"og:image:height\" content=\"1025\" \/>\n\t<meta property=\"og:image:type\" content=\"image\/jpeg\" \/>\n<meta name=\"author\" content=\"US6\" \/>\n<meta name=\"twitter:card\" content=\"summary_large_image\" \/>\n<meta name=\"twitter:label1\" content=\"Written by\" \/>\n\t<meta name=\"twitter:data1\" content=\"US6\" \/>\n\t<meta name=\"twitter:label2\" content=\"Est. reading time\" \/>\n\t<meta name=\"twitter:data2\" content=\"3 minutes\" \/>\n<script type=\"application\/ld+json\" class=\"yoast-schema-graph\">{\"@context\":\"https:\/\/schema.org\",\"@graph\":[{\"@type\":\"WebPage\",\"@id\":\"https:\/\/veritasinfo.org\/?p=64205\",\"url\":\"https:\/\/veritasinfo.org\/?p=64205\",\"name\":\"BE-ja e ashp\u00ebrsoi q\u00ebndrimin ndaj Serbis\u00eb p\u00ebr varrimin e Mlladi\u00e7it -\",\"isPartOf\":{\"@id\":\"https:\/\/veritasinfo.org\/#website\"},\"primaryImageOfPage\":{\"@id\":\"https:\/\/veritasinfo.org\/?p=64205#primaryimage\"},\"image\":{\"@id\":\"https:\/\/veritasinfo.org\/?p=64205#primaryimage\"},\"thumbnailUrl\":\"https:\/\/veritasinfo.org\/wp-content\/uploads\/2026\/04\/Bashkimi-Evropian-1536x1025-1.jpg\",\"datePublished\":\"2026-09-06T04:58:10+00:00\",\"author\":{\"@id\":\"https:\/\/veritasinfo.org\/#\/schema\/person\/fe199eede04c3937362892b7444747cc\"},\"breadcrumb\":{\"@id\":\"https:\/\/veritasinfo.org\/?p=64205#breadcrumb\"},\"inLanguage\":\"en-US\",\"potentialAction\":[{\"@type\":\"ReadAction\",\"target\":[\"https:\/\/veritasinfo.org\/?p=64205\"]}]},{\"@type\":\"ImageObject\",\"inLanguage\":\"en-US\",\"@id\":\"https:\/\/veritasinfo.org\/?p=64205#primaryimage\",\"url\":\"https:\/\/veritasinfo.org\/wp-content\/uploads\/2026\/04\/Bashkimi-Evropian-1536x1025-1.jpg\",\"contentUrl\":\"https:\/\/veritasinfo.org\/wp-content\/uploads\/2026\/04\/Bashkimi-Evropian-1536x1025-1.jpg\",\"width\":1536,\"height\":1025},{\"@type\":\"BreadcrumbList\",\"@id\":\"https:\/\/veritasinfo.org\/?p=64205#breadcrumb\",\"itemListElement\":[{\"@type\":\"ListItem\",\"position\":1,\"name\":\"Home\",\"item\":\"https:\/\/veritasinfo.org\/\"},{\"@type\":\"ListItem\",\"position\":2,\"name\":\"BE-ja e ashp\u00ebrsoi q\u00ebndrimin ndaj Serbis\u00eb p\u00ebr varrimin e Mlladi\u00e7it\"}]},{\"@type\":\"WebSite\",\"@id\":\"https:\/\/veritasinfo.org\/#website\",\"url\":\"https:\/\/veritasinfo.org\/\",\"name\":\"\",\"description\":\"\",\"potentialAction\":[{\"@type\":\"SearchAction\",\"target\":{\"@type\":\"EntryPoint\",\"urlTemplate\":\"https:\/\/veritasinfo.org\/?s={search_term_string}\"},\"query-input\":{\"@type\":\"PropertyValueSpecification\",\"valueRequired\":true,\"valueName\":\"search_term_string\"}}],\"inLanguage\":\"en-US\"},{\"@type\":\"Person\",\"@id\":\"https:\/\/veritasinfo.org\/#\/schema\/person\/fe199eede04c3937362892b7444747cc\",\"name\":\"US6\",\"image\":{\"@type\":\"ImageObject\",\"inLanguage\":\"en-US\",\"@id\":\"https:\/\/veritasinfo.org\/#\/schema\/person\/image\/\",\"url\":\"https:\/\/secure.gravatar.com\/avatar\/cb16c3c31c9d23b9b8c705964598220b3014e42ff51eb540ff23cefa3ae8c15f?s=96&d=mm&r=g\",\"contentUrl\":\"https:\/\/secure.gravatar.com\/avatar\/cb16c3c31c9d23b9b8c705964598220b3014e42ff51eb540ff23cefa3ae8c15f?s=96&d=mm&r=g\",\"caption\":\"US6\"},\"url\":\"https:\/\/veritasinfo.org\/?author=7\"}]}<\/script>\n<!-- \/ Yoast SEO plugin. -->","yoast_head_json":{"title":"BE-ja e ashp\u00ebrsoi q\u00ebndrimin ndaj Serbis\u00eb p\u00ebr varrimin e Mlladi\u00e7it -","robots":{"index":"index","follow":"follow","max-snippet":"max-snippet:-1","max-image-preview":"max-image-preview:large","max-video-preview":"max-video-preview:-1"},"canonical":"https:\/\/veritasinfo.org\/?p=64205","og_locale":"en_US","og_type":"article","og_title":"BE-ja e ashp\u00ebrsoi q\u00ebndrimin ndaj Serbis\u00eb p\u00ebr varrimin e Mlladi\u00e7it -","og_description":"Prishtin\u00eb, 6 shtator 2026 06:58 Bashkimi Evropian ka rritur presionin ndaj Serbis\u00eb pas vendimit p\u00ebr organizimin e ceremonive t\u00eb varrimit t\u00eb Ratko Mlladi\u00e7it, i d\u00ebnuar","og_url":"https:\/\/veritasinfo.org\/?p=64205","article_published_time":"2026-09-06T04:58:10+00:00","og_image":[{"width":1536,"height":1025,"url":"https:\/\/veritasinfo.org\/wp-content\/uploads\/2026\/04\/Bashkimi-Evropian-1536x1025-1.jpg","type":"image\/jpeg"}],"author":"US6","twitter_card":"summary_large_image","twitter_misc":{"Written by":"US6","Est. reading time":"3 minutes"},"schema":{"@context":"https:\/\/schema.org","@graph":[{"@type":"WebPage","@id":"https:\/\/veritasinfo.org\/?p=64205","url":"https:\/\/veritasinfo.org\/?p=64205","name":"BE-ja e ashp\u00ebrsoi q\u00ebndrimin ndaj Serbis\u00eb p\u00ebr varrimin e Mlladi\u00e7it -","isPartOf":{"@id":"https:\/\/veritasinfo.org\/#website"},"primaryImageOfPage":{"@id":"https:\/\/veritasinfo.org\/?p=64205#primaryimage"},"image":{"@id":"https:\/\/veritasinfo.org\/?p=64205#primaryimage"},"thumbnailUrl":"https:\/\/veritasinfo.org\/wp-content\/uploads\/2026\/04\/Bashkimi-Evropian-1536x1025-1.jpg","datePublished":"2026-09-06T04:58:10+00:00","author":{"@id":"https:\/\/veritasinfo.org\/#\/schema\/person\/fe199eede04c3937362892b7444747cc"},"breadcrumb":{"@id":"https:\/\/veritasinfo.org\/?p=64205#breadcrumb"},"inLanguage":"en-US","potentialAction":[{"@type":"ReadAction","target":["https:\/\/veritasinfo.org\/?p=64205"]}]},{"@type":"ImageObject","inLanguage":"en-US","@id":"https:\/\/veritasinfo.org\/?p=64205#primaryimage","url":"https:\/\/veritasinfo.org\/wp-content\/uploads\/2026\/04\/Bashkimi-Evropian-1536x1025-1.jpg","contentUrl":"https:\/\/veritasinfo.org\/wp-content\/uploads\/2026\/04\/Bashkimi-Evropian-1536x1025-1.jpg","width":1536,"height":1025},{"@type":"BreadcrumbList","@id":"https:\/\/veritasinfo.org\/?p=64205#breadcrumb","itemListElement":[{"@type":"ListItem","position":1,"name":"Home","item":"https:\/\/veritasinfo.org\/"},{"@type":"ListItem","position":2,"name":"BE-ja e ashp\u00ebrsoi q\u00ebndrimin ndaj Serbis\u00eb p\u00ebr varrimin e Mlladi\u00e7it"}]},{"@type":"WebSite","@id":"https:\/\/veritasinfo.org\/#website","url":"https:\/\/veritasinfo.org\/","name":"","description":"","potentialAction":[{"@type":"SearchAction","target":{"@type":"EntryPoint","urlTemplate":"https:\/\/veritasinfo.org\/?s={search_term_string}"},"query-input":{"@type":"PropertyValueSpecification","valueRequired":true,"valueName":"search_term_string"}}],"inLanguage":"en-US"},{"@type":"Person","@id":"https:\/\/veritasinfo.org\/#\/schema\/person\/fe199eede04c3937362892b7444747cc","name":"US6","image":{"@type":"ImageObject","inLanguage":"en-US","@id":"https:\/\/veritasinfo.org\/#\/schema\/person\/image\/","url":"https:\/\/secure.gravatar.com\/avatar\/cb16c3c31c9d23b9b8c705964598220b3014e42ff51eb540ff23cefa3ae8c15f?s=96&d=mm&r=g","contentUrl":"https:\/\/secure.gravatar.com\/avatar\/cb16c3c31c9d23b9b8c705964598220b3014e42ff51eb540ff23cefa3ae8c15f?s=96&d=mm&r=g","caption":"US6"},"url":"https:\/\/veritasinfo.org\/?author=7"}]}},"featured_image_urls":{"full":["https:\/\/veritasinfo.org\/wp-content\/uploads\/2026\/04\/Bashkimi-Evropian-1536x1025-1.jpg",1536,1025,false],"thumbnail":["https:\/\/veritasinfo.org\/wp-content\/uploads\/2026\/04\/Bashkimi-Evropian-1536x1025-1-150x150.jpg",150,150,true],"medium":["https:\/\/veritasinfo.org\/wp-content\/uploads\/2026\/04\/Bashkimi-Evropian-1536x1025-1-300x200.jpg",300,200,true],"medium_large":["https:\/\/veritasinfo.org\/wp-content\/uploads\/2026\/04\/Bashkimi-Evropian-1536x1025-1-768x513.jpg",640,428,true],"large":["https:\/\/veritasinfo.org\/wp-content\/uploads\/2026\/04\/Bashkimi-Evropian-1536x1025-1-1024x683.jpg",640,427,true],"1536x1536":["https:\/\/veritasinfo.org\/wp-content\/uploads\/2026\/04\/Bashkimi-Evropian-1536x1025-1.jpg",1536,1025,false],"2048x2048":["https:\/\/veritasinfo.org\/wp-content\/uploads\/2026\/04\/Bashkimi-Evropian-1536x1025-1.jpg",1536,1025,false],"kreeti-slider-full":["https:\/\/veritasinfo.org\/wp-content\/uploads\/2026\/04\/Bashkimi-Evropian-1536x1025-1-1280x720.jpg",1280,720,true],"kreeti-featured":["https:\/\/veritasinfo.org\/wp-content\/uploads\/2026\/04\/Bashkimi-Evropian-1536x1025-1-1024x683.jpg",1024,683,true],"kreeti-medium":["https:\/\/veritasinfo.org\/wp-content\/uploads\/2026\/04\/Bashkimi-Evropian-1536x1025-1-720x530.jpg",720,530,true],"kreeti-medium-square":["https:\/\/veritasinfo.org\/wp-content\/uploads\/2026\/04\/Bashkimi-Evropian-1536x1025-1-350x350.jpg",350,350,true]},"author_info":{"info":["US6"]},"category_info":"<a href=\"https:\/\/veritasinfo.org\/?cat=58\" rel=\"category\">Politik\u00eb<\/a>","tag_info":"Politik\u00eb","comment_count":"0","_links":{"self":[{"href":"https:\/\/veritasinfo.org\/index.php?rest_route=\/wp\/v2\/posts\/64205","targetHints":{"allow":["GET"]}}],"collection":[{"href":"https:\/\/veritasinfo.org\/index.php?rest_route=\/wp\/v2\/posts"}],"about":[{"href":"https:\/\/veritasinfo.org\/index.php?rest_route=\/wp\/v2\/types\/post"}],"author":[{"embeddable":true,"href":"https:\/\/veritasinfo.org\/index.php?rest_route=\/wp\/v2\/users\/7"}],"replies":[{"embeddable":true,"href":"https:\/\/veritasinfo.org\/index.php?rest_route=%2Fwp%2Fv2%2Fcomments&post=64205"}],"version-history":[{"count":1,"href":"https:\/\/veritasinfo.org\/index.php?rest_route=\/wp\/v2\/posts\/64205\/revisions"}],"predecessor-version":[{"id":64206,"href":"https:\/\/veritasinfo.org\/index.php?rest_route=\/wp\/v2\/posts\/64205\/revisions\/64206"}],"wp:featuredmedia":[{"embeddable":true,"href":"https:\/\/veritasinfo.org\/index.php?rest_route=\/wp\/v2\/media\/45185"}],"wp:attachment":[{"href":"https:\/\/veritasinfo.org\/index.php?rest_route=%2Fwp%2Fv2%2Fmedia&parent=64205"}],"wp:term":[{"taxonomy":"category","embeddable":true,"href":"https:\/\/veritasinfo.org\/index.php?rest_route=%2Fwp%2Fv2%2Fcategories&post=64205"},{"taxonomy":"post_tag","embeddable":true,"href":"https:\/\/veritasinfo.org\/index.php?rest_route=%2Fwp%2Fv2%2Ftags&post=64205"}],"curies":[{"name":"wp","href":"https:\/\/api.w.org\/{rel}","templated":true}]}}