{"id":64202,"date":"2026-09-05T20:21:47","date_gmt":"2026-09-05T18:21:47","guid":{"rendered":"https:\/\/veritasinfo.org\/?p=64202"},"modified":"2026-09-05T20:21:47","modified_gmt":"2026-09-05T18:21:47","slug":"kurti-na-godisnjicu-smrti-svete-majke-tereze-ona-je-postala-most-a-ne-zid","status":"publish","type":"post","link":"https:\/\/veritasinfo.org\/?p=64202&lang=sr","title":{"rendered":"Kurti na godi\u0161njicu smrti Svete Majke Tereze: Ona je postala most, a ne zid"},"content":{"rendered":"<p>Pri\u0161tina, 5. septembar 2026. 20:19<\/p>\n<p>Vr\u0161ilac du\u017enosti premijera Aljbin Kurti objavio je da je promovisano delo \u201eMisionerski put Gon\u017eea Bojad\u017eijua do univerzalne Majke Tereze\u201c, o Majci Terezi.<\/p>\n<p>Kurti je na godi\u0161njicu smrti Svete Majke Tereze dodao i da je ona bila velika \u017eena iz relativno male nacije, koja je posvetila svoj \u017eivot \u010dove\u010danstvu i postala univerzalni simbol humanizma, i da, \u010dak i tri decenije nakon njene smrti, jo\u0161 uvek ima stvari koje se mogu nau\u010diti iz njenog \u017eivota.<\/p>\n<p>\u201e\u010cak i tri decenije nakon njene smrti, jo\u0161 uvek nalazimo stvari koje mo\u017eemo da nau\u010dimo iz \u017eivota Majke Tereze o \u010dove\u010danstvu i ljubavi, o miru i milosr\u0111u. Na 29. godi\u0161njicu smrti Gond\u017ee Bojad\u017eiu i godi\u0161njicu njene kanonizacije od strane pape Franje, promovisali smo delo \u201eMisionerski put Gond\u017ee Bojad\u017eiu do univerzalne Majke Tereze\u201c, autora Skendera Asanija i Alberta Ramaja. Sveta Majka Tereza \u200b\u200bbila je velika \u017eena iz relativno male nacije, koja je posvetila svoj \u017eivot \u010dove\u010danstvu i postala univerzalni simbol humanizma, solidarnosti i ljubavi prema drugima. Ovo delo donosi svedo\u010danstva, dokumenta, pisma i fotografije koje osvetljavaju Gond\u017eino putovanje od njene albanske porodice u Skoplju, sa roditeljima iz Prizrena i \u0110akovice, do univerzalne Majke Tereze. Kao \u0161to sam naglasio u predgovoru: ona je postala most, a ne zid. Hvala autorima na ovom dragocenom doprinosu, koji obogac\u0301uje sec\u0301anje i dokumentaciju \u017eivota jedne od najva\u017enijih li\u010dnosti u istoriji sveta. \u201eSvetlost koju su Albanci dali svetu\u201c, napisao je Albin Kurti.<\/p>\n","protected":false},"excerpt":{"rendered":"<p>Pri\u0161tina, 5. septembar 2026. 20:19 Vr\u0161ilac du\u017enosti premijera Aljbin Kurti objavio je da je promovisano delo \u201eMisionerski put Gon\u017eea Bojad\u017eijua do univerzalne Majke Tereze\u201c, o<\/p>\n","protected":false},"author":7,"featured_media":64203,"comment_status":"open","ping_status":"open","sticky":false,"template":"","format":"standard","meta":{"footnotes":""},"categories":[28],"tags":[],"class_list":["post-64202","post","type-post","status-publish","format-standard","has-post-thumbnail","hentry","category-politika"],"yoast_head":"<!-- This site is optimized with the Yoast SEO plugin v25.3.1 - https:\/\/yoast.com\/wordpress\/plugins\/seo\/ -->\n<title>Kurti na godi\u0161njicu smrti Svete Majke Tereze: Ona je postala most, a ne zid -<\/title>\n<meta name=\"robots\" content=\"index, follow, max-snippet:-1, max-image-preview:large, max-video-preview:-1\" \/>\n<link rel=\"canonical\" href=\"https:\/\/veritasinfo.org\/?p=64202&lang=sr\" \/>\n<meta property=\"og:locale\" content=\"en_US\" \/>\n<meta property=\"og:type\" content=\"article\" \/>\n<meta property=\"og:title\" content=\"Kurti na godi\u0161njicu smrti Svete Majke Tereze: Ona je postala most, a ne zid -\" \/>\n<meta property=\"og:description\" content=\"Pri\u0161tina, 5. septembar 2026. 20:19 Vr\u0161ilac du\u017enosti premijera Aljbin Kurti objavio je da je promovisano delo \u201eMisionerski put Gon\u017eea Bojad\u017eijua do univerzalne Majke Tereze\u201c, o\" \/>\n<meta property=\"og:url\" content=\"https:\/\/veritasinfo.org\/?p=64202&amp;lang=sr\" \/>\n<meta property=\"article:published_time\" content=\"2026-09-05T18:21:47+00:00\" \/>\n<meta property=\"og:image\" content=\"https:\/\/veritasinfo.org\/wp-content\/uploads\/2026\/09\/1-5.jpg\" \/>\n\t<meta property=\"og:image:width\" content=\"591\" \/>\n\t<meta property=\"og:image:height\" content=\"355\" \/>\n\t<meta property=\"og:image:type\" content=\"image\/jpeg\" \/>\n<meta name=\"author\" content=\"US6\" \/>\n<meta name=\"twitter:card\" content=\"summary_large_image\" \/>\n<meta name=\"twitter:label1\" content=\"Written by\" \/>\n\t<meta name=\"twitter:data1\" content=\"US6\" \/>\n\t<meta name=\"twitter:label2\" content=\"Est. reading time\" \/>\n\t<meta name=\"twitter:data2\" content=\"2 minutes\" \/>\n<script type=\"application\/ld+json\" class=\"yoast-schema-graph\">{\"@context\":\"https:\/\/schema.org\",\"@graph\":[{\"@type\":\"WebPage\",\"@id\":\"https:\/\/veritasinfo.org\/?p=64202&lang=sr\",\"url\":\"https:\/\/veritasinfo.org\/?p=64202&lang=sr\",\"name\":\"Kurti na godi\u0161njicu smrti Svete Majke Tereze: Ona je postala most, a ne zid -\",\"isPartOf\":{\"@id\":\"https:\/\/veritasinfo.org\/#website\"},\"primaryImageOfPage\":{\"@id\":\"https:\/\/veritasinfo.org\/?p=64202&lang=sr#primaryimage\"},\"image\":{\"@id\":\"https:\/\/veritasinfo.org\/?p=64202&lang=sr#primaryimage\"},\"thumbnailUrl\":\"https:\/\/veritasinfo.org\/wp-content\/uploads\/2026\/09\/1-5.jpg\",\"datePublished\":\"2026-09-05T18:21:47+00:00\",\"author\":{\"@id\":\"https:\/\/veritasinfo.org\/#\/schema\/person\/fe199eede04c3937362892b7444747cc\"},\"breadcrumb\":{\"@id\":\"https:\/\/veritasinfo.org\/?p=64202&lang=sr#breadcrumb\"},\"inLanguage\":\"en-US\",\"potentialAction\":[{\"@type\":\"ReadAction\",\"target\":[\"https:\/\/veritasinfo.org\/?p=64202&lang=sr\"]}]},{\"@type\":\"ImageObject\",\"inLanguage\":\"en-US\",\"@id\":\"https:\/\/veritasinfo.org\/?p=64202&lang=sr#primaryimage\",\"url\":\"https:\/\/veritasinfo.org\/wp-content\/uploads\/2026\/09\/1-5.jpg\",\"contentUrl\":\"https:\/\/veritasinfo.org\/wp-content\/uploads\/2026\/09\/1-5.jpg\",\"width\":591,\"height\":355},{\"@type\":\"BreadcrumbList\",\"@id\":\"https:\/\/veritasinfo.org\/?p=64202&lang=sr#breadcrumb\",\"itemListElement\":[{\"@type\":\"ListItem\",\"position\":1,\"name\":\"Home\",\"item\":\"https:\/\/veritasinfo.org\/\"},{\"@type\":\"ListItem\",\"position\":2,\"name\":\"Kurti na godi\u0161njicu smrti Svete Majke Tereze: Ona je postala most, a ne zid\"}]},{\"@type\":\"WebSite\",\"@id\":\"https:\/\/veritasinfo.org\/#website\",\"url\":\"https:\/\/veritasinfo.org\/\",\"name\":\"\",\"description\":\"\",\"potentialAction\":[{\"@type\":\"SearchAction\",\"target\":{\"@type\":\"EntryPoint\",\"urlTemplate\":\"https:\/\/veritasinfo.org\/?s={search_term_string}\"},\"query-input\":{\"@type\":\"PropertyValueSpecification\",\"valueRequired\":true,\"valueName\":\"search_term_string\"}}],\"inLanguage\":\"en-US\"},{\"@type\":\"Person\",\"@id\":\"https:\/\/veritasinfo.org\/#\/schema\/person\/fe199eede04c3937362892b7444747cc\",\"name\":\"US6\",\"image\":{\"@type\":\"ImageObject\",\"inLanguage\":\"en-US\",\"@id\":\"https:\/\/veritasinfo.org\/#\/schema\/person\/image\/\",\"url\":\"https:\/\/secure.gravatar.com\/avatar\/cb16c3c31c9d23b9b8c705964598220b3014e42ff51eb540ff23cefa3ae8c15f?s=96&d=mm&r=g\",\"contentUrl\":\"https:\/\/secure.gravatar.com\/avatar\/cb16c3c31c9d23b9b8c705964598220b3014e42ff51eb540ff23cefa3ae8c15f?s=96&d=mm&r=g\",\"caption\":\"US6\"},\"url\":\"https:\/\/veritasinfo.org\/?author=7\"}]}<\/script>\n<!-- \/ Yoast SEO plugin. -->","yoast_head_json":{"title":"Kurti na godi\u0161njicu smrti Svete Majke Tereze: Ona je postala most, a ne zid -","robots":{"index":"index","follow":"follow","max-snippet":"max-snippet:-1","max-image-preview":"max-image-preview:large","max-video-preview":"max-video-preview:-1"},"canonical":"https:\/\/veritasinfo.org\/?p=64202&lang=sr","og_locale":"en_US","og_type":"article","og_title":"Kurti na godi\u0161njicu smrti Svete Majke Tereze: Ona je postala most, a ne zid -","og_description":"Pri\u0161tina, 5. septembar 2026. 20:19 Vr\u0161ilac du\u017enosti premijera Aljbin Kurti objavio je da je promovisano delo \u201eMisionerski put Gon\u017eea Bojad\u017eijua do univerzalne Majke Tereze\u201c, o","og_url":"https:\/\/veritasinfo.org\/?p=64202&lang=sr","article_published_time":"2026-09-05T18:21:47+00:00","og_image":[{"width":591,"height":355,"url":"https:\/\/veritasinfo.org\/wp-content\/uploads\/2026\/09\/1-5.jpg","type":"image\/jpeg"}],"author":"US6","twitter_card":"summary_large_image","twitter_misc":{"Written by":"US6","Est. reading time":"2 minutes"},"schema":{"@context":"https:\/\/schema.org","@graph":[{"@type":"WebPage","@id":"https:\/\/veritasinfo.org\/?p=64202&lang=sr","url":"https:\/\/veritasinfo.org\/?p=64202&lang=sr","name":"Kurti na godi\u0161njicu smrti Svete Majke Tereze: Ona je postala most, a ne zid -","isPartOf":{"@id":"https:\/\/veritasinfo.org\/#website"},"primaryImageOfPage":{"@id":"https:\/\/veritasinfo.org\/?p=64202&lang=sr#primaryimage"},"image":{"@id":"https:\/\/veritasinfo.org\/?p=64202&lang=sr#primaryimage"},"thumbnailUrl":"https:\/\/veritasinfo.org\/wp-content\/uploads\/2026\/09\/1-5.jpg","datePublished":"2026-09-05T18:21:47+00:00","author":{"@id":"https:\/\/veritasinfo.org\/#\/schema\/person\/fe199eede04c3937362892b7444747cc"},"breadcrumb":{"@id":"https:\/\/veritasinfo.org\/?p=64202&lang=sr#breadcrumb"},"inLanguage":"en-US","potentialAction":[{"@type":"ReadAction","target":["https:\/\/veritasinfo.org\/?p=64202&lang=sr"]}]},{"@type":"ImageObject","inLanguage":"en-US","@id":"https:\/\/veritasinfo.org\/?p=64202&lang=sr#primaryimage","url":"https:\/\/veritasinfo.org\/wp-content\/uploads\/2026\/09\/1-5.jpg","contentUrl":"https:\/\/veritasinfo.org\/wp-content\/uploads\/2026\/09\/1-5.jpg","width":591,"height":355},{"@type":"BreadcrumbList","@id":"https:\/\/veritasinfo.org\/?p=64202&lang=sr#breadcrumb","itemListElement":[{"@type":"ListItem","position":1,"name":"Home","item":"https:\/\/veritasinfo.org\/"},{"@type":"ListItem","position":2,"name":"Kurti na godi\u0161njicu smrti Svete Majke Tereze: Ona je postala most, a ne zid"}]},{"@type":"WebSite","@id":"https:\/\/veritasinfo.org\/#website","url":"https:\/\/veritasinfo.org\/","name":"","description":"","potentialAction":[{"@type":"SearchAction","target":{"@type":"EntryPoint","urlTemplate":"https:\/\/veritasinfo.org\/?s={search_term_string}"},"query-input":{"@type":"PropertyValueSpecification","valueRequired":true,"valueName":"search_term_string"}}],"inLanguage":"en-US"},{"@type":"Person","@id":"https:\/\/veritasinfo.org\/#\/schema\/person\/fe199eede04c3937362892b7444747cc","name":"US6","image":{"@type":"ImageObject","inLanguage":"en-US","@id":"https:\/\/veritasinfo.org\/#\/schema\/person\/image\/","url":"https:\/\/secure.gravatar.com\/avatar\/cb16c3c31c9d23b9b8c705964598220b3014e42ff51eb540ff23cefa3ae8c15f?s=96&d=mm&r=g","contentUrl":"https:\/\/secure.gravatar.com\/avatar\/cb16c3c31c9d23b9b8c705964598220b3014e42ff51eb540ff23cefa3ae8c15f?s=96&d=mm&r=g","caption":"US6"},"url":"https:\/\/veritasinfo.org\/?author=7"}]}},"featured_image_urls":{"full":["https:\/\/veritasinfo.org\/wp-content\/uploads\/2026\/09\/1-5.jpg",591,355,false],"thumbnail":["https:\/\/veritasinfo.org\/wp-content\/uploads\/2026\/09\/1-5-150x150.jpg",150,150,true],"medium":["https:\/\/veritasinfo.org\/wp-content\/uploads\/2026\/09\/1-5-300x180.jpg",300,180,true],"medium_large":["https:\/\/veritasinfo.org\/wp-content\/uploads\/2026\/09\/1-5.jpg",591,355,false],"large":["https:\/\/veritasinfo.org\/wp-content\/uploads\/2026\/09\/1-5.jpg",591,355,false],"1536x1536":["https:\/\/veritasinfo.org\/wp-content\/uploads\/2026\/09\/1-5.jpg",591,355,false],"2048x2048":["https:\/\/veritasinfo.org\/wp-content\/uploads\/2026\/09\/1-5.jpg",591,355,false],"kreeti-slider-full":["https:\/\/veritasinfo.org\/wp-content\/uploads\/2026\/09\/1-5.jpg",591,355,false],"kreeti-featured":["https:\/\/veritasinfo.org\/wp-content\/uploads\/2026\/09\/1-5.jpg",591,355,false],"kreeti-medium":["https:\/\/veritasinfo.org\/wp-content\/uploads\/2026\/09\/1-5.jpg",591,355,false],"kreeti-medium-square":["https:\/\/veritasinfo.org\/wp-content\/uploads\/2026\/09\/1-5-350x350.jpg",350,350,true]},"author_info":{"info":["US6"]},"category_info":"<a href=\"https:\/\/veritasinfo.org\/?cat=28&#038;lang=sr\" rel=\"category\">Politika<\/a>","tag_info":"Politika","comment_count":"0","_links":{"self":[{"href":"https:\/\/veritasinfo.org\/index.php?rest_route=\/wp\/v2\/posts\/64202","targetHints":{"allow":["GET"]}}],"collection":[{"href":"https:\/\/veritasinfo.org\/index.php?rest_route=\/wp\/v2\/posts"}],"about":[{"href":"https:\/\/veritasinfo.org\/index.php?rest_route=\/wp\/v2\/types\/post"}],"author":[{"embeddable":true,"href":"https:\/\/veritasinfo.org\/index.php?rest_route=\/wp\/v2\/users\/7"}],"replies":[{"embeddable":true,"href":"https:\/\/veritasinfo.org\/index.php?rest_route=%2Fwp%2Fv2%2Fcomments&post=64202"}],"version-history":[{"count":1,"href":"https:\/\/veritasinfo.org\/index.php?rest_route=\/wp\/v2\/posts\/64202\/revisions"}],"predecessor-version":[{"id":64204,"href":"https:\/\/veritasinfo.org\/index.php?rest_route=\/wp\/v2\/posts\/64202\/revisions\/64204"}],"wp:featuredmedia":[{"embeddable":true,"href":"https:\/\/veritasinfo.org\/index.php?rest_route=\/wp\/v2\/media\/64203"}],"wp:attachment":[{"href":"https:\/\/veritasinfo.org\/index.php?rest_route=%2Fwp%2Fv2%2Fmedia&parent=64202"}],"wp:term":[{"taxonomy":"category","embeddable":true,"href":"https:\/\/veritasinfo.org\/index.php?rest_route=%2Fwp%2Fv2%2Fcategories&post=64202"},{"taxonomy":"post_tag","embeddable":true,"href":"https:\/\/veritasinfo.org\/index.php?rest_route=%2Fwp%2Fv2%2Ftags&post=64202"}],"curies":[{"name":"wp","href":"https:\/\/api.w.org\/{rel}","templated":true}]}}