{"id":64199,"date":"2026-09-05T20:19:33","date_gmt":"2026-09-05T18:19:33","guid":{"rendered":"https:\/\/veritasinfo.org\/?p=64199"},"modified":"2026-09-05T20:19:33","modified_gmt":"2026-09-05T18:19:33","slug":"kurti-ne-pervjetorin-e-vdekjes-se-shen-nenes-tereza-ajo-u-shnderrua-ne-ure-jo-ne-mur","status":"publish","type":"post","link":"https:\/\/veritasinfo.org\/?p=64199","title":{"rendered":"Kurti n\u00eb p\u00ebrvjetorin e vdekjes s\u00eb Sh\u00ebn N\u00ebn\u00ebs Tereza: Ajo u shnd\u00ebrrua n\u00eb ur\u00eb jo n\u00eb mur"},"content":{"rendered":"<p>Prishtin\u00eb, 5 shtator 2026 20:19<\/p>\n<p>Kryeministri n\u00eb detyr\u00eb, Albin Kurti, ka njoftuar se \u00ebsht\u00eb promovuar vepra \u201cUdha misionare e Gonxhe Bojaxhiut drejt N\u00ebn\u00eb Terez\u00ebs universale\u201d, p\u00ebr N\u00ebn\u00ebn Terez\u00eb.<\/p>\n<p>Kurti n\u00eb p\u00ebrvjetorin e vdekjes s\u00eb Sh\u00ebn N\u00ebn\u00ebs Tereza, ka shtuar edhe se ajo ishte nj\u00eb grua e madhe e dal\u00eb nga nj\u00eb komb relativisht i vog\u00ebl, q\u00eb ia kushtoi jet\u00ebn njer\u00ebzimit dhe u b\u00eb simbol universal i humanizmit, dhe se, edhe tri dekada pas vdekjes s\u00eb saj, ende ka gj\u00ebra p\u00ebr t\u00eb m\u00ebsuar nga jeta e saj.<\/p>\n<div class=\"jeg_ad jeg_ad_article jnews_content_inline_ads  \">\n<div class=\"ads-wrapper align-center \">\u201cEdhe tri dekada pas vdekjes s\u00eb saj, ende gjejm\u00eb gj\u00ebra p\u00ebr t\u00eb m\u00ebsuar nga jeta e N\u00ebn\u00eb Terez\u00ebs p\u00ebr njer\u00ebzoren e p\u00ebr dashurin\u00eb, p\u00ebr paqen e p\u00ebr bamir\u00ebsin\u00eb. N\u00eb 29 vjetorin e ndarjes nga jeta dhe vjetorin e shenjt\u00ebrimit nga Papa Fran\u00e7esku t\u00eb Gonxhe Bojaxhiut promovuam vepr\u00ebn \u201cUdha misionare e Gonxhe Bojaxhiut drejt N\u00ebn\u00eb Terez\u00ebs universale\u201d, t\u00eb autor\u00ebve Sk\u00ebnder Asani dhe Albert Ramaj. Sh\u00ebn N\u00ebn\u00eb Tereza ishte nj\u00eb grua e madhe e dal\u00eb nga nj\u00eb komb relativisht i vog\u00ebl, q\u00eb ia kushtoi jet\u00ebn njer\u00ebzimit dhe u b\u00eb simbol universal i humanizmit, solidaritetit dhe dashuris\u00eb p\u00ebr tjetrin. Kjo vep\u00ebr sjell d\u00ebshmi, dokumente, letra e fotografi q\u00eb ndri\u00e7ojn\u00eb rrug\u00ebtimin e Gonxh\u00ebs nga familja shqiptare n\u00eb Shkup, me prind\u00ebr nga Prizreni e Gjakova, deri te N\u00ebn\u00eb Tereza universale. Si\u00e7 e kam theksuar edhe n\u00eb parath\u00ebnie: ajo u shnd\u00ebrrua n\u00eb ur\u00eb, jo n\u00eb mur. Faleminderit autor\u00ebve p\u00ebr k\u00ebt\u00eb kontribut t\u00eb \u00e7muar, q\u00eb pasuron kujtes\u00ebn dhe dokumentimin e jet\u00ebs s\u00eb nj\u00eb prej figurave m\u00eb t\u00eb ndritura q\u00eb i ka dhuruar shqiptaria bot\u00ebs\u201d, ka shkruar Albin Kurti.<\/div>\n<\/div>\n","protected":false},"excerpt":{"rendered":"<p>Prishtin\u00eb, 5 shtator 2026 20:19 Kryeministri n\u00eb detyr\u00eb, Albin Kurti, ka njoftuar se \u00ebsht\u00eb promovuar vepra \u201cUdha misionare e Gonxhe Bojaxhiut drejt N\u00ebn\u00eb Terez\u00ebs universale\u201d,<\/p>\n","protected":false},"author":7,"featured_media":64200,"comment_status":"open","ping_status":"open","sticky":false,"template":"","format":"standard","meta":{"footnotes":""},"categories":[60],"tags":[],"class_list":["post-64199","post","type-post","status-publish","format-standard","has-post-thumbnail","hentry","category-shoqerore-sq"],"yoast_head":"<!-- This site is optimized with the Yoast SEO plugin v25.3.1 - https:\/\/yoast.com\/wordpress\/plugins\/seo\/ -->\n<title>Kurti n\u00eb p\u00ebrvjetorin e vdekjes s\u00eb Sh\u00ebn N\u00ebn\u00ebs Tereza: Ajo u shnd\u00ebrrua n\u00eb ur\u00eb jo n\u00eb mur -<\/title>\n<meta name=\"robots\" content=\"index, follow, max-snippet:-1, max-image-preview:large, max-video-preview:-1\" \/>\n<link rel=\"canonical\" href=\"https:\/\/veritasinfo.org\/?p=64199\" \/>\n<meta property=\"og:locale\" content=\"en_US\" \/>\n<meta property=\"og:type\" content=\"article\" \/>\n<meta property=\"og:title\" content=\"Kurti n\u00eb p\u00ebrvjetorin e vdekjes s\u00eb Sh\u00ebn N\u00ebn\u00ebs Tereza: Ajo u shnd\u00ebrrua n\u00eb ur\u00eb jo n\u00eb mur -\" \/>\n<meta property=\"og:description\" content=\"Prishtin\u00eb, 5 shtator 2026 20:19 Kryeministri n\u00eb detyr\u00eb, Albin Kurti, ka njoftuar se \u00ebsht\u00eb promovuar vepra \u201cUdha misionare e Gonxhe Bojaxhiut drejt N\u00ebn\u00eb Terez\u00ebs universale\u201d,\" \/>\n<meta property=\"og:url\" content=\"https:\/\/veritasinfo.org\/?p=64199\" \/>\n<meta property=\"article:published_time\" content=\"2026-09-05T18:19:33+00:00\" \/>\n<meta property=\"og:image\" content=\"https:\/\/veritasinfo.org\/wp-content\/uploads\/2026\/09\/1-4.jpg\" \/>\n\t<meta property=\"og:image:width\" content=\"591\" \/>\n\t<meta property=\"og:image:height\" content=\"355\" \/>\n\t<meta property=\"og:image:type\" content=\"image\/jpeg\" \/>\n<meta name=\"author\" content=\"US6\" \/>\n<meta name=\"twitter:card\" content=\"summary_large_image\" \/>\n<meta name=\"twitter:label1\" content=\"Written by\" \/>\n\t<meta name=\"twitter:data1\" content=\"US6\" \/>\n\t<meta name=\"twitter:label2\" content=\"Est. reading time\" \/>\n\t<meta name=\"twitter:data2\" content=\"2 minutes\" \/>\n<script type=\"application\/ld+json\" class=\"yoast-schema-graph\">{\"@context\":\"https:\/\/schema.org\",\"@graph\":[{\"@type\":\"WebPage\",\"@id\":\"https:\/\/veritasinfo.org\/?p=64199\",\"url\":\"https:\/\/veritasinfo.org\/?p=64199\",\"name\":\"Kurti n\u00eb p\u00ebrvjetorin e vdekjes s\u00eb Sh\u00ebn N\u00ebn\u00ebs Tereza: Ajo u shnd\u00ebrrua n\u00eb ur\u00eb jo n\u00eb mur -\",\"isPartOf\":{\"@id\":\"https:\/\/veritasinfo.org\/#website\"},\"primaryImageOfPage\":{\"@id\":\"https:\/\/veritasinfo.org\/?p=64199#primaryimage\"},\"image\":{\"@id\":\"https:\/\/veritasinfo.org\/?p=64199#primaryimage\"},\"thumbnailUrl\":\"https:\/\/veritasinfo.org\/wp-content\/uploads\/2026\/09\/1-4.jpg\",\"datePublished\":\"2026-09-05T18:19:33+00:00\",\"author\":{\"@id\":\"https:\/\/veritasinfo.org\/#\/schema\/person\/fe199eede04c3937362892b7444747cc\"},\"breadcrumb\":{\"@id\":\"https:\/\/veritasinfo.org\/?p=64199#breadcrumb\"},\"inLanguage\":\"en-US\",\"potentialAction\":[{\"@type\":\"ReadAction\",\"target\":[\"https:\/\/veritasinfo.org\/?p=64199\"]}]},{\"@type\":\"ImageObject\",\"inLanguage\":\"en-US\",\"@id\":\"https:\/\/veritasinfo.org\/?p=64199#primaryimage\",\"url\":\"https:\/\/veritasinfo.org\/wp-content\/uploads\/2026\/09\/1-4.jpg\",\"contentUrl\":\"https:\/\/veritasinfo.org\/wp-content\/uploads\/2026\/09\/1-4.jpg\",\"width\":591,\"height\":355},{\"@type\":\"BreadcrumbList\",\"@id\":\"https:\/\/veritasinfo.org\/?p=64199#breadcrumb\",\"itemListElement\":[{\"@type\":\"ListItem\",\"position\":1,\"name\":\"Home\",\"item\":\"https:\/\/veritasinfo.org\/\"},{\"@type\":\"ListItem\",\"position\":2,\"name\":\"Kurti n\u00eb p\u00ebrvjetorin e vdekjes s\u00eb Sh\u00ebn N\u00ebn\u00ebs Tereza: Ajo u shnd\u00ebrrua n\u00eb ur\u00eb jo n\u00eb mur\"}]},{\"@type\":\"WebSite\",\"@id\":\"https:\/\/veritasinfo.org\/#website\",\"url\":\"https:\/\/veritasinfo.org\/\",\"name\":\"\",\"description\":\"\",\"potentialAction\":[{\"@type\":\"SearchAction\",\"target\":{\"@type\":\"EntryPoint\",\"urlTemplate\":\"https:\/\/veritasinfo.org\/?s={search_term_string}\"},\"query-input\":{\"@type\":\"PropertyValueSpecification\",\"valueRequired\":true,\"valueName\":\"search_term_string\"}}],\"inLanguage\":\"en-US\"},{\"@type\":\"Person\",\"@id\":\"https:\/\/veritasinfo.org\/#\/schema\/person\/fe199eede04c3937362892b7444747cc\",\"name\":\"US6\",\"image\":{\"@type\":\"ImageObject\",\"inLanguage\":\"en-US\",\"@id\":\"https:\/\/veritasinfo.org\/#\/schema\/person\/image\/\",\"url\":\"https:\/\/secure.gravatar.com\/avatar\/cb16c3c31c9d23b9b8c705964598220b3014e42ff51eb540ff23cefa3ae8c15f?s=96&d=mm&r=g\",\"contentUrl\":\"https:\/\/secure.gravatar.com\/avatar\/cb16c3c31c9d23b9b8c705964598220b3014e42ff51eb540ff23cefa3ae8c15f?s=96&d=mm&r=g\",\"caption\":\"US6\"},\"url\":\"https:\/\/veritasinfo.org\/?author=7\"}]}<\/script>\n<!-- \/ Yoast SEO plugin. -->","yoast_head_json":{"title":"Kurti n\u00eb p\u00ebrvjetorin e vdekjes s\u00eb Sh\u00ebn N\u00ebn\u00ebs Tereza: Ajo u shnd\u00ebrrua n\u00eb ur\u00eb jo n\u00eb mur -","robots":{"index":"index","follow":"follow","max-snippet":"max-snippet:-1","max-image-preview":"max-image-preview:large","max-video-preview":"max-video-preview:-1"},"canonical":"https:\/\/veritasinfo.org\/?p=64199","og_locale":"en_US","og_type":"article","og_title":"Kurti n\u00eb p\u00ebrvjetorin e vdekjes s\u00eb Sh\u00ebn N\u00ebn\u00ebs Tereza: Ajo u shnd\u00ebrrua n\u00eb ur\u00eb jo n\u00eb mur -","og_description":"Prishtin\u00eb, 5 shtator 2026 20:19 Kryeministri n\u00eb detyr\u00eb, Albin Kurti, ka njoftuar se \u00ebsht\u00eb promovuar vepra \u201cUdha misionare e Gonxhe Bojaxhiut drejt N\u00ebn\u00eb Terez\u00ebs universale\u201d,","og_url":"https:\/\/veritasinfo.org\/?p=64199","article_published_time":"2026-09-05T18:19:33+00:00","og_image":[{"width":591,"height":355,"url":"https:\/\/veritasinfo.org\/wp-content\/uploads\/2026\/09\/1-4.jpg","type":"image\/jpeg"}],"author":"US6","twitter_card":"summary_large_image","twitter_misc":{"Written by":"US6","Est. reading time":"2 minutes"},"schema":{"@context":"https:\/\/schema.org","@graph":[{"@type":"WebPage","@id":"https:\/\/veritasinfo.org\/?p=64199","url":"https:\/\/veritasinfo.org\/?p=64199","name":"Kurti n\u00eb p\u00ebrvjetorin e vdekjes s\u00eb Sh\u00ebn N\u00ebn\u00ebs Tereza: Ajo u shnd\u00ebrrua n\u00eb ur\u00eb jo n\u00eb mur -","isPartOf":{"@id":"https:\/\/veritasinfo.org\/#website"},"primaryImageOfPage":{"@id":"https:\/\/veritasinfo.org\/?p=64199#primaryimage"},"image":{"@id":"https:\/\/veritasinfo.org\/?p=64199#primaryimage"},"thumbnailUrl":"https:\/\/veritasinfo.org\/wp-content\/uploads\/2026\/09\/1-4.jpg","datePublished":"2026-09-05T18:19:33+00:00","author":{"@id":"https:\/\/veritasinfo.org\/#\/schema\/person\/fe199eede04c3937362892b7444747cc"},"breadcrumb":{"@id":"https:\/\/veritasinfo.org\/?p=64199#breadcrumb"},"inLanguage":"en-US","potentialAction":[{"@type":"ReadAction","target":["https:\/\/veritasinfo.org\/?p=64199"]}]},{"@type":"ImageObject","inLanguage":"en-US","@id":"https:\/\/veritasinfo.org\/?p=64199#primaryimage","url":"https:\/\/veritasinfo.org\/wp-content\/uploads\/2026\/09\/1-4.jpg","contentUrl":"https:\/\/veritasinfo.org\/wp-content\/uploads\/2026\/09\/1-4.jpg","width":591,"height":355},{"@type":"BreadcrumbList","@id":"https:\/\/veritasinfo.org\/?p=64199#breadcrumb","itemListElement":[{"@type":"ListItem","position":1,"name":"Home","item":"https:\/\/veritasinfo.org\/"},{"@type":"ListItem","position":2,"name":"Kurti n\u00eb p\u00ebrvjetorin e vdekjes s\u00eb Sh\u00ebn N\u00ebn\u00ebs Tereza: Ajo u shnd\u00ebrrua n\u00eb ur\u00eb jo n\u00eb mur"}]},{"@type":"WebSite","@id":"https:\/\/veritasinfo.org\/#website","url":"https:\/\/veritasinfo.org\/","name":"","description":"","potentialAction":[{"@type":"SearchAction","target":{"@type":"EntryPoint","urlTemplate":"https:\/\/veritasinfo.org\/?s={search_term_string}"},"query-input":{"@type":"PropertyValueSpecification","valueRequired":true,"valueName":"search_term_string"}}],"inLanguage":"en-US"},{"@type":"Person","@id":"https:\/\/veritasinfo.org\/#\/schema\/person\/fe199eede04c3937362892b7444747cc","name":"US6","image":{"@type":"ImageObject","inLanguage":"en-US","@id":"https:\/\/veritasinfo.org\/#\/schema\/person\/image\/","url":"https:\/\/secure.gravatar.com\/avatar\/cb16c3c31c9d23b9b8c705964598220b3014e42ff51eb540ff23cefa3ae8c15f?s=96&d=mm&r=g","contentUrl":"https:\/\/secure.gravatar.com\/avatar\/cb16c3c31c9d23b9b8c705964598220b3014e42ff51eb540ff23cefa3ae8c15f?s=96&d=mm&r=g","caption":"US6"},"url":"https:\/\/veritasinfo.org\/?author=7"}]}},"featured_image_urls":{"full":["https:\/\/veritasinfo.org\/wp-content\/uploads\/2026\/09\/1-4.jpg",591,355,false],"thumbnail":["https:\/\/veritasinfo.org\/wp-content\/uploads\/2026\/09\/1-4-150x150.jpg",150,150,true],"medium":["https:\/\/veritasinfo.org\/wp-content\/uploads\/2026\/09\/1-4-300x180.jpg",300,180,true],"medium_large":["https:\/\/veritasinfo.org\/wp-content\/uploads\/2026\/09\/1-4.jpg",591,355,false],"large":["https:\/\/veritasinfo.org\/wp-content\/uploads\/2026\/09\/1-4.jpg",591,355,false],"1536x1536":["https:\/\/veritasinfo.org\/wp-content\/uploads\/2026\/09\/1-4.jpg",591,355,false],"2048x2048":["https:\/\/veritasinfo.org\/wp-content\/uploads\/2026\/09\/1-4.jpg",591,355,false],"kreeti-slider-full":["https:\/\/veritasinfo.org\/wp-content\/uploads\/2026\/09\/1-4.jpg",591,355,false],"kreeti-featured":["https:\/\/veritasinfo.org\/wp-content\/uploads\/2026\/09\/1-4.jpg",591,355,false],"kreeti-medium":["https:\/\/veritasinfo.org\/wp-content\/uploads\/2026\/09\/1-4.jpg",591,355,false],"kreeti-medium-square":["https:\/\/veritasinfo.org\/wp-content\/uploads\/2026\/09\/1-4-350x350.jpg",350,350,true]},"author_info":{"info":["US6"]},"category_info":"<a href=\"https:\/\/veritasinfo.org\/?cat=60\" rel=\"category\">Shoq\u00ebrore<\/a>","tag_info":"Shoq\u00ebrore","comment_count":"0","_links":{"self":[{"href":"https:\/\/veritasinfo.org\/index.php?rest_route=\/wp\/v2\/posts\/64199","targetHints":{"allow":["GET"]}}],"collection":[{"href":"https:\/\/veritasinfo.org\/index.php?rest_route=\/wp\/v2\/posts"}],"about":[{"href":"https:\/\/veritasinfo.org\/index.php?rest_route=\/wp\/v2\/types\/post"}],"author":[{"embeddable":true,"href":"https:\/\/veritasinfo.org\/index.php?rest_route=\/wp\/v2\/users\/7"}],"replies":[{"embeddable":true,"href":"https:\/\/veritasinfo.org\/index.php?rest_route=%2Fwp%2Fv2%2Fcomments&post=64199"}],"version-history":[{"count":1,"href":"https:\/\/veritasinfo.org\/index.php?rest_route=\/wp\/v2\/posts\/64199\/revisions"}],"predecessor-version":[{"id":64201,"href":"https:\/\/veritasinfo.org\/index.php?rest_route=\/wp\/v2\/posts\/64199\/revisions\/64201"}],"wp:featuredmedia":[{"embeddable":true,"href":"https:\/\/veritasinfo.org\/index.php?rest_route=\/wp\/v2\/media\/64200"}],"wp:attachment":[{"href":"https:\/\/veritasinfo.org\/index.php?rest_route=%2Fwp%2Fv2%2Fmedia&parent=64199"}],"wp:term":[{"taxonomy":"category","embeddable":true,"href":"https:\/\/veritasinfo.org\/index.php?rest_route=%2Fwp%2Fv2%2Fcategories&post=64199"},{"taxonomy":"post_tag","embeddable":true,"href":"https:\/\/veritasinfo.org\/index.php?rest_route=%2Fwp%2Fv2%2Ftags&post=64199"}],"curies":[{"name":"wp","href":"https:\/\/api.w.org\/{rel}","templated":true}]}}