{"id":64197,"date":"2026-09-05T18:19:53","date_gmt":"2026-09-05T16:19:53","guid":{"rendered":"https:\/\/veritasinfo.org\/?p=64197"},"modified":"2026-09-05T18:19:53","modified_gmt":"2026-09-05T16:19:53","slug":"kamberi-diskriminacija-albanaca-utice-i-na-policiju-u-presevskoj-dolini","status":"publish","type":"post","link":"https:\/\/veritasinfo.org\/?p=64197&lang=sr","title":{"rendered":"Kamberi: Diskriminacija Albanaca uti\u010de i na policiju u Pre\u0161evskoj dolini"},"content":{"rendered":"<p>Pre\u0161evo, 5. septembar 2026. 18:18<\/p>\n<p>Zastupljenost Albanaca u srpskoj policiji u Pre\u0161evskoj dolini i dalje je kontroverzno politi\u010dko pitanje, dok su se pojavile i nove zabrinutosti zbog javnih napada na albanske policajce koji nastavljaju da slu\u017ee u Bujanovcu i Pre\u0161evu.<\/p>\n<p>Albanski poslanik \u0160aip Kamberi reagovao je na ono \u0161to opisuje kao kontinuirani pritisak i diskriminaciju Albanaca u bezbednosnim institucijama Srbije. Prema njegovim re\u010dima, problem nije samo u nedostatku novih regrutacija, vec\u0301 i u \u010dinjenici da se broj albanskih policajaca u ovim institucijama smanjio tokom godina, prenosi Veritasinfo.<\/p>\n<p>Kamberi tvrdi da, dok vlada u Beogradu vi\u0161e od decenije nije uspela da obezbedi regrutovanje Albanaca u policiju, deo srpske opozicije je nedavno bio uklju\u010den u javne napade na albanske pripadnike ove institucije.<\/p>\n<p>On smatra zabrinjavajuc\u0301im to \u0161to se, prema njegovim re\u010dima, vlada i deo opozicije pribli\u017eavaju u svom stavu prema albanskim policajcima, stvarajuc\u0301i klimu pritiska na njih.<\/p>\n<p>Integracija je zapo\u010deta 2001. godine<\/p>\n<p>Pitanje albanske zastupljenosti u policiji povezano je sa procesom njihove integracije u bezbednosne institucije, koji je zapo\u010det 2001. godine, u okviru politi\u010dkih sporazuma posredovanih od strane Organizacije za evropsku bezbednost i saradnju (Organization for Europe Safety and Co-operation in Europe)}, \u201ename\u201c: \u201eOSBE\u201c, \u201eprompt_text\u201c: \u201eOSBE\u201c, \u201estatus\u201c: \u201edone\u201c, \u201etype\u201c: \u201eentity\u201c}, \u201ereferenceKey\u201c: \u201e0\u201c, \u201eshowLoginRequiredCard\u201c:false}.<\/p>\n<p>Prema Kamberiju, integracija Albanaca u policiju ne bi trebalo da se tretira kao privilegija ili politi\u010dki ustupak, vec\u0301 kao rezultat sporazuma koji je imao za cilj da garantuje pravednu zastupljenost i jednake moguc\u0301nosti u bezbednosnim institucijama.<\/p>\n<p>Me\u0111utim, on ocenjuje da cilj odr\u017eive zastupljenosti Albanaca nije postignut. Naprotiv, broj albanskih pripadnika u policiji, prema njegovim re\u010dima, opada.<\/p>\n<p>Pitanja upuc\u0301ena institucijama<\/p>\n<p>Umesto kritikovanja albanskih policajaca koji su trenutno deo policijskih struktura, Kamberi zahteva da se pa\u017enja usmeri na institucije odgovorne za regrutovanje i etni\u010dku zastupljenost.<\/p>\n<p>On postavlja tri glavna pitanja: za\u0161to Albanci nisu regrutovani u policiju vi\u0161e od decenije, za\u0161to njihova zastupljenost nastavlja da opada i kome slu\u017ei takva politika isklju\u010divanja?<\/p>\n<p>Prema njegovim re\u010dima, ako je briga samo o profesionalizmu, zakonitosti ili institucionalnoj reformi, onda bi isti kriterijumi trebalo da se primene na sve policajce, bez obzira na etni\u010dku pripadnost.<\/p>\n<p>\u201eOvo je politi\u010dko pitanje\u201c<\/p>\n<p>Kamberi vidi trenutnu debatu kao pitanje sa jasnom politi\u010dkom dimenzijom. On upozorava da se pritisak na albanske policajce ne mo\u017ee odvojiti od \u0161ireg problema albanske zastupljenosti u srpskim dr\u017eavnim institucijama.<\/p>\n<p>Na kraju, postavlja retori\u010dko pitanje: da li \u010dak i mali broj albanskih policajaca koji su ostali u Bujanovcu i Pre\u0161evu pojedini politi\u010dki akteri u Beogradu smatraju preteranim.<\/p>\n<p>Njegova poruka je da institucionalna zastupljenost Albanaca ne bi trebalo da postane predmet politi\u010dkog pregovaranja i da debatu o srpskoj policiji u Pre\u0161evskoj dolini treba re\u0161avati kroz princip jednakosti i pravedne zastupljenosti.<\/p>\n","protected":false},"excerpt":{"rendered":"<p>Pre\u0161evo, 5. septembar 2026. 18:18 Zastupljenost Albanaca u srpskoj policiji u Pre\u0161evskoj dolini i dalje je kontroverzno politi\u010dko pitanje, dok su se pojavile i nove<\/p>\n","protected":false},"author":7,"featured_media":59668,"comment_status":"open","ping_status":"open","sticky":false,"template":"","format":"standard","meta":{"footnotes":""},"categories":[28],"tags":[],"class_list":["post-64197","post","type-post","status-publish","format-standard","has-post-thumbnail","hentry","category-politika"],"yoast_head":"<!-- This site is optimized with the Yoast SEO plugin v25.3.1 - https:\/\/yoast.com\/wordpress\/plugins\/seo\/ -->\n<title>Kamberi: Diskriminacija Albanaca uti\u010de i na policiju u Pre\u0161evskoj dolini -<\/title>\n<meta name=\"robots\" content=\"index, follow, max-snippet:-1, max-image-preview:large, max-video-preview:-1\" \/>\n<link rel=\"canonical\" href=\"https:\/\/veritasinfo.org\/?p=64197&lang=sr\" \/>\n<meta property=\"og:locale\" content=\"en_US\" \/>\n<meta property=\"og:type\" content=\"article\" \/>\n<meta property=\"og:title\" content=\"Kamberi: Diskriminacija Albanaca uti\u010de i na policiju u Pre\u0161evskoj dolini -\" \/>\n<meta property=\"og:description\" content=\"Pre\u0161evo, 5. septembar 2026. 18:18 Zastupljenost Albanaca u srpskoj policiji u Pre\u0161evskoj dolini i dalje je kontroverzno politi\u010dko pitanje, dok su se pojavile i nove\" \/>\n<meta property=\"og:url\" content=\"https:\/\/veritasinfo.org\/?p=64197&amp;lang=sr\" \/>\n<meta property=\"article:published_time\" content=\"2026-09-05T16:19:53+00:00\" \/>\n<meta property=\"og:image\" content=\"https:\/\/veritasinfo.org\/wp-content\/uploads\/2026\/08\/Shaip-Kamberi-4-scaled-2.jpg\" \/>\n\t<meta property=\"og:image:width\" content=\"2560\" \/>\n\t<meta property=\"og:image:height\" content=\"1440\" \/>\n\t<meta property=\"og:image:type\" content=\"image\/jpeg\" \/>\n<meta name=\"author\" content=\"US6\" \/>\n<meta name=\"twitter:card\" content=\"summary_large_image\" \/>\n<meta name=\"twitter:label1\" content=\"Written by\" \/>\n\t<meta name=\"twitter:data1\" content=\"US6\" \/>\n\t<meta name=\"twitter:label2\" content=\"Est. reading time\" \/>\n\t<meta name=\"twitter:data2\" content=\"3 minutes\" \/>\n<script type=\"application\/ld+json\" class=\"yoast-schema-graph\">{\"@context\":\"https:\/\/schema.org\",\"@graph\":[{\"@type\":\"WebPage\",\"@id\":\"https:\/\/veritasinfo.org\/?p=64197&lang=sr\",\"url\":\"https:\/\/veritasinfo.org\/?p=64197&lang=sr\",\"name\":\"Kamberi: Diskriminacija Albanaca uti\u010de i na policiju u Pre\u0161evskoj dolini -\",\"isPartOf\":{\"@id\":\"https:\/\/veritasinfo.org\/#website\"},\"primaryImageOfPage\":{\"@id\":\"https:\/\/veritasinfo.org\/?p=64197&lang=sr#primaryimage\"},\"image\":{\"@id\":\"https:\/\/veritasinfo.org\/?p=64197&lang=sr#primaryimage\"},\"thumbnailUrl\":\"https:\/\/veritasinfo.org\/wp-content\/uploads\/2026\/08\/Shaip-Kamberi-4-scaled-2.jpg\",\"datePublished\":\"2026-09-05T16:19:53+00:00\",\"author\":{\"@id\":\"https:\/\/veritasinfo.org\/#\/schema\/person\/fe199eede04c3937362892b7444747cc\"},\"breadcrumb\":{\"@id\":\"https:\/\/veritasinfo.org\/?p=64197&lang=sr#breadcrumb\"},\"inLanguage\":\"en-US\",\"potentialAction\":[{\"@type\":\"ReadAction\",\"target\":[\"https:\/\/veritasinfo.org\/?p=64197&lang=sr\"]}]},{\"@type\":\"ImageObject\",\"inLanguage\":\"en-US\",\"@id\":\"https:\/\/veritasinfo.org\/?p=64197&lang=sr#primaryimage\",\"url\":\"https:\/\/veritasinfo.org\/wp-content\/uploads\/2026\/08\/Shaip-Kamberi-4-scaled-2.jpg\",\"contentUrl\":\"https:\/\/veritasinfo.org\/wp-content\/uploads\/2026\/08\/Shaip-Kamberi-4-scaled-2.jpg\",\"width\":2560,\"height\":1440},{\"@type\":\"BreadcrumbList\",\"@id\":\"https:\/\/veritasinfo.org\/?p=64197&lang=sr#breadcrumb\",\"itemListElement\":[{\"@type\":\"ListItem\",\"position\":1,\"name\":\"Home\",\"item\":\"https:\/\/veritasinfo.org\/\"},{\"@type\":\"ListItem\",\"position\":2,\"name\":\"Kamberi: Diskriminacija Albanaca uti\u010de i na policiju u Pre\u0161evskoj dolini\"}]},{\"@type\":\"WebSite\",\"@id\":\"https:\/\/veritasinfo.org\/#website\",\"url\":\"https:\/\/veritasinfo.org\/\",\"name\":\"\",\"description\":\"\",\"potentialAction\":[{\"@type\":\"SearchAction\",\"target\":{\"@type\":\"EntryPoint\",\"urlTemplate\":\"https:\/\/veritasinfo.org\/?s={search_term_string}\"},\"query-input\":{\"@type\":\"PropertyValueSpecification\",\"valueRequired\":true,\"valueName\":\"search_term_string\"}}],\"inLanguage\":\"en-US\"},{\"@type\":\"Person\",\"@id\":\"https:\/\/veritasinfo.org\/#\/schema\/person\/fe199eede04c3937362892b7444747cc\",\"name\":\"US6\",\"image\":{\"@type\":\"ImageObject\",\"inLanguage\":\"en-US\",\"@id\":\"https:\/\/veritasinfo.org\/#\/schema\/person\/image\/\",\"url\":\"https:\/\/secure.gravatar.com\/avatar\/cb16c3c31c9d23b9b8c705964598220b3014e42ff51eb540ff23cefa3ae8c15f?s=96&d=mm&r=g\",\"contentUrl\":\"https:\/\/secure.gravatar.com\/avatar\/cb16c3c31c9d23b9b8c705964598220b3014e42ff51eb540ff23cefa3ae8c15f?s=96&d=mm&r=g\",\"caption\":\"US6\"},\"url\":\"https:\/\/veritasinfo.org\/?author=7\"}]}<\/script>\n<!-- \/ Yoast SEO plugin. -->","yoast_head_json":{"title":"Kamberi: Diskriminacija Albanaca uti\u010de i na policiju u Pre\u0161evskoj dolini -","robots":{"index":"index","follow":"follow","max-snippet":"max-snippet:-1","max-image-preview":"max-image-preview:large","max-video-preview":"max-video-preview:-1"},"canonical":"https:\/\/veritasinfo.org\/?p=64197&lang=sr","og_locale":"en_US","og_type":"article","og_title":"Kamberi: Diskriminacija Albanaca uti\u010de i na policiju u Pre\u0161evskoj dolini -","og_description":"Pre\u0161evo, 5. septembar 2026. 18:18 Zastupljenost Albanaca u srpskoj policiji u Pre\u0161evskoj dolini i dalje je kontroverzno politi\u010dko pitanje, dok su se pojavile i nove","og_url":"https:\/\/veritasinfo.org\/?p=64197&lang=sr","article_published_time":"2026-09-05T16:19:53+00:00","og_image":[{"width":2560,"height":1440,"url":"https:\/\/veritasinfo.org\/wp-content\/uploads\/2026\/08\/Shaip-Kamberi-4-scaled-2.jpg","type":"image\/jpeg"}],"author":"US6","twitter_card":"summary_large_image","twitter_misc":{"Written by":"US6","Est. reading time":"3 minutes"},"schema":{"@context":"https:\/\/schema.org","@graph":[{"@type":"WebPage","@id":"https:\/\/veritasinfo.org\/?p=64197&lang=sr","url":"https:\/\/veritasinfo.org\/?p=64197&lang=sr","name":"Kamberi: Diskriminacija Albanaca uti\u010de i na policiju u Pre\u0161evskoj dolini -","isPartOf":{"@id":"https:\/\/veritasinfo.org\/#website"},"primaryImageOfPage":{"@id":"https:\/\/veritasinfo.org\/?p=64197&lang=sr#primaryimage"},"image":{"@id":"https:\/\/veritasinfo.org\/?p=64197&lang=sr#primaryimage"},"thumbnailUrl":"https:\/\/veritasinfo.org\/wp-content\/uploads\/2026\/08\/Shaip-Kamberi-4-scaled-2.jpg","datePublished":"2026-09-05T16:19:53+00:00","author":{"@id":"https:\/\/veritasinfo.org\/#\/schema\/person\/fe199eede04c3937362892b7444747cc"},"breadcrumb":{"@id":"https:\/\/veritasinfo.org\/?p=64197&lang=sr#breadcrumb"},"inLanguage":"en-US","potentialAction":[{"@type":"ReadAction","target":["https:\/\/veritasinfo.org\/?p=64197&lang=sr"]}]},{"@type":"ImageObject","inLanguage":"en-US","@id":"https:\/\/veritasinfo.org\/?p=64197&lang=sr#primaryimage","url":"https:\/\/veritasinfo.org\/wp-content\/uploads\/2026\/08\/Shaip-Kamberi-4-scaled-2.jpg","contentUrl":"https:\/\/veritasinfo.org\/wp-content\/uploads\/2026\/08\/Shaip-Kamberi-4-scaled-2.jpg","width":2560,"height":1440},{"@type":"BreadcrumbList","@id":"https:\/\/veritasinfo.org\/?p=64197&lang=sr#breadcrumb","itemListElement":[{"@type":"ListItem","position":1,"name":"Home","item":"https:\/\/veritasinfo.org\/"},{"@type":"ListItem","position":2,"name":"Kamberi: Diskriminacija Albanaca uti\u010de i na policiju u Pre\u0161evskoj dolini"}]},{"@type":"WebSite","@id":"https:\/\/veritasinfo.org\/#website","url":"https:\/\/veritasinfo.org\/","name":"","description":"","potentialAction":[{"@type":"SearchAction","target":{"@type":"EntryPoint","urlTemplate":"https:\/\/veritasinfo.org\/?s={search_term_string}"},"query-input":{"@type":"PropertyValueSpecification","valueRequired":true,"valueName":"search_term_string"}}],"inLanguage":"en-US"},{"@type":"Person","@id":"https:\/\/veritasinfo.org\/#\/schema\/person\/fe199eede04c3937362892b7444747cc","name":"US6","image":{"@type":"ImageObject","inLanguage":"en-US","@id":"https:\/\/veritasinfo.org\/#\/schema\/person\/image\/","url":"https:\/\/secure.gravatar.com\/avatar\/cb16c3c31c9d23b9b8c705964598220b3014e42ff51eb540ff23cefa3ae8c15f?s=96&d=mm&r=g","contentUrl":"https:\/\/secure.gravatar.com\/avatar\/cb16c3c31c9d23b9b8c705964598220b3014e42ff51eb540ff23cefa3ae8c15f?s=96&d=mm&r=g","caption":"US6"},"url":"https:\/\/veritasinfo.org\/?author=7"}]}},"featured_image_urls":{"full":["https:\/\/veritasinfo.org\/wp-content\/uploads\/2026\/08\/Shaip-Kamberi-4-scaled-2.jpg",2560,1440,false],"thumbnail":["https:\/\/veritasinfo.org\/wp-content\/uploads\/2026\/08\/Shaip-Kamberi-4-scaled-2-150x150.jpg",150,150,true],"medium":["https:\/\/veritasinfo.org\/wp-content\/uploads\/2026\/08\/Shaip-Kamberi-4-scaled-2-300x169.jpg",300,169,true],"medium_large":["https:\/\/veritasinfo.org\/wp-content\/uploads\/2026\/08\/Shaip-Kamberi-4-scaled-2-768x432.jpg",640,360,true],"large":["https:\/\/veritasinfo.org\/wp-content\/uploads\/2026\/08\/Shaip-Kamberi-4-scaled-2-1024x576.jpg",640,360,true],"1536x1536":["https:\/\/veritasinfo.org\/wp-content\/uploads\/2026\/08\/Shaip-Kamberi-4-scaled-2-1536x864.jpg",1536,864,true],"2048x2048":["https:\/\/veritasinfo.org\/wp-content\/uploads\/2026\/08\/Shaip-Kamberi-4-scaled-2-2048x1152.jpg",2048,1152,true],"kreeti-slider-full":["https:\/\/veritasinfo.org\/wp-content\/uploads\/2026\/08\/Shaip-Kamberi-4-scaled-2-1280x720.jpg",1280,720,true],"kreeti-featured":["https:\/\/veritasinfo.org\/wp-content\/uploads\/2026\/08\/Shaip-Kamberi-4-scaled-2-1024x576.jpg",1024,576,true],"kreeti-medium":["https:\/\/veritasinfo.org\/wp-content\/uploads\/2026\/08\/Shaip-Kamberi-4-scaled-2-720x530.jpg",720,530,true],"kreeti-medium-square":["https:\/\/veritasinfo.org\/wp-content\/uploads\/2026\/08\/Shaip-Kamberi-4-scaled-2-350x350.jpg",350,350,true]},"author_info":{"info":["US6"]},"category_info":"<a href=\"https:\/\/veritasinfo.org\/?cat=28&#038;lang=sr\" rel=\"category\">Politika<\/a>","tag_info":"Politika","comment_count":"0","_links":{"self":[{"href":"https:\/\/veritasinfo.org\/index.php?rest_route=\/wp\/v2\/posts\/64197","targetHints":{"allow":["GET"]}}],"collection":[{"href":"https:\/\/veritasinfo.org\/index.php?rest_route=\/wp\/v2\/posts"}],"about":[{"href":"https:\/\/veritasinfo.org\/index.php?rest_route=\/wp\/v2\/types\/post"}],"author":[{"embeddable":true,"href":"https:\/\/veritasinfo.org\/index.php?rest_route=\/wp\/v2\/users\/7"}],"replies":[{"embeddable":true,"href":"https:\/\/veritasinfo.org\/index.php?rest_route=%2Fwp%2Fv2%2Fcomments&post=64197"}],"version-history":[{"count":1,"href":"https:\/\/veritasinfo.org\/index.php?rest_route=\/wp\/v2\/posts\/64197\/revisions"}],"predecessor-version":[{"id":64198,"href":"https:\/\/veritasinfo.org\/index.php?rest_route=\/wp\/v2\/posts\/64197\/revisions\/64198"}],"wp:featuredmedia":[{"embeddable":true,"href":"https:\/\/veritasinfo.org\/index.php?rest_route=\/wp\/v2\/media\/59668"}],"wp:attachment":[{"href":"https:\/\/veritasinfo.org\/index.php?rest_route=%2Fwp%2Fv2%2Fmedia&parent=64197"}],"wp:term":[{"taxonomy":"category","embeddable":true,"href":"https:\/\/veritasinfo.org\/index.php?rest_route=%2Fwp%2Fv2%2Fcategories&post=64197"},{"taxonomy":"post_tag","embeddable":true,"href":"https:\/\/veritasinfo.org\/index.php?rest_route=%2Fwp%2Fv2%2Ftags&post=64197"}],"curies":[{"name":"wp","href":"https:\/\/api.w.org\/{rel}","templated":true}]}}