{"id":64195,"date":"2026-09-05T18:18:41","date_gmt":"2026-09-05T16:18:41","guid":{"rendered":"https:\/\/veritasinfo.org\/?p=64195"},"modified":"2026-09-05T18:18:41","modified_gmt":"2026-09-05T16:18:41","slug":"kamberi-diskriminimi-ndaj-shqiptareve-po-prek-edhe-policine-ne-luginen-e-presheves","status":"publish","type":"post","link":"https:\/\/veritasinfo.org\/?p=64195","title":{"rendered":"Kamberi: Diskriminimi ndaj shqiptar\u00ebve po prek edhe Policin\u00eb n\u00eb Lugin\u00ebn e Preshev\u00ebs"},"content":{"rendered":"<p>Preshev\u00eb, 5 shtator 2026 18:18<\/p>\n<p>P\u00ebrfaq\u00ebsimi i shqiptar\u00ebve n\u00eb Policin\u00eb e Serbis\u00eb n\u00eb Lugin\u00ebn e Preshev\u00ebs vijon t\u00eb jet\u00eb nj\u00eb \u00e7\u00ebshtje e debatueshme politike, nd\u00ebrsa shqet\u00ebsime t\u00eb reja jan\u00eb ngritur edhe p\u00ebrball\u00eb sulmeve publike ndaj pjes\u00ebtar\u00ebve shqiptar\u00eb t\u00eb policis\u00eb q\u00eb vazhdojn\u00eb t\u00eb sh\u00ebrbejn\u00eb n\u00eb Bujanoc dhe Preshev\u00eb.<\/p>\n<p>Deputeti shqiptar Shaip Kamberi ka reaguar ndaj asaj q\u00eb e cil\u00ebson si presion dhe diskriminim t\u00eb vazhduesh\u00ebm ndaj shqiptar\u00ebve n\u00eb institucionet e siguris\u00eb s\u00eb Serbis\u00eb. Sipas tij, problemi nuk q\u00ebndron vet\u00ebm te mungesa e rekrutimeve t\u00eb reja, por edhe te fakti se numri i polic\u00ebve shqiptar\u00eb n\u00eb k\u00ebto institucione \u00ebsht\u00eb zvog\u00ebluar nd\u00ebr vite, p\u00ebrcjell Veritasinfo.<\/p>\n<p>Kamberi argumenton se, nd\u00ebrsa pushteti n\u00eb Beograd ka d\u00ebshtuar p\u00ebr m\u00eb shum\u00eb se nj\u00eb dekad\u00eb t\u00eb siguroj\u00eb rekrutimin e shqiptar\u00ebve n\u00eb polici, nj\u00eb pjes\u00eb e opozit\u00ebs serbe s\u00eb fundmi \u00ebsht\u00eb p\u00ebrfshir\u00eb n\u00eb sulme publike ndaj pjes\u00ebtar\u00ebve shqiptar\u00eb t\u00eb k\u00ebtij institucioni.<\/p>\n<p>Ai e konsideron shqet\u00ebsues faktin q\u00eb, sipas tij, pushteti dhe nj\u00eb pjes\u00eb e opozit\u00ebs po konvergojn\u00eb n\u00eb q\u00ebndrimin ndaj polic\u00ebve shqiptar\u00eb, duke krijuar nj\u00eb klim\u00eb presioni ndaj tyre.<\/p>\n<p>Integrimi i nisur n\u00eb vitin 2001<\/p>\n<p>\u00c7\u00ebshtja e p\u00ebrfaq\u00ebsimit t\u00eb shqiptar\u00ebve n\u00eb polici lidhet me procesin e integrimit t\u00eb tyre n\u00eb institucionet e siguris\u00eb, i cili nisi n\u00eb vitin 2001, n\u00eb kuad\u00ebr t\u00eb marr\u00ebveshjeve politike t\u00eb nd\u00ebrmjet\u00ebsuara nga \ue212{&#8220;fallbackMarkdown&#8221;:&#8221;OSBE&#8221;,&#8221;reference&#8221;:{&#8220;alt&#8221;:&#8221;OSBE&#8221;,&#8221;category&#8221;:&#8221;organization&#8221;,&#8221;extra_params&#8221;:{&#8220;disambiguation&#8221;:&#8221;Organization for Security and Co-operation in Europe&#8221;},&#8221;name&#8221;:&#8221;OSBE&#8221;,&#8221;prompt_text&#8221;:&#8221;OSBE&#8221;,&#8221;status&#8221;:&#8221;done&#8221;,&#8221;type&#8221;:&#8221;entity&#8221;},&#8221;referenceKey&#8221;:&#8221;0&#8243;,&#8221;showLoginRequiredCard&#8221;:false}\ue213.<\/p>\n<p>Sipas Kamberit, integrimi i shqiptar\u00ebve n\u00eb polici nuk duhet t\u00eb trajtohet si privilegj apo koncesion politik, por si rezultat i nj\u00eb marr\u00ebveshjeje q\u00eb synonte garantimin e p\u00ebrfaq\u00ebsimit t\u00eb drejt\u00eb dhe mund\u00ebsive t\u00eb barabarta n\u00eb institucionet e siguris\u00eb.<\/p>\n<p>Megjithat\u00eb, ai vler\u00ebson se objektivi i p\u00ebrfaq\u00ebsimit t\u00eb q\u00ebndruesh\u00ebm t\u00eb shqiptar\u00ebve nuk \u00ebsht\u00eb realizuar. P\u00ebrkundrazi, numri i pjes\u00ebtar\u00ebve shqiptar\u00eb n\u00eb polici, sipas tij, ka ardhur duke u zvog\u00ebluar.<\/p>\n<p>Pyetjet drejtuar institucioneve<\/p>\n<p>N\u00eb vend t\u00eb kritikave ndaj polic\u00ebve shqiptar\u00eb q\u00eb aktualisht jan\u00eb pjes\u00eb e strukturave policore, Kamberi k\u00ebrkon q\u00eb v\u00ebmendja t\u00eb p\u00ebrqendrohet te institucionet p\u00ebrgjegj\u00ebse p\u00ebr rekrutimin dhe p\u00ebrfaq\u00ebsimin etnik.<\/p>\n<p>Ai ngre tri pyetje kryesore: pse p\u00ebr m\u00eb shum\u00eb se nj\u00eb dekad\u00eb nuk po rekrutohen shqiptar\u00eb n\u00eb polici, pse p\u00ebrfaq\u00ebsimi i tyre vazhdon t\u00eb zvog\u00eblohet dhe kujt i sh\u00ebrben nj\u00eb politik\u00eb e till\u00eb e p\u00ebrjashtimit.<\/p>\n<p>Sipas tij, n\u00ebse shqet\u00ebsimi do t\u00eb ishte vet\u00ebm profesionalizmi, ligjshm\u00ebria apo reforma institucionale, at\u00ebher\u00eb t\u00eb nj\u00ebjtat kritere do t\u00eb duhej t\u00eb zbatoheshin ndaj t\u00eb gjith\u00eb pjes\u00ebtar\u00ebve t\u00eb policis\u00eb, pavar\u00ebsisht p\u00ebrkat\u00ebsis\u00eb etnike.<\/p>\n<p>\u201cKjo \u00ebsht\u00eb nj\u00eb \u00e7\u00ebshtje politike\u201d<\/p>\n<p>Kamberi e sheh debatin aktual si nj\u00eb \u00e7\u00ebshtje me dimension t\u00eb qart\u00eb politik. Ai paralajm\u00ebron se presioni ndaj pjes\u00ebtar\u00ebve shqiptar\u00eb t\u00eb policis\u00eb nuk mund t\u00eb ndahet nga problemi m\u00eb i gjer\u00eb i p\u00ebrfaq\u00ebsimit t\u00eb shqiptar\u00ebve n\u00eb institucionet shtet\u00ebrore t\u00eb Serbis\u00eb.<\/p>\n<p>N\u00eb fund, ai shtron edhe nj\u00eb pyetje retorike: n\u00ebse edhe numri i vog\u00ebl i polic\u00ebve shqiptar\u00eb q\u00eb kan\u00eb mbetur n\u00eb Bujanoc dhe Preshev\u00eb konsiderohet i tep\u00ebrt nga aktor\u00eb t\u00eb caktuar politik\u00eb n\u00eb Beograd.<\/p>\n<p>Mesazhi i tij \u00ebsht\u00eb se p\u00ebrfaq\u00ebsimi institucional i shqiptar\u00ebve nuk duhet t\u00eb shnd\u00ebrrohet n\u00eb objekt t\u00eb pazareve politike dhe se debati p\u00ebr Policin\u00eb e Serbis\u00eb n\u00eb Lugin\u00ebn e Preshev\u00ebs duhet t\u00eb trajtohet p\u00ebrmes parimit t\u00eb barazis\u00eb dhe p\u00ebrfaq\u00ebsimit t\u00eb drejt\u00eb.<\/p>\n","protected":false},"excerpt":{"rendered":"<p>Preshev\u00eb, 5 shtator 2026 18:18 P\u00ebrfaq\u00ebsimi i shqiptar\u00ebve n\u00eb Policin\u00eb e Serbis\u00eb n\u00eb Lugin\u00ebn e Preshev\u00ebs vijon t\u00eb jet\u00eb nj\u00eb \u00e7\u00ebshtje e debatueshme politike, nd\u00ebrsa<\/p>\n","protected":false},"author":7,"featured_media":59665,"comment_status":"open","ping_status":"open","sticky":false,"template":"","format":"standard","meta":{"footnotes":""},"categories":[58],"tags":[],"class_list":["post-64195","post","type-post","status-publish","format-standard","has-post-thumbnail","hentry","category-politike-sq"],"yoast_head":"<!-- This site is optimized with the Yoast SEO plugin v25.3.1 - https:\/\/yoast.com\/wordpress\/plugins\/seo\/ -->\n<title>Kamberi: Diskriminimi ndaj shqiptar\u00ebve po prek edhe Policin\u00eb n\u00eb Lugin\u00ebn e Preshev\u00ebs -<\/title>\n<meta name=\"robots\" content=\"index, follow, max-snippet:-1, max-image-preview:large, max-video-preview:-1\" \/>\n<link rel=\"canonical\" href=\"https:\/\/veritasinfo.org\/?p=64195\" \/>\n<meta property=\"og:locale\" content=\"en_US\" \/>\n<meta property=\"og:type\" content=\"article\" \/>\n<meta property=\"og:title\" content=\"Kamberi: Diskriminimi ndaj shqiptar\u00ebve po prek edhe Policin\u00eb n\u00eb Lugin\u00ebn e Preshev\u00ebs -\" \/>\n<meta property=\"og:description\" content=\"Preshev\u00eb, 5 shtator 2026 18:18 P\u00ebrfaq\u00ebsimi i shqiptar\u00ebve n\u00eb Policin\u00eb e Serbis\u00eb n\u00eb Lugin\u00ebn e Preshev\u00ebs vijon t\u00eb jet\u00eb nj\u00eb \u00e7\u00ebshtje e debatueshme politike, nd\u00ebrsa\" \/>\n<meta property=\"og:url\" content=\"https:\/\/veritasinfo.org\/?p=64195\" \/>\n<meta property=\"article:published_time\" content=\"2026-09-05T16:18:41+00:00\" \/>\n<meta property=\"og:image\" content=\"https:\/\/veritasinfo.org\/wp-content\/uploads\/2026\/08\/Shaip-Kamberi-4-scaled-1.jpg\" \/>\n\t<meta property=\"og:image:width\" content=\"2560\" \/>\n\t<meta property=\"og:image:height\" content=\"1440\" \/>\n\t<meta property=\"og:image:type\" content=\"image\/jpeg\" \/>\n<meta name=\"author\" content=\"US6\" \/>\n<meta name=\"twitter:card\" content=\"summary_large_image\" \/>\n<meta name=\"twitter:label1\" content=\"Written by\" \/>\n\t<meta name=\"twitter:data1\" content=\"US6\" \/>\n\t<meta name=\"twitter:label2\" content=\"Est. reading time\" \/>\n\t<meta name=\"twitter:data2\" content=\"3 minutes\" \/>\n<script type=\"application\/ld+json\" class=\"yoast-schema-graph\">{\"@context\":\"https:\/\/schema.org\",\"@graph\":[{\"@type\":\"WebPage\",\"@id\":\"https:\/\/veritasinfo.org\/?p=64195\",\"url\":\"https:\/\/veritasinfo.org\/?p=64195\",\"name\":\"Kamberi: Diskriminimi ndaj shqiptar\u00ebve po prek edhe Policin\u00eb n\u00eb Lugin\u00ebn e Preshev\u00ebs -\",\"isPartOf\":{\"@id\":\"https:\/\/veritasinfo.org\/#website\"},\"primaryImageOfPage\":{\"@id\":\"https:\/\/veritasinfo.org\/?p=64195#primaryimage\"},\"image\":{\"@id\":\"https:\/\/veritasinfo.org\/?p=64195#primaryimage\"},\"thumbnailUrl\":\"https:\/\/veritasinfo.org\/wp-content\/uploads\/2026\/08\/Shaip-Kamberi-4-scaled-1.jpg\",\"datePublished\":\"2026-09-05T16:18:41+00:00\",\"author\":{\"@id\":\"https:\/\/veritasinfo.org\/#\/schema\/person\/fe199eede04c3937362892b7444747cc\"},\"breadcrumb\":{\"@id\":\"https:\/\/veritasinfo.org\/?p=64195#breadcrumb\"},\"inLanguage\":\"en-US\",\"potentialAction\":[{\"@type\":\"ReadAction\",\"target\":[\"https:\/\/veritasinfo.org\/?p=64195\"]}]},{\"@type\":\"ImageObject\",\"inLanguage\":\"en-US\",\"@id\":\"https:\/\/veritasinfo.org\/?p=64195#primaryimage\",\"url\":\"https:\/\/veritasinfo.org\/wp-content\/uploads\/2026\/08\/Shaip-Kamberi-4-scaled-1.jpg\",\"contentUrl\":\"https:\/\/veritasinfo.org\/wp-content\/uploads\/2026\/08\/Shaip-Kamberi-4-scaled-1.jpg\",\"width\":2560,\"height\":1440},{\"@type\":\"BreadcrumbList\",\"@id\":\"https:\/\/veritasinfo.org\/?p=64195#breadcrumb\",\"itemListElement\":[{\"@type\":\"ListItem\",\"position\":1,\"name\":\"Home\",\"item\":\"https:\/\/veritasinfo.org\/\"},{\"@type\":\"ListItem\",\"position\":2,\"name\":\"Kamberi: Diskriminimi ndaj shqiptar\u00ebve po prek edhe Policin\u00eb n\u00eb Lugin\u00ebn e Preshev\u00ebs\"}]},{\"@type\":\"WebSite\",\"@id\":\"https:\/\/veritasinfo.org\/#website\",\"url\":\"https:\/\/veritasinfo.org\/\",\"name\":\"\",\"description\":\"\",\"potentialAction\":[{\"@type\":\"SearchAction\",\"target\":{\"@type\":\"EntryPoint\",\"urlTemplate\":\"https:\/\/veritasinfo.org\/?s={search_term_string}\"},\"query-input\":{\"@type\":\"PropertyValueSpecification\",\"valueRequired\":true,\"valueName\":\"search_term_string\"}}],\"inLanguage\":\"en-US\"},{\"@type\":\"Person\",\"@id\":\"https:\/\/veritasinfo.org\/#\/schema\/person\/fe199eede04c3937362892b7444747cc\",\"name\":\"US6\",\"image\":{\"@type\":\"ImageObject\",\"inLanguage\":\"en-US\",\"@id\":\"https:\/\/veritasinfo.org\/#\/schema\/person\/image\/\",\"url\":\"https:\/\/secure.gravatar.com\/avatar\/cb16c3c31c9d23b9b8c705964598220b3014e42ff51eb540ff23cefa3ae8c15f?s=96&d=mm&r=g\",\"contentUrl\":\"https:\/\/secure.gravatar.com\/avatar\/cb16c3c31c9d23b9b8c705964598220b3014e42ff51eb540ff23cefa3ae8c15f?s=96&d=mm&r=g\",\"caption\":\"US6\"},\"url\":\"https:\/\/veritasinfo.org\/?author=7\"}]}<\/script>\n<!-- \/ Yoast SEO plugin. -->","yoast_head_json":{"title":"Kamberi: Diskriminimi ndaj shqiptar\u00ebve po prek edhe Policin\u00eb n\u00eb Lugin\u00ebn e Preshev\u00ebs -","robots":{"index":"index","follow":"follow","max-snippet":"max-snippet:-1","max-image-preview":"max-image-preview:large","max-video-preview":"max-video-preview:-1"},"canonical":"https:\/\/veritasinfo.org\/?p=64195","og_locale":"en_US","og_type":"article","og_title":"Kamberi: Diskriminimi ndaj shqiptar\u00ebve po prek edhe Policin\u00eb n\u00eb Lugin\u00ebn e Preshev\u00ebs -","og_description":"Preshev\u00eb, 5 shtator 2026 18:18 P\u00ebrfaq\u00ebsimi i shqiptar\u00ebve n\u00eb Policin\u00eb e Serbis\u00eb n\u00eb Lugin\u00ebn e Preshev\u00ebs vijon t\u00eb jet\u00eb nj\u00eb \u00e7\u00ebshtje e debatueshme politike, nd\u00ebrsa","og_url":"https:\/\/veritasinfo.org\/?p=64195","article_published_time":"2026-09-05T16:18:41+00:00","og_image":[{"width":2560,"height":1440,"url":"https:\/\/veritasinfo.org\/wp-content\/uploads\/2026\/08\/Shaip-Kamberi-4-scaled-1.jpg","type":"image\/jpeg"}],"author":"US6","twitter_card":"summary_large_image","twitter_misc":{"Written by":"US6","Est. reading time":"3 minutes"},"schema":{"@context":"https:\/\/schema.org","@graph":[{"@type":"WebPage","@id":"https:\/\/veritasinfo.org\/?p=64195","url":"https:\/\/veritasinfo.org\/?p=64195","name":"Kamberi: Diskriminimi ndaj shqiptar\u00ebve po prek edhe Policin\u00eb n\u00eb Lugin\u00ebn e Preshev\u00ebs -","isPartOf":{"@id":"https:\/\/veritasinfo.org\/#website"},"primaryImageOfPage":{"@id":"https:\/\/veritasinfo.org\/?p=64195#primaryimage"},"image":{"@id":"https:\/\/veritasinfo.org\/?p=64195#primaryimage"},"thumbnailUrl":"https:\/\/veritasinfo.org\/wp-content\/uploads\/2026\/08\/Shaip-Kamberi-4-scaled-1.jpg","datePublished":"2026-09-05T16:18:41+00:00","author":{"@id":"https:\/\/veritasinfo.org\/#\/schema\/person\/fe199eede04c3937362892b7444747cc"},"breadcrumb":{"@id":"https:\/\/veritasinfo.org\/?p=64195#breadcrumb"},"inLanguage":"en-US","potentialAction":[{"@type":"ReadAction","target":["https:\/\/veritasinfo.org\/?p=64195"]}]},{"@type":"ImageObject","inLanguage":"en-US","@id":"https:\/\/veritasinfo.org\/?p=64195#primaryimage","url":"https:\/\/veritasinfo.org\/wp-content\/uploads\/2026\/08\/Shaip-Kamberi-4-scaled-1.jpg","contentUrl":"https:\/\/veritasinfo.org\/wp-content\/uploads\/2026\/08\/Shaip-Kamberi-4-scaled-1.jpg","width":2560,"height":1440},{"@type":"BreadcrumbList","@id":"https:\/\/veritasinfo.org\/?p=64195#breadcrumb","itemListElement":[{"@type":"ListItem","position":1,"name":"Home","item":"https:\/\/veritasinfo.org\/"},{"@type":"ListItem","position":2,"name":"Kamberi: Diskriminimi ndaj shqiptar\u00ebve po prek edhe Policin\u00eb n\u00eb Lugin\u00ebn e Preshev\u00ebs"}]},{"@type":"WebSite","@id":"https:\/\/veritasinfo.org\/#website","url":"https:\/\/veritasinfo.org\/","name":"","description":"","potentialAction":[{"@type":"SearchAction","target":{"@type":"EntryPoint","urlTemplate":"https:\/\/veritasinfo.org\/?s={search_term_string}"},"query-input":{"@type":"PropertyValueSpecification","valueRequired":true,"valueName":"search_term_string"}}],"inLanguage":"en-US"},{"@type":"Person","@id":"https:\/\/veritasinfo.org\/#\/schema\/person\/fe199eede04c3937362892b7444747cc","name":"US6","image":{"@type":"ImageObject","inLanguage":"en-US","@id":"https:\/\/veritasinfo.org\/#\/schema\/person\/image\/","url":"https:\/\/secure.gravatar.com\/avatar\/cb16c3c31c9d23b9b8c705964598220b3014e42ff51eb540ff23cefa3ae8c15f?s=96&d=mm&r=g","contentUrl":"https:\/\/secure.gravatar.com\/avatar\/cb16c3c31c9d23b9b8c705964598220b3014e42ff51eb540ff23cefa3ae8c15f?s=96&d=mm&r=g","caption":"US6"},"url":"https:\/\/veritasinfo.org\/?author=7"}]}},"featured_image_urls":{"full":["https:\/\/veritasinfo.org\/wp-content\/uploads\/2026\/08\/Shaip-Kamberi-4-scaled-1.jpg",2560,1440,false],"thumbnail":["https:\/\/veritasinfo.org\/wp-content\/uploads\/2026\/08\/Shaip-Kamberi-4-scaled-1-150x150.jpg",150,150,true],"medium":["https:\/\/veritasinfo.org\/wp-content\/uploads\/2026\/08\/Shaip-Kamberi-4-scaled-1-300x169.jpg",300,169,true],"medium_large":["https:\/\/veritasinfo.org\/wp-content\/uploads\/2026\/08\/Shaip-Kamberi-4-scaled-1-768x432.jpg",640,360,true],"large":["https:\/\/veritasinfo.org\/wp-content\/uploads\/2026\/08\/Shaip-Kamberi-4-scaled-1-1024x576.jpg",640,360,true],"1536x1536":["https:\/\/veritasinfo.org\/wp-content\/uploads\/2026\/08\/Shaip-Kamberi-4-scaled-1-1536x864.jpg",1536,864,true],"2048x2048":["https:\/\/veritasinfo.org\/wp-content\/uploads\/2026\/08\/Shaip-Kamberi-4-scaled-1-2048x1152.jpg",2048,1152,true],"kreeti-slider-full":["https:\/\/veritasinfo.org\/wp-content\/uploads\/2026\/08\/Shaip-Kamberi-4-scaled-1-1280x720.jpg",1280,720,true],"kreeti-featured":["https:\/\/veritasinfo.org\/wp-content\/uploads\/2026\/08\/Shaip-Kamberi-4-scaled-1-1024x576.jpg",1024,576,true],"kreeti-medium":["https:\/\/veritasinfo.org\/wp-content\/uploads\/2026\/08\/Shaip-Kamberi-4-scaled-1-720x530.jpg",720,530,true],"kreeti-medium-square":["https:\/\/veritasinfo.org\/wp-content\/uploads\/2026\/08\/Shaip-Kamberi-4-scaled-1-350x350.jpg",350,350,true]},"author_info":{"info":["US6"]},"category_info":"<a href=\"https:\/\/veritasinfo.org\/?cat=58\" rel=\"category\">Politik\u00eb<\/a>","tag_info":"Politik\u00eb","comment_count":"0","_links":{"self":[{"href":"https:\/\/veritasinfo.org\/index.php?rest_route=\/wp\/v2\/posts\/64195","targetHints":{"allow":["GET"]}}],"collection":[{"href":"https:\/\/veritasinfo.org\/index.php?rest_route=\/wp\/v2\/posts"}],"about":[{"href":"https:\/\/veritasinfo.org\/index.php?rest_route=\/wp\/v2\/types\/post"}],"author":[{"embeddable":true,"href":"https:\/\/veritasinfo.org\/index.php?rest_route=\/wp\/v2\/users\/7"}],"replies":[{"embeddable":true,"href":"https:\/\/veritasinfo.org\/index.php?rest_route=%2Fwp%2Fv2%2Fcomments&post=64195"}],"version-history":[{"count":1,"href":"https:\/\/veritasinfo.org\/index.php?rest_route=\/wp\/v2\/posts\/64195\/revisions"}],"predecessor-version":[{"id":64196,"href":"https:\/\/veritasinfo.org\/index.php?rest_route=\/wp\/v2\/posts\/64195\/revisions\/64196"}],"wp:featuredmedia":[{"embeddable":true,"href":"https:\/\/veritasinfo.org\/index.php?rest_route=\/wp\/v2\/media\/59665"}],"wp:attachment":[{"href":"https:\/\/veritasinfo.org\/index.php?rest_route=%2Fwp%2Fv2%2Fmedia&parent=64195"}],"wp:term":[{"taxonomy":"category","embeddable":true,"href":"https:\/\/veritasinfo.org\/index.php?rest_route=%2Fwp%2Fv2%2Fcategories&post=64195"},{"taxonomy":"post_tag","embeddable":true,"href":"https:\/\/veritasinfo.org\/index.php?rest_route=%2Fwp%2Fv2%2Ftags&post=64195"}],"curies":[{"name":"wp","href":"https:\/\/api.w.org\/{rel}","templated":true}]}}