{"id":64185,"date":"2026-09-05T14:14:46","date_gmt":"2026-09-05T12:14:46","guid":{"rendered":"https:\/\/veritasinfo.org\/?p=64185"},"modified":"2026-09-05T14:14:46","modified_gmt":"2026-09-05T12:14:46","slug":"vucic-kandidat-za-premijera-protesti-u-nisu-protiv-svog-rezima","status":"publish","type":"post","link":"https:\/\/veritasinfo.org\/?p=64185&lang=sr","title":{"rendered":"Vu\u010dic\u0301 kandidat za premijera, protesti u Ni\u0161u protiv svog re\u017eima"},"content":{"rendered":"<p>Pri\u0161tina, 5. septembar 2026. 14:06<\/p>\n<p>Aktuelni predsednik Srbije, Aleksandar Vu\u010dic\u0301, namerava da se vrati na mesto premijera. Zapravo, Srpska napredna stranka (SNS) je odlu\u010dila da se na predstojec\u0301im izborima takmi\u010di sa listom \u201eAleksandar Vu\u010dic\u0301 &#8211; Jedinstvena Srbija\u201c, dok je aktuelni predsednik predlo\u017een kao kandidat za premijera.<\/p>\n<p>Odluka je doneta na sednici Glavnog odbora SNS, odr\u017eanoj u Ni\u0161u.<\/p>\n<p>Nakon odluke, Vu\u010dic\u0301 je izjavio da je kandidatura za njega \u201evelika \u010dast\u201c, \u200b\u200bdok je pohvalio rad koji je stranka obavila poslednjih godina.<\/p>\n<p>Govorec\u0301i o predstojec\u0301im izborima, Vu\u010dic\u0301 je rekao da o\u010dekuje da gra\u0111ani daju svoju ocenu rada vlade.<\/p>\n<p>Govorio je i o protestima i blokadama koje su se dogodile u Srbiji, kritikujuc\u0301i organizatore i optu\u017eujuc\u0301i ih za poku\u0161aje destabilizacije zemlje.<\/p>\n<p>Vu\u010dic\u0301 je pomenuo i tragediju u Novom Sadu i druge ozbiljne slu\u010dajeve, tvrdec\u0301i da su, prema njegovim re\u010dima, politi\u010dki protivnici poku\u0161ali da ih iskoriste u politi\u010dke svrhe.<\/p>\n<p>U svom govoru, predsednik Srbije je kritikovao i stavove nekoliko evropskih zvani\u010dnika u vezi sa de\u0161avanjima u Srbiji i pitanjima vezanim za Kosovo.<\/p>\n<p>U me\u0111uvremenu, u Ni\u0161u su zabele\u017eeni protesti gra\u0111ana i studenata koji se protive Vu\u010dic\u0301evom dolasku u ovaj grad, gde se odr\u017eava sastanak Glavnog odbora SNS-a.<\/p>\n<p>Prema izve\u0161tajima srpskih medija, policija je postavila kordone na nekoliko ta\u010daka kako bi spre\u010dila demonstrante da se pribli\u017ee zgradi Narodnog pozori\u0161ta u Ni\u0161u, gde se odr\u017eava sastanak SNS-a.<\/p>\n<p>Gra\u0111ani su protestovali zvi\u017educima, vuvuzelama i skandiranjem protiv predsednika Srbije, dok su od policije tra\u017eili da im dozvoli da nastave ka mestu gde se odr\u017eava skup SNS-a.<\/p>\n<p>Slu\u017ebenik ni\u0161ke policije obratio se demonstrantima i zamolio ih da ne poku\u0161avaju da probiju policijski kordon, rekav\u0161i da je podru\u010dje pod poja\u010danim obezbe\u0111enjem zbog prisustva za\u0161tic\u0301enih lica.<\/p>\n<p>Demonstranti su potom poku\u0161ali da stignu do zgrade Narodnog pozori\u0161ta alternativnim putem, ali su se i tamo suo\u010dili sa jo\u0161 jednim policijskim kordonom.<\/p>\n<p>Prema izve\u0161taju televizije N1, u jednom trenutku demonstranti su uspeli da zaobi\u0111u kordon, dok je izme\u0111u njih i policije bilo tr\u010danja u pravcu zgrade pozori\u0161ta. Srpska \u017eandarmerija je tako\u0111e bila anga\u017eovana na terenu.<\/p>\n<p>Navodi se da je tokom protesta na policiju ba\u010deno nekoliko jaja, dok su demonstranti skandirali protiv policije i Vu\u010dic\u0301evog re\u017eima. Vu\u010dic\u0301, kandidat za premijera, protestuje u Ni\u0161u protiv svog re\u017eima.<\/p>\n","protected":false},"excerpt":{"rendered":"<p>Pri\u0161tina, 5. septembar 2026. 14:06 Aktuelni predsednik Srbije, Aleksandar Vu\u010dic\u0301, namerava da se vrati na mesto premijera. Zapravo, Srpska napredna stranka (SNS) je odlu\u010dila da<\/p>\n","protected":false},"author":7,"featured_media":64186,"comment_status":"open","ping_status":"open","sticky":false,"template":"","format":"standard","meta":{"footnotes":""},"categories":[28],"tags":[],"class_list":["post-64185","post","type-post","status-publish","format-standard","has-post-thumbnail","hentry","category-politika"],"yoast_head":"<!-- This site is optimized with the Yoast SEO plugin v25.3.1 - https:\/\/yoast.com\/wordpress\/plugins\/seo\/ -->\n<title>Vu\u010dic\u0301 kandidat za premijera, protesti u Ni\u0161u protiv svog re\u017eima -<\/title>\n<meta name=\"robots\" content=\"index, follow, max-snippet:-1, max-image-preview:large, max-video-preview:-1\" \/>\n<link rel=\"canonical\" href=\"https:\/\/veritasinfo.org\/?p=64185&lang=sr\" \/>\n<meta property=\"og:locale\" content=\"en_US\" \/>\n<meta property=\"og:type\" content=\"article\" \/>\n<meta property=\"og:title\" content=\"Vu\u010dic\u0301 kandidat za premijera, protesti u Ni\u0161u protiv svog re\u017eima -\" \/>\n<meta property=\"og:description\" content=\"Pri\u0161tina, 5. septembar 2026. 14:06 Aktuelni predsednik Srbije, Aleksandar Vu\u010dic\u0301, namerava da se vrati na mesto premijera. Zapravo, Srpska napredna stranka (SNS) je odlu\u010dila da\" \/>\n<meta property=\"og:url\" content=\"https:\/\/veritasinfo.org\/?p=64185&amp;lang=sr\" \/>\n<meta property=\"article:published_time\" content=\"2026-09-05T12:14:46+00:00\" \/>\n<meta property=\"og:image\" content=\"https:\/\/veritasinfo.org\/wp-content\/uploads\/2026\/09\/732973-LoBsUV6sku-1.jpg\" \/>\n\t<meta property=\"og:image:width\" content=\"780\" \/>\n\t<meta property=\"og:image:height\" content=\"500\" \/>\n\t<meta property=\"og:image:type\" content=\"image\/jpeg\" \/>\n<meta name=\"author\" content=\"US6\" \/>\n<meta name=\"twitter:card\" content=\"summary_large_image\" \/>\n<meta name=\"twitter:label1\" content=\"Written by\" \/>\n\t<meta name=\"twitter:data1\" content=\"US6\" \/>\n\t<meta name=\"twitter:label2\" content=\"Est. reading time\" \/>\n\t<meta name=\"twitter:data2\" content=\"2 minutes\" \/>\n<script type=\"application\/ld+json\" class=\"yoast-schema-graph\">{\"@context\":\"https:\/\/schema.org\",\"@graph\":[{\"@type\":\"WebPage\",\"@id\":\"https:\/\/veritasinfo.org\/?p=64185&lang=sr\",\"url\":\"https:\/\/veritasinfo.org\/?p=64185&lang=sr\",\"name\":\"Vu\u010dic\u0301 kandidat za premijera, protesti u Ni\u0161u protiv svog re\u017eima -\",\"isPartOf\":{\"@id\":\"https:\/\/veritasinfo.org\/#website\"},\"primaryImageOfPage\":{\"@id\":\"https:\/\/veritasinfo.org\/?p=64185&lang=sr#primaryimage\"},\"image\":{\"@id\":\"https:\/\/veritasinfo.org\/?p=64185&lang=sr#primaryimage\"},\"thumbnailUrl\":\"https:\/\/veritasinfo.org\/wp-content\/uploads\/2026\/09\/732973-LoBsUV6sku-1.jpg\",\"datePublished\":\"2026-09-05T12:14:46+00:00\",\"author\":{\"@id\":\"https:\/\/veritasinfo.org\/#\/schema\/person\/fe199eede04c3937362892b7444747cc\"},\"breadcrumb\":{\"@id\":\"https:\/\/veritasinfo.org\/?p=64185&lang=sr#breadcrumb\"},\"inLanguage\":\"en-US\",\"potentialAction\":[{\"@type\":\"ReadAction\",\"target\":[\"https:\/\/veritasinfo.org\/?p=64185&lang=sr\"]}]},{\"@type\":\"ImageObject\",\"inLanguage\":\"en-US\",\"@id\":\"https:\/\/veritasinfo.org\/?p=64185&lang=sr#primaryimage\",\"url\":\"https:\/\/veritasinfo.org\/wp-content\/uploads\/2026\/09\/732973-LoBsUV6sku-1.jpg\",\"contentUrl\":\"https:\/\/veritasinfo.org\/wp-content\/uploads\/2026\/09\/732973-LoBsUV6sku-1.jpg\",\"width\":780,\"height\":500},{\"@type\":\"BreadcrumbList\",\"@id\":\"https:\/\/veritasinfo.org\/?p=64185&lang=sr#breadcrumb\",\"itemListElement\":[{\"@type\":\"ListItem\",\"position\":1,\"name\":\"Home\",\"item\":\"https:\/\/veritasinfo.org\/\"},{\"@type\":\"ListItem\",\"position\":2,\"name\":\"Vu\u010dic\u0301 kandidat za premijera, protesti u Ni\u0161u protiv svog re\u017eima\"}]},{\"@type\":\"WebSite\",\"@id\":\"https:\/\/veritasinfo.org\/#website\",\"url\":\"https:\/\/veritasinfo.org\/\",\"name\":\"\",\"description\":\"\",\"potentialAction\":[{\"@type\":\"SearchAction\",\"target\":{\"@type\":\"EntryPoint\",\"urlTemplate\":\"https:\/\/veritasinfo.org\/?s={search_term_string}\"},\"query-input\":{\"@type\":\"PropertyValueSpecification\",\"valueRequired\":true,\"valueName\":\"search_term_string\"}}],\"inLanguage\":\"en-US\"},{\"@type\":\"Person\",\"@id\":\"https:\/\/veritasinfo.org\/#\/schema\/person\/fe199eede04c3937362892b7444747cc\",\"name\":\"US6\",\"image\":{\"@type\":\"ImageObject\",\"inLanguage\":\"en-US\",\"@id\":\"https:\/\/veritasinfo.org\/#\/schema\/person\/image\/\",\"url\":\"https:\/\/secure.gravatar.com\/avatar\/cb16c3c31c9d23b9b8c705964598220b3014e42ff51eb540ff23cefa3ae8c15f?s=96&d=mm&r=g\",\"contentUrl\":\"https:\/\/secure.gravatar.com\/avatar\/cb16c3c31c9d23b9b8c705964598220b3014e42ff51eb540ff23cefa3ae8c15f?s=96&d=mm&r=g\",\"caption\":\"US6\"},\"url\":\"https:\/\/veritasinfo.org\/?author=7\"}]}<\/script>\n<!-- \/ Yoast SEO plugin. -->","yoast_head_json":{"title":"Vu\u010dic\u0301 kandidat za premijera, protesti u Ni\u0161u protiv svog re\u017eima -","robots":{"index":"index","follow":"follow","max-snippet":"max-snippet:-1","max-image-preview":"max-image-preview:large","max-video-preview":"max-video-preview:-1"},"canonical":"https:\/\/veritasinfo.org\/?p=64185&lang=sr","og_locale":"en_US","og_type":"article","og_title":"Vu\u010dic\u0301 kandidat za premijera, protesti u Ni\u0161u protiv svog re\u017eima -","og_description":"Pri\u0161tina, 5. septembar 2026. 14:06 Aktuelni predsednik Srbije, Aleksandar Vu\u010dic\u0301, namerava da se vrati na mesto premijera. Zapravo, Srpska napredna stranka (SNS) je odlu\u010dila da","og_url":"https:\/\/veritasinfo.org\/?p=64185&lang=sr","article_published_time":"2026-09-05T12:14:46+00:00","og_image":[{"width":780,"height":500,"url":"https:\/\/veritasinfo.org\/wp-content\/uploads\/2026\/09\/732973-LoBsUV6sku-1.jpg","type":"image\/jpeg"}],"author":"US6","twitter_card":"summary_large_image","twitter_misc":{"Written by":"US6","Est. reading time":"2 minutes"},"schema":{"@context":"https:\/\/schema.org","@graph":[{"@type":"WebPage","@id":"https:\/\/veritasinfo.org\/?p=64185&lang=sr","url":"https:\/\/veritasinfo.org\/?p=64185&lang=sr","name":"Vu\u010dic\u0301 kandidat za premijera, protesti u Ni\u0161u protiv svog re\u017eima -","isPartOf":{"@id":"https:\/\/veritasinfo.org\/#website"},"primaryImageOfPage":{"@id":"https:\/\/veritasinfo.org\/?p=64185&lang=sr#primaryimage"},"image":{"@id":"https:\/\/veritasinfo.org\/?p=64185&lang=sr#primaryimage"},"thumbnailUrl":"https:\/\/veritasinfo.org\/wp-content\/uploads\/2026\/09\/732973-LoBsUV6sku-1.jpg","datePublished":"2026-09-05T12:14:46+00:00","author":{"@id":"https:\/\/veritasinfo.org\/#\/schema\/person\/fe199eede04c3937362892b7444747cc"},"breadcrumb":{"@id":"https:\/\/veritasinfo.org\/?p=64185&lang=sr#breadcrumb"},"inLanguage":"en-US","potentialAction":[{"@type":"ReadAction","target":["https:\/\/veritasinfo.org\/?p=64185&lang=sr"]}]},{"@type":"ImageObject","inLanguage":"en-US","@id":"https:\/\/veritasinfo.org\/?p=64185&lang=sr#primaryimage","url":"https:\/\/veritasinfo.org\/wp-content\/uploads\/2026\/09\/732973-LoBsUV6sku-1.jpg","contentUrl":"https:\/\/veritasinfo.org\/wp-content\/uploads\/2026\/09\/732973-LoBsUV6sku-1.jpg","width":780,"height":500},{"@type":"BreadcrumbList","@id":"https:\/\/veritasinfo.org\/?p=64185&lang=sr#breadcrumb","itemListElement":[{"@type":"ListItem","position":1,"name":"Home","item":"https:\/\/veritasinfo.org\/"},{"@type":"ListItem","position":2,"name":"Vu\u010dic\u0301 kandidat za premijera, protesti u Ni\u0161u protiv svog re\u017eima"}]},{"@type":"WebSite","@id":"https:\/\/veritasinfo.org\/#website","url":"https:\/\/veritasinfo.org\/","name":"","description":"","potentialAction":[{"@type":"SearchAction","target":{"@type":"EntryPoint","urlTemplate":"https:\/\/veritasinfo.org\/?s={search_term_string}"},"query-input":{"@type":"PropertyValueSpecification","valueRequired":true,"valueName":"search_term_string"}}],"inLanguage":"en-US"},{"@type":"Person","@id":"https:\/\/veritasinfo.org\/#\/schema\/person\/fe199eede04c3937362892b7444747cc","name":"US6","image":{"@type":"ImageObject","inLanguage":"en-US","@id":"https:\/\/veritasinfo.org\/#\/schema\/person\/image\/","url":"https:\/\/secure.gravatar.com\/avatar\/cb16c3c31c9d23b9b8c705964598220b3014e42ff51eb540ff23cefa3ae8c15f?s=96&d=mm&r=g","contentUrl":"https:\/\/secure.gravatar.com\/avatar\/cb16c3c31c9d23b9b8c705964598220b3014e42ff51eb540ff23cefa3ae8c15f?s=96&d=mm&r=g","caption":"US6"},"url":"https:\/\/veritasinfo.org\/?author=7"}]}},"featured_image_urls":{"full":["https:\/\/veritasinfo.org\/wp-content\/uploads\/2026\/09\/732973-LoBsUV6sku-1.jpg",780,500,false],"thumbnail":["https:\/\/veritasinfo.org\/wp-content\/uploads\/2026\/09\/732973-LoBsUV6sku-1-150x150.jpg",150,150,true],"medium":["https:\/\/veritasinfo.org\/wp-content\/uploads\/2026\/09\/732973-LoBsUV6sku-1-300x192.jpg",300,192,true],"medium_large":["https:\/\/veritasinfo.org\/wp-content\/uploads\/2026\/09\/732973-LoBsUV6sku-1-768x492.jpg",640,410,true],"large":["https:\/\/veritasinfo.org\/wp-content\/uploads\/2026\/09\/732973-LoBsUV6sku-1.jpg",640,410,false],"1536x1536":["https:\/\/veritasinfo.org\/wp-content\/uploads\/2026\/09\/732973-LoBsUV6sku-1.jpg",780,500,false],"2048x2048":["https:\/\/veritasinfo.org\/wp-content\/uploads\/2026\/09\/732973-LoBsUV6sku-1.jpg",780,500,false],"kreeti-slider-full":["https:\/\/veritasinfo.org\/wp-content\/uploads\/2026\/09\/732973-LoBsUV6sku-1.jpg",780,500,false],"kreeti-featured":["https:\/\/veritasinfo.org\/wp-content\/uploads\/2026\/09\/732973-LoBsUV6sku-1.jpg",780,500,false],"kreeti-medium":["https:\/\/veritasinfo.org\/wp-content\/uploads\/2026\/09\/732973-LoBsUV6sku-1-720x500.jpg",720,500,true],"kreeti-medium-square":["https:\/\/veritasinfo.org\/wp-content\/uploads\/2026\/09\/732973-LoBsUV6sku-1-350x350.jpg",350,350,true]},"author_info":{"info":["US6"]},"category_info":"<a href=\"https:\/\/veritasinfo.org\/?cat=28&#038;lang=sr\" rel=\"category\">Politika<\/a>","tag_info":"Politika","comment_count":"0","_links":{"self":[{"href":"https:\/\/veritasinfo.org\/index.php?rest_route=\/wp\/v2\/posts\/64185","targetHints":{"allow":["GET"]}}],"collection":[{"href":"https:\/\/veritasinfo.org\/index.php?rest_route=\/wp\/v2\/posts"}],"about":[{"href":"https:\/\/veritasinfo.org\/index.php?rest_route=\/wp\/v2\/types\/post"}],"author":[{"embeddable":true,"href":"https:\/\/veritasinfo.org\/index.php?rest_route=\/wp\/v2\/users\/7"}],"replies":[{"embeddable":true,"href":"https:\/\/veritasinfo.org\/index.php?rest_route=%2Fwp%2Fv2%2Fcomments&post=64185"}],"version-history":[{"count":1,"href":"https:\/\/veritasinfo.org\/index.php?rest_route=\/wp\/v2\/posts\/64185\/revisions"}],"predecessor-version":[{"id":64187,"href":"https:\/\/veritasinfo.org\/index.php?rest_route=\/wp\/v2\/posts\/64185\/revisions\/64187"}],"wp:featuredmedia":[{"embeddable":true,"href":"https:\/\/veritasinfo.org\/index.php?rest_route=\/wp\/v2\/media\/64186"}],"wp:attachment":[{"href":"https:\/\/veritasinfo.org\/index.php?rest_route=%2Fwp%2Fv2%2Fmedia&parent=64185"}],"wp:term":[{"taxonomy":"category","embeddable":true,"href":"https:\/\/veritasinfo.org\/index.php?rest_route=%2Fwp%2Fv2%2Fcategories&post=64185"},{"taxonomy":"post_tag","embeddable":true,"href":"https:\/\/veritasinfo.org\/index.php?rest_route=%2Fwp%2Fv2%2Ftags&post=64185"}],"curies":[{"name":"wp","href":"https:\/\/api.w.org\/{rel}","templated":true}]}}