{"id":64181,"date":"2026-09-05T14:08:13","date_gmt":"2026-09-05T12:08:13","guid":{"rendered":"https:\/\/veritasinfo.org\/?p=64181"},"modified":"2026-09-05T14:08:43","modified_gmt":"2026-09-05T12:08:43","slug":"vuciq-kandidat-per-kryeminister-protesta-ne-nish-kunder-regjimit-te-tij","status":"publish","type":"post","link":"https:\/\/veritasinfo.org\/?p=64181","title":{"rendered":"Vu\u00e7iq kandidat p\u00ebr kryeminist\u00ebr, protesta n\u00eb Nish kund\u00ebr regjimit t\u00eb tij"},"content":{"rendered":"<p>Prishtin\u00eb, 5 shtator 2026 14:06<\/p>\n<p>Presidenti aktual i Serbis\u00eb, Aleksand\u00ebr Vu\u00e7iq, synon t\u00eb rikthehet n\u00eb pozit\u00ebn e kryeministrit. N\u00eb fakt, Partia P\u00ebrparimtare Serbe (SNS) ka vendosur q\u00eb n\u00eb zgjedhjet e ardhshme t\u00eb garoj\u00eb me list\u00ebn \u201cAleksand\u00ebr Vu\u00e7iq \u2013 Serbia e Bashkuar\u201d, nd\u00ebrsa presidenti aktual \u00ebsht\u00eb propozuar kandidat p\u00ebr kryeminist\u00ebr.<\/p>\n<p>Vendimi \u00ebsht\u00eb marr\u00eb n\u00eb mbledhjen e Komitetit Kryesor t\u00eb SNS-s\u00eb, t\u00eb mbajtur n\u00eb Nish.<\/p>\n<p>Pas vendimit, Vu\u00e7iq ka deklaruar se kandidatura p\u00ebr t\u00eb \u00ebsht\u00eb nj\u00eb \u201cnder i madh\u201d, nd\u00ebrsa ka vler\u00ebsuar pun\u00ebn e b\u00ebr\u00eb nga partia gjat\u00eb viteve t\u00eb fundit.<\/p>\n<p>Duke folur p\u00ebr zgjedhjet e ardhshme, Vu\u00e7iq tha se pret q\u00eb qytetar\u00ebt t\u00eb japin vler\u00ebsimin e tyre p\u00ebr pun\u00ebn e pushtetit.<\/p>\n<p>Ai ka folur edhe p\u00ebr protestat dhe bllokadat e zhvilluara n\u00eb Serbi, duke i kritikuar organizator\u00ebt dhe duke i akuzuar p\u00ebr p\u00ebrpjekje p\u00ebr destabilizimin e vendit.<\/p>\n<p>Vu\u00e7iq ka p\u00ebrmendur gjithashtu tragjedin\u00eb n\u00eb Novi Sad dhe raste t\u00eb tjera t\u00eb r\u00ebnda, duke pretenduar se, sipas tij, kund\u00ebrshtar\u00ebt politik\u00eb jan\u00eb p\u00ebrpjekur t\u2019i shfryt\u00ebzojn\u00eb ato p\u00ebr q\u00ebllime politike.<\/p>\n<p>N\u00eb fjalimin e tij, presidenti serb ka kritikuar edhe q\u00ebndrimet e disa zyrtar\u00ebve evropian\u00eb lidhur me zhvillimet n\u00eb Serbi dhe \u00e7\u00ebshtjet q\u00eb lidhen me Kosov\u00ebn.<\/p>\n<p>Nd\u00ebrkoh\u00eb, n\u00eb Nish jan\u00eb sh\u00ebnuar protesta t\u00eb qytetar\u00ebve dhe student\u00ebve q\u00eb kund\u00ebrshtojn\u00eb ardhjen e Vu\u00e7iqit n\u00eb k\u00ebt\u00eb qytet, ku po mbahet mbledhja e Komitetit Kryesor t\u00eb SNS-s\u00eb.<\/p>\n<p>Sipas raportimeve nga mediat serbe, policia ka vendosur kordon\u00eb n\u00eb disa pika p\u00ebr t\u00eb penguar protestuesit q\u00eb t\u2019i afrohen nd\u00ebrtes\u00ebs s\u00eb Teatrit Komb\u00ebtar n\u00eb Nish, ku po mbahet mbledhja e SNS-s\u00eb.<\/p>\n<p>Qytetar\u00ebt kan\u00eb protestuar me fishk\u00ebllima, vuvuzela dhe thirrje kund\u00ebr presidentit serb, nd\u00ebrsa kan\u00eb k\u00ebrkuar nga policia q\u00eb t\u2019i lejoj\u00eb t\u00eb vazhdojn\u00eb drejt vendit ku po mbahet tubimi i SNS-s\u00eb.<\/p>\n<p>Nj\u00eb zyrtar i Policis\u00eb s\u00eb Nishit u \u00ebsht\u00eb drejtuar protestuesve dhe u ka k\u00ebrkuar t\u00eb mos tentojn\u00eb t\u00eb \u00e7ajn\u00eb kordonin policor, duke th\u00ebn\u00eb se zona \u00ebsht\u00eb e siguris\u00eb s\u00eb shtuar p\u00ebr shkak t\u00eb pranis\u00eb s\u00eb personave t\u00eb mbrojtur.<\/p>\n<p>Protestuesit kan\u00eb tentuar m\u00eb pas t\u00eb arrijn\u00eb n\u00eb nd\u00ebrtes\u00ebn e Teatrit Komb\u00ebtar p\u00ebrmes nj\u00eb rruge alternative, por edhe aty jan\u00eb p\u00ebrballur me nj\u00eb tjet\u00ebr kordon policor.<\/p>\n<p>Sipas raportimit t\u00eb televizionit N1, n\u00eb nj\u00eb moment protestuesit kan\u00eb arritur ta anashkalojn\u00eb kordonin, nd\u00ebrsa ka pasur vrapime mes tyre dhe policis\u00eb n\u00eb drejtim t\u00eb nd\u00ebrtes\u00ebs s\u00eb teatrit. N\u00eb terren \u00ebsht\u00eb angazhuar edhe xhandarm\u00ebria serbe.<\/p>\n<p>Raportohet se gjat\u00eb protest\u00ebs disa vez\u00eb jan\u00eb hedhur n\u00eb drejtim t\u00eb polic\u00ebve, nd\u00ebrsa protestuesit kan\u00eb brohoritur kund\u00ebr policis\u00eb dhe regjimit t\u00eb Vu\u00e7iqit.Vu\u00e7iq kandidat p\u00ebr kryeminist\u00ebr, protesta n\u00eb Nish kund\u00ebr regjimit t\u00eb tij<\/p>\n","protected":false},"excerpt":{"rendered":"<p>Prishtin\u00eb, 5 shtator 2026 14:06 Presidenti aktual i Serbis\u00eb, Aleksand\u00ebr Vu\u00e7iq, synon t\u00eb rikthehet n\u00eb pozit\u00ebn e kryeministrit. N\u00eb fakt, Partia P\u00ebrparimtare Serbe (SNS) ka<\/p>\n","protected":false},"author":7,"featured_media":64182,"comment_status":"open","ping_status":"open","sticky":false,"template":"","format":"standard","meta":{"footnotes":""},"categories":[58],"tags":[],"class_list":["post-64181","post","type-post","status-publish","format-standard","has-post-thumbnail","hentry","category-politike-sq"],"yoast_head":"<!-- This site is optimized with the Yoast SEO plugin v25.3.1 - https:\/\/yoast.com\/wordpress\/plugins\/seo\/ -->\n<title>Vu\u00e7iq kandidat p\u00ebr kryeminist\u00ebr, protesta n\u00eb Nish kund\u00ebr regjimit t\u00eb tij -<\/title>\n<meta name=\"robots\" content=\"index, follow, max-snippet:-1, max-image-preview:large, max-video-preview:-1\" \/>\n<link rel=\"canonical\" href=\"https:\/\/veritasinfo.org\/?p=64181\" \/>\n<meta property=\"og:locale\" content=\"en_US\" \/>\n<meta property=\"og:type\" content=\"article\" \/>\n<meta property=\"og:title\" content=\"Vu\u00e7iq kandidat p\u00ebr kryeminist\u00ebr, protesta n\u00eb Nish kund\u00ebr regjimit t\u00eb tij -\" \/>\n<meta property=\"og:description\" content=\"Prishtin\u00eb, 5 shtator 2026 14:06 Presidenti aktual i Serbis\u00eb, Aleksand\u00ebr Vu\u00e7iq, synon t\u00eb rikthehet n\u00eb pozit\u00ebn e kryeministrit. N\u00eb fakt, Partia P\u00ebrparimtare Serbe (SNS) ka\" \/>\n<meta property=\"og:url\" content=\"https:\/\/veritasinfo.org\/?p=64181\" \/>\n<meta property=\"article:published_time\" content=\"2026-09-05T12:08:13+00:00\" \/>\n<meta property=\"article:modified_time\" content=\"2026-09-05T12:08:43+00:00\" \/>\n<meta property=\"og:image\" content=\"https:\/\/veritasinfo.org\/wp-content\/uploads\/2026\/09\/732973-LoBsUV6sku.jpg\" \/>\n\t<meta property=\"og:image:width\" content=\"780\" \/>\n\t<meta property=\"og:image:height\" content=\"500\" \/>\n\t<meta property=\"og:image:type\" content=\"image\/jpeg\" \/>\n<meta name=\"author\" content=\"US6\" \/>\n<meta name=\"twitter:card\" content=\"summary_large_image\" \/>\n<meta name=\"twitter:label1\" content=\"Written by\" \/>\n\t<meta name=\"twitter:data1\" content=\"US6\" \/>\n\t<meta name=\"twitter:label2\" content=\"Est. reading time\" \/>\n\t<meta name=\"twitter:data2\" content=\"2 minutes\" \/>\n<script type=\"application\/ld+json\" class=\"yoast-schema-graph\">{\"@context\":\"https:\/\/schema.org\",\"@graph\":[{\"@type\":\"WebPage\",\"@id\":\"https:\/\/veritasinfo.org\/?p=64181\",\"url\":\"https:\/\/veritasinfo.org\/?p=64181\",\"name\":\"Vu\u00e7iq kandidat p\u00ebr kryeminist\u00ebr, protesta n\u00eb Nish kund\u00ebr regjimit t\u00eb tij -\",\"isPartOf\":{\"@id\":\"https:\/\/veritasinfo.org\/#website\"},\"primaryImageOfPage\":{\"@id\":\"https:\/\/veritasinfo.org\/?p=64181#primaryimage\"},\"image\":{\"@id\":\"https:\/\/veritasinfo.org\/?p=64181#primaryimage\"},\"thumbnailUrl\":\"https:\/\/veritasinfo.org\/wp-content\/uploads\/2026\/09\/732973-LoBsUV6sku.jpg\",\"datePublished\":\"2026-09-05T12:08:13+00:00\",\"dateModified\":\"2026-09-05T12:08:43+00:00\",\"author\":{\"@id\":\"https:\/\/veritasinfo.org\/#\/schema\/person\/fe199eede04c3937362892b7444747cc\"},\"breadcrumb\":{\"@id\":\"https:\/\/veritasinfo.org\/?p=64181#breadcrumb\"},\"inLanguage\":\"en-US\",\"potentialAction\":[{\"@type\":\"ReadAction\",\"target\":[\"https:\/\/veritasinfo.org\/?p=64181\"]}]},{\"@type\":\"ImageObject\",\"inLanguage\":\"en-US\",\"@id\":\"https:\/\/veritasinfo.org\/?p=64181#primaryimage\",\"url\":\"https:\/\/veritasinfo.org\/wp-content\/uploads\/2026\/09\/732973-LoBsUV6sku.jpg\",\"contentUrl\":\"https:\/\/veritasinfo.org\/wp-content\/uploads\/2026\/09\/732973-LoBsUV6sku.jpg\",\"width\":780,\"height\":500},{\"@type\":\"BreadcrumbList\",\"@id\":\"https:\/\/veritasinfo.org\/?p=64181#breadcrumb\",\"itemListElement\":[{\"@type\":\"ListItem\",\"position\":1,\"name\":\"Home\",\"item\":\"https:\/\/veritasinfo.org\/\"},{\"@type\":\"ListItem\",\"position\":2,\"name\":\"Vu\u00e7iq kandidat p\u00ebr kryeminist\u00ebr, protesta n\u00eb Nish kund\u00ebr regjimit t\u00eb tij\"}]},{\"@type\":\"WebSite\",\"@id\":\"https:\/\/veritasinfo.org\/#website\",\"url\":\"https:\/\/veritasinfo.org\/\",\"name\":\"\",\"description\":\"\",\"potentialAction\":[{\"@type\":\"SearchAction\",\"target\":{\"@type\":\"EntryPoint\",\"urlTemplate\":\"https:\/\/veritasinfo.org\/?s={search_term_string}\"},\"query-input\":{\"@type\":\"PropertyValueSpecification\",\"valueRequired\":true,\"valueName\":\"search_term_string\"}}],\"inLanguage\":\"en-US\"},{\"@type\":\"Person\",\"@id\":\"https:\/\/veritasinfo.org\/#\/schema\/person\/fe199eede04c3937362892b7444747cc\",\"name\":\"US6\",\"image\":{\"@type\":\"ImageObject\",\"inLanguage\":\"en-US\",\"@id\":\"https:\/\/veritasinfo.org\/#\/schema\/person\/image\/\",\"url\":\"https:\/\/secure.gravatar.com\/avatar\/cb16c3c31c9d23b9b8c705964598220b3014e42ff51eb540ff23cefa3ae8c15f?s=96&d=mm&r=g\",\"contentUrl\":\"https:\/\/secure.gravatar.com\/avatar\/cb16c3c31c9d23b9b8c705964598220b3014e42ff51eb540ff23cefa3ae8c15f?s=96&d=mm&r=g\",\"caption\":\"US6\"},\"url\":\"https:\/\/veritasinfo.org\/?author=7\"}]}<\/script>\n<!-- \/ Yoast SEO plugin. -->","yoast_head_json":{"title":"Vu\u00e7iq kandidat p\u00ebr kryeminist\u00ebr, protesta n\u00eb Nish kund\u00ebr regjimit t\u00eb tij -","robots":{"index":"index","follow":"follow","max-snippet":"max-snippet:-1","max-image-preview":"max-image-preview:large","max-video-preview":"max-video-preview:-1"},"canonical":"https:\/\/veritasinfo.org\/?p=64181","og_locale":"en_US","og_type":"article","og_title":"Vu\u00e7iq kandidat p\u00ebr kryeminist\u00ebr, protesta n\u00eb Nish kund\u00ebr regjimit t\u00eb tij -","og_description":"Prishtin\u00eb, 5 shtator 2026 14:06 Presidenti aktual i Serbis\u00eb, Aleksand\u00ebr Vu\u00e7iq, synon t\u00eb rikthehet n\u00eb pozit\u00ebn e kryeministrit. N\u00eb fakt, Partia P\u00ebrparimtare Serbe (SNS) ka","og_url":"https:\/\/veritasinfo.org\/?p=64181","article_published_time":"2026-09-05T12:08:13+00:00","article_modified_time":"2026-09-05T12:08:43+00:00","og_image":[{"width":780,"height":500,"url":"https:\/\/veritasinfo.org\/wp-content\/uploads\/2026\/09\/732973-LoBsUV6sku.jpg","type":"image\/jpeg"}],"author":"US6","twitter_card":"summary_large_image","twitter_misc":{"Written by":"US6","Est. reading time":"2 minutes"},"schema":{"@context":"https:\/\/schema.org","@graph":[{"@type":"WebPage","@id":"https:\/\/veritasinfo.org\/?p=64181","url":"https:\/\/veritasinfo.org\/?p=64181","name":"Vu\u00e7iq kandidat p\u00ebr kryeminist\u00ebr, protesta n\u00eb Nish kund\u00ebr regjimit t\u00eb tij -","isPartOf":{"@id":"https:\/\/veritasinfo.org\/#website"},"primaryImageOfPage":{"@id":"https:\/\/veritasinfo.org\/?p=64181#primaryimage"},"image":{"@id":"https:\/\/veritasinfo.org\/?p=64181#primaryimage"},"thumbnailUrl":"https:\/\/veritasinfo.org\/wp-content\/uploads\/2026\/09\/732973-LoBsUV6sku.jpg","datePublished":"2026-09-05T12:08:13+00:00","dateModified":"2026-09-05T12:08:43+00:00","author":{"@id":"https:\/\/veritasinfo.org\/#\/schema\/person\/fe199eede04c3937362892b7444747cc"},"breadcrumb":{"@id":"https:\/\/veritasinfo.org\/?p=64181#breadcrumb"},"inLanguage":"en-US","potentialAction":[{"@type":"ReadAction","target":["https:\/\/veritasinfo.org\/?p=64181"]}]},{"@type":"ImageObject","inLanguage":"en-US","@id":"https:\/\/veritasinfo.org\/?p=64181#primaryimage","url":"https:\/\/veritasinfo.org\/wp-content\/uploads\/2026\/09\/732973-LoBsUV6sku.jpg","contentUrl":"https:\/\/veritasinfo.org\/wp-content\/uploads\/2026\/09\/732973-LoBsUV6sku.jpg","width":780,"height":500},{"@type":"BreadcrumbList","@id":"https:\/\/veritasinfo.org\/?p=64181#breadcrumb","itemListElement":[{"@type":"ListItem","position":1,"name":"Home","item":"https:\/\/veritasinfo.org\/"},{"@type":"ListItem","position":2,"name":"Vu\u00e7iq kandidat p\u00ebr kryeminist\u00ebr, protesta n\u00eb Nish kund\u00ebr regjimit t\u00eb tij"}]},{"@type":"WebSite","@id":"https:\/\/veritasinfo.org\/#website","url":"https:\/\/veritasinfo.org\/","name":"","description":"","potentialAction":[{"@type":"SearchAction","target":{"@type":"EntryPoint","urlTemplate":"https:\/\/veritasinfo.org\/?s={search_term_string}"},"query-input":{"@type":"PropertyValueSpecification","valueRequired":true,"valueName":"search_term_string"}}],"inLanguage":"en-US"},{"@type":"Person","@id":"https:\/\/veritasinfo.org\/#\/schema\/person\/fe199eede04c3937362892b7444747cc","name":"US6","image":{"@type":"ImageObject","inLanguage":"en-US","@id":"https:\/\/veritasinfo.org\/#\/schema\/person\/image\/","url":"https:\/\/secure.gravatar.com\/avatar\/cb16c3c31c9d23b9b8c705964598220b3014e42ff51eb540ff23cefa3ae8c15f?s=96&d=mm&r=g","contentUrl":"https:\/\/secure.gravatar.com\/avatar\/cb16c3c31c9d23b9b8c705964598220b3014e42ff51eb540ff23cefa3ae8c15f?s=96&d=mm&r=g","caption":"US6"},"url":"https:\/\/veritasinfo.org\/?author=7"}]}},"featured_image_urls":{"full":["https:\/\/veritasinfo.org\/wp-content\/uploads\/2026\/09\/732973-LoBsUV6sku.jpg",780,500,false],"thumbnail":["https:\/\/veritasinfo.org\/wp-content\/uploads\/2026\/09\/732973-LoBsUV6sku-150x150.jpg",150,150,true],"medium":["https:\/\/veritasinfo.org\/wp-content\/uploads\/2026\/09\/732973-LoBsUV6sku-300x192.jpg",300,192,true],"medium_large":["https:\/\/veritasinfo.org\/wp-content\/uploads\/2026\/09\/732973-LoBsUV6sku-768x492.jpg",640,410,true],"large":["https:\/\/veritasinfo.org\/wp-content\/uploads\/2026\/09\/732973-LoBsUV6sku.jpg",640,410,false],"1536x1536":["https:\/\/veritasinfo.org\/wp-content\/uploads\/2026\/09\/732973-LoBsUV6sku.jpg",780,500,false],"2048x2048":["https:\/\/veritasinfo.org\/wp-content\/uploads\/2026\/09\/732973-LoBsUV6sku.jpg",780,500,false],"kreeti-slider-full":["https:\/\/veritasinfo.org\/wp-content\/uploads\/2026\/09\/732973-LoBsUV6sku.jpg",780,500,false],"kreeti-featured":["https:\/\/veritasinfo.org\/wp-content\/uploads\/2026\/09\/732973-LoBsUV6sku.jpg",780,500,false],"kreeti-medium":["https:\/\/veritasinfo.org\/wp-content\/uploads\/2026\/09\/732973-LoBsUV6sku-720x500.jpg",720,500,true],"kreeti-medium-square":["https:\/\/veritasinfo.org\/wp-content\/uploads\/2026\/09\/732973-LoBsUV6sku-350x350.jpg",350,350,true]},"author_info":{"info":["US6"]},"category_info":"<a href=\"https:\/\/veritasinfo.org\/?cat=58\" rel=\"category\">Politik\u00eb<\/a>","tag_info":"Politik\u00eb","comment_count":"0","_links":{"self":[{"href":"https:\/\/veritasinfo.org\/index.php?rest_route=\/wp\/v2\/posts\/64181","targetHints":{"allow":["GET"]}}],"collection":[{"href":"https:\/\/veritasinfo.org\/index.php?rest_route=\/wp\/v2\/posts"}],"about":[{"href":"https:\/\/veritasinfo.org\/index.php?rest_route=\/wp\/v2\/types\/post"}],"author":[{"embeddable":true,"href":"https:\/\/veritasinfo.org\/index.php?rest_route=\/wp\/v2\/users\/7"}],"replies":[{"embeddable":true,"href":"https:\/\/veritasinfo.org\/index.php?rest_route=%2Fwp%2Fv2%2Fcomments&post=64181"}],"version-history":[{"count":2,"href":"https:\/\/veritasinfo.org\/index.php?rest_route=\/wp\/v2\/posts\/64181\/revisions"}],"predecessor-version":[{"id":64184,"href":"https:\/\/veritasinfo.org\/index.php?rest_route=\/wp\/v2\/posts\/64181\/revisions\/64184"}],"wp:featuredmedia":[{"embeddable":true,"href":"https:\/\/veritasinfo.org\/index.php?rest_route=\/wp\/v2\/media\/64182"}],"wp:attachment":[{"href":"https:\/\/veritasinfo.org\/index.php?rest_route=%2Fwp%2Fv2%2Fmedia&parent=64181"}],"wp:term":[{"taxonomy":"category","embeddable":true,"href":"https:\/\/veritasinfo.org\/index.php?rest_route=%2Fwp%2Fv2%2Fcategories&post=64181"},{"taxonomy":"post_tag","embeddable":true,"href":"https:\/\/veritasinfo.org\/index.php?rest_route=%2Fwp%2Fv2%2Ftags&post=64181"}],"curies":[{"name":"wp","href":"https:\/\/api.w.org\/{rel}","templated":true}]}}