{"id":64175,"date":"2026-09-05T12:55:14","date_gmt":"2026-09-05T10:55:14","guid":{"rendered":"https:\/\/veritasinfo.org\/?p=64175"},"modified":"2026-09-05T12:55:14","modified_gmt":"2026-09-05T10:55:14","slug":"ischinger-kos-me-te-drejte-anuloi-viziten-ne-beograd-cfare-akti-i-neveritshem-te-nderosh-nje-vrases-masiv","status":"publish","type":"post","link":"https:\/\/veritasinfo.org\/?p=64175","title":{"rendered":"Ischinger: Kos me t\u00eb drejt\u00eb anuloi vizit\u00ebn n\u00eb Beograd, \u00e7far\u00eb akti i neveritsh\u00ebm t\u00eb nderosh nj\u00eb vras\u00ebs masiv"},"content":{"rendered":"<p>Prishtin\u00eb, 5 shtator 2026 12:55<\/p>\n<p>Diplomati gjerman, Wolfgang Ischinger, ka th\u00ebn\u00eb se me plot\u00eb t\u00eb drejt\u00eb Komisionerja e BE-s\u00eb, Marta Kos, ka anuluar vizit\u00ebn e saj n\u00eb Beograd pas nderimit q\u00eb Serbia ia ka b\u00ebr\u00eb kriminelit t\u00eb d\u00ebnuar t\u00eb luft\u00ebs, Ratko Mlladiq.<\/p>\n<p>Ischinger ka th\u00ebn\u00eb se nj\u00eb akt i till\u00eb i nderimit t\u00eb nj\u00eb vras\u00ebsi masiv \u00ebsht\u00eb i neveritsh\u00ebm dhe ka pyetur n\u00ebse presidenti serb, Aleksander Vucic, iu ka k\u00ebrkuar falje familjeve t\u00eb viktimave.<\/p>\n<p>\u201cMarta Kos ka plot\u00ebsisht t\u00eb drejt\u00eb. \u00c7far\u00eb akti i neveritsh\u00ebm t\u00eb p\u00ebrpiqesh t\u00eb nderosh kujtimin e nj\u00eb vras\u00ebsi masiv t\u00eb d\u00ebnuar. A u ka k\u00ebrkuar falje Presidenti Vu\u00e7i\u00e7 familjeve t\u00eb viktimave?\u201d ka shkruar Ischinger.<\/p>\n","protected":false},"excerpt":{"rendered":"<p>Prishtin\u00eb, 5 shtator 2026 12:55 Diplomati gjerman, Wolfgang Ischinger, ka th\u00ebn\u00eb se me plot\u00eb t\u00eb drejt\u00eb Komisionerja e BE-s\u00eb, Marta Kos, ka anuluar vizit\u00ebn e<\/p>\n","protected":false},"author":7,"featured_media":64176,"comment_status":"open","ping_status":"open","sticky":false,"template":"","format":"standard","meta":{"footnotes":""},"categories":[58],"tags":[],"class_list":["post-64175","post","type-post","status-publish","format-standard","has-post-thumbnail","hentry","category-politike-sq"],"yoast_head":"<!-- This site is optimized with the Yoast SEO plugin v25.3.1 - https:\/\/yoast.com\/wordpress\/plugins\/seo\/ -->\n<title>Ischinger: Kos me t\u00eb drejt\u00eb anuloi vizit\u00ebn n\u00eb Beograd, \u00e7far\u00eb akti i neveritsh\u00ebm t\u00eb nderosh nj\u00eb vras\u00ebs masiv -<\/title>\n<meta name=\"robots\" content=\"index, follow, max-snippet:-1, max-image-preview:large, max-video-preview:-1\" \/>\n<link rel=\"canonical\" href=\"https:\/\/veritasinfo.org\/?p=64175\" \/>\n<meta property=\"og:locale\" content=\"en_US\" \/>\n<meta property=\"og:type\" content=\"article\" \/>\n<meta property=\"og:title\" content=\"Ischinger: Kos me t\u00eb drejt\u00eb anuloi vizit\u00ebn n\u00eb Beograd, \u00e7far\u00eb akti i neveritsh\u00ebm t\u00eb nderosh nj\u00eb vras\u00ebs masiv -\" \/>\n<meta property=\"og:description\" content=\"Prishtin\u00eb, 5 shtator 2026 12:55 Diplomati gjerman, Wolfgang Ischinger, ka th\u00ebn\u00eb se me plot\u00eb t\u00eb drejt\u00eb Komisionerja e BE-s\u00eb, Marta Kos, ka anuluar vizit\u00ebn e\" \/>\n<meta property=\"og:url\" content=\"https:\/\/veritasinfo.org\/?p=64175\" \/>\n<meta property=\"article:published_time\" content=\"2026-09-05T10:55:14+00:00\" \/>\n<meta property=\"og:image\" content=\"https:\/\/veritasinfo.org\/wp-content\/uploads\/2026\/09\/wolgan.png\" \/>\n\t<meta property=\"og:image:width\" content=\"838\" \/>\n\t<meta property=\"og:image:height\" content=\"503\" \/>\n\t<meta property=\"og:image:type\" content=\"image\/png\" \/>\n<meta name=\"author\" content=\"US6\" \/>\n<meta name=\"twitter:card\" content=\"summary_large_image\" \/>\n<meta name=\"twitter:label1\" content=\"Written by\" \/>\n\t<meta name=\"twitter:data1\" content=\"US6\" \/>\n\t<meta name=\"twitter:label2\" content=\"Est. reading time\" \/>\n\t<meta name=\"twitter:data2\" content=\"1 minute\" \/>\n<script type=\"application\/ld+json\" class=\"yoast-schema-graph\">{\"@context\":\"https:\/\/schema.org\",\"@graph\":[{\"@type\":\"WebPage\",\"@id\":\"https:\/\/veritasinfo.org\/?p=64175\",\"url\":\"https:\/\/veritasinfo.org\/?p=64175\",\"name\":\"Ischinger: Kos me t\u00eb drejt\u00eb anuloi vizit\u00ebn n\u00eb Beograd, \u00e7far\u00eb akti i neveritsh\u00ebm t\u00eb nderosh nj\u00eb vras\u00ebs masiv -\",\"isPartOf\":{\"@id\":\"https:\/\/veritasinfo.org\/#website\"},\"primaryImageOfPage\":{\"@id\":\"https:\/\/veritasinfo.org\/?p=64175#primaryimage\"},\"image\":{\"@id\":\"https:\/\/veritasinfo.org\/?p=64175#primaryimage\"},\"thumbnailUrl\":\"https:\/\/veritasinfo.org\/wp-content\/uploads\/2026\/09\/wolgan.png\",\"datePublished\":\"2026-09-05T10:55:14+00:00\",\"author\":{\"@id\":\"https:\/\/veritasinfo.org\/#\/schema\/person\/fe199eede04c3937362892b7444747cc\"},\"breadcrumb\":{\"@id\":\"https:\/\/veritasinfo.org\/?p=64175#breadcrumb\"},\"inLanguage\":\"en-US\",\"potentialAction\":[{\"@type\":\"ReadAction\",\"target\":[\"https:\/\/veritasinfo.org\/?p=64175\"]}]},{\"@type\":\"ImageObject\",\"inLanguage\":\"en-US\",\"@id\":\"https:\/\/veritasinfo.org\/?p=64175#primaryimage\",\"url\":\"https:\/\/veritasinfo.org\/wp-content\/uploads\/2026\/09\/wolgan.png\",\"contentUrl\":\"https:\/\/veritasinfo.org\/wp-content\/uploads\/2026\/09\/wolgan.png\",\"width\":838,\"height\":503},{\"@type\":\"BreadcrumbList\",\"@id\":\"https:\/\/veritasinfo.org\/?p=64175#breadcrumb\",\"itemListElement\":[{\"@type\":\"ListItem\",\"position\":1,\"name\":\"Home\",\"item\":\"https:\/\/veritasinfo.org\/\"},{\"@type\":\"ListItem\",\"position\":2,\"name\":\"Ischinger: Kos me t\u00eb drejt\u00eb anuloi vizit\u00ebn n\u00eb Beograd, \u00e7far\u00eb akti i neveritsh\u00ebm t\u00eb nderosh nj\u00eb vras\u00ebs masiv\"}]},{\"@type\":\"WebSite\",\"@id\":\"https:\/\/veritasinfo.org\/#website\",\"url\":\"https:\/\/veritasinfo.org\/\",\"name\":\"\",\"description\":\"\",\"potentialAction\":[{\"@type\":\"SearchAction\",\"target\":{\"@type\":\"EntryPoint\",\"urlTemplate\":\"https:\/\/veritasinfo.org\/?s={search_term_string}\"},\"query-input\":{\"@type\":\"PropertyValueSpecification\",\"valueRequired\":true,\"valueName\":\"search_term_string\"}}],\"inLanguage\":\"en-US\"},{\"@type\":\"Person\",\"@id\":\"https:\/\/veritasinfo.org\/#\/schema\/person\/fe199eede04c3937362892b7444747cc\",\"name\":\"US6\",\"image\":{\"@type\":\"ImageObject\",\"inLanguage\":\"en-US\",\"@id\":\"https:\/\/veritasinfo.org\/#\/schema\/person\/image\/\",\"url\":\"https:\/\/secure.gravatar.com\/avatar\/cb16c3c31c9d23b9b8c705964598220b3014e42ff51eb540ff23cefa3ae8c15f?s=96&d=mm&r=g\",\"contentUrl\":\"https:\/\/secure.gravatar.com\/avatar\/cb16c3c31c9d23b9b8c705964598220b3014e42ff51eb540ff23cefa3ae8c15f?s=96&d=mm&r=g\",\"caption\":\"US6\"},\"url\":\"https:\/\/veritasinfo.org\/?author=7\"}]}<\/script>\n<!-- \/ Yoast SEO plugin. -->","yoast_head_json":{"title":"Ischinger: Kos me t\u00eb drejt\u00eb anuloi vizit\u00ebn n\u00eb Beograd, \u00e7far\u00eb akti i neveritsh\u00ebm t\u00eb nderosh nj\u00eb vras\u00ebs masiv -","robots":{"index":"index","follow":"follow","max-snippet":"max-snippet:-1","max-image-preview":"max-image-preview:large","max-video-preview":"max-video-preview:-1"},"canonical":"https:\/\/veritasinfo.org\/?p=64175","og_locale":"en_US","og_type":"article","og_title":"Ischinger: Kos me t\u00eb drejt\u00eb anuloi vizit\u00ebn n\u00eb Beograd, \u00e7far\u00eb akti i neveritsh\u00ebm t\u00eb nderosh nj\u00eb vras\u00ebs masiv -","og_description":"Prishtin\u00eb, 5 shtator 2026 12:55 Diplomati gjerman, Wolfgang Ischinger, ka th\u00ebn\u00eb se me plot\u00eb t\u00eb drejt\u00eb Komisionerja e BE-s\u00eb, Marta Kos, ka anuluar vizit\u00ebn e","og_url":"https:\/\/veritasinfo.org\/?p=64175","article_published_time":"2026-09-05T10:55:14+00:00","og_image":[{"width":838,"height":503,"url":"https:\/\/veritasinfo.org\/wp-content\/uploads\/2026\/09\/wolgan.png","type":"image\/png"}],"author":"US6","twitter_card":"summary_large_image","twitter_misc":{"Written by":"US6","Est. reading time":"1 minute"},"schema":{"@context":"https:\/\/schema.org","@graph":[{"@type":"WebPage","@id":"https:\/\/veritasinfo.org\/?p=64175","url":"https:\/\/veritasinfo.org\/?p=64175","name":"Ischinger: Kos me t\u00eb drejt\u00eb anuloi vizit\u00ebn n\u00eb Beograd, \u00e7far\u00eb akti i neveritsh\u00ebm t\u00eb nderosh nj\u00eb vras\u00ebs masiv -","isPartOf":{"@id":"https:\/\/veritasinfo.org\/#website"},"primaryImageOfPage":{"@id":"https:\/\/veritasinfo.org\/?p=64175#primaryimage"},"image":{"@id":"https:\/\/veritasinfo.org\/?p=64175#primaryimage"},"thumbnailUrl":"https:\/\/veritasinfo.org\/wp-content\/uploads\/2026\/09\/wolgan.png","datePublished":"2026-09-05T10:55:14+00:00","author":{"@id":"https:\/\/veritasinfo.org\/#\/schema\/person\/fe199eede04c3937362892b7444747cc"},"breadcrumb":{"@id":"https:\/\/veritasinfo.org\/?p=64175#breadcrumb"},"inLanguage":"en-US","potentialAction":[{"@type":"ReadAction","target":["https:\/\/veritasinfo.org\/?p=64175"]}]},{"@type":"ImageObject","inLanguage":"en-US","@id":"https:\/\/veritasinfo.org\/?p=64175#primaryimage","url":"https:\/\/veritasinfo.org\/wp-content\/uploads\/2026\/09\/wolgan.png","contentUrl":"https:\/\/veritasinfo.org\/wp-content\/uploads\/2026\/09\/wolgan.png","width":838,"height":503},{"@type":"BreadcrumbList","@id":"https:\/\/veritasinfo.org\/?p=64175#breadcrumb","itemListElement":[{"@type":"ListItem","position":1,"name":"Home","item":"https:\/\/veritasinfo.org\/"},{"@type":"ListItem","position":2,"name":"Ischinger: Kos me t\u00eb drejt\u00eb anuloi vizit\u00ebn n\u00eb Beograd, \u00e7far\u00eb akti i neveritsh\u00ebm t\u00eb nderosh nj\u00eb vras\u00ebs masiv"}]},{"@type":"WebSite","@id":"https:\/\/veritasinfo.org\/#website","url":"https:\/\/veritasinfo.org\/","name":"","description":"","potentialAction":[{"@type":"SearchAction","target":{"@type":"EntryPoint","urlTemplate":"https:\/\/veritasinfo.org\/?s={search_term_string}"},"query-input":{"@type":"PropertyValueSpecification","valueRequired":true,"valueName":"search_term_string"}}],"inLanguage":"en-US"},{"@type":"Person","@id":"https:\/\/veritasinfo.org\/#\/schema\/person\/fe199eede04c3937362892b7444747cc","name":"US6","image":{"@type":"ImageObject","inLanguage":"en-US","@id":"https:\/\/veritasinfo.org\/#\/schema\/person\/image\/","url":"https:\/\/secure.gravatar.com\/avatar\/cb16c3c31c9d23b9b8c705964598220b3014e42ff51eb540ff23cefa3ae8c15f?s=96&d=mm&r=g","contentUrl":"https:\/\/secure.gravatar.com\/avatar\/cb16c3c31c9d23b9b8c705964598220b3014e42ff51eb540ff23cefa3ae8c15f?s=96&d=mm&r=g","caption":"US6"},"url":"https:\/\/veritasinfo.org\/?author=7"}]}},"featured_image_urls":{"full":["https:\/\/veritasinfo.org\/wp-content\/uploads\/2026\/09\/wolgan.png",838,503,false],"thumbnail":["https:\/\/veritasinfo.org\/wp-content\/uploads\/2026\/09\/wolgan-150x150.png",150,150,true],"medium":["https:\/\/veritasinfo.org\/wp-content\/uploads\/2026\/09\/wolgan-300x180.png",300,180,true],"medium_large":["https:\/\/veritasinfo.org\/wp-content\/uploads\/2026\/09\/wolgan-768x461.png",640,384,true],"large":["https:\/\/veritasinfo.org\/wp-content\/uploads\/2026\/09\/wolgan.png",640,384,false],"1536x1536":["https:\/\/veritasinfo.org\/wp-content\/uploads\/2026\/09\/wolgan.png",838,503,false],"2048x2048":["https:\/\/veritasinfo.org\/wp-content\/uploads\/2026\/09\/wolgan.png",838,503,false],"kreeti-slider-full":["https:\/\/veritasinfo.org\/wp-content\/uploads\/2026\/09\/wolgan.png",838,503,false],"kreeti-featured":["https:\/\/veritasinfo.org\/wp-content\/uploads\/2026\/09\/wolgan.png",838,503,false],"kreeti-medium":["https:\/\/veritasinfo.org\/wp-content\/uploads\/2026\/09\/wolgan-720x503.png",720,503,true],"kreeti-medium-square":["https:\/\/veritasinfo.org\/wp-content\/uploads\/2026\/09\/wolgan-350x350.png",350,350,true]},"author_info":{"info":["US6"]},"category_info":"<a href=\"https:\/\/veritasinfo.org\/?cat=58\" rel=\"category\">Politik\u00eb<\/a>","tag_info":"Politik\u00eb","comment_count":"0","_links":{"self":[{"href":"https:\/\/veritasinfo.org\/index.php?rest_route=\/wp\/v2\/posts\/64175","targetHints":{"allow":["GET"]}}],"collection":[{"href":"https:\/\/veritasinfo.org\/index.php?rest_route=\/wp\/v2\/posts"}],"about":[{"href":"https:\/\/veritasinfo.org\/index.php?rest_route=\/wp\/v2\/types\/post"}],"author":[{"embeddable":true,"href":"https:\/\/veritasinfo.org\/index.php?rest_route=\/wp\/v2\/users\/7"}],"replies":[{"embeddable":true,"href":"https:\/\/veritasinfo.org\/index.php?rest_route=%2Fwp%2Fv2%2Fcomments&post=64175"}],"version-history":[{"count":1,"href":"https:\/\/veritasinfo.org\/index.php?rest_route=\/wp\/v2\/posts\/64175\/revisions"}],"predecessor-version":[{"id":64177,"href":"https:\/\/veritasinfo.org\/index.php?rest_route=\/wp\/v2\/posts\/64175\/revisions\/64177"}],"wp:featuredmedia":[{"embeddable":true,"href":"https:\/\/veritasinfo.org\/index.php?rest_route=\/wp\/v2\/media\/64176"}],"wp:attachment":[{"href":"https:\/\/veritasinfo.org\/index.php?rest_route=%2Fwp%2Fv2%2Fmedia&parent=64175"}],"wp:term":[{"taxonomy":"category","embeddable":true,"href":"https:\/\/veritasinfo.org\/index.php?rest_route=%2Fwp%2Fv2%2Fcategories&post=64175"},{"taxonomy":"post_tag","embeddable":true,"href":"https:\/\/veritasinfo.org\/index.php?rest_route=%2Fwp%2Fv2%2Ftags&post=64175"}],"curies":[{"name":"wp","href":"https:\/\/api.w.org\/{rel}","templated":true}]}}