{"id":64172,"date":"2026-09-05T12:25:42","date_gmt":"2026-09-05T10:25:42","guid":{"rendered":"https:\/\/veritasinfo.org\/?p=64172"},"modified":"2026-09-05T12:25:42","modified_gmt":"2026-09-05T10:25:42","slug":"20-radnika-poginulo-na-poslu-u-2026-godini-azemi-glavna-odgovornost-je-na-vlasnicima-kompanija","status":"publish","type":"post","link":"https:\/\/veritasinfo.org\/?p=64172&lang=sr","title":{"rendered":"20 radnika poginulo na poslu u 2026. godini, Azemi: Glavna odgovornost je na vlasnicima kompanija"},"content":{"rendered":"<p>Pri\u0161tina, 5. septembar 2026. 12:21<\/p>\n<p>Bezbednost na radu i dalje je jedna od najvec\u0301ih briga za radnike na Kosovu. Od po\u010detka ove godine, prema re\u010dima predsednika Nezavisnog sindikata privatnog sektora Kosova (SPSK), Jusufa Azemija, 20 radnika je izgubilo \u017eivot na poslu, od kojih 11 u gra\u0111evinskom sektoru.<\/p>\n<p>Azemi je kritikovao vlasnike kompanija, Inspektorat rada i dr\u017eavne institucije zbog na\u010dina na koji se postupa sa bezbedno\u0161c\u0301u na radu i posledica koje ostavljaju smrtni slu\u010dajevi radnika.<\/p>\n<p>On je ocenio da Inspektorat rada ula\u017ee napore na terenu, ali prema njegovim re\u010dima, glavna odgovornost za bezbednost radnika je na vlasnicima kompanija, koji, kako je rekao, ne posvec\u0301uju dovoljno pa\u017enje bezbednosti na radu.<\/p>\n<p>\u201eNa\u017ealost, u 2026. godini je 20 radnika izgubilo \u017eivot. Od ovih 20 radnika, 11 slu\u010dajeva je iz gra\u0111evinske industrije, a 9 drugih je iz, recimo, razli\u010ditih profila. Vidim rad koji Inspektorat obavlja na terenu i u nekom obliku mo\u017eda imam pozitivniji signal za njih, jer rade ne\u0161to \u0161to je moguc\u0301e, ali pitanje za\u0161to dolazimo do ovoga, mislim da c\u0301e sada direktno proc\u0301i i bilo je ranije kao odgovornost vlasnika kompanija, koji uop\u0161te ne pristupaju bezbednosti. I na\u017ealost, u 95% slu\u010dajeva smrt ovih radnika je posledica ljudskog faktora\u201c, naveo je Azemi.<\/p>\n<p>Prema njegovim re\u010dima, pored vlasnika kompanija, odgovornost za bezbednost na radu je i na Inspektoratu rada i vladinim institucijama, dok je posebno zabrinjavajuc\u0301i na\u010din na koji se slu\u010dajevi smrti radnika re\u0161avaju na sudovima.<\/p>\n<p>\u201ePrvo, glavni krivci su vlasnici kompanija. Naravno, druga karika je Inspektorat rada, i trec\u0301e, mogu rec\u0301i da bi cela vlada trebalo da bude zabrinuta zbog ovih slu\u010dajeva. Ali za nas je najvec\u0301a briga to \u0161to ovi slu\u010dajevi zamiru, a slu\u010dajevi na sudu se ne tretiraju kako treba i kako bi trebalo\u201c, izjavio je Azemi.<\/p>\n<p>Azemi je naglasio da je nedostatak finansijske podr\u0161ke porodicama radnika koji izgube \u017eivot na radnom mestu tako\u0111e posebna briga sindikata.<\/p>\n<p>\u201eA \u0161to je jo\u0161 gore, decenijama tra\u017eimo da se ovi slu\u010dajevi finansijski podr\u017ee, barem da porodice koje izgube najbli\u017ee ro\u0111ake ne moraju da brinu o finansijskom pitanju. Ali dr\u017eava ih ne tretira jednako, kao radnike u privatnom sektoru i radnike u javnom sektoru. Jer u javnom sektoru, ako radnik umre na svom radnom mestu, uglavnom iz raznih razloga, onda imaju gotovo stalnu finansijsku podr\u0161ku, dok kod nas finansiramo bud\u017eet Kosova tri puta vi\u0161e i ne dobijamo ni\u0161ta. Na\u017ealost, vi\u0161e nec\u0301u tra\u017eiti od premijera da ima fond za ove radnike, jer smo postali tema razgovora celog sveta tra\u017eec\u0301i to, ali se definitivno ispostavlja da ove porodice nisu zainteresovane da pomognu tim porodicama, uprkos \u010dinjenici da i one pate, ali u vec\u0301ini slu\u010dajeva imaju i finansijske probleme\u201c, rekao je za Ekonomija Onlajn.<\/p>\n<p>Govorec\u0301i o nadoknadi \u0161tete, Azemi je naveo da samo veoma mali broj kompanija priska\u010de u pomoc\u0301 porodicama radnika koji izgube \u017eivot na poslu.<\/p>\n<p>Rekao je da sindikat do sada nema informacije ni o jednoj kona\u010dnoj sudskoj odluci u takvim slu\u010dajevima, dok je pomenuo sudske slu\u010dajeve koji, prema njegovim re\u010dima, traju vi\u0161e od 17 godina.<\/p>\n<p>\u201eImamo mali broj kompanija koje priska\u010du u pomoc\u0301 takvim porodicama, govorimo o veoma malom broju porodica. \u0160to se ti\u010de sudskih odluka, jo\u0161 uvek nemamo nijednu takvu odluku. Imamo samo izve\u0161taje da je za slu\u010daj spora takvih radnika to trajalo vi\u0161e od 17 godina i jo\u0161 uvek nije do\u0161lo do kraja procesa. A sada, ka\u017eemo, \u0161to du\u017ee traju ovi slu\u010dajevi, neko namerno, a neko nenamerno gubi ili elimini\u0161e dokaze, i u vec\u0301ini slu\u010dajeva vlasnici kompanija se ne progla\u0161avaju krivim, ali tu krivicu prebacuju na radnike. Jer vlasnici kompanija govore i mogu da reaguju na ne\u0161to \u0161to, verujem, implicirate ono \u0161to poku\u0161avam da ka\u017eem, dok oni koji su umrli, oni se ne pomeraju i ne daju ni\u0161ta\u201c, rekao je Azemi.<\/p>\n<p>Pored gra\u0111evinarstva, Azemi je naveo i nekoliko drugih sektora i profesija gde su, prema podacima koje ima pred sobom, tokom 2026. godine dogodili smrtni slu\u010dajevi.<\/p>\n<p>&nbsp;<\/p>\n<p>\u201eU ovom slu\u010daju, imam tabelu ispred sebe, uglavnom imamo slu\u010dajeve smrti koji su patili od reklama kompanija pored puta, imamo prera\u0111iva\u010de drveta, imamo voza\u010de kamiona, imamo prera\u0111iva\u010de plastike, proizvodnju uglja, kontakt sa elektri\u010dnom energijom, i to su uglavnom, govorim o 2026. godini, slu\u010dajevi koji su izgubili \u017eivote u ovoj zemlji\u201c, dodao je Azemi.<\/p>\n","protected":false},"excerpt":{"rendered":"<p>Pri\u0161tina, 5. septembar 2026. 12:21 Bezbednost na radu i dalje je jedna od najvec\u0301ih briga za radnike na Kosovu. Od po\u010detka ove godine, prema re\u010dima<\/p>\n","protected":false},"author":7,"featured_media":64173,"comment_status":"open","ping_status":"open","sticky":false,"template":"","format":"standard","meta":{"footnotes":""},"categories":[30],"tags":[],"class_list":["post-64172","post","type-post","status-publish","format-standard","has-post-thumbnail","hentry","category-drustvo"],"yoast_head":"<!-- This site is optimized with the Yoast SEO plugin v25.3.1 - https:\/\/yoast.com\/wordpress\/plugins\/seo\/ -->\n<title>20 radnika poginulo na poslu u 2026. godini, Azemi: Glavna odgovornost je na vlasnicima kompanija -<\/title>\n<meta name=\"robots\" content=\"index, follow, max-snippet:-1, max-image-preview:large, max-video-preview:-1\" \/>\n<link rel=\"canonical\" href=\"https:\/\/veritasinfo.org\/?p=64172&lang=sr\" \/>\n<meta property=\"og:locale\" content=\"en_US\" \/>\n<meta property=\"og:type\" content=\"article\" \/>\n<meta property=\"og:title\" content=\"20 radnika poginulo na poslu u 2026. godini, Azemi: Glavna odgovornost je na vlasnicima kompanija -\" \/>\n<meta property=\"og:description\" content=\"Pri\u0161tina, 5. septembar 2026. 12:21 Bezbednost na radu i dalje je jedna od najvec\u0301ih briga za radnike na Kosovu. Od po\u010detka ove godine, prema re\u010dima\" \/>\n<meta property=\"og:url\" content=\"https:\/\/veritasinfo.org\/?p=64172&amp;lang=sr\" \/>\n<meta property=\"article:published_time\" content=\"2026-09-05T10:25:42+00:00\" \/>\n<meta property=\"og:image\" content=\"https:\/\/veritasinfo.org\/wp-content\/uploads\/2026\/09\/jusuf-1.png\" \/>\n\t<meta property=\"og:image:width\" content=\"791\" \/>\n\t<meta property=\"og:image:height\" content=\"497\" \/>\n\t<meta property=\"og:image:type\" content=\"image\/png\" \/>\n<meta name=\"author\" content=\"US6\" \/>\n<meta name=\"twitter:card\" content=\"summary_large_image\" \/>\n<meta name=\"twitter:label1\" content=\"Written by\" \/>\n\t<meta name=\"twitter:data1\" content=\"US6\" \/>\n\t<meta name=\"twitter:label2\" content=\"Est. reading time\" \/>\n\t<meta name=\"twitter:data2\" content=\"4 minutes\" \/>\n<script type=\"application\/ld+json\" class=\"yoast-schema-graph\">{\"@context\":\"https:\/\/schema.org\",\"@graph\":[{\"@type\":\"WebPage\",\"@id\":\"https:\/\/veritasinfo.org\/?p=64172&lang=sr\",\"url\":\"https:\/\/veritasinfo.org\/?p=64172&lang=sr\",\"name\":\"20 radnika poginulo na poslu u 2026. godini, Azemi: Glavna odgovornost je na vlasnicima kompanija -\",\"isPartOf\":{\"@id\":\"https:\/\/veritasinfo.org\/#website\"},\"primaryImageOfPage\":{\"@id\":\"https:\/\/veritasinfo.org\/?p=64172&lang=sr#primaryimage\"},\"image\":{\"@id\":\"https:\/\/veritasinfo.org\/?p=64172&lang=sr#primaryimage\"},\"thumbnailUrl\":\"https:\/\/veritasinfo.org\/wp-content\/uploads\/2026\/09\/jusuf-1.png\",\"datePublished\":\"2026-09-05T10:25:42+00:00\",\"author\":{\"@id\":\"https:\/\/veritasinfo.org\/#\/schema\/person\/fe199eede04c3937362892b7444747cc\"},\"breadcrumb\":{\"@id\":\"https:\/\/veritasinfo.org\/?p=64172&lang=sr#breadcrumb\"},\"inLanguage\":\"en-US\",\"potentialAction\":[{\"@type\":\"ReadAction\",\"target\":[\"https:\/\/veritasinfo.org\/?p=64172&lang=sr\"]}]},{\"@type\":\"ImageObject\",\"inLanguage\":\"en-US\",\"@id\":\"https:\/\/veritasinfo.org\/?p=64172&lang=sr#primaryimage\",\"url\":\"https:\/\/veritasinfo.org\/wp-content\/uploads\/2026\/09\/jusuf-1.png\",\"contentUrl\":\"https:\/\/veritasinfo.org\/wp-content\/uploads\/2026\/09\/jusuf-1.png\",\"width\":791,\"height\":497},{\"@type\":\"BreadcrumbList\",\"@id\":\"https:\/\/veritasinfo.org\/?p=64172&lang=sr#breadcrumb\",\"itemListElement\":[{\"@type\":\"ListItem\",\"position\":1,\"name\":\"Home\",\"item\":\"https:\/\/veritasinfo.org\/\"},{\"@type\":\"ListItem\",\"position\":2,\"name\":\"20 radnika poginulo na poslu u 2026. godini, Azemi: Glavna odgovornost je na vlasnicima kompanija\"}]},{\"@type\":\"WebSite\",\"@id\":\"https:\/\/veritasinfo.org\/#website\",\"url\":\"https:\/\/veritasinfo.org\/\",\"name\":\"\",\"description\":\"\",\"potentialAction\":[{\"@type\":\"SearchAction\",\"target\":{\"@type\":\"EntryPoint\",\"urlTemplate\":\"https:\/\/veritasinfo.org\/?s={search_term_string}\"},\"query-input\":{\"@type\":\"PropertyValueSpecification\",\"valueRequired\":true,\"valueName\":\"search_term_string\"}}],\"inLanguage\":\"en-US\"},{\"@type\":\"Person\",\"@id\":\"https:\/\/veritasinfo.org\/#\/schema\/person\/fe199eede04c3937362892b7444747cc\",\"name\":\"US6\",\"image\":{\"@type\":\"ImageObject\",\"inLanguage\":\"en-US\",\"@id\":\"https:\/\/veritasinfo.org\/#\/schema\/person\/image\/\",\"url\":\"https:\/\/secure.gravatar.com\/avatar\/cb16c3c31c9d23b9b8c705964598220b3014e42ff51eb540ff23cefa3ae8c15f?s=96&d=mm&r=g\",\"contentUrl\":\"https:\/\/secure.gravatar.com\/avatar\/cb16c3c31c9d23b9b8c705964598220b3014e42ff51eb540ff23cefa3ae8c15f?s=96&d=mm&r=g\",\"caption\":\"US6\"},\"url\":\"https:\/\/veritasinfo.org\/?author=7\"}]}<\/script>\n<!-- \/ Yoast SEO plugin. -->","yoast_head_json":{"title":"20 radnika poginulo na poslu u 2026. godini, Azemi: Glavna odgovornost je na vlasnicima kompanija -","robots":{"index":"index","follow":"follow","max-snippet":"max-snippet:-1","max-image-preview":"max-image-preview:large","max-video-preview":"max-video-preview:-1"},"canonical":"https:\/\/veritasinfo.org\/?p=64172&lang=sr","og_locale":"en_US","og_type":"article","og_title":"20 radnika poginulo na poslu u 2026. godini, Azemi: Glavna odgovornost je na vlasnicima kompanija -","og_description":"Pri\u0161tina, 5. septembar 2026. 12:21 Bezbednost na radu i dalje je jedna od najvec\u0301ih briga za radnike na Kosovu. Od po\u010detka ove godine, prema re\u010dima","og_url":"https:\/\/veritasinfo.org\/?p=64172&lang=sr","article_published_time":"2026-09-05T10:25:42+00:00","og_image":[{"width":791,"height":497,"url":"https:\/\/veritasinfo.org\/wp-content\/uploads\/2026\/09\/jusuf-1.png","type":"image\/png"}],"author":"US6","twitter_card":"summary_large_image","twitter_misc":{"Written by":"US6","Est. reading time":"4 minutes"},"schema":{"@context":"https:\/\/schema.org","@graph":[{"@type":"WebPage","@id":"https:\/\/veritasinfo.org\/?p=64172&lang=sr","url":"https:\/\/veritasinfo.org\/?p=64172&lang=sr","name":"20 radnika poginulo na poslu u 2026. godini, Azemi: Glavna odgovornost je na vlasnicima kompanija -","isPartOf":{"@id":"https:\/\/veritasinfo.org\/#website"},"primaryImageOfPage":{"@id":"https:\/\/veritasinfo.org\/?p=64172&lang=sr#primaryimage"},"image":{"@id":"https:\/\/veritasinfo.org\/?p=64172&lang=sr#primaryimage"},"thumbnailUrl":"https:\/\/veritasinfo.org\/wp-content\/uploads\/2026\/09\/jusuf-1.png","datePublished":"2026-09-05T10:25:42+00:00","author":{"@id":"https:\/\/veritasinfo.org\/#\/schema\/person\/fe199eede04c3937362892b7444747cc"},"breadcrumb":{"@id":"https:\/\/veritasinfo.org\/?p=64172&lang=sr#breadcrumb"},"inLanguage":"en-US","potentialAction":[{"@type":"ReadAction","target":["https:\/\/veritasinfo.org\/?p=64172&lang=sr"]}]},{"@type":"ImageObject","inLanguage":"en-US","@id":"https:\/\/veritasinfo.org\/?p=64172&lang=sr#primaryimage","url":"https:\/\/veritasinfo.org\/wp-content\/uploads\/2026\/09\/jusuf-1.png","contentUrl":"https:\/\/veritasinfo.org\/wp-content\/uploads\/2026\/09\/jusuf-1.png","width":791,"height":497},{"@type":"BreadcrumbList","@id":"https:\/\/veritasinfo.org\/?p=64172&lang=sr#breadcrumb","itemListElement":[{"@type":"ListItem","position":1,"name":"Home","item":"https:\/\/veritasinfo.org\/"},{"@type":"ListItem","position":2,"name":"20 radnika poginulo na poslu u 2026. godini, Azemi: Glavna odgovornost je na vlasnicima kompanija"}]},{"@type":"WebSite","@id":"https:\/\/veritasinfo.org\/#website","url":"https:\/\/veritasinfo.org\/","name":"","description":"","potentialAction":[{"@type":"SearchAction","target":{"@type":"EntryPoint","urlTemplate":"https:\/\/veritasinfo.org\/?s={search_term_string}"},"query-input":{"@type":"PropertyValueSpecification","valueRequired":true,"valueName":"search_term_string"}}],"inLanguage":"en-US"},{"@type":"Person","@id":"https:\/\/veritasinfo.org\/#\/schema\/person\/fe199eede04c3937362892b7444747cc","name":"US6","image":{"@type":"ImageObject","inLanguage":"en-US","@id":"https:\/\/veritasinfo.org\/#\/schema\/person\/image\/","url":"https:\/\/secure.gravatar.com\/avatar\/cb16c3c31c9d23b9b8c705964598220b3014e42ff51eb540ff23cefa3ae8c15f?s=96&d=mm&r=g","contentUrl":"https:\/\/secure.gravatar.com\/avatar\/cb16c3c31c9d23b9b8c705964598220b3014e42ff51eb540ff23cefa3ae8c15f?s=96&d=mm&r=g","caption":"US6"},"url":"https:\/\/veritasinfo.org\/?author=7"}]}},"featured_image_urls":{"full":["https:\/\/veritasinfo.org\/wp-content\/uploads\/2026\/09\/jusuf-1.png",791,497,false],"thumbnail":["https:\/\/veritasinfo.org\/wp-content\/uploads\/2026\/09\/jusuf-1-150x150.png",150,150,true],"medium":["https:\/\/veritasinfo.org\/wp-content\/uploads\/2026\/09\/jusuf-1-300x188.png",300,188,true],"medium_large":["https:\/\/veritasinfo.org\/wp-content\/uploads\/2026\/09\/jusuf-1-768x483.png",640,403,true],"large":["https:\/\/veritasinfo.org\/wp-content\/uploads\/2026\/09\/jusuf-1.png",640,402,false],"1536x1536":["https:\/\/veritasinfo.org\/wp-content\/uploads\/2026\/09\/jusuf-1.png",791,497,false],"2048x2048":["https:\/\/veritasinfo.org\/wp-content\/uploads\/2026\/09\/jusuf-1.png",791,497,false],"kreeti-slider-full":["https:\/\/veritasinfo.org\/wp-content\/uploads\/2026\/09\/jusuf-1.png",791,497,false],"kreeti-featured":["https:\/\/veritasinfo.org\/wp-content\/uploads\/2026\/09\/jusuf-1.png",791,497,false],"kreeti-medium":["https:\/\/veritasinfo.org\/wp-content\/uploads\/2026\/09\/jusuf-1-720x497.png",720,497,true],"kreeti-medium-square":["https:\/\/veritasinfo.org\/wp-content\/uploads\/2026\/09\/jusuf-1-350x350.png",350,350,true]},"author_info":{"info":["US6"]},"category_info":"<a href=\"https:\/\/veritasinfo.org\/?cat=30&#038;lang=sr\" rel=\"category\">Dru\u0161tvo<\/a>","tag_info":"Dru\u0161tvo","comment_count":"0","_links":{"self":[{"href":"https:\/\/veritasinfo.org\/index.php?rest_route=\/wp\/v2\/posts\/64172","targetHints":{"allow":["GET"]}}],"collection":[{"href":"https:\/\/veritasinfo.org\/index.php?rest_route=\/wp\/v2\/posts"}],"about":[{"href":"https:\/\/veritasinfo.org\/index.php?rest_route=\/wp\/v2\/types\/post"}],"author":[{"embeddable":true,"href":"https:\/\/veritasinfo.org\/index.php?rest_route=\/wp\/v2\/users\/7"}],"replies":[{"embeddable":true,"href":"https:\/\/veritasinfo.org\/index.php?rest_route=%2Fwp%2Fv2%2Fcomments&post=64172"}],"version-history":[{"count":1,"href":"https:\/\/veritasinfo.org\/index.php?rest_route=\/wp\/v2\/posts\/64172\/revisions"}],"predecessor-version":[{"id":64174,"href":"https:\/\/veritasinfo.org\/index.php?rest_route=\/wp\/v2\/posts\/64172\/revisions\/64174"}],"wp:featuredmedia":[{"embeddable":true,"href":"https:\/\/veritasinfo.org\/index.php?rest_route=\/wp\/v2\/media\/64173"}],"wp:attachment":[{"href":"https:\/\/veritasinfo.org\/index.php?rest_route=%2Fwp%2Fv2%2Fmedia&parent=64172"}],"wp:term":[{"taxonomy":"category","embeddable":true,"href":"https:\/\/veritasinfo.org\/index.php?rest_route=%2Fwp%2Fv2%2Fcategories&post=64172"},{"taxonomy":"post_tag","embeddable":true,"href":"https:\/\/veritasinfo.org\/index.php?rest_route=%2Fwp%2Fv2%2Ftags&post=64172"}],"curies":[{"name":"wp","href":"https:\/\/api.w.org\/{rel}","templated":true}]}}