{"id":64169,"date":"2026-09-05T12:23:25","date_gmt":"2026-09-05T10:23:25","guid":{"rendered":"https:\/\/veritasinfo.org\/?p=64169"},"modified":"2026-09-05T12:23:25","modified_gmt":"2026-09-05T10:23:25","slug":"20-punetore-te-vdekur-ne-pune-me-2026-azemi-pergjegjesia-kryesore-mbi-pronaret-e-kompanive","status":"publish","type":"post","link":"https:\/\/veritasinfo.org\/?p=64169","title":{"rendered":"20 pun\u00ebtor\u00eb t\u00eb vdekur n\u00eb pun\u00eb m\u00eb 2026, Azemi: P\u00ebrgjegj\u00ebsia kryesore mbi pronar\u00ebt e kompanive"},"content":{"rendered":"<p>Prishtin\u00eb, 5 shtator 2026 12:21<\/p>\n<p>Siguria n\u00eb vendin e pun\u00ebs vazhdon t\u00eb mbetet nj\u00eb prej shqet\u00ebsimeve m\u00eb t\u00eb m\u00ebdha p\u00ebr pun\u00ebtor\u00ebt n\u00eb Kosov\u00eb. Nga fillimi i k\u00ebtij viti e deri m\u00eb tani, sipas kryetarit t\u00eb Sindikat\u00ebs s\u00eb Pavarur t\u00eb Sektorit Privat t\u00eb Kosov\u00ebs (SPSPK), Jusuf Azemi, 20 pun\u00ebtor\u00eb kan\u00eb humbur jet\u00ebn n\u00eb vendin e pun\u00ebs, 11 prej tyre n\u00eb sektorin e nd\u00ebrtimtaris\u00eb.<\/p>\n<p>Azemi ka ngritur kritika ndaj pronar\u00ebve t\u00eb kompanive, Inspektoratit t\u00eb Pun\u00ebs dhe institucioneve shtet\u00ebrore p\u00ebr m\u00ebnyr\u00ebn se si po trajtohet siguria n\u00eb pun\u00eb dhe pasojat q\u00eb l\u00ebn\u00eb pas vdekjet e pun\u00ebtor\u00ebve.<\/p>\n<p>Ai ka vler\u00ebsuar se Inspektorati i Pun\u00ebs po b\u00ebn p\u00ebrpjekje n\u00eb terren, por sipas tij, p\u00ebrgjegj\u00ebsia kryesore p\u00ebr sigurin\u00eb e pun\u00ebtor\u00ebve bie mbi pronar\u00ebt e kompanive, t\u00eb cil\u00ebt, si\u00e7 tha, nuk po i kushtojn\u00eb r\u00ebnd\u00ebsi t\u00eb mjaftueshme siguris\u00eb n\u00eb pun\u00eb.<\/p>\n<p>\u201cN\u00eb vitin 2026 kan\u00eb humbur jet\u00ebn fatkeq\u00ebsisht 20 pun\u00ebtor\u00eb. Prej k\u00ebtyre 20 pun\u00ebtor\u00ebve, 11 kan\u00eb qen\u00eb raste q\u00eb kan\u00eb ardhur nga nd\u00ebrtimtaria dhe 9 t\u00eb tjer\u00eb kan\u00eb ardhur nga, po themi, profilet e ndryshme. Un\u00eb po e shoh pun\u00ebn q\u00eb po b\u00ebn Inspektorati n\u00eb terren dhe n\u00eb nj\u00ebfar\u00eb forme ndoshta kam nj\u00eb sinjal m\u00eb pozitiv p\u00ebr ta, sepse po b\u00ebjn\u00eb di\u00e7ka \u00e7ka \u00ebsht\u00eb e mundur, por \u00e7\u00ebshtja pse po vijm\u00eb deri te kjo, mendoj q\u00eb tani do t\u00eb kaloj\u00eb direkt edhe ka qen\u00eb edhe m\u00eb her\u00ebt si p\u00ebrgjegj\u00ebsi e pronar\u00ebve t\u00eb kompanive, t\u00eb cil\u00ebt nuk po e afrojn\u00eb fare sigurin\u00eb. Dhe fatkeq\u00ebsisht, n\u00eb 95% t\u00eb rasteve vdekja e k\u00ebtyre pun\u00ebtor\u00ebve po vjen si shkak i faktorit njeri\u201d, ka deklaruar Azemi.<\/p>\n<p>Sipas tij, krahas pronar\u00ebve t\u00eb kompanive, p\u00ebrgjegj\u00ebsi p\u00ebr sigurin\u00eb n\u00eb vendin e pun\u00ebs kan\u00eb edhe Inspektorati i Pun\u00ebs dhe institucionet qeveritare, nd\u00ebrsa shqet\u00ebsim t\u00eb ve\u00e7ant\u00eb paraqet m\u00ebnyra se si trajtohen n\u00eb gjykata rastet e vdekjes s\u00eb pun\u00ebtor\u00ebve.<\/p>\n<p>\u201cN\u00eb rend t\u00eb par\u00eb, fajtor\u00eb kryesor\u00eb jan\u00eb pronar\u00ebt e kompanive. Normal q\u00eb hallka e dyt\u00eb \u00ebsht\u00eb Inspektorati i Pun\u00ebs dhe n\u00eb rend t\u00eb tret\u00eb mund t\u00eb them se \u00ebsht\u00eb e gjith\u00eb qeveria q\u00eb duhet t\u00eb shqet\u00ebsohet p\u00ebr k\u00ebto raste. Por p\u00ebr neve shqet\u00ebsim hala m\u00eb i madh \u00ebsht\u00eb q\u00eb k\u00ebto raste po vdesin, e rastet n\u00eb gjykat\u00eb nuk po trajtohen si duhet e \u00e7ka duhet\u201d, ka deklaruar Azemi.<\/p>\n<p>Azemi ka theksuar se shqet\u00ebsim t\u00eb ve\u00e7ant\u00eb p\u00ebr sindikat\u00ebn paraqet edhe mungesa e mb\u00ebshtetjes financiare p\u00ebr familjet e pun\u00ebtor\u00ebve q\u00eb humbin jet\u00ebn n\u00eb vendin e pun\u00ebs.<\/p>\n<p>\u201cDhe hala m\u00eb keq \u00ebsht\u00eb q\u00eb ne me dekada kemi k\u00ebrkuar q\u00eb k\u00ebto raste t\u00eb tilla t\u00eb ken\u00eb mb\u00ebshtetje financiare, s\u00eb paku q\u00eb familjet q\u00eb humbin m\u00eb t\u00eb af\u00ebrmit e tyre, s\u00eb paku t\u00eb mos e ken\u00eb telashin e \u00e7\u00ebshtjes financiare. Por shteti nuk po e trajton barabart\u00eb, sikurse pun\u00ebtor\u00ebt e sektorit privat, ashtu edhe ata publik. Sepse n\u00eb sektorin publik, n\u00ebse pun\u00ebtori vdes n\u00eb vendin e tyre t\u00eb pun\u00ebs kryesisht p\u00ebr raste t\u00eb ndryshme at\u00ebher\u00eb k\u00ebta kan\u00eb nj\u00eb mb\u00ebshtetje financiare pothuajse gati t\u00eb p\u00ebrhershme, kurse tek ne, ne trefish financojm\u00eb m\u00eb shum\u00eb buxhetin e Kosov\u00ebs dhe nuk marrim asgj\u00eb. Fatkeq\u00ebsisht, un\u00eb m\u00eb nuk do t\u00eb k\u00ebrkoj nga kryeministri q\u00eb t\u00eb kemi nj\u00eb fond p\u00ebr k\u00ebta pun\u00ebtor\u00eb, sepse jemi b\u00ebr\u00eb p\u00ebrralla e bot\u00ebs duke k\u00ebrkuar, por definitivisht po del q\u00eb k\u00ebta nuk jan\u00eb t\u00eb interesuar q\u00eb k\u00ebtyre familjeve t\u2019u ndihmohet, pavar\u00ebsisht q\u00eb kan\u00eb edhe dhimbje, por n\u00eb shumic\u00ebn e rasteve kan\u00eb edhe probleme financiare\u201d, tha ai p\u00ebr Ekonomia Online.<\/p>\n<p>Duke folur p\u00ebr d\u00ebmshp\u00ebrblimet, Azemi ka deklaruar se vet\u00ebm nj\u00eb num\u00ebr shum\u00eb i vog\u00ebl i kompanive u dalin n\u00eb ndihm\u00eb familjeve t\u00eb pun\u00ebtor\u00ebve q\u00eb humbin jet\u00ebn n\u00eb vendin e pun\u00ebs.<\/p>\n<p>Ai ka th\u00ebn\u00eb se deri m\u00eb tani sindikata nuk ka informacion p\u00ebr ndonj\u00eb vendim gjyq\u00ebsor p\u00ebrfundimtar n\u00eb raste t\u00eb tilla, nd\u00ebrsa ka p\u00ebrmendur raste gjyq\u00ebsore q\u00eb, sipas tij, kan\u00eb zgjatur m\u00eb shum\u00eb se 17 vjet.<\/p>\n<p>\u201cKemi nj\u00eb num\u00ebr t\u00eb vog\u00ebl t\u00eb kompanive q\u00eb familjar\u00ebve t\u00eb till\u00eb u dalin n\u00eb ndihm\u00eb, po themi nj\u00eb num\u00ebr shum\u00eb i vog\u00ebl i familjeve. N\u00eb aspekt t\u00eb vendimeve t\u00eb gjykat\u00ebs, nuk kemi ende ndonj\u00eb vendim t\u00eb till\u00eb. Kemi vet\u00ebm njoftime se p\u00ebr nj\u00eb l\u00ebnd\u00eb t\u00eb nj\u00eb kontest t\u00eb pun\u00ebtor\u00ebve t\u00eb till\u00eb kan\u00eb zgjatur m\u00eb shum\u00eb se 17 vite dhe nuk kan\u00eb ardhur deri tani n\u00eb p\u00ebrfundim t\u00eb nj\u00eb procesi. Dhe tani, po themi, sa m\u00eb shum\u00eb q\u00eb t\u00eb zgjasin k\u00ebto l\u00ebnd\u00eb, dikush me q\u00ebllim e dikush pa q\u00ebllim provat i humb apo i eliminon, dhe n\u00eb shumic\u00ebn e rasteve nuk dalin fajtor\u00eb pronar\u00ebt e kompanive, por k\u00ebt\u00eb faj\u00ebsi e p\u00ebrcjellin tek pun\u00ebtor\u00ebt. Sepse pronar\u00ebt e kompanive flasin dhe mund t\u00eb reagojn\u00eb di\u00e7ka q\u00eb po besoj q\u00eb ju po e n\u00ebnkuptoni \u00e7far\u00eb po du me me th\u00ebn\u00eb kurse ata t\u00eb cil\u00ebt kan\u00eb vdekur, ata nuk l\u00ebvizin dhe nuk japin asgj\u00eb\u201d, ka deklaruar Azemi.<\/p>\n<p>P\u00ebrve\u00e7 nd\u00ebrtimtaris\u00eb, Azemi ka renditur edhe disa sektor\u00eb dhe profesione t\u00eb tjera ku, sipas t\u00eb dh\u00ebnave q\u00eb ai ka para vetes, kan\u00eb ndodhur raste fatale gjat\u00eb vitit 2026.<\/p>\n<p>\u201cN\u00eb k\u00ebt\u00eb rast, e kam tabel\u00ebn p\u00ebrpara, kryesisht kemi raste t\u00eb vdekjes duke vuajtur reklamat e kompanive n\u00ebp\u00ebr skaj rrug\u00ebs, kemi tek p\u00ebrpunuesit e drur\u00ebve, kemi shofer\u00eb kamioni, kemi p\u00ebrpunues t\u00eb plastik\u00ebs, prodhim i qymyrit, kontakt me rrym\u00eb, dhe kryesisht jan\u00eb k\u00ebto, po flas p\u00ebr vitin 2026 raste t\u00eb cilat kan\u00eb humbur jet\u00ebn n\u00eb k\u00ebt\u00eb vend\u201d, ka shtuar Azemi.<\/p>\n","protected":false},"excerpt":{"rendered":"<p>Prishtin\u00eb, 5 shtator 2026 12:21 Siguria n\u00eb vendin e pun\u00ebs vazhdon t\u00eb mbetet nj\u00eb prej shqet\u00ebsimeve m\u00eb t\u00eb m\u00ebdha p\u00ebr pun\u00ebtor\u00ebt n\u00eb Kosov\u00eb. Nga fillimi<\/p>\n","protected":false},"author":7,"featured_media":64170,"comment_status":"open","ping_status":"open","sticky":false,"template":"","format":"standard","meta":{"footnotes":""},"categories":[60],"tags":[],"class_list":["post-64169","post","type-post","status-publish","format-standard","has-post-thumbnail","hentry","category-shoqerore-sq"],"yoast_head":"<!-- This site is optimized with the Yoast SEO plugin v25.3.1 - https:\/\/yoast.com\/wordpress\/plugins\/seo\/ -->\n<title>20 pun\u00ebtor\u00eb t\u00eb vdekur n\u00eb pun\u00eb m\u00eb 2026, Azemi: P\u00ebrgjegj\u00ebsia kryesore mbi pronar\u00ebt e kompanive -<\/title>\n<meta name=\"robots\" content=\"index, follow, max-snippet:-1, max-image-preview:large, max-video-preview:-1\" \/>\n<link rel=\"canonical\" href=\"https:\/\/veritasinfo.org\/?p=64169\" \/>\n<meta property=\"og:locale\" content=\"en_US\" \/>\n<meta property=\"og:type\" content=\"article\" \/>\n<meta property=\"og:title\" content=\"20 pun\u00ebtor\u00eb t\u00eb vdekur n\u00eb pun\u00eb m\u00eb 2026, Azemi: P\u00ebrgjegj\u00ebsia kryesore mbi pronar\u00ebt e kompanive -\" \/>\n<meta property=\"og:description\" content=\"Prishtin\u00eb, 5 shtator 2026 12:21 Siguria n\u00eb vendin e pun\u00ebs vazhdon t\u00eb mbetet nj\u00eb prej shqet\u00ebsimeve m\u00eb t\u00eb m\u00ebdha p\u00ebr pun\u00ebtor\u00ebt n\u00eb Kosov\u00eb. Nga fillimi\" \/>\n<meta property=\"og:url\" content=\"https:\/\/veritasinfo.org\/?p=64169\" \/>\n<meta property=\"article:published_time\" content=\"2026-09-05T10:23:25+00:00\" \/>\n<meta property=\"og:image\" content=\"https:\/\/veritasinfo.org\/wp-content\/uploads\/2026\/09\/jusuf.png\" \/>\n\t<meta property=\"og:image:width\" content=\"791\" \/>\n\t<meta property=\"og:image:height\" content=\"497\" \/>\n\t<meta property=\"og:image:type\" content=\"image\/png\" \/>\n<meta name=\"author\" content=\"US6\" \/>\n<meta name=\"twitter:card\" content=\"summary_large_image\" \/>\n<meta name=\"twitter:label1\" content=\"Written by\" \/>\n\t<meta name=\"twitter:data1\" content=\"US6\" \/>\n\t<meta name=\"twitter:label2\" content=\"Est. reading time\" \/>\n\t<meta name=\"twitter:data2\" content=\"4 minutes\" \/>\n<script type=\"application\/ld+json\" class=\"yoast-schema-graph\">{\"@context\":\"https:\/\/schema.org\",\"@graph\":[{\"@type\":\"WebPage\",\"@id\":\"https:\/\/veritasinfo.org\/?p=64169\",\"url\":\"https:\/\/veritasinfo.org\/?p=64169\",\"name\":\"20 pun\u00ebtor\u00eb t\u00eb vdekur n\u00eb pun\u00eb m\u00eb 2026, Azemi: P\u00ebrgjegj\u00ebsia kryesore mbi pronar\u00ebt e kompanive -\",\"isPartOf\":{\"@id\":\"https:\/\/veritasinfo.org\/#website\"},\"primaryImageOfPage\":{\"@id\":\"https:\/\/veritasinfo.org\/?p=64169#primaryimage\"},\"image\":{\"@id\":\"https:\/\/veritasinfo.org\/?p=64169#primaryimage\"},\"thumbnailUrl\":\"https:\/\/veritasinfo.org\/wp-content\/uploads\/2026\/09\/jusuf.png\",\"datePublished\":\"2026-09-05T10:23:25+00:00\",\"author\":{\"@id\":\"https:\/\/veritasinfo.org\/#\/schema\/person\/fe199eede04c3937362892b7444747cc\"},\"breadcrumb\":{\"@id\":\"https:\/\/veritasinfo.org\/?p=64169#breadcrumb\"},\"inLanguage\":\"en-US\",\"potentialAction\":[{\"@type\":\"ReadAction\",\"target\":[\"https:\/\/veritasinfo.org\/?p=64169\"]}]},{\"@type\":\"ImageObject\",\"inLanguage\":\"en-US\",\"@id\":\"https:\/\/veritasinfo.org\/?p=64169#primaryimage\",\"url\":\"https:\/\/veritasinfo.org\/wp-content\/uploads\/2026\/09\/jusuf.png\",\"contentUrl\":\"https:\/\/veritasinfo.org\/wp-content\/uploads\/2026\/09\/jusuf.png\",\"width\":791,\"height\":497},{\"@type\":\"BreadcrumbList\",\"@id\":\"https:\/\/veritasinfo.org\/?p=64169#breadcrumb\",\"itemListElement\":[{\"@type\":\"ListItem\",\"position\":1,\"name\":\"Home\",\"item\":\"https:\/\/veritasinfo.org\/\"},{\"@type\":\"ListItem\",\"position\":2,\"name\":\"20 pun\u00ebtor\u00eb t\u00eb vdekur n\u00eb pun\u00eb m\u00eb 2026, Azemi: P\u00ebrgjegj\u00ebsia kryesore mbi pronar\u00ebt e kompanive\"}]},{\"@type\":\"WebSite\",\"@id\":\"https:\/\/veritasinfo.org\/#website\",\"url\":\"https:\/\/veritasinfo.org\/\",\"name\":\"\",\"description\":\"\",\"potentialAction\":[{\"@type\":\"SearchAction\",\"target\":{\"@type\":\"EntryPoint\",\"urlTemplate\":\"https:\/\/veritasinfo.org\/?s={search_term_string}\"},\"query-input\":{\"@type\":\"PropertyValueSpecification\",\"valueRequired\":true,\"valueName\":\"search_term_string\"}}],\"inLanguage\":\"en-US\"},{\"@type\":\"Person\",\"@id\":\"https:\/\/veritasinfo.org\/#\/schema\/person\/fe199eede04c3937362892b7444747cc\",\"name\":\"US6\",\"image\":{\"@type\":\"ImageObject\",\"inLanguage\":\"en-US\",\"@id\":\"https:\/\/veritasinfo.org\/#\/schema\/person\/image\/\",\"url\":\"https:\/\/secure.gravatar.com\/avatar\/cb16c3c31c9d23b9b8c705964598220b3014e42ff51eb540ff23cefa3ae8c15f?s=96&d=mm&r=g\",\"contentUrl\":\"https:\/\/secure.gravatar.com\/avatar\/cb16c3c31c9d23b9b8c705964598220b3014e42ff51eb540ff23cefa3ae8c15f?s=96&d=mm&r=g\",\"caption\":\"US6\"},\"url\":\"https:\/\/veritasinfo.org\/?author=7\"}]}<\/script>\n<!-- \/ Yoast SEO plugin. -->","yoast_head_json":{"title":"20 pun\u00ebtor\u00eb t\u00eb vdekur n\u00eb pun\u00eb m\u00eb 2026, Azemi: P\u00ebrgjegj\u00ebsia kryesore mbi pronar\u00ebt e kompanive -","robots":{"index":"index","follow":"follow","max-snippet":"max-snippet:-1","max-image-preview":"max-image-preview:large","max-video-preview":"max-video-preview:-1"},"canonical":"https:\/\/veritasinfo.org\/?p=64169","og_locale":"en_US","og_type":"article","og_title":"20 pun\u00ebtor\u00eb t\u00eb vdekur n\u00eb pun\u00eb m\u00eb 2026, Azemi: P\u00ebrgjegj\u00ebsia kryesore mbi pronar\u00ebt e kompanive -","og_description":"Prishtin\u00eb, 5 shtator 2026 12:21 Siguria n\u00eb vendin e pun\u00ebs vazhdon t\u00eb mbetet nj\u00eb prej shqet\u00ebsimeve m\u00eb t\u00eb m\u00ebdha p\u00ebr pun\u00ebtor\u00ebt n\u00eb Kosov\u00eb. Nga fillimi","og_url":"https:\/\/veritasinfo.org\/?p=64169","article_published_time":"2026-09-05T10:23:25+00:00","og_image":[{"width":791,"height":497,"url":"https:\/\/veritasinfo.org\/wp-content\/uploads\/2026\/09\/jusuf.png","type":"image\/png"}],"author":"US6","twitter_card":"summary_large_image","twitter_misc":{"Written by":"US6","Est. reading time":"4 minutes"},"schema":{"@context":"https:\/\/schema.org","@graph":[{"@type":"WebPage","@id":"https:\/\/veritasinfo.org\/?p=64169","url":"https:\/\/veritasinfo.org\/?p=64169","name":"20 pun\u00ebtor\u00eb t\u00eb vdekur n\u00eb pun\u00eb m\u00eb 2026, Azemi: P\u00ebrgjegj\u00ebsia kryesore mbi pronar\u00ebt e kompanive -","isPartOf":{"@id":"https:\/\/veritasinfo.org\/#website"},"primaryImageOfPage":{"@id":"https:\/\/veritasinfo.org\/?p=64169#primaryimage"},"image":{"@id":"https:\/\/veritasinfo.org\/?p=64169#primaryimage"},"thumbnailUrl":"https:\/\/veritasinfo.org\/wp-content\/uploads\/2026\/09\/jusuf.png","datePublished":"2026-09-05T10:23:25+00:00","author":{"@id":"https:\/\/veritasinfo.org\/#\/schema\/person\/fe199eede04c3937362892b7444747cc"},"breadcrumb":{"@id":"https:\/\/veritasinfo.org\/?p=64169#breadcrumb"},"inLanguage":"en-US","potentialAction":[{"@type":"ReadAction","target":["https:\/\/veritasinfo.org\/?p=64169"]}]},{"@type":"ImageObject","inLanguage":"en-US","@id":"https:\/\/veritasinfo.org\/?p=64169#primaryimage","url":"https:\/\/veritasinfo.org\/wp-content\/uploads\/2026\/09\/jusuf.png","contentUrl":"https:\/\/veritasinfo.org\/wp-content\/uploads\/2026\/09\/jusuf.png","width":791,"height":497},{"@type":"BreadcrumbList","@id":"https:\/\/veritasinfo.org\/?p=64169#breadcrumb","itemListElement":[{"@type":"ListItem","position":1,"name":"Home","item":"https:\/\/veritasinfo.org\/"},{"@type":"ListItem","position":2,"name":"20 pun\u00ebtor\u00eb t\u00eb vdekur n\u00eb pun\u00eb m\u00eb 2026, Azemi: P\u00ebrgjegj\u00ebsia kryesore mbi pronar\u00ebt e kompanive"}]},{"@type":"WebSite","@id":"https:\/\/veritasinfo.org\/#website","url":"https:\/\/veritasinfo.org\/","name":"","description":"","potentialAction":[{"@type":"SearchAction","target":{"@type":"EntryPoint","urlTemplate":"https:\/\/veritasinfo.org\/?s={search_term_string}"},"query-input":{"@type":"PropertyValueSpecification","valueRequired":true,"valueName":"search_term_string"}}],"inLanguage":"en-US"},{"@type":"Person","@id":"https:\/\/veritasinfo.org\/#\/schema\/person\/fe199eede04c3937362892b7444747cc","name":"US6","image":{"@type":"ImageObject","inLanguage":"en-US","@id":"https:\/\/veritasinfo.org\/#\/schema\/person\/image\/","url":"https:\/\/secure.gravatar.com\/avatar\/cb16c3c31c9d23b9b8c705964598220b3014e42ff51eb540ff23cefa3ae8c15f?s=96&d=mm&r=g","contentUrl":"https:\/\/secure.gravatar.com\/avatar\/cb16c3c31c9d23b9b8c705964598220b3014e42ff51eb540ff23cefa3ae8c15f?s=96&d=mm&r=g","caption":"US6"},"url":"https:\/\/veritasinfo.org\/?author=7"}]}},"featured_image_urls":{"full":["https:\/\/veritasinfo.org\/wp-content\/uploads\/2026\/09\/jusuf.png",791,497,false],"thumbnail":["https:\/\/veritasinfo.org\/wp-content\/uploads\/2026\/09\/jusuf-150x150.png",150,150,true],"medium":["https:\/\/veritasinfo.org\/wp-content\/uploads\/2026\/09\/jusuf-300x188.png",300,188,true],"medium_large":["https:\/\/veritasinfo.org\/wp-content\/uploads\/2026\/09\/jusuf-768x483.png",640,403,true],"large":["https:\/\/veritasinfo.org\/wp-content\/uploads\/2026\/09\/jusuf.png",640,402,false],"1536x1536":["https:\/\/veritasinfo.org\/wp-content\/uploads\/2026\/09\/jusuf.png",791,497,false],"2048x2048":["https:\/\/veritasinfo.org\/wp-content\/uploads\/2026\/09\/jusuf.png",791,497,false],"kreeti-slider-full":["https:\/\/veritasinfo.org\/wp-content\/uploads\/2026\/09\/jusuf.png",791,497,false],"kreeti-featured":["https:\/\/veritasinfo.org\/wp-content\/uploads\/2026\/09\/jusuf.png",791,497,false],"kreeti-medium":["https:\/\/veritasinfo.org\/wp-content\/uploads\/2026\/09\/jusuf-720x497.png",720,497,true],"kreeti-medium-square":["https:\/\/veritasinfo.org\/wp-content\/uploads\/2026\/09\/jusuf-350x350.png",350,350,true]},"author_info":{"info":["US6"]},"category_info":"<a href=\"https:\/\/veritasinfo.org\/?cat=60\" rel=\"category\">Shoq\u00ebrore<\/a>","tag_info":"Shoq\u00ebrore","comment_count":"0","_links":{"self":[{"href":"https:\/\/veritasinfo.org\/index.php?rest_route=\/wp\/v2\/posts\/64169","targetHints":{"allow":["GET"]}}],"collection":[{"href":"https:\/\/veritasinfo.org\/index.php?rest_route=\/wp\/v2\/posts"}],"about":[{"href":"https:\/\/veritasinfo.org\/index.php?rest_route=\/wp\/v2\/types\/post"}],"author":[{"embeddable":true,"href":"https:\/\/veritasinfo.org\/index.php?rest_route=\/wp\/v2\/users\/7"}],"replies":[{"embeddable":true,"href":"https:\/\/veritasinfo.org\/index.php?rest_route=%2Fwp%2Fv2%2Fcomments&post=64169"}],"version-history":[{"count":1,"href":"https:\/\/veritasinfo.org\/index.php?rest_route=\/wp\/v2\/posts\/64169\/revisions"}],"predecessor-version":[{"id":64171,"href":"https:\/\/veritasinfo.org\/index.php?rest_route=\/wp\/v2\/posts\/64169\/revisions\/64171"}],"wp:featuredmedia":[{"embeddable":true,"href":"https:\/\/veritasinfo.org\/index.php?rest_route=\/wp\/v2\/media\/64170"}],"wp:attachment":[{"href":"https:\/\/veritasinfo.org\/index.php?rest_route=%2Fwp%2Fv2%2Fmedia&parent=64169"}],"wp:term":[{"taxonomy":"category","embeddable":true,"href":"https:\/\/veritasinfo.org\/index.php?rest_route=%2Fwp%2Fv2%2Fcategories&post=64169"},{"taxonomy":"post_tag","embeddable":true,"href":"https:\/\/veritasinfo.org\/index.php?rest_route=%2Fwp%2Fv2%2Ftags&post=64169"}],"curies":[{"name":"wp","href":"https:\/\/api.w.org\/{rel}","templated":true}]}}