{"id":64166,"date":"2026-09-05T11:04:13","date_gmt":"2026-09-05T09:04:13","guid":{"rendered":"https:\/\/veritasinfo.org\/?p=64166"},"modified":"2026-09-05T11:04:13","modified_gmt":"2026-09-05T09:04:13","slug":"cetiri-slucaja-nestalih-osoba-prijavljena-na-kosovu-dva-maloletnika","status":"publish","type":"post","link":"https:\/\/veritasinfo.org\/?p=64166&lang=sr","title":{"rendered":"\u010cetiri slu\u010daja nestalih osoba prijavljena na Kosovu, dva maloletnika"},"content":{"rendered":"<p>Pri\u0161tina, 5. septembar 2026. 11:02<\/p>\n<p>\u010cetiri slu\u010daja nestalih osoba prijavljena su poslednjih dana u Pec\u0301i, Prizrenu, Podujevu i Gr\u010dencu. Me\u0111u prijavljenima su dva maloletnika.<\/p>\n<p>U Pec\u0301i je 28. avgusta \u017eena prijavila da je njena sestra napustila kuc\u0301u i da se njeno boravi\u0161te ne zna. Slu\u010daj se istra\u017euje.<\/p>\n<p>U me\u0111uvremenu, u Prizrenu je 4. septembra \u017eena obavestila policiju da je njena nec\u0301aka, maloletna albanska dr\u017eavljanka, napustila kuc\u0301u i da se nikada nije vratila.<\/p>\n<p>Jo\u0161 jedan slu\u010daj je prijavljen u selu Gornji Sibok u Podujevu. Mu\u0161karac je izjavio da je njegova maloletna c\u0301erka napustila kuc\u0301u i da se nikada nije vratila.<\/p>\n<p>Istog dana, jo\u0161 jedan slu\u010daj je prijavljen u Gr\u010dencu. Mu\u0161karac je obavestio policiju da mu je sin napustio kuc\u0301u i da se nije vratio.<\/p>\n<p>Prema podacima Kosovske policije, svi slu\u010dajevi se istra\u017euju.<\/p>\n","protected":false},"excerpt":{"rendered":"<p>Pri\u0161tina, 5. septembar 2026. 11:02 \u010cetiri slu\u010daja nestalih osoba prijavljena su poslednjih dana u Pec\u0301i, Prizrenu, Podujevu i Gr\u010dencu. Me\u0111u prijavljenima su dva maloletnika. U<\/p>\n","protected":false},"author":7,"featured_media":64167,"comment_status":"open","ping_status":"open","sticky":false,"template":"","format":"standard","meta":{"footnotes":""},"categories":[30],"tags":[],"class_list":["post-64166","post","type-post","status-publish","format-standard","has-post-thumbnail","hentry","category-drustvo"],"yoast_head":"<!-- This site is optimized with the Yoast SEO plugin v25.3.1 - https:\/\/yoast.com\/wordpress\/plugins\/seo\/ -->\n<title>\u010cetiri slu\u010daja nestalih osoba prijavljena na Kosovu, dva maloletnika -<\/title>\n<meta name=\"robots\" content=\"index, follow, max-snippet:-1, max-image-preview:large, max-video-preview:-1\" \/>\n<link rel=\"canonical\" href=\"https:\/\/veritasinfo.org\/?p=64166&lang=sr\" \/>\n<meta property=\"og:locale\" content=\"en_US\" \/>\n<meta property=\"og:type\" content=\"article\" \/>\n<meta property=\"og:title\" content=\"\u010cetiri slu\u010daja nestalih osoba prijavljena na Kosovu, dva maloletnika -\" \/>\n<meta property=\"og:description\" content=\"Pri\u0161tina, 5. septembar 2026. 11:02 \u010cetiri slu\u010daja nestalih osoba prijavljena su poslednjih dana u Pec\u0301i, Prizrenu, Podujevu i Gr\u010dencu. Me\u0111u prijavljenima su dva maloletnika. U\" \/>\n<meta property=\"og:url\" content=\"https:\/\/veritasinfo.org\/?p=64166&amp;lang=sr\" \/>\n<meta property=\"article:published_time\" content=\"2026-09-05T09:04:13+00:00\" \/>\n<meta property=\"og:image\" content=\"https:\/\/veritasinfo.org\/wp-content\/uploads\/2026\/09\/Screenshot_20260905_110207_Chrome-1.jpg\" \/>\n\t<meta property=\"og:image:width\" content=\"985\" \/>\n\t<meta property=\"og:image:height\" content=\"598\" \/>\n\t<meta property=\"og:image:type\" content=\"image\/jpeg\" \/>\n<meta name=\"author\" content=\"US6\" \/>\n<meta name=\"twitter:card\" content=\"summary_large_image\" \/>\n<meta name=\"twitter:label1\" content=\"Written by\" \/>\n\t<meta name=\"twitter:data1\" content=\"US6\" \/>\n\t<meta name=\"twitter:label2\" content=\"Est. reading time\" \/>\n\t<meta name=\"twitter:data2\" content=\"1 minute\" \/>\n<script type=\"application\/ld+json\" class=\"yoast-schema-graph\">{\"@context\":\"https:\/\/schema.org\",\"@graph\":[{\"@type\":\"WebPage\",\"@id\":\"https:\/\/veritasinfo.org\/?p=64166&lang=sr\",\"url\":\"https:\/\/veritasinfo.org\/?p=64166&lang=sr\",\"name\":\"\u010cetiri slu\u010daja nestalih osoba prijavljena na Kosovu, dva maloletnika -\",\"isPartOf\":{\"@id\":\"https:\/\/veritasinfo.org\/#website\"},\"primaryImageOfPage\":{\"@id\":\"https:\/\/veritasinfo.org\/?p=64166&lang=sr#primaryimage\"},\"image\":{\"@id\":\"https:\/\/veritasinfo.org\/?p=64166&lang=sr#primaryimage\"},\"thumbnailUrl\":\"https:\/\/veritasinfo.org\/wp-content\/uploads\/2026\/09\/Screenshot_20260905_110207_Chrome-1.jpg\",\"datePublished\":\"2026-09-05T09:04:13+00:00\",\"author\":{\"@id\":\"https:\/\/veritasinfo.org\/#\/schema\/person\/fe199eede04c3937362892b7444747cc\"},\"breadcrumb\":{\"@id\":\"https:\/\/veritasinfo.org\/?p=64166&lang=sr#breadcrumb\"},\"inLanguage\":\"en-US\",\"potentialAction\":[{\"@type\":\"ReadAction\",\"target\":[\"https:\/\/veritasinfo.org\/?p=64166&lang=sr\"]}]},{\"@type\":\"ImageObject\",\"inLanguage\":\"en-US\",\"@id\":\"https:\/\/veritasinfo.org\/?p=64166&lang=sr#primaryimage\",\"url\":\"https:\/\/veritasinfo.org\/wp-content\/uploads\/2026\/09\/Screenshot_20260905_110207_Chrome-1.jpg\",\"contentUrl\":\"https:\/\/veritasinfo.org\/wp-content\/uploads\/2026\/09\/Screenshot_20260905_110207_Chrome-1.jpg\",\"width\":985,\"height\":598},{\"@type\":\"BreadcrumbList\",\"@id\":\"https:\/\/veritasinfo.org\/?p=64166&lang=sr#breadcrumb\",\"itemListElement\":[{\"@type\":\"ListItem\",\"position\":1,\"name\":\"Home\",\"item\":\"https:\/\/veritasinfo.org\/\"},{\"@type\":\"ListItem\",\"position\":2,\"name\":\"\u010cetiri slu\u010daja nestalih osoba prijavljena na Kosovu, dva maloletnika\"}]},{\"@type\":\"WebSite\",\"@id\":\"https:\/\/veritasinfo.org\/#website\",\"url\":\"https:\/\/veritasinfo.org\/\",\"name\":\"\",\"description\":\"\",\"potentialAction\":[{\"@type\":\"SearchAction\",\"target\":{\"@type\":\"EntryPoint\",\"urlTemplate\":\"https:\/\/veritasinfo.org\/?s={search_term_string}\"},\"query-input\":{\"@type\":\"PropertyValueSpecification\",\"valueRequired\":true,\"valueName\":\"search_term_string\"}}],\"inLanguage\":\"en-US\"},{\"@type\":\"Person\",\"@id\":\"https:\/\/veritasinfo.org\/#\/schema\/person\/fe199eede04c3937362892b7444747cc\",\"name\":\"US6\",\"image\":{\"@type\":\"ImageObject\",\"inLanguage\":\"en-US\",\"@id\":\"https:\/\/veritasinfo.org\/#\/schema\/person\/image\/\",\"url\":\"https:\/\/secure.gravatar.com\/avatar\/cb16c3c31c9d23b9b8c705964598220b3014e42ff51eb540ff23cefa3ae8c15f?s=96&d=mm&r=g\",\"contentUrl\":\"https:\/\/secure.gravatar.com\/avatar\/cb16c3c31c9d23b9b8c705964598220b3014e42ff51eb540ff23cefa3ae8c15f?s=96&d=mm&r=g\",\"caption\":\"US6\"},\"url\":\"https:\/\/veritasinfo.org\/?author=7\"}]}<\/script>\n<!-- \/ Yoast SEO plugin. -->","yoast_head_json":{"title":"\u010cetiri slu\u010daja nestalih osoba prijavljena na Kosovu, dva maloletnika -","robots":{"index":"index","follow":"follow","max-snippet":"max-snippet:-1","max-image-preview":"max-image-preview:large","max-video-preview":"max-video-preview:-1"},"canonical":"https:\/\/veritasinfo.org\/?p=64166&lang=sr","og_locale":"en_US","og_type":"article","og_title":"\u010cetiri slu\u010daja nestalih osoba prijavljena na Kosovu, dva maloletnika -","og_description":"Pri\u0161tina, 5. septembar 2026. 11:02 \u010cetiri slu\u010daja nestalih osoba prijavljena su poslednjih dana u Pec\u0301i, Prizrenu, Podujevu i Gr\u010dencu. Me\u0111u prijavljenima su dva maloletnika. U","og_url":"https:\/\/veritasinfo.org\/?p=64166&lang=sr","article_published_time":"2026-09-05T09:04:13+00:00","og_image":[{"width":985,"height":598,"url":"https:\/\/veritasinfo.org\/wp-content\/uploads\/2026\/09\/Screenshot_20260905_110207_Chrome-1.jpg","type":"image\/jpeg"}],"author":"US6","twitter_card":"summary_large_image","twitter_misc":{"Written by":"US6","Est. reading time":"1 minute"},"schema":{"@context":"https:\/\/schema.org","@graph":[{"@type":"WebPage","@id":"https:\/\/veritasinfo.org\/?p=64166&lang=sr","url":"https:\/\/veritasinfo.org\/?p=64166&lang=sr","name":"\u010cetiri slu\u010daja nestalih osoba prijavljena na Kosovu, dva maloletnika -","isPartOf":{"@id":"https:\/\/veritasinfo.org\/#website"},"primaryImageOfPage":{"@id":"https:\/\/veritasinfo.org\/?p=64166&lang=sr#primaryimage"},"image":{"@id":"https:\/\/veritasinfo.org\/?p=64166&lang=sr#primaryimage"},"thumbnailUrl":"https:\/\/veritasinfo.org\/wp-content\/uploads\/2026\/09\/Screenshot_20260905_110207_Chrome-1.jpg","datePublished":"2026-09-05T09:04:13+00:00","author":{"@id":"https:\/\/veritasinfo.org\/#\/schema\/person\/fe199eede04c3937362892b7444747cc"},"breadcrumb":{"@id":"https:\/\/veritasinfo.org\/?p=64166&lang=sr#breadcrumb"},"inLanguage":"en-US","potentialAction":[{"@type":"ReadAction","target":["https:\/\/veritasinfo.org\/?p=64166&lang=sr"]}]},{"@type":"ImageObject","inLanguage":"en-US","@id":"https:\/\/veritasinfo.org\/?p=64166&lang=sr#primaryimage","url":"https:\/\/veritasinfo.org\/wp-content\/uploads\/2026\/09\/Screenshot_20260905_110207_Chrome-1.jpg","contentUrl":"https:\/\/veritasinfo.org\/wp-content\/uploads\/2026\/09\/Screenshot_20260905_110207_Chrome-1.jpg","width":985,"height":598},{"@type":"BreadcrumbList","@id":"https:\/\/veritasinfo.org\/?p=64166&lang=sr#breadcrumb","itemListElement":[{"@type":"ListItem","position":1,"name":"Home","item":"https:\/\/veritasinfo.org\/"},{"@type":"ListItem","position":2,"name":"\u010cetiri slu\u010daja nestalih osoba prijavljena na Kosovu, dva maloletnika"}]},{"@type":"WebSite","@id":"https:\/\/veritasinfo.org\/#website","url":"https:\/\/veritasinfo.org\/","name":"","description":"","potentialAction":[{"@type":"SearchAction","target":{"@type":"EntryPoint","urlTemplate":"https:\/\/veritasinfo.org\/?s={search_term_string}"},"query-input":{"@type":"PropertyValueSpecification","valueRequired":true,"valueName":"search_term_string"}}],"inLanguage":"en-US"},{"@type":"Person","@id":"https:\/\/veritasinfo.org\/#\/schema\/person\/fe199eede04c3937362892b7444747cc","name":"US6","image":{"@type":"ImageObject","inLanguage":"en-US","@id":"https:\/\/veritasinfo.org\/#\/schema\/person\/image\/","url":"https:\/\/secure.gravatar.com\/avatar\/cb16c3c31c9d23b9b8c705964598220b3014e42ff51eb540ff23cefa3ae8c15f?s=96&d=mm&r=g","contentUrl":"https:\/\/secure.gravatar.com\/avatar\/cb16c3c31c9d23b9b8c705964598220b3014e42ff51eb540ff23cefa3ae8c15f?s=96&d=mm&r=g","caption":"US6"},"url":"https:\/\/veritasinfo.org\/?author=7"}]}},"featured_image_urls":{"full":["https:\/\/veritasinfo.org\/wp-content\/uploads\/2026\/09\/Screenshot_20260905_110207_Chrome-1.jpg",985,598,false],"thumbnail":["https:\/\/veritasinfo.org\/wp-content\/uploads\/2026\/09\/Screenshot_20260905_110207_Chrome-1-150x150.jpg",150,150,true],"medium":["https:\/\/veritasinfo.org\/wp-content\/uploads\/2026\/09\/Screenshot_20260905_110207_Chrome-1-300x182.jpg",300,182,true],"medium_large":["https:\/\/veritasinfo.org\/wp-content\/uploads\/2026\/09\/Screenshot_20260905_110207_Chrome-1-768x466.jpg",640,388,true],"large":["https:\/\/veritasinfo.org\/wp-content\/uploads\/2026\/09\/Screenshot_20260905_110207_Chrome-1.jpg",640,389,false],"1536x1536":["https:\/\/veritasinfo.org\/wp-content\/uploads\/2026\/09\/Screenshot_20260905_110207_Chrome-1.jpg",985,598,false],"2048x2048":["https:\/\/veritasinfo.org\/wp-content\/uploads\/2026\/09\/Screenshot_20260905_110207_Chrome-1.jpg",985,598,false],"kreeti-slider-full":["https:\/\/veritasinfo.org\/wp-content\/uploads\/2026\/09\/Screenshot_20260905_110207_Chrome-1.jpg",985,598,false],"kreeti-featured":["https:\/\/veritasinfo.org\/wp-content\/uploads\/2026\/09\/Screenshot_20260905_110207_Chrome-1.jpg",985,598,false],"kreeti-medium":["https:\/\/veritasinfo.org\/wp-content\/uploads\/2026\/09\/Screenshot_20260905_110207_Chrome-1-720x530.jpg",720,530,true],"kreeti-medium-square":["https:\/\/veritasinfo.org\/wp-content\/uploads\/2026\/09\/Screenshot_20260905_110207_Chrome-1-350x350.jpg",350,350,true]},"author_info":{"info":["US6"]},"category_info":"<a href=\"https:\/\/veritasinfo.org\/?cat=30&#038;lang=sr\" rel=\"category\">Dru\u0161tvo<\/a>","tag_info":"Dru\u0161tvo","comment_count":"0","_links":{"self":[{"href":"https:\/\/veritasinfo.org\/index.php?rest_route=\/wp\/v2\/posts\/64166","targetHints":{"allow":["GET"]}}],"collection":[{"href":"https:\/\/veritasinfo.org\/index.php?rest_route=\/wp\/v2\/posts"}],"about":[{"href":"https:\/\/veritasinfo.org\/index.php?rest_route=\/wp\/v2\/types\/post"}],"author":[{"embeddable":true,"href":"https:\/\/veritasinfo.org\/index.php?rest_route=\/wp\/v2\/users\/7"}],"replies":[{"embeddable":true,"href":"https:\/\/veritasinfo.org\/index.php?rest_route=%2Fwp%2Fv2%2Fcomments&post=64166"}],"version-history":[{"count":1,"href":"https:\/\/veritasinfo.org\/index.php?rest_route=\/wp\/v2\/posts\/64166\/revisions"}],"predecessor-version":[{"id":64168,"href":"https:\/\/veritasinfo.org\/index.php?rest_route=\/wp\/v2\/posts\/64166\/revisions\/64168"}],"wp:featuredmedia":[{"embeddable":true,"href":"https:\/\/veritasinfo.org\/index.php?rest_route=\/wp\/v2\/media\/64167"}],"wp:attachment":[{"href":"https:\/\/veritasinfo.org\/index.php?rest_route=%2Fwp%2Fv2%2Fmedia&parent=64166"}],"wp:term":[{"taxonomy":"category","embeddable":true,"href":"https:\/\/veritasinfo.org\/index.php?rest_route=%2Fwp%2Fv2%2Fcategories&post=64166"},{"taxonomy":"post_tag","embeddable":true,"href":"https:\/\/veritasinfo.org\/index.php?rest_route=%2Fwp%2Fv2%2Ftags&post=64166"}],"curies":[{"name":"wp","href":"https:\/\/api.w.org\/{rel}","templated":true}]}}