{"id":64163,"date":"2026-09-05T11:02:29","date_gmt":"2026-09-05T09:02:29","guid":{"rendered":"https:\/\/veritasinfo.org\/?p=64163"},"modified":"2026-09-05T11:02:29","modified_gmt":"2026-09-05T09:02:29","slug":"raportohen-kater-raste-te-personave-te-zhdukur-ne-kosove-dy-te-mitur","status":"publish","type":"post","link":"https:\/\/veritasinfo.org\/?p=64163","title":{"rendered":"Raportohen kat\u00ebr raste t\u00eb personave t\u00eb zhdukur n\u00eb Kosov\u00eb, dy t\u00eb mitur"},"content":{"rendered":"<p>Prishtin\u00eb, 5 shtator 2026 11:02<\/p>\n<p>Kat\u00ebr raste t\u00eb personave t\u00eb zhdukur jan\u00eb raportuar n\u00eb dit\u00ebt e fundit n\u00eb Pej\u00eb, Prizren, Podujev\u00eb dhe Drenas. N\u00eb mesin e t\u00eb raportuarve jan\u00eb edhe dy t\u00eb mitur.<\/p>\n<p>N\u00eb Pej\u00eb, m\u00eb 28 gusht, nj\u00eb grua ka raportuar se motra e saj \u00ebsht\u00eb larguar nga sht\u00ebpia dhe nuk dihet vendndodhja e saj. Rasti \u00ebsht\u00eb duke u hetuar.<\/p>\n<p>Nd\u00ebrkaq, n\u00eb Prizren, m\u00eb 4 shtator, nj\u00eb grua ka njoftuar Policin\u00eb se mbesa e saj, shtetase e Shqip\u00ebris\u00eb e mitur, \u00ebsht\u00eb larguar nga sht\u00ebpia dhe nuk \u00ebsht\u00eb kthyer m\u00eb.<\/p>\n<p>Nj\u00eb rast tjet\u00ebr \u00ebsht\u00eb raportuar n\u00eb fshatin Siboc i Ep\u00ebrm t\u00eb Podujev\u00ebs. Nj\u00eb burr\u00eb ka deklaruar se vajza e tij e mitur \u00ebsht\u00eb larguar nga sht\u00ebpia dhe nuk \u00ebsht\u00eb kthyer.<\/p>\n<p>Po t\u00eb nj\u00ebjt\u00ebn dit\u00eb, n\u00eb Drenas \u00ebsht\u00eb raportuar edhe nj\u00eb rast tjet\u00ebr. Nj\u00eb burr\u00eb ka njoftuar Policin\u00eb se djali i tij \u00ebsht\u00eb larguar nga sht\u00ebpia dhe nuk \u00ebsht\u00eb kthyer m\u00eb.<\/p>\n<p>Sipas Policis\u00eb s\u00eb Kosov\u00ebs, t\u00eb gjitha rastet jan\u00eb duke u hetuar.<\/p>\n","protected":false},"excerpt":{"rendered":"<p>Prishtin\u00eb, 5 shtator 2026 11:02 Kat\u00ebr raste t\u00eb personave t\u00eb zhdukur jan\u00eb raportuar n\u00eb dit\u00ebt e fundit n\u00eb Pej\u00eb, Prizren, Podujev\u00eb dhe Drenas. N\u00eb mesin<\/p>\n","protected":false},"author":7,"featured_media":64164,"comment_status":"open","ping_status":"open","sticky":false,"template":"","format":"standard","meta":{"footnotes":""},"categories":[60],"tags":[],"class_list":["post-64163","post","type-post","status-publish","format-standard","has-post-thumbnail","hentry","category-shoqerore-sq"],"yoast_head":"<!-- This site is optimized with the Yoast SEO plugin v25.3.1 - https:\/\/yoast.com\/wordpress\/plugins\/seo\/ -->\n<title>Raportohen kat\u00ebr raste t\u00eb personave t\u00eb zhdukur n\u00eb Kosov\u00eb, dy t\u00eb mitur -<\/title>\n<meta name=\"robots\" content=\"index, follow, max-snippet:-1, max-image-preview:large, max-video-preview:-1\" \/>\n<link rel=\"canonical\" href=\"https:\/\/veritasinfo.org\/?p=64163\" \/>\n<meta property=\"og:locale\" content=\"en_US\" \/>\n<meta property=\"og:type\" content=\"article\" \/>\n<meta property=\"og:title\" content=\"Raportohen kat\u00ebr raste t\u00eb personave t\u00eb zhdukur n\u00eb Kosov\u00eb, dy t\u00eb mitur -\" \/>\n<meta property=\"og:description\" content=\"Prishtin\u00eb, 5 shtator 2026 11:02 Kat\u00ebr raste t\u00eb personave t\u00eb zhdukur jan\u00eb raportuar n\u00eb dit\u00ebt e fundit n\u00eb Pej\u00eb, Prizren, Podujev\u00eb dhe Drenas. N\u00eb mesin\" \/>\n<meta property=\"og:url\" content=\"https:\/\/veritasinfo.org\/?p=64163\" \/>\n<meta property=\"article:published_time\" content=\"2026-09-05T09:02:29+00:00\" \/>\n<meta property=\"og:image\" content=\"https:\/\/veritasinfo.org\/wp-content\/uploads\/2026\/09\/Screenshot_20260905_110207_Chrome.jpg\" \/>\n\t<meta property=\"og:image:width\" content=\"985\" \/>\n\t<meta property=\"og:image:height\" content=\"598\" \/>\n\t<meta property=\"og:image:type\" content=\"image\/jpeg\" \/>\n<meta name=\"author\" content=\"US6\" \/>\n<meta name=\"twitter:card\" content=\"summary_large_image\" \/>\n<meta name=\"twitter:label1\" content=\"Written by\" \/>\n\t<meta name=\"twitter:data1\" content=\"US6\" \/>\n\t<meta name=\"twitter:label2\" content=\"Est. reading time\" \/>\n\t<meta name=\"twitter:data2\" content=\"1 minute\" \/>\n<script type=\"application\/ld+json\" class=\"yoast-schema-graph\">{\"@context\":\"https:\/\/schema.org\",\"@graph\":[{\"@type\":\"WebPage\",\"@id\":\"https:\/\/veritasinfo.org\/?p=64163\",\"url\":\"https:\/\/veritasinfo.org\/?p=64163\",\"name\":\"Raportohen kat\u00ebr raste t\u00eb personave t\u00eb zhdukur n\u00eb Kosov\u00eb, dy t\u00eb mitur -\",\"isPartOf\":{\"@id\":\"https:\/\/veritasinfo.org\/#website\"},\"primaryImageOfPage\":{\"@id\":\"https:\/\/veritasinfo.org\/?p=64163#primaryimage\"},\"image\":{\"@id\":\"https:\/\/veritasinfo.org\/?p=64163#primaryimage\"},\"thumbnailUrl\":\"https:\/\/veritasinfo.org\/wp-content\/uploads\/2026\/09\/Screenshot_20260905_110207_Chrome.jpg\",\"datePublished\":\"2026-09-05T09:02:29+00:00\",\"author\":{\"@id\":\"https:\/\/veritasinfo.org\/#\/schema\/person\/fe199eede04c3937362892b7444747cc\"},\"breadcrumb\":{\"@id\":\"https:\/\/veritasinfo.org\/?p=64163#breadcrumb\"},\"inLanguage\":\"en-US\",\"potentialAction\":[{\"@type\":\"ReadAction\",\"target\":[\"https:\/\/veritasinfo.org\/?p=64163\"]}]},{\"@type\":\"ImageObject\",\"inLanguage\":\"en-US\",\"@id\":\"https:\/\/veritasinfo.org\/?p=64163#primaryimage\",\"url\":\"https:\/\/veritasinfo.org\/wp-content\/uploads\/2026\/09\/Screenshot_20260905_110207_Chrome.jpg\",\"contentUrl\":\"https:\/\/veritasinfo.org\/wp-content\/uploads\/2026\/09\/Screenshot_20260905_110207_Chrome.jpg\",\"width\":985,\"height\":598},{\"@type\":\"BreadcrumbList\",\"@id\":\"https:\/\/veritasinfo.org\/?p=64163#breadcrumb\",\"itemListElement\":[{\"@type\":\"ListItem\",\"position\":1,\"name\":\"Home\",\"item\":\"https:\/\/veritasinfo.org\/\"},{\"@type\":\"ListItem\",\"position\":2,\"name\":\"Raportohen kat\u00ebr raste t\u00eb personave t\u00eb zhdukur n\u00eb Kosov\u00eb, dy t\u00eb mitur\"}]},{\"@type\":\"WebSite\",\"@id\":\"https:\/\/veritasinfo.org\/#website\",\"url\":\"https:\/\/veritasinfo.org\/\",\"name\":\"\",\"description\":\"\",\"potentialAction\":[{\"@type\":\"SearchAction\",\"target\":{\"@type\":\"EntryPoint\",\"urlTemplate\":\"https:\/\/veritasinfo.org\/?s={search_term_string}\"},\"query-input\":{\"@type\":\"PropertyValueSpecification\",\"valueRequired\":true,\"valueName\":\"search_term_string\"}}],\"inLanguage\":\"en-US\"},{\"@type\":\"Person\",\"@id\":\"https:\/\/veritasinfo.org\/#\/schema\/person\/fe199eede04c3937362892b7444747cc\",\"name\":\"US6\",\"image\":{\"@type\":\"ImageObject\",\"inLanguage\":\"en-US\",\"@id\":\"https:\/\/veritasinfo.org\/#\/schema\/person\/image\/\",\"url\":\"https:\/\/secure.gravatar.com\/avatar\/cb16c3c31c9d23b9b8c705964598220b3014e42ff51eb540ff23cefa3ae8c15f?s=96&d=mm&r=g\",\"contentUrl\":\"https:\/\/secure.gravatar.com\/avatar\/cb16c3c31c9d23b9b8c705964598220b3014e42ff51eb540ff23cefa3ae8c15f?s=96&d=mm&r=g\",\"caption\":\"US6\"},\"url\":\"https:\/\/veritasinfo.org\/?author=7\"}]}<\/script>\n<!-- \/ Yoast SEO plugin. -->","yoast_head_json":{"title":"Raportohen kat\u00ebr raste t\u00eb personave t\u00eb zhdukur n\u00eb Kosov\u00eb, dy t\u00eb mitur -","robots":{"index":"index","follow":"follow","max-snippet":"max-snippet:-1","max-image-preview":"max-image-preview:large","max-video-preview":"max-video-preview:-1"},"canonical":"https:\/\/veritasinfo.org\/?p=64163","og_locale":"en_US","og_type":"article","og_title":"Raportohen kat\u00ebr raste t\u00eb personave t\u00eb zhdukur n\u00eb Kosov\u00eb, dy t\u00eb mitur -","og_description":"Prishtin\u00eb, 5 shtator 2026 11:02 Kat\u00ebr raste t\u00eb personave t\u00eb zhdukur jan\u00eb raportuar n\u00eb dit\u00ebt e fundit n\u00eb Pej\u00eb, Prizren, Podujev\u00eb dhe Drenas. N\u00eb mesin","og_url":"https:\/\/veritasinfo.org\/?p=64163","article_published_time":"2026-09-05T09:02:29+00:00","og_image":[{"width":985,"height":598,"url":"https:\/\/veritasinfo.org\/wp-content\/uploads\/2026\/09\/Screenshot_20260905_110207_Chrome.jpg","type":"image\/jpeg"}],"author":"US6","twitter_card":"summary_large_image","twitter_misc":{"Written by":"US6","Est. reading time":"1 minute"},"schema":{"@context":"https:\/\/schema.org","@graph":[{"@type":"WebPage","@id":"https:\/\/veritasinfo.org\/?p=64163","url":"https:\/\/veritasinfo.org\/?p=64163","name":"Raportohen kat\u00ebr raste t\u00eb personave t\u00eb zhdukur n\u00eb Kosov\u00eb, dy t\u00eb mitur -","isPartOf":{"@id":"https:\/\/veritasinfo.org\/#website"},"primaryImageOfPage":{"@id":"https:\/\/veritasinfo.org\/?p=64163#primaryimage"},"image":{"@id":"https:\/\/veritasinfo.org\/?p=64163#primaryimage"},"thumbnailUrl":"https:\/\/veritasinfo.org\/wp-content\/uploads\/2026\/09\/Screenshot_20260905_110207_Chrome.jpg","datePublished":"2026-09-05T09:02:29+00:00","author":{"@id":"https:\/\/veritasinfo.org\/#\/schema\/person\/fe199eede04c3937362892b7444747cc"},"breadcrumb":{"@id":"https:\/\/veritasinfo.org\/?p=64163#breadcrumb"},"inLanguage":"en-US","potentialAction":[{"@type":"ReadAction","target":["https:\/\/veritasinfo.org\/?p=64163"]}]},{"@type":"ImageObject","inLanguage":"en-US","@id":"https:\/\/veritasinfo.org\/?p=64163#primaryimage","url":"https:\/\/veritasinfo.org\/wp-content\/uploads\/2026\/09\/Screenshot_20260905_110207_Chrome.jpg","contentUrl":"https:\/\/veritasinfo.org\/wp-content\/uploads\/2026\/09\/Screenshot_20260905_110207_Chrome.jpg","width":985,"height":598},{"@type":"BreadcrumbList","@id":"https:\/\/veritasinfo.org\/?p=64163#breadcrumb","itemListElement":[{"@type":"ListItem","position":1,"name":"Home","item":"https:\/\/veritasinfo.org\/"},{"@type":"ListItem","position":2,"name":"Raportohen kat\u00ebr raste t\u00eb personave t\u00eb zhdukur n\u00eb Kosov\u00eb, dy t\u00eb mitur"}]},{"@type":"WebSite","@id":"https:\/\/veritasinfo.org\/#website","url":"https:\/\/veritasinfo.org\/","name":"","description":"","potentialAction":[{"@type":"SearchAction","target":{"@type":"EntryPoint","urlTemplate":"https:\/\/veritasinfo.org\/?s={search_term_string}"},"query-input":{"@type":"PropertyValueSpecification","valueRequired":true,"valueName":"search_term_string"}}],"inLanguage":"en-US"},{"@type":"Person","@id":"https:\/\/veritasinfo.org\/#\/schema\/person\/fe199eede04c3937362892b7444747cc","name":"US6","image":{"@type":"ImageObject","inLanguage":"en-US","@id":"https:\/\/veritasinfo.org\/#\/schema\/person\/image\/","url":"https:\/\/secure.gravatar.com\/avatar\/cb16c3c31c9d23b9b8c705964598220b3014e42ff51eb540ff23cefa3ae8c15f?s=96&d=mm&r=g","contentUrl":"https:\/\/secure.gravatar.com\/avatar\/cb16c3c31c9d23b9b8c705964598220b3014e42ff51eb540ff23cefa3ae8c15f?s=96&d=mm&r=g","caption":"US6"},"url":"https:\/\/veritasinfo.org\/?author=7"}]}},"featured_image_urls":{"full":["https:\/\/veritasinfo.org\/wp-content\/uploads\/2026\/09\/Screenshot_20260905_110207_Chrome.jpg",985,598,false],"thumbnail":["https:\/\/veritasinfo.org\/wp-content\/uploads\/2026\/09\/Screenshot_20260905_110207_Chrome-150x150.jpg",150,150,true],"medium":["https:\/\/veritasinfo.org\/wp-content\/uploads\/2026\/09\/Screenshot_20260905_110207_Chrome-300x182.jpg",300,182,true],"medium_large":["https:\/\/veritasinfo.org\/wp-content\/uploads\/2026\/09\/Screenshot_20260905_110207_Chrome-768x466.jpg",640,388,true],"large":["https:\/\/veritasinfo.org\/wp-content\/uploads\/2026\/09\/Screenshot_20260905_110207_Chrome.jpg",640,389,false],"1536x1536":["https:\/\/veritasinfo.org\/wp-content\/uploads\/2026\/09\/Screenshot_20260905_110207_Chrome.jpg",985,598,false],"2048x2048":["https:\/\/veritasinfo.org\/wp-content\/uploads\/2026\/09\/Screenshot_20260905_110207_Chrome.jpg",985,598,false],"kreeti-slider-full":["https:\/\/veritasinfo.org\/wp-content\/uploads\/2026\/09\/Screenshot_20260905_110207_Chrome.jpg",985,598,false],"kreeti-featured":["https:\/\/veritasinfo.org\/wp-content\/uploads\/2026\/09\/Screenshot_20260905_110207_Chrome.jpg",985,598,false],"kreeti-medium":["https:\/\/veritasinfo.org\/wp-content\/uploads\/2026\/09\/Screenshot_20260905_110207_Chrome-720x530.jpg",720,530,true],"kreeti-medium-square":["https:\/\/veritasinfo.org\/wp-content\/uploads\/2026\/09\/Screenshot_20260905_110207_Chrome-350x350.jpg",350,350,true]},"author_info":{"info":["US6"]},"category_info":"<a href=\"https:\/\/veritasinfo.org\/?cat=60\" rel=\"category\">Shoq\u00ebrore<\/a>","tag_info":"Shoq\u00ebrore","comment_count":"0","_links":{"self":[{"href":"https:\/\/veritasinfo.org\/index.php?rest_route=\/wp\/v2\/posts\/64163","targetHints":{"allow":["GET"]}}],"collection":[{"href":"https:\/\/veritasinfo.org\/index.php?rest_route=\/wp\/v2\/posts"}],"about":[{"href":"https:\/\/veritasinfo.org\/index.php?rest_route=\/wp\/v2\/types\/post"}],"author":[{"embeddable":true,"href":"https:\/\/veritasinfo.org\/index.php?rest_route=\/wp\/v2\/users\/7"}],"replies":[{"embeddable":true,"href":"https:\/\/veritasinfo.org\/index.php?rest_route=%2Fwp%2Fv2%2Fcomments&post=64163"}],"version-history":[{"count":1,"href":"https:\/\/veritasinfo.org\/index.php?rest_route=\/wp\/v2\/posts\/64163\/revisions"}],"predecessor-version":[{"id":64165,"href":"https:\/\/veritasinfo.org\/index.php?rest_route=\/wp\/v2\/posts\/64163\/revisions\/64165"}],"wp:featuredmedia":[{"embeddable":true,"href":"https:\/\/veritasinfo.org\/index.php?rest_route=\/wp\/v2\/media\/64164"}],"wp:attachment":[{"href":"https:\/\/veritasinfo.org\/index.php?rest_route=%2Fwp%2Fv2%2Fmedia&parent=64163"}],"wp:term":[{"taxonomy":"category","embeddable":true,"href":"https:\/\/veritasinfo.org\/index.php?rest_route=%2Fwp%2Fv2%2Fcategories&post=64163"},{"taxonomy":"post_tag","embeddable":true,"href":"https:\/\/veritasinfo.org\/index.php?rest_route=%2Fwp%2Fv2%2Ftags&post=64163"}],"curies":[{"name":"wp","href":"https:\/\/api.w.org\/{rel}","templated":true}]}}