{"id":64154,"date":"2026-09-05T08:46:25","date_gmt":"2026-09-05T06:46:25","guid":{"rendered":"https:\/\/veritasinfo.org\/?p=64154"},"modified":"2026-09-05T08:46:25","modified_gmt":"2026-09-05T06:46:25","slug":"osumnjiceni-za-spijunazu-trazi-od-bia-da-koristi-glavnog-momka-kako-bi-obezbedio-glasove-za-vucica","status":"publish","type":"post","link":"https:\/\/veritasinfo.org\/?p=64154&lang=sr","title":{"rendered":"Osumnji\u010deni za \u0161pijuna\u017eu tra\u017ei od BIA da koristi \u201eglavnog momka\u201c kako bi obezbedio glasove za Vu\u010dic\u0301a"},"content":{"rendered":"<p>Pri\u0161tina, 5. septembar 2026. 08:41<\/p>\n<p>Fehim Salji, koga su kosovske vlasti uhapsile zbog sumnje na \u0161pijuna\u017eu, tra\u017eio je upotrebu sile protiv Goranaca da glasaju za Vu\u010dic\u0301a i njegovu stranku &#8211; SNS. Sali, koji je u pritvoru i priznao je da ga je regrutovala srpska slu\u017eba, tokom telefonskog razgovora sa slu\u017ebenikom BIA, govori mu o bira\u010dkom spisku i o ljudima koji odbijaju da glasaju za Vu\u010dic\u0301a. Salijev advokat, anga\u017eovan dan ranije, Ahmer Aljija, nije \u017eeleo da komentari\u0161e aktivnosti svog klijenta. Pre nego \u0161to se Aljija uklju\u010dio, tri advokata su povu\u010dena iz odbrane i na zahtev njegove porodice<\/p>\n<p>Osumnji\u010deni za \u0161pijuna\u017eu, Fehim Salji, ne samo da je sprovodio informativne akcije za Srpsku bezbednosno-informativnu agenciju (BIA), vec\u0301 je bio uklju\u010den i na Kosovu u izborne svrhe.<\/p>\n<p>Na audio snimku, \u010duje se kako Salji daje informacije visokom slu\u017ebeniku BIA, \u017delimiru Matovic\u0301u, u vezi sa registracijom osoba iz goranske zajednice na Kosovu na bira\u010dkom spisku i njegovom zalaganjem da glasaju za predsednika Srbije Aleksandra Vu\u010dic\u0301a i njegovu stranku na izborima 2024. godine.<\/p>\n<p>Tokom \u201eprislu\u0161kivanog\u201c razgovora, Sali je Matovic\u0301u dao detalje o procesu, pa mu je \u010dak rekao i o ljudima koji su odbili da potpi\u0161u.<\/p>\n<p>\u201eZdravo, kako ste, jeste li dobro? Ni\u0161ta, dole sam u Goru, sve je u redu, sada pakujem ove papire koje mi je Nikola dao, ali to mora da se uradi na druga\u010diji na\u010din. A sada, prvo pregledam one koje mi je dao (nerazumljivo), dok ih u me\u0111uvremenu popunjavam, i rukom sam napisao ko je rekao \u201eNE\u201c, po\u0161to to pi\u0161e, ali \u0161ta mo\u017eemo da uradimo\u201c, ka\u017ee Sali Matovic\u0301u.<\/p>\n<p>U razgovoru sa slu\u017ebenikom BIA, \u010duje se kako mu Sali preporu\u010duje da se neke stvari odlo\u017ee \u010dak i uz upotrebu sile.<\/p>\n<p>\u201ePa, sada gledaj, brate, \u0161ta da ka\u017eem. Hajde, ako mo\u017eemo, uradimo to, uradimo to, \u010dak i sa pritiskom i silom, sve, ali samo za dobro. Jer brate, ja sam u\u0161ao, u\u0161ao sam za&#8230; rekli smo, za SNS, za Vu\u010dic\u0301a. Ti si veliki borac, sve kombinuje\u0161, i sada kada smo u\u0161li u ovaj posao, spreman sam da&#8230; U\u0161ao sam u ovaj posao da pobedim, ne \u017eelim drugo mesto\u201c, Salijeve su re\u010di.<\/p>\n<p>Fehim Sali je osniva\u010d NVO \u201eMoja Gora\u201c, preko koje se sumnja da je prikupljao glasove za Vu\u010dic\u0301evu stranku, za izbore 2024. godine. Pored audio snimka, KOHA je do\u0161la do fotografija, gde pored bira\u010dkih spiskova, koje je Sali od\u0161tampao da bi dobio potpise za SNS, postoji i fotografija koju je napravio sa svojim glasom za Vu\u010dic\u0301a. Nekoliko dana pre hap\u0161enja, bavio se obezbe\u0111ivanjem glasova Goranaca na Kosovu za SNS, naime za parlamentarne izbore koji c\u0301e se u Srbiji odr\u017eati 25. oktobra ove godine.<\/p>\n<p>\u201ePoku\u0161ac\u0301u da uradim \u0161to je vi\u0161e moguc\u0301e, \u010dak i negde u inostranstvu verovatno c\u0301u sebi poslati imejlom (nerazumljivo) a u Beogradu kada do\u0111em (nerazumljivo) mo\u017eete im to fizi\u010dki predati. Jer, znate \u010dega se pla\u0161im, preko granice mi se otkrivaju sve te stvari\u201c, rekao je Sali svom \u0161efu.<\/p>\n<p>Fehim Sali je u pritvoru od 14. avgusta. U zahtevu tu\u017eila\u0161tva za ovu meru navodi se da je on, u svojstvu osobe koju je regrutovala BIA, pru\u017eao informacije o politi\u010dkoj situaciji na Kosovu, identifikovao je zvani\u010dnike KOA fotografi\u0161uc\u0301i ih, pru\u017eao je informacije o osobama koje pripadaju vehabijskoj sekti i drugim osobama, koje je potom predlagao kao mete za kontakt i regrutovanje.<\/p>\n<p>U obrazlo\u017eenju tu\u017eila\u0161tva se tako\u0111e navodi da je Sali odr\u017eavao kontakte sa politi\u010dki i dru\u0161tveno uticajnim ljudima u Srbiji i na Kosovu iz nevec\u0301inskih zajednica, nudec\u0301i im uputstva i smernice o tome kako da politi\u010dki deluju.<\/p>\n<p>Advokat Ahmer Alija, koji je rekao da je dan ranije bio anga\u017eovan u Salijevoj odbrani, nije \u017eeleo da komentari\u0161e ume\u0161anost osumnji\u010denog u \u0161pijuna\u017eu na izborima na Kosovu i u Srbiji, kao ni druge sumnje koje je iznelo tu\u017eila\u0161tvo.<\/p>\n<p>Pre nego \u0161to je Alija anga\u017eovan, advokati Zahir Smajli, Berhil \u0160asivari i Ajro Alija su se povukli iz odbrane. Advokat Smajli je rekao da je njegova kancelarija poslala dokumenta sudu na povla\u010denje, jer mu je kancelarija opozvana. U me\u0111uvremenu, advokat Berhil \u0160asivari je naglasio da je opozivanje izvr\u0161ila supruga Fehima Salija.<\/p>\n<p>Sali je uhap\u0161en 13. avgusta na grani\u010dnom prelazu Merdar prilikom prelaska u Srbiju posle 7 \u010dasova ujutru. Sumnja se da je du\u017ee vreme sara\u0111ivao sa Srpskom obave\u0161tajnom agencijom (BIA) i da je odr\u017eavao kontakte sa zvani\u010dnicima ove agencije.<\/p>\n","protected":false},"excerpt":{"rendered":"<p>Pri\u0161tina, 5. septembar 2026. 08:41 Fehim Salji, koga su kosovske vlasti uhapsile zbog sumnje na \u0161pijuna\u017eu, tra\u017eio je upotrebu sile protiv Goranaca da glasaju za<\/p>\n","protected":false},"author":7,"featured_media":64155,"comment_status":"open","ping_status":"open","sticky":false,"template":"","format":"standard","meta":{"footnotes":""},"categories":[30],"tags":[],"class_list":["post-64154","post","type-post","status-publish","format-standard","has-post-thumbnail","hentry","category-drustvo"],"yoast_head":"<!-- This site is optimized with the Yoast SEO plugin v25.3.1 - https:\/\/yoast.com\/wordpress\/plugins\/seo\/ -->\n<title>Osumnji\u010deni za \u0161pijuna\u017eu tra\u017ei od BIA da koristi \u201eglavnog momka\u201c kako bi obezbedio glasove za Vu\u010dic\u0301a -<\/title>\n<meta name=\"robots\" content=\"index, follow, max-snippet:-1, max-image-preview:large, max-video-preview:-1\" \/>\n<link rel=\"canonical\" href=\"https:\/\/veritasinfo.org\/?p=64154&lang=sr\" \/>\n<meta property=\"og:locale\" content=\"en_US\" \/>\n<meta property=\"og:type\" content=\"article\" \/>\n<meta property=\"og:title\" content=\"Osumnji\u010deni za \u0161pijuna\u017eu tra\u017ei od BIA da koristi \u201eglavnog momka\u201c kako bi obezbedio glasove za Vu\u010dic\u0301a -\" \/>\n<meta property=\"og:description\" content=\"Pri\u0161tina, 5. septembar 2026. 08:41 Fehim Salji, koga su kosovske vlasti uhapsile zbog sumnje na \u0161pijuna\u017eu, tra\u017eio je upotrebu sile protiv Goranaca da glasaju za\" \/>\n<meta property=\"og:url\" content=\"https:\/\/veritasinfo.org\/?p=64154&amp;lang=sr\" \/>\n<meta property=\"article:published_time\" content=\"2026-09-05T06:46:25+00:00\" \/>\n<meta property=\"og:image\" content=\"https:\/\/veritasinfo.org\/wp-content\/uploads\/2026\/09\/ed3e6d43-ed92-46fc-a9da-fec7239e6b8a-1.webp\" \/>\n\t<meta property=\"og:image:width\" content=\"1200\" \/>\n\t<meta property=\"og:image:height\" content=\"800\" \/>\n\t<meta property=\"og:image:type\" content=\"image\/webp\" \/>\n<meta name=\"author\" content=\"US6\" \/>\n<meta name=\"twitter:card\" content=\"summary_large_image\" \/>\n<meta name=\"twitter:label1\" content=\"Written by\" \/>\n\t<meta name=\"twitter:data1\" content=\"US6\" \/>\n\t<meta name=\"twitter:label2\" content=\"Est. reading time\" \/>\n\t<meta name=\"twitter:data2\" content=\"4 minutes\" \/>\n<script type=\"application\/ld+json\" class=\"yoast-schema-graph\">{\"@context\":\"https:\/\/schema.org\",\"@graph\":[{\"@type\":\"WebPage\",\"@id\":\"https:\/\/veritasinfo.org\/?p=64154&lang=sr\",\"url\":\"https:\/\/veritasinfo.org\/?p=64154&lang=sr\",\"name\":\"Osumnji\u010deni za \u0161pijuna\u017eu tra\u017ei od BIA da koristi \u201eglavnog momka\u201c kako bi obezbedio glasove za Vu\u010dic\u0301a -\",\"isPartOf\":{\"@id\":\"https:\/\/veritasinfo.org\/#website\"},\"primaryImageOfPage\":{\"@id\":\"https:\/\/veritasinfo.org\/?p=64154&lang=sr#primaryimage\"},\"image\":{\"@id\":\"https:\/\/veritasinfo.org\/?p=64154&lang=sr#primaryimage\"},\"thumbnailUrl\":\"https:\/\/veritasinfo.org\/wp-content\/uploads\/2026\/09\/ed3e6d43-ed92-46fc-a9da-fec7239e6b8a-1.webp\",\"datePublished\":\"2026-09-05T06:46:25+00:00\",\"author\":{\"@id\":\"https:\/\/veritasinfo.org\/#\/schema\/person\/fe199eede04c3937362892b7444747cc\"},\"breadcrumb\":{\"@id\":\"https:\/\/veritasinfo.org\/?p=64154&lang=sr#breadcrumb\"},\"inLanguage\":\"en-US\",\"potentialAction\":[{\"@type\":\"ReadAction\",\"target\":[\"https:\/\/veritasinfo.org\/?p=64154&lang=sr\"]}]},{\"@type\":\"ImageObject\",\"inLanguage\":\"en-US\",\"@id\":\"https:\/\/veritasinfo.org\/?p=64154&lang=sr#primaryimage\",\"url\":\"https:\/\/veritasinfo.org\/wp-content\/uploads\/2026\/09\/ed3e6d43-ed92-46fc-a9da-fec7239e6b8a-1.webp\",\"contentUrl\":\"https:\/\/veritasinfo.org\/wp-content\/uploads\/2026\/09\/ed3e6d43-ed92-46fc-a9da-fec7239e6b8a-1.webp\",\"width\":1200,\"height\":800},{\"@type\":\"BreadcrumbList\",\"@id\":\"https:\/\/veritasinfo.org\/?p=64154&lang=sr#breadcrumb\",\"itemListElement\":[{\"@type\":\"ListItem\",\"position\":1,\"name\":\"Home\",\"item\":\"https:\/\/veritasinfo.org\/\"},{\"@type\":\"ListItem\",\"position\":2,\"name\":\"Osumnji\u010deni za \u0161pijuna\u017eu tra\u017ei od BIA da koristi \u201eglavnog momka\u201c kako bi obezbedio glasove za Vu\u010dic\u0301a\"}]},{\"@type\":\"WebSite\",\"@id\":\"https:\/\/veritasinfo.org\/#website\",\"url\":\"https:\/\/veritasinfo.org\/\",\"name\":\"\",\"description\":\"\",\"potentialAction\":[{\"@type\":\"SearchAction\",\"target\":{\"@type\":\"EntryPoint\",\"urlTemplate\":\"https:\/\/veritasinfo.org\/?s={search_term_string}\"},\"query-input\":{\"@type\":\"PropertyValueSpecification\",\"valueRequired\":true,\"valueName\":\"search_term_string\"}}],\"inLanguage\":\"en-US\"},{\"@type\":\"Person\",\"@id\":\"https:\/\/veritasinfo.org\/#\/schema\/person\/fe199eede04c3937362892b7444747cc\",\"name\":\"US6\",\"image\":{\"@type\":\"ImageObject\",\"inLanguage\":\"en-US\",\"@id\":\"https:\/\/veritasinfo.org\/#\/schema\/person\/image\/\",\"url\":\"https:\/\/secure.gravatar.com\/avatar\/cb16c3c31c9d23b9b8c705964598220b3014e42ff51eb540ff23cefa3ae8c15f?s=96&d=mm&r=g\",\"contentUrl\":\"https:\/\/secure.gravatar.com\/avatar\/cb16c3c31c9d23b9b8c705964598220b3014e42ff51eb540ff23cefa3ae8c15f?s=96&d=mm&r=g\",\"caption\":\"US6\"},\"url\":\"https:\/\/veritasinfo.org\/?author=7\"}]}<\/script>\n<!-- \/ Yoast SEO plugin. -->","yoast_head_json":{"title":"Osumnji\u010deni za \u0161pijuna\u017eu tra\u017ei od BIA da koristi \u201eglavnog momka\u201c kako bi obezbedio glasove za Vu\u010dic\u0301a -","robots":{"index":"index","follow":"follow","max-snippet":"max-snippet:-1","max-image-preview":"max-image-preview:large","max-video-preview":"max-video-preview:-1"},"canonical":"https:\/\/veritasinfo.org\/?p=64154&lang=sr","og_locale":"en_US","og_type":"article","og_title":"Osumnji\u010deni za \u0161pijuna\u017eu tra\u017ei od BIA da koristi \u201eglavnog momka\u201c kako bi obezbedio glasove za Vu\u010dic\u0301a -","og_description":"Pri\u0161tina, 5. septembar 2026. 08:41 Fehim Salji, koga su kosovske vlasti uhapsile zbog sumnje na \u0161pijuna\u017eu, tra\u017eio je upotrebu sile protiv Goranaca da glasaju za","og_url":"https:\/\/veritasinfo.org\/?p=64154&lang=sr","article_published_time":"2026-09-05T06:46:25+00:00","og_image":[{"width":1200,"height":800,"url":"https:\/\/veritasinfo.org\/wp-content\/uploads\/2026\/09\/ed3e6d43-ed92-46fc-a9da-fec7239e6b8a-1.webp","type":"image\/webp"}],"author":"US6","twitter_card":"summary_large_image","twitter_misc":{"Written by":"US6","Est. reading time":"4 minutes"},"schema":{"@context":"https:\/\/schema.org","@graph":[{"@type":"WebPage","@id":"https:\/\/veritasinfo.org\/?p=64154&lang=sr","url":"https:\/\/veritasinfo.org\/?p=64154&lang=sr","name":"Osumnji\u010deni za \u0161pijuna\u017eu tra\u017ei od BIA da koristi \u201eglavnog momka\u201c kako bi obezbedio glasove za Vu\u010dic\u0301a -","isPartOf":{"@id":"https:\/\/veritasinfo.org\/#website"},"primaryImageOfPage":{"@id":"https:\/\/veritasinfo.org\/?p=64154&lang=sr#primaryimage"},"image":{"@id":"https:\/\/veritasinfo.org\/?p=64154&lang=sr#primaryimage"},"thumbnailUrl":"https:\/\/veritasinfo.org\/wp-content\/uploads\/2026\/09\/ed3e6d43-ed92-46fc-a9da-fec7239e6b8a-1.webp","datePublished":"2026-09-05T06:46:25+00:00","author":{"@id":"https:\/\/veritasinfo.org\/#\/schema\/person\/fe199eede04c3937362892b7444747cc"},"breadcrumb":{"@id":"https:\/\/veritasinfo.org\/?p=64154&lang=sr#breadcrumb"},"inLanguage":"en-US","potentialAction":[{"@type":"ReadAction","target":["https:\/\/veritasinfo.org\/?p=64154&lang=sr"]}]},{"@type":"ImageObject","inLanguage":"en-US","@id":"https:\/\/veritasinfo.org\/?p=64154&lang=sr#primaryimage","url":"https:\/\/veritasinfo.org\/wp-content\/uploads\/2026\/09\/ed3e6d43-ed92-46fc-a9da-fec7239e6b8a-1.webp","contentUrl":"https:\/\/veritasinfo.org\/wp-content\/uploads\/2026\/09\/ed3e6d43-ed92-46fc-a9da-fec7239e6b8a-1.webp","width":1200,"height":800},{"@type":"BreadcrumbList","@id":"https:\/\/veritasinfo.org\/?p=64154&lang=sr#breadcrumb","itemListElement":[{"@type":"ListItem","position":1,"name":"Home","item":"https:\/\/veritasinfo.org\/"},{"@type":"ListItem","position":2,"name":"Osumnji\u010deni za \u0161pijuna\u017eu tra\u017ei od BIA da koristi \u201eglavnog momka\u201c kako bi obezbedio glasove za Vu\u010dic\u0301a"}]},{"@type":"WebSite","@id":"https:\/\/veritasinfo.org\/#website","url":"https:\/\/veritasinfo.org\/","name":"","description":"","potentialAction":[{"@type":"SearchAction","target":{"@type":"EntryPoint","urlTemplate":"https:\/\/veritasinfo.org\/?s={search_term_string}"},"query-input":{"@type":"PropertyValueSpecification","valueRequired":true,"valueName":"search_term_string"}}],"inLanguage":"en-US"},{"@type":"Person","@id":"https:\/\/veritasinfo.org\/#\/schema\/person\/fe199eede04c3937362892b7444747cc","name":"US6","image":{"@type":"ImageObject","inLanguage":"en-US","@id":"https:\/\/veritasinfo.org\/#\/schema\/person\/image\/","url":"https:\/\/secure.gravatar.com\/avatar\/cb16c3c31c9d23b9b8c705964598220b3014e42ff51eb540ff23cefa3ae8c15f?s=96&d=mm&r=g","contentUrl":"https:\/\/secure.gravatar.com\/avatar\/cb16c3c31c9d23b9b8c705964598220b3014e42ff51eb540ff23cefa3ae8c15f?s=96&d=mm&r=g","caption":"US6"},"url":"https:\/\/veritasinfo.org\/?author=7"}]}},"featured_image_urls":{"full":["https:\/\/veritasinfo.org\/wp-content\/uploads\/2026\/09\/ed3e6d43-ed92-46fc-a9da-fec7239e6b8a-1.webp",1200,800,false],"thumbnail":["https:\/\/veritasinfo.org\/wp-content\/uploads\/2026\/09\/ed3e6d43-ed92-46fc-a9da-fec7239e6b8a-1-150x150.webp",150,150,true],"medium":["https:\/\/veritasinfo.org\/wp-content\/uploads\/2026\/09\/ed3e6d43-ed92-46fc-a9da-fec7239e6b8a-1-300x200.webp",300,200,true],"medium_large":["https:\/\/veritasinfo.org\/wp-content\/uploads\/2026\/09\/ed3e6d43-ed92-46fc-a9da-fec7239e6b8a-1-768x512.webp",640,427,true],"large":["https:\/\/veritasinfo.org\/wp-content\/uploads\/2026\/09\/ed3e6d43-ed92-46fc-a9da-fec7239e6b8a-1-1024x683.webp",640,427,true],"1536x1536":["https:\/\/veritasinfo.org\/wp-content\/uploads\/2026\/09\/ed3e6d43-ed92-46fc-a9da-fec7239e6b8a-1.webp",1200,800,false],"2048x2048":["https:\/\/veritasinfo.org\/wp-content\/uploads\/2026\/09\/ed3e6d43-ed92-46fc-a9da-fec7239e6b8a-1.webp",1200,800,false],"kreeti-slider-full":["https:\/\/veritasinfo.org\/wp-content\/uploads\/2026\/09\/ed3e6d43-ed92-46fc-a9da-fec7239e6b8a-1-1200x720.webp",1200,720,true],"kreeti-featured":["https:\/\/veritasinfo.org\/wp-content\/uploads\/2026\/09\/ed3e6d43-ed92-46fc-a9da-fec7239e6b8a-1-1024x683.webp",1024,683,true],"kreeti-medium":["https:\/\/veritasinfo.org\/wp-content\/uploads\/2026\/09\/ed3e6d43-ed92-46fc-a9da-fec7239e6b8a-1-720x530.webp",720,530,true],"kreeti-medium-square":["https:\/\/veritasinfo.org\/wp-content\/uploads\/2026\/09\/ed3e6d43-ed92-46fc-a9da-fec7239e6b8a-1-350x350.webp",350,350,true]},"author_info":{"info":["US6"]},"category_info":"<a href=\"https:\/\/veritasinfo.org\/?cat=30&#038;lang=sr\" rel=\"category\">Dru\u0161tvo<\/a>","tag_info":"Dru\u0161tvo","comment_count":"0","_links":{"self":[{"href":"https:\/\/veritasinfo.org\/index.php?rest_route=\/wp\/v2\/posts\/64154","targetHints":{"allow":["GET"]}}],"collection":[{"href":"https:\/\/veritasinfo.org\/index.php?rest_route=\/wp\/v2\/posts"}],"about":[{"href":"https:\/\/veritasinfo.org\/index.php?rest_route=\/wp\/v2\/types\/post"}],"author":[{"embeddable":true,"href":"https:\/\/veritasinfo.org\/index.php?rest_route=\/wp\/v2\/users\/7"}],"replies":[{"embeddable":true,"href":"https:\/\/veritasinfo.org\/index.php?rest_route=%2Fwp%2Fv2%2Fcomments&post=64154"}],"version-history":[{"count":1,"href":"https:\/\/veritasinfo.org\/index.php?rest_route=\/wp\/v2\/posts\/64154\/revisions"}],"predecessor-version":[{"id":64156,"href":"https:\/\/veritasinfo.org\/index.php?rest_route=\/wp\/v2\/posts\/64154\/revisions\/64156"}],"wp:featuredmedia":[{"embeddable":true,"href":"https:\/\/veritasinfo.org\/index.php?rest_route=\/wp\/v2\/media\/64155"}],"wp:attachment":[{"href":"https:\/\/veritasinfo.org\/index.php?rest_route=%2Fwp%2Fv2%2Fmedia&parent=64154"}],"wp:term":[{"taxonomy":"category","embeddable":true,"href":"https:\/\/veritasinfo.org\/index.php?rest_route=%2Fwp%2Fv2%2Fcategories&post=64154"},{"taxonomy":"post_tag","embeddable":true,"href":"https:\/\/veritasinfo.org\/index.php?rest_route=%2Fwp%2Fv2%2Ftags&post=64154"}],"curies":[{"name":"wp","href":"https:\/\/api.w.org\/{rel}","templated":true}]}}