{"id":64150,"date":"2026-09-05T08:42:42","date_gmt":"2026-09-05T06:42:42","guid":{"rendered":"https:\/\/veritasinfo.org\/?p=64150"},"modified":"2026-09-05T08:43:29","modified_gmt":"2026-09-05T06:43:29","slug":"i-dyshuari-per-spiunazh-i-ka-kerkuar-bia-s-qe-te-perdore-dajakun-per-te-siguruar-votat-per-vuciqin","status":"publish","type":"post","link":"https:\/\/veritasinfo.org\/?p=64150","title":{"rendered":"I dyshuari p\u00ebr spiunazh i ka k\u00ebrkuar BIA-s q\u00eb t\u00eb p\u00ebrdor\u00eb \u201cdajakun\u201d p\u00ebr t\u00eb siguruar votat p\u00ebr Vu\u00e7iqin"},"content":{"rendered":"<p>Prishtin\u00eb, 5 shtator 2026 08:41<\/p>\n<p>Fehim Sali, i arrestuar nga autoritetet e Kosov\u00ebs me dyshimin p\u00ebr spiunazh kishte k\u00ebrkuar q\u00eb t\u00eb p\u00ebrdoret edhe detyrimi me forc\u00eb ndaj goran\u00ebve p\u00ebr t\u00eb votuar p\u00ebr Vu\u00e7iqin dhe partin\u00eb e tij &#8211; SNS. Sali q\u00eb gjendet n\u00eb paraburgim dhe ka pranuar se \u00ebsht\u00eb rekrutuar nga sh\u00ebrbimi serb, gjat\u00eb nj\u00eb bisede telefonike me nj\u00eb zyrtar t\u00eb BIA-s, i tregon atij p\u00ebr list\u00ebn e votuesve dhe p\u00ebr personat q\u00eb po refuzojn\u00eb ta votojn\u00eb Vu\u00e7iqin. Avokati i Salit, i angazhuar nj\u00eb dit\u00eb m\u00eb par\u00eb, Ahmer Alia, nuk ka dashur t\u00eb komentoj\u00eb lidhur me aktivitetin e klientit t\u00eb tij. Para se t\u00eb angazhohet Alia, nga mbrojtja dhe me k\u00ebrkes\u00eb t\u00eb familjes s\u00eb tij jan\u00eb t\u00ebrhequr tre avokat\u00eb<\/p>\n<p>I dyshuari p\u00ebr spiunazh, Fehim Sali, nuk ka kryer vet\u00ebm veprime informuese p\u00ebr Agjencin\u00eb e Siguris\u00eb dhe Informacionit t\u00eb Serbis\u00eb (BIA), por ka qen\u00eb i angazhuar n\u00eb Kosov\u00eb edhe p\u00ebr q\u00ebllime elektorale.<\/p>\n<p>Nga nj\u00eb audioincizim t\u00eb cilin e ka siguruar KOHA, d\u00ebgjohet se si Sali i ofronte informacione zyrtarit t\u00eb lart\u00eb t\u00eb BIA-s, Zhelimir Matoviq, lidhur me regjistrimin e personave nga komuniteti goran n\u00eb Kosov\u00eb n\u00eb list\u00ebn zgjedhore dhe angazhimin e tij q\u00eb t\u00eb nj\u00ebjtit t\u00eb votojn\u00eb presidentin serb, Aleksand\u00ebr Vu\u00e7iq dhe partin\u00eb e tij, n\u00eb zgjedhjet e vitit 2024.<\/p>\n<p>Gjat\u00eb bised\u00ebs s\u00eb \u201cp\u00ebrgjuar\u201d, Sali i jepte Matoviqit detaje rreth procesit, madje i tregon p\u00ebr personat t\u00eb cil\u00ebt nuk pranuan t\u00eb n\u00ebnshkruajn\u00eb.<\/p>\n<p>\u201cHalo, si je, a t\u00eb kam mir\u00eb? Ja asgj\u00eb, un\u00eb jam posht\u00eb n\u00eb Gore, gjith\u00e7ka OK, tash po i paketoj k\u00ebto letrat te cilat m\u2019i ka dh\u00ebn\u00eb Nikolla, por n\u00eb nj\u00eb m\u00ebnyr\u00eb m\u00eb ndryshe duhet t\u00eb b\u00ebhet kjo. Dhe tani, s\u00eb pari po i kaloj k\u00ebto q\u00eb m\u2019i dha (nuk kuptohet), nd\u00ebrsa n\u00eb nd\u00ebrkoh\u00eb i kompletoj, dhe i kam t\u00eb shkruara me dor\u00eb kush ka th\u00ebn\u00eb \u201cJO\u201d, pasi q\u00eb ashtu \u00ebsht\u00eb e cekur por \u00e7far\u00eb t\u00eb b\u00ebjm\u00eb\u201d, i thot\u00eb Sali Matoviqit.<\/p>\n<p>N\u00eb bised\u00ebn me oficerin e BIA-s, Sali d\u00ebgjohet duke i rekomanduar atij q\u00eb disa gj\u00ebra t\u00eb shtyhen edhe me p\u00ebrdorimin e forc\u00ebs.<\/p>\n<p>\u201cEpo tash shiqo, bre, \u00e7far\u00eb t\u00eb them. Hajde n\u00ebse mundemi, b\u00ebje, b\u00ebje, edhe me presion edhe dajak, gjith\u00e7ka, por vet\u00ebm p\u00ebr t\u00eb mir\u00eb. Sepse v\u00eblla kam hyr\u00eb, kam hyr\u00eb p\u00ebr&#8230; kemi th\u00ebn\u00eb, p\u00ebr SNS, p\u00ebr Vu\u00e7iqin. Ti je luft\u00ebtar i madh, i kombinon t\u00eb gjitha, dhe tani pasi i kemi hyr\u00eb k\u00ebsaj pune, un\u00eb jam i gatsh\u00ebm t\u00eb&#8230; un\u00eb i kam hyr\u00eb k\u00ebsaj pune q\u00eb t\u00eb fitoj, nuk e dua vendin e dyt\u00eb\u201d, jan\u00eb fjal\u00ebt e Salit.<\/p>\n<p>Fehim Sali \u00ebsht\u00eb themelues i OJQ \u201cMoja Gora\u201d, n\u00ebp\u00ebrmjet s\u00eb cil\u00ebs dyshohet se ka mbledhur vota p\u00ebr partin\u00eb e Vu\u00e7iqit, p\u00ebr zgjedhjet e vitit 2024. KOHA p\u00ebrve\u00e7 audioin\u00e7izimit, ka siguruar edhe fotografi, ku p\u00ebrve\u00e7 me listat e votuesve, t\u00eb cilat Sali i kishte shtypur p\u00ebr t\u00eb siguruar n\u00ebnshkrime p\u00ebr SNS-n, \u00ebsht\u00eb dhe fotografia q\u00eb ai e kishte b\u00ebr\u00eb me vot\u00ebn e tij p\u00ebr Vu\u00e7iqin. Edhe pak dit\u00eb para se t\u00eb arrestohej ai ishte angazhuar p\u00ebr t\u00eb siguruar vota t\u00eb goran\u00ebve n\u00eb Kosov\u00eb p\u00ebr SNS-n\u00eb, p\u00ebrkat\u00ebsisht p\u00ebr zgjedhjet parlamentare q\u00eb do t\u00eb mbahen n\u00eb Serbi m\u00eb 25 tetor t\u00eb k\u00ebtij viti.<\/p>\n<p>\u201cUn\u00eb do t\u00eb p\u00ebrpiqem t\u00eb b\u00ebj sa m\u00eb shum\u00eb, edhe diku jasht\u00eb me siguri na vyen t\u2019ia d\u00ebrgoj vetes n\u00eb mail (nuk kuptohet) dhe ne Beograd kur t\u00eb vij (nuk kuptohet) t\u2019ua jepi fizikisht. Sepse, a di \u00e7far\u00eb kam frik\u00eb, p\u00ebrmes kufirit, t\u00eb gjitha k\u00ebto gj\u00ebra mos po m\u2019i zbulojn\u00eb\u201d, i ka th\u00ebn\u00eb Sali shefit t\u00eb tij.<\/p>\n<p>Fehim Sali nga 14 gushti gjendet n\u00eb paraburgim. N\u00eb k\u00ebrkes\u00ebn e Prokuroris\u00eb p\u00ebr k\u00ebt\u00eb mas\u00eb thuhet se ai n\u00eb cil\u00ebsin\u00eb e personit t\u00eb rekrutuar nga BIA ka ofruar informacione p\u00ebr situat\u00ebn politike n\u00eb Kosov\u00eb, ka b\u00ebr\u00eb identifikimin e zyrtar\u00ebve t\u00eb AKI-s\u00eb p\u00ebrmes fotografimit t\u00eb tyre, ka ofruar informacione t\u00eb personave q\u00eb i p\u00ebrkasin sektit vehabi dhe personave t\u00eb tjer\u00eb, e t\u00eb cil\u00ebt m\u00eb pas i ka propozuar si objektiva p\u00ebr kontaktim dhe rekrutim.<\/p>\n<p>N\u00eb arsyetimin e prokuroris\u00eb po ashtu thuhet se Sali ka mbajtur kontakte me persona me ndikim politik dhe shoq\u00ebror n\u00eb Serbi dhe n\u00eb Kosov\u00eb nga komunitetet joshumic\u00eb, duke u ofruar udh\u00ebzime dhe orientime p\u00ebr m\u00ebnyr\u00ebn e veprimit politik.<\/p>\n<p>Avokati Ahmer Alia, i cili th\u00ebn\u00eb se nj\u00eb dit\u00eb m\u00eb par\u00eb \u00ebsht\u00eb angazhuar p\u00ebr mbrojtjen e Salit, nuk ka dashur t\u00eb komentoj\u00eb lidhur me angazhimin e t\u00eb dyshuarit p\u00ebr spiunazh n\u00eb zgjedhjet n\u00eb Kosov\u00eb dhe n\u00eb Serbi, si dhe dyshimet tjera t\u00eb ngritura nga prokuroria.<\/p>\n<p>Para se t\u00eb angazhohet Alia, avokat\u00ebt Zahir Smajli, Berhil Shasivari dhe Ajro Alia jan\u00eb t\u00ebrhequr nga mbrojtja. Avokati Smajli ka th\u00ebn\u00eb se zyra e tij ka d\u00ebrguar shkresat n\u00eb gjykat\u00eb p\u00ebr t\u00ebrheqje, pasi zyra e tij \u00ebsht\u00eb revokuar. Nd\u00ebrsa, avokati Berhil Shasivari, theksoi se revokimi \u00ebsht\u00eb b\u00ebr\u00eb nga bashk\u00ebshortja e Fehim Salit.<\/p>\n<p>Lidhur me procedurat e hetimit KOHA ka d\u00ebrguar pyetje n\u00eb prokurori, por gjat\u00eb dit\u00ebs ajo nuk ka kthyer p\u00ebrgjigje.<\/p>\n<p>Sali u arrestua m\u00eb 13 gusht, n\u00eb pik\u00ebn kufitare n\u00eb Merdar teksa po kalonte n\u00eb Serbi pas or\u00ebs 7 t\u00eb m\u00ebngjesit. Ai dyshohet se p\u00ebr nj\u00eb periudh\u00eb t\u00eb gjat\u00eb ka bashk\u00ebpunuar me Agjencin\u00eb serbe t\u00eb Inteligjenc\u00ebs (BIA) dhe se ka mbajtur kontakte me zyrtar\u00eb t\u00eb k\u00ebsaj agjencie.<\/p>\n<p>Pas arrestimit, Policia dhe Prokuroria Speciale ka bastisur sht\u00ebpin\u00eb e t\u00eb dyshuarit n\u00eb Dragash, ku jan\u00eb gjetur dhe sekuestruar prova materiale.<\/p>\n<p>Ai punonte si arsimtar n\u00eb shkoll\u00ebn serbe \u201c9 Maji\u201d n\u00eb fshatin Rap\u00e7\u00eb t\u00eb Dragashit. M\u00eb her\u00ebt ka qen\u00eb i angazhuar p\u00ebr dy mandate n\u00eb K\u00ebshillin Konsultativ p\u00ebr Komunitete brenda Presidenc\u00ebs s\u00eb Kosov\u00ebs. Nga pozita n\u00eb K\u00ebshillin Konsultativ p\u00ebr Komunitete ishte shkarkuar n\u00eb vitin 2024.<\/p>\n<p>N\u00eb mars t\u00eb vitit 2021, KOHA pati raportuar se Fehim Sali ishte suspenduar nga puna e tij si m\u00ebsues n\u00eb shkoll\u00ebn fillore \u201c9 Maji\u201d, pasi kishte shpallur kandidatur\u00ebn n\u00eb list\u00ebn e subjektit goran \u201cZajedno\u201d.<\/p>\n<p>N\u00eb nj\u00eb deklarat\u00eb publike Sali kishte th\u00ebn\u00eb se \u00ebsht\u00eb k\u00ebrc\u00ebnuar dhe p\u00ebrballur me presion nga subjekti tjet\u00ebr goran, JGP, e q\u00eb sipas tij, g\u00ebzonte mb\u00ebshtetje t\u00eb strukturave paralele n\u00eb Dragash, si dhe t\u00eb List\u00ebs Serbe. P\u00ebr ato k\u00ebrc\u00ebnime e kishte p\u00ebrmendur edhe emrin e ish-deputetes s\u00eb List\u00ebs Serbe, Jasmina Dediq.<\/p>\n<p>Sali ishte kthyer m\u00eb pas n\u00eb pun\u00eb, nd\u00ebrkaq KOHA ishte informuar se hetimi ishte mbyllur p\u00ebr shkak se ai nuk kishte qen\u00eb i gatsh\u00ebm t\u00eb d\u00ebshmonte pas rikthimit n\u00eb pun\u00eb.<\/p>\n<p>Para autoriteteve t\u00eb drejt\u00ebsis\u00eb s\u00eb Kosov\u00ebs, i dyshuari p\u00ebr spiunazh e ka pranuar se ishte rekrutuar nga Sh\u00ebrbimi Inteligjent i Serbis\u00eb.<\/p>\n<p>&nbsp;<\/p>\n<p>&nbsp;<\/p>\n","protected":false},"excerpt":{"rendered":"<p>Prishtin\u00eb, 5 shtator 2026 08:41 Fehim Sali, i arrestuar nga autoritetet e Kosov\u00ebs me dyshimin p\u00ebr spiunazh kishte k\u00ebrkuar q\u00eb t\u00eb p\u00ebrdoret edhe detyrimi me<\/p>\n","protected":false},"author":7,"featured_media":64151,"comment_status":"open","ping_status":"open","sticky":false,"template":"","format":"standard","meta":{"footnotes":""},"categories":[60],"tags":[],"class_list":["post-64150","post","type-post","status-publish","format-standard","has-post-thumbnail","hentry","category-shoqerore-sq"],"yoast_head":"<!-- This site is optimized with the Yoast SEO plugin v25.3.1 - https:\/\/yoast.com\/wordpress\/plugins\/seo\/ -->\n<title>I dyshuari p\u00ebr spiunazh i ka k\u00ebrkuar BIA-s q\u00eb t\u00eb p\u00ebrdor\u00eb \u201cdajakun\u201d p\u00ebr t\u00eb siguruar votat p\u00ebr Vu\u00e7iqin -<\/title>\n<meta name=\"robots\" content=\"index, follow, max-snippet:-1, max-image-preview:large, max-video-preview:-1\" \/>\n<link rel=\"canonical\" href=\"https:\/\/veritasinfo.org\/?p=64150\" \/>\n<meta property=\"og:locale\" content=\"en_US\" \/>\n<meta property=\"og:type\" content=\"article\" \/>\n<meta property=\"og:title\" content=\"I dyshuari p\u00ebr spiunazh i ka k\u00ebrkuar BIA-s q\u00eb t\u00eb p\u00ebrdor\u00eb \u201cdajakun\u201d p\u00ebr t\u00eb siguruar votat p\u00ebr Vu\u00e7iqin -\" \/>\n<meta property=\"og:description\" content=\"Prishtin\u00eb, 5 shtator 2026 08:41 Fehim Sali, i arrestuar nga autoritetet e Kosov\u00ebs me dyshimin p\u00ebr spiunazh kishte k\u00ebrkuar q\u00eb t\u00eb p\u00ebrdoret edhe detyrimi me\" \/>\n<meta property=\"og:url\" content=\"https:\/\/veritasinfo.org\/?p=64150\" \/>\n<meta property=\"article:published_time\" content=\"2026-09-05T06:42:42+00:00\" \/>\n<meta property=\"article:modified_time\" content=\"2026-09-05T06:43:29+00:00\" \/>\n<meta property=\"og:image\" content=\"https:\/\/veritasinfo.org\/wp-content\/uploads\/2026\/09\/ed3e6d43-ed92-46fc-a9da-fec7239e6b8a.webp\" \/>\n\t<meta property=\"og:image:width\" content=\"1200\" \/>\n\t<meta property=\"og:image:height\" content=\"800\" \/>\n\t<meta property=\"og:image:type\" content=\"image\/webp\" \/>\n<meta name=\"author\" content=\"US6\" \/>\n<meta name=\"twitter:card\" content=\"summary_large_image\" \/>\n<meta name=\"twitter:label1\" content=\"Written by\" \/>\n\t<meta name=\"twitter:data1\" content=\"US6\" \/>\n\t<meta name=\"twitter:label2\" content=\"Est. reading time\" \/>\n\t<meta name=\"twitter:data2\" content=\"5 minutes\" \/>\n<script type=\"application\/ld+json\" class=\"yoast-schema-graph\">{\"@context\":\"https:\/\/schema.org\",\"@graph\":[{\"@type\":\"WebPage\",\"@id\":\"https:\/\/veritasinfo.org\/?p=64150\",\"url\":\"https:\/\/veritasinfo.org\/?p=64150\",\"name\":\"I dyshuari p\u00ebr spiunazh i ka k\u00ebrkuar BIA-s q\u00eb t\u00eb p\u00ebrdor\u00eb \u201cdajakun\u201d p\u00ebr t\u00eb siguruar votat p\u00ebr Vu\u00e7iqin -\",\"isPartOf\":{\"@id\":\"https:\/\/veritasinfo.org\/#website\"},\"primaryImageOfPage\":{\"@id\":\"https:\/\/veritasinfo.org\/?p=64150#primaryimage\"},\"image\":{\"@id\":\"https:\/\/veritasinfo.org\/?p=64150#primaryimage\"},\"thumbnailUrl\":\"https:\/\/veritasinfo.org\/wp-content\/uploads\/2026\/09\/ed3e6d43-ed92-46fc-a9da-fec7239e6b8a.webp\",\"datePublished\":\"2026-09-05T06:42:42+00:00\",\"dateModified\":\"2026-09-05T06:43:29+00:00\",\"author\":{\"@id\":\"https:\/\/veritasinfo.org\/#\/schema\/person\/fe199eede04c3937362892b7444747cc\"},\"breadcrumb\":{\"@id\":\"https:\/\/veritasinfo.org\/?p=64150#breadcrumb\"},\"inLanguage\":\"en-US\",\"potentialAction\":[{\"@type\":\"ReadAction\",\"target\":[\"https:\/\/veritasinfo.org\/?p=64150\"]}]},{\"@type\":\"ImageObject\",\"inLanguage\":\"en-US\",\"@id\":\"https:\/\/veritasinfo.org\/?p=64150#primaryimage\",\"url\":\"https:\/\/veritasinfo.org\/wp-content\/uploads\/2026\/09\/ed3e6d43-ed92-46fc-a9da-fec7239e6b8a.webp\",\"contentUrl\":\"https:\/\/veritasinfo.org\/wp-content\/uploads\/2026\/09\/ed3e6d43-ed92-46fc-a9da-fec7239e6b8a.webp\",\"width\":1200,\"height\":800},{\"@type\":\"BreadcrumbList\",\"@id\":\"https:\/\/veritasinfo.org\/?p=64150#breadcrumb\",\"itemListElement\":[{\"@type\":\"ListItem\",\"position\":1,\"name\":\"Home\",\"item\":\"https:\/\/veritasinfo.org\/\"},{\"@type\":\"ListItem\",\"position\":2,\"name\":\"I dyshuari p\u00ebr spiunazh i ka k\u00ebrkuar BIA-s q\u00eb t\u00eb p\u00ebrdor\u00eb \u201cdajakun\u201d p\u00ebr t\u00eb siguruar votat p\u00ebr Vu\u00e7iqin\"}]},{\"@type\":\"WebSite\",\"@id\":\"https:\/\/veritasinfo.org\/#website\",\"url\":\"https:\/\/veritasinfo.org\/\",\"name\":\"\",\"description\":\"\",\"potentialAction\":[{\"@type\":\"SearchAction\",\"target\":{\"@type\":\"EntryPoint\",\"urlTemplate\":\"https:\/\/veritasinfo.org\/?s={search_term_string}\"},\"query-input\":{\"@type\":\"PropertyValueSpecification\",\"valueRequired\":true,\"valueName\":\"search_term_string\"}}],\"inLanguage\":\"en-US\"},{\"@type\":\"Person\",\"@id\":\"https:\/\/veritasinfo.org\/#\/schema\/person\/fe199eede04c3937362892b7444747cc\",\"name\":\"US6\",\"image\":{\"@type\":\"ImageObject\",\"inLanguage\":\"en-US\",\"@id\":\"https:\/\/veritasinfo.org\/#\/schema\/person\/image\/\",\"url\":\"https:\/\/secure.gravatar.com\/avatar\/cb16c3c31c9d23b9b8c705964598220b3014e42ff51eb540ff23cefa3ae8c15f?s=96&d=mm&r=g\",\"contentUrl\":\"https:\/\/secure.gravatar.com\/avatar\/cb16c3c31c9d23b9b8c705964598220b3014e42ff51eb540ff23cefa3ae8c15f?s=96&d=mm&r=g\",\"caption\":\"US6\"},\"url\":\"https:\/\/veritasinfo.org\/?author=7\"}]}<\/script>\n<!-- \/ Yoast SEO plugin. -->","yoast_head_json":{"title":"I dyshuari p\u00ebr spiunazh i ka k\u00ebrkuar BIA-s q\u00eb t\u00eb p\u00ebrdor\u00eb \u201cdajakun\u201d p\u00ebr t\u00eb siguruar votat p\u00ebr Vu\u00e7iqin -","robots":{"index":"index","follow":"follow","max-snippet":"max-snippet:-1","max-image-preview":"max-image-preview:large","max-video-preview":"max-video-preview:-1"},"canonical":"https:\/\/veritasinfo.org\/?p=64150","og_locale":"en_US","og_type":"article","og_title":"I dyshuari p\u00ebr spiunazh i ka k\u00ebrkuar BIA-s q\u00eb t\u00eb p\u00ebrdor\u00eb \u201cdajakun\u201d p\u00ebr t\u00eb siguruar votat p\u00ebr Vu\u00e7iqin -","og_description":"Prishtin\u00eb, 5 shtator 2026 08:41 Fehim Sali, i arrestuar nga autoritetet e Kosov\u00ebs me dyshimin p\u00ebr spiunazh kishte k\u00ebrkuar q\u00eb t\u00eb p\u00ebrdoret edhe detyrimi me","og_url":"https:\/\/veritasinfo.org\/?p=64150","article_published_time":"2026-09-05T06:42:42+00:00","article_modified_time":"2026-09-05T06:43:29+00:00","og_image":[{"width":1200,"height":800,"url":"https:\/\/veritasinfo.org\/wp-content\/uploads\/2026\/09\/ed3e6d43-ed92-46fc-a9da-fec7239e6b8a.webp","type":"image\/webp"}],"author":"US6","twitter_card":"summary_large_image","twitter_misc":{"Written by":"US6","Est. reading time":"5 minutes"},"schema":{"@context":"https:\/\/schema.org","@graph":[{"@type":"WebPage","@id":"https:\/\/veritasinfo.org\/?p=64150","url":"https:\/\/veritasinfo.org\/?p=64150","name":"I dyshuari p\u00ebr spiunazh i ka k\u00ebrkuar BIA-s q\u00eb t\u00eb p\u00ebrdor\u00eb \u201cdajakun\u201d p\u00ebr t\u00eb siguruar votat p\u00ebr Vu\u00e7iqin -","isPartOf":{"@id":"https:\/\/veritasinfo.org\/#website"},"primaryImageOfPage":{"@id":"https:\/\/veritasinfo.org\/?p=64150#primaryimage"},"image":{"@id":"https:\/\/veritasinfo.org\/?p=64150#primaryimage"},"thumbnailUrl":"https:\/\/veritasinfo.org\/wp-content\/uploads\/2026\/09\/ed3e6d43-ed92-46fc-a9da-fec7239e6b8a.webp","datePublished":"2026-09-05T06:42:42+00:00","dateModified":"2026-09-05T06:43:29+00:00","author":{"@id":"https:\/\/veritasinfo.org\/#\/schema\/person\/fe199eede04c3937362892b7444747cc"},"breadcrumb":{"@id":"https:\/\/veritasinfo.org\/?p=64150#breadcrumb"},"inLanguage":"en-US","potentialAction":[{"@type":"ReadAction","target":["https:\/\/veritasinfo.org\/?p=64150"]}]},{"@type":"ImageObject","inLanguage":"en-US","@id":"https:\/\/veritasinfo.org\/?p=64150#primaryimage","url":"https:\/\/veritasinfo.org\/wp-content\/uploads\/2026\/09\/ed3e6d43-ed92-46fc-a9da-fec7239e6b8a.webp","contentUrl":"https:\/\/veritasinfo.org\/wp-content\/uploads\/2026\/09\/ed3e6d43-ed92-46fc-a9da-fec7239e6b8a.webp","width":1200,"height":800},{"@type":"BreadcrumbList","@id":"https:\/\/veritasinfo.org\/?p=64150#breadcrumb","itemListElement":[{"@type":"ListItem","position":1,"name":"Home","item":"https:\/\/veritasinfo.org\/"},{"@type":"ListItem","position":2,"name":"I dyshuari p\u00ebr spiunazh i ka k\u00ebrkuar BIA-s q\u00eb t\u00eb p\u00ebrdor\u00eb \u201cdajakun\u201d p\u00ebr t\u00eb siguruar votat p\u00ebr Vu\u00e7iqin"}]},{"@type":"WebSite","@id":"https:\/\/veritasinfo.org\/#website","url":"https:\/\/veritasinfo.org\/","name":"","description":"","potentialAction":[{"@type":"SearchAction","target":{"@type":"EntryPoint","urlTemplate":"https:\/\/veritasinfo.org\/?s={search_term_string}"},"query-input":{"@type":"PropertyValueSpecification","valueRequired":true,"valueName":"search_term_string"}}],"inLanguage":"en-US"},{"@type":"Person","@id":"https:\/\/veritasinfo.org\/#\/schema\/person\/fe199eede04c3937362892b7444747cc","name":"US6","image":{"@type":"ImageObject","inLanguage":"en-US","@id":"https:\/\/veritasinfo.org\/#\/schema\/person\/image\/","url":"https:\/\/secure.gravatar.com\/avatar\/cb16c3c31c9d23b9b8c705964598220b3014e42ff51eb540ff23cefa3ae8c15f?s=96&d=mm&r=g","contentUrl":"https:\/\/secure.gravatar.com\/avatar\/cb16c3c31c9d23b9b8c705964598220b3014e42ff51eb540ff23cefa3ae8c15f?s=96&d=mm&r=g","caption":"US6"},"url":"https:\/\/veritasinfo.org\/?author=7"}]}},"featured_image_urls":{"full":["https:\/\/veritasinfo.org\/wp-content\/uploads\/2026\/09\/ed3e6d43-ed92-46fc-a9da-fec7239e6b8a.webp",1200,800,false],"thumbnail":["https:\/\/veritasinfo.org\/wp-content\/uploads\/2026\/09\/ed3e6d43-ed92-46fc-a9da-fec7239e6b8a-150x150.webp",150,150,true],"medium":["https:\/\/veritasinfo.org\/wp-content\/uploads\/2026\/09\/ed3e6d43-ed92-46fc-a9da-fec7239e6b8a-300x200.webp",300,200,true],"medium_large":["https:\/\/veritasinfo.org\/wp-content\/uploads\/2026\/09\/ed3e6d43-ed92-46fc-a9da-fec7239e6b8a-768x512.webp",640,427,true],"large":["https:\/\/veritasinfo.org\/wp-content\/uploads\/2026\/09\/ed3e6d43-ed92-46fc-a9da-fec7239e6b8a-1024x683.webp",640,427,true],"1536x1536":["https:\/\/veritasinfo.org\/wp-content\/uploads\/2026\/09\/ed3e6d43-ed92-46fc-a9da-fec7239e6b8a.webp",1200,800,false],"2048x2048":["https:\/\/veritasinfo.org\/wp-content\/uploads\/2026\/09\/ed3e6d43-ed92-46fc-a9da-fec7239e6b8a.webp",1200,800,false],"kreeti-slider-full":["https:\/\/veritasinfo.org\/wp-content\/uploads\/2026\/09\/ed3e6d43-ed92-46fc-a9da-fec7239e6b8a-1200x720.webp",1200,720,true],"kreeti-featured":["https:\/\/veritasinfo.org\/wp-content\/uploads\/2026\/09\/ed3e6d43-ed92-46fc-a9da-fec7239e6b8a-1024x683.webp",1024,683,true],"kreeti-medium":["https:\/\/veritasinfo.org\/wp-content\/uploads\/2026\/09\/ed3e6d43-ed92-46fc-a9da-fec7239e6b8a-720x530.webp",720,530,true],"kreeti-medium-square":["https:\/\/veritasinfo.org\/wp-content\/uploads\/2026\/09\/ed3e6d43-ed92-46fc-a9da-fec7239e6b8a-350x350.webp",350,350,true]},"author_info":{"info":["US6"]},"category_info":"<a href=\"https:\/\/veritasinfo.org\/?cat=60\" rel=\"category\">Shoq\u00ebrore<\/a>","tag_info":"Shoq\u00ebrore","comment_count":"0","_links":{"self":[{"href":"https:\/\/veritasinfo.org\/index.php?rest_route=\/wp\/v2\/posts\/64150","targetHints":{"allow":["GET"]}}],"collection":[{"href":"https:\/\/veritasinfo.org\/index.php?rest_route=\/wp\/v2\/posts"}],"about":[{"href":"https:\/\/veritasinfo.org\/index.php?rest_route=\/wp\/v2\/types\/post"}],"author":[{"embeddable":true,"href":"https:\/\/veritasinfo.org\/index.php?rest_route=\/wp\/v2\/users\/7"}],"replies":[{"embeddable":true,"href":"https:\/\/veritasinfo.org\/index.php?rest_route=%2Fwp%2Fv2%2Fcomments&post=64150"}],"version-history":[{"count":2,"href":"https:\/\/veritasinfo.org\/index.php?rest_route=\/wp\/v2\/posts\/64150\/revisions"}],"predecessor-version":[{"id":64153,"href":"https:\/\/veritasinfo.org\/index.php?rest_route=\/wp\/v2\/posts\/64150\/revisions\/64153"}],"wp:featuredmedia":[{"embeddable":true,"href":"https:\/\/veritasinfo.org\/index.php?rest_route=\/wp\/v2\/media\/64151"}],"wp:attachment":[{"href":"https:\/\/veritasinfo.org\/index.php?rest_route=%2Fwp%2Fv2%2Fmedia&parent=64150"}],"wp:term":[{"taxonomy":"category","embeddable":true,"href":"https:\/\/veritasinfo.org\/index.php?rest_route=%2Fwp%2Fv2%2Fcategories&post=64150"},{"taxonomy":"post_tag","embeddable":true,"href":"https:\/\/veritasinfo.org\/index.php?rest_route=%2Fwp%2Fv2%2Ftags&post=64150"}],"curies":[{"name":"wp","href":"https:\/\/api.w.org\/{rel}","templated":true}]}}