{"id":64147,"date":"2026-09-05T08:28:25","date_gmt":"2026-09-05T06:28:25","guid":{"rendered":"https:\/\/veritasinfo.org\/?p=64147"},"modified":"2026-09-05T08:28:25","modified_gmt":"2026-09-05T06:28:25","slug":"cetiri-kazne-od-po-40-godina-ko-je-milorad-ulemek-ozloglaseni-legija-koji-je-posle-jasarovih-ubio-svoje","status":"publish","type":"post","link":"https:\/\/veritasinfo.org\/?p=64147&lang=sr","title":{"rendered":"\u010cetiri kazne od po 40 godina \u2013 Ko je Milorad Ulemek, ozlogla\u0161eni \u201eLegija\u201c \u2013 koji je posle Ja\u0161arovih ubio svoje"},"content":{"rendered":"<p>Pri\u0161tina, 5. septembar 2026. 08:24<\/p>\n<p>Od 2010. godine nalazi se u zatvoru visoke bezbednosti u Zabeli, u Srbiji.<\/p>\n<p>To je zato \u0161to je Milorad Ulemek \u010detiri puta osu\u0111ivan na 40 godina zatvora.<\/p>\n<p>Ali \u0161ta je osoba poznata kao \u201eLegija\u201c uradila \u0161to je navelo Vi\u0161i sud u Beogradu da mu izrekne ove kazne?<\/p>\n<p>12. marta 2003. godine, \u010dulo se nekoliko pucnjeva na zadnjem ulazu zgrade Vlade Republike Srbije u Beogradu.<\/p>\n<p>Ubrzo se shvatilo da je njihova meta bio sam \u0161ef ove vlade, Zoran \u0110in\u0111ic\u0301, koji je ubijen na licu mesta.<\/p>\n<p>Iako nije bio sam atentator, istrage su otkrile da je nare\u0111enje za atentat na biv\u0161eg premijera Republike Srbije izdao Milorad Ulemek.<\/p>\n<p>To je dokazano i na sudu, jer je Ulemek osu\u0111en na 40 godina zatvora.<\/p>\n<p>I ubrzo se shvatilo da ovo nije bio prvi zlo\u010din ovih razmera za koji je \u201eLegija\u201c bio glavni krivac.<\/p>\n<p>Milorad Ulemek je tako\u0111e bio organizator otmice i ubistva Ivana Stambolic\u0301a, biv\u0161eg predsednika Srbije i \u010doveka koji je ciljao na poziciju Slobodana Milo\u0161evic\u0301a.<\/p>\n<p>Ali, uprkos ovim osudama, za najte\u017ee zlo\u010dine u svom \u017eivotu, \u201eLegija\u201c nikada nije do\u0161ao pred lice pravde.<\/p>\n<p>Po\u010detkom 1990-ih, Ulemek je bio komandant paravojnih jedinica u Hrvatskoj, koje je formirao ozlogla\u0161eni kriminalac \u017deljko Ra\u017enatovic\u0301, poznat kao \u201eArkan\u201c.<\/p>\n<p>Obojica, \u201eArkan\u201c i \u201eLegija\u201c, nastavili su svoje ratne zlo\u010dine protiv civilnog stanovni\u0161tva u bosanskom ratu, gde su vodili akcije protiv nevinih civila, uklju\u010dujuc\u0301i i onu u Bijeljini.<\/p>\n<p>U me\u0111uvremenu, 1998. godine, Legija je tako\u0111e preuzeo odgovornost za jedan od najvec\u0301ih ratnih zlo\u010dina srpske dr\u017eave.<\/p>\n<p>Prema Specijalnom tu\u017eila\u0161tvu Republike Kosovo, on je predvodio akciju na terenu protiv naselja Ja\u0161ari u Prekazu i Skenderaju.<\/p>\n<p>Zapravo, za napad 5. marta 1998. godine, Ulemek je, kao komandant Jedinice za specijalne operacije, doveo svoju jedinicu iz Beograda u Prekaz.<\/p>\n<p>Sve ovo po direktivama Ministarstva unutra\u0161njih poslova Srbije.<\/p>\n<p>Za ovo c\u0301e peta i najte\u017ea kazna za ozlogla\u0161enog srpskog kriminalca, izgleda, biti izre\u010dena u Osnovnom sudu u Pri\u0161tini.<\/p>\n<p>Ali, celokupno su\u0111enje protiv \u201eLegije\u201c i jo\u0161 34 optu\u017eena u ovom slu\u010daju bic\u0301e sprovedeno po pravilima su\u0111enja u odsustvu, buduc\u0301i da Srbija ne izru\u010duje \u010dak ni takve ratne zlo\u010dince da bi se suo\u010dili sa pravdom.<\/p>\n","protected":false},"excerpt":{"rendered":"<p>Pri\u0161tina, 5. septembar 2026. 08:24 Od 2010. godine nalazi se u zatvoru visoke bezbednosti u Zabeli, u Srbiji. To je zato \u0161to je Milorad Ulemek<\/p>\n","protected":false},"author":7,"featured_media":64148,"comment_status":"open","ping_status":"open","sticky":false,"template":"","format":"standard","meta":{"footnotes":""},"categories":[30],"tags":[],"class_list":["post-64147","post","type-post","status-publish","format-standard","has-post-thumbnail","hentry","category-drustvo"],"yoast_head":"<!-- This site is optimized with the Yoast SEO plugin v25.3.1 - https:\/\/yoast.com\/wordpress\/plugins\/seo\/ -->\n<title>\u010cetiri kazne od po 40 godina \u2013 Ko je Milorad Ulemek, ozlogla\u0161eni \u201eLegija\u201c \u2013 koji je posle Ja\u0161arovih ubio svoje -<\/title>\n<meta name=\"robots\" content=\"index, follow, max-snippet:-1, max-image-preview:large, max-video-preview:-1\" \/>\n<link rel=\"canonical\" href=\"https:\/\/veritasinfo.org\/?p=64147&lang=sr\" \/>\n<meta property=\"og:locale\" content=\"en_US\" \/>\n<meta property=\"og:type\" content=\"article\" \/>\n<meta property=\"og:title\" content=\"\u010cetiri kazne od po 40 godina \u2013 Ko je Milorad Ulemek, ozlogla\u0161eni \u201eLegija\u201c \u2013 koji je posle Ja\u0161arovih ubio svoje -\" \/>\n<meta property=\"og:description\" content=\"Pri\u0161tina, 5. septembar 2026. 08:24 Od 2010. godine nalazi se u zatvoru visoke bezbednosti u Zabeli, u Srbiji. To je zato \u0161to je Milorad Ulemek\" \/>\n<meta property=\"og:url\" content=\"https:\/\/veritasinfo.org\/?p=64147&amp;lang=sr\" \/>\n<meta property=\"article:published_time\" content=\"2026-09-05T06:28:25+00:00\" \/>\n<meta property=\"og:image\" content=\"https:\/\/veritasinfo.org\/wp-content\/uploads\/2026\/09\/Poster-Milorad-Ulemek-legija_slika_O_153451941-1.jpg\" \/>\n\t<meta property=\"og:image:width\" content=\"1012\" \/>\n\t<meta property=\"og:image:height\" content=\"1350\" \/>\n\t<meta property=\"og:image:type\" content=\"image\/jpeg\" \/>\n<meta name=\"author\" content=\"US6\" \/>\n<meta name=\"twitter:card\" content=\"summary_large_image\" \/>\n<meta name=\"twitter:label1\" content=\"Written by\" \/>\n\t<meta name=\"twitter:data1\" content=\"US6\" \/>\n\t<meta name=\"twitter:label2\" content=\"Est. reading time\" \/>\n\t<meta name=\"twitter:data2\" content=\"2 minutes\" \/>\n<script type=\"application\/ld+json\" class=\"yoast-schema-graph\">{\"@context\":\"https:\/\/schema.org\",\"@graph\":[{\"@type\":\"WebPage\",\"@id\":\"https:\/\/veritasinfo.org\/?p=64147&lang=sr\",\"url\":\"https:\/\/veritasinfo.org\/?p=64147&lang=sr\",\"name\":\"\u010cetiri kazne od po 40 godina \u2013 Ko je Milorad Ulemek, ozlogla\u0161eni \u201eLegija\u201c \u2013 koji je posle Ja\u0161arovih ubio svoje -\",\"isPartOf\":{\"@id\":\"https:\/\/veritasinfo.org\/#website\"},\"primaryImageOfPage\":{\"@id\":\"https:\/\/veritasinfo.org\/?p=64147&lang=sr#primaryimage\"},\"image\":{\"@id\":\"https:\/\/veritasinfo.org\/?p=64147&lang=sr#primaryimage\"},\"thumbnailUrl\":\"https:\/\/veritasinfo.org\/wp-content\/uploads\/2026\/09\/Poster-Milorad-Ulemek-legija_slika_O_153451941-1.jpg\",\"datePublished\":\"2026-09-05T06:28:25+00:00\",\"author\":{\"@id\":\"https:\/\/veritasinfo.org\/#\/schema\/person\/fe199eede04c3937362892b7444747cc\"},\"breadcrumb\":{\"@id\":\"https:\/\/veritasinfo.org\/?p=64147&lang=sr#breadcrumb\"},\"inLanguage\":\"en-US\",\"potentialAction\":[{\"@type\":\"ReadAction\",\"target\":[\"https:\/\/veritasinfo.org\/?p=64147&lang=sr\"]}]},{\"@type\":\"ImageObject\",\"inLanguage\":\"en-US\",\"@id\":\"https:\/\/veritasinfo.org\/?p=64147&lang=sr#primaryimage\",\"url\":\"https:\/\/veritasinfo.org\/wp-content\/uploads\/2026\/09\/Poster-Milorad-Ulemek-legija_slika_O_153451941-1.jpg\",\"contentUrl\":\"https:\/\/veritasinfo.org\/wp-content\/uploads\/2026\/09\/Poster-Milorad-Ulemek-legija_slika_O_153451941-1.jpg\",\"width\":1012,\"height\":1350},{\"@type\":\"BreadcrumbList\",\"@id\":\"https:\/\/veritasinfo.org\/?p=64147&lang=sr#breadcrumb\",\"itemListElement\":[{\"@type\":\"ListItem\",\"position\":1,\"name\":\"Home\",\"item\":\"https:\/\/veritasinfo.org\/\"},{\"@type\":\"ListItem\",\"position\":2,\"name\":\"\u010cetiri kazne od po 40 godina \u2013 Ko je Milorad Ulemek, ozlogla\u0161eni \u201eLegija\u201c \u2013 koji je posle Ja\u0161arovih ubio svoje\"}]},{\"@type\":\"WebSite\",\"@id\":\"https:\/\/veritasinfo.org\/#website\",\"url\":\"https:\/\/veritasinfo.org\/\",\"name\":\"\",\"description\":\"\",\"potentialAction\":[{\"@type\":\"SearchAction\",\"target\":{\"@type\":\"EntryPoint\",\"urlTemplate\":\"https:\/\/veritasinfo.org\/?s={search_term_string}\"},\"query-input\":{\"@type\":\"PropertyValueSpecification\",\"valueRequired\":true,\"valueName\":\"search_term_string\"}}],\"inLanguage\":\"en-US\"},{\"@type\":\"Person\",\"@id\":\"https:\/\/veritasinfo.org\/#\/schema\/person\/fe199eede04c3937362892b7444747cc\",\"name\":\"US6\",\"image\":{\"@type\":\"ImageObject\",\"inLanguage\":\"en-US\",\"@id\":\"https:\/\/veritasinfo.org\/#\/schema\/person\/image\/\",\"url\":\"https:\/\/secure.gravatar.com\/avatar\/cb16c3c31c9d23b9b8c705964598220b3014e42ff51eb540ff23cefa3ae8c15f?s=96&d=mm&r=g\",\"contentUrl\":\"https:\/\/secure.gravatar.com\/avatar\/cb16c3c31c9d23b9b8c705964598220b3014e42ff51eb540ff23cefa3ae8c15f?s=96&d=mm&r=g\",\"caption\":\"US6\"},\"url\":\"https:\/\/veritasinfo.org\/?author=7\"}]}<\/script>\n<!-- \/ Yoast SEO plugin. -->","yoast_head_json":{"title":"\u010cetiri kazne od po 40 godina \u2013 Ko je Milorad Ulemek, ozlogla\u0161eni \u201eLegija\u201c \u2013 koji je posle Ja\u0161arovih ubio svoje -","robots":{"index":"index","follow":"follow","max-snippet":"max-snippet:-1","max-image-preview":"max-image-preview:large","max-video-preview":"max-video-preview:-1"},"canonical":"https:\/\/veritasinfo.org\/?p=64147&lang=sr","og_locale":"en_US","og_type":"article","og_title":"\u010cetiri kazne od po 40 godina \u2013 Ko je Milorad Ulemek, ozlogla\u0161eni \u201eLegija\u201c \u2013 koji je posle Ja\u0161arovih ubio svoje -","og_description":"Pri\u0161tina, 5. septembar 2026. 08:24 Od 2010. godine nalazi se u zatvoru visoke bezbednosti u Zabeli, u Srbiji. To je zato \u0161to je Milorad Ulemek","og_url":"https:\/\/veritasinfo.org\/?p=64147&lang=sr","article_published_time":"2026-09-05T06:28:25+00:00","og_image":[{"width":1012,"height":1350,"url":"https:\/\/veritasinfo.org\/wp-content\/uploads\/2026\/09\/Poster-Milorad-Ulemek-legija_slika_O_153451941-1.jpg","type":"image\/jpeg"}],"author":"US6","twitter_card":"summary_large_image","twitter_misc":{"Written by":"US6","Est. reading time":"2 minutes"},"schema":{"@context":"https:\/\/schema.org","@graph":[{"@type":"WebPage","@id":"https:\/\/veritasinfo.org\/?p=64147&lang=sr","url":"https:\/\/veritasinfo.org\/?p=64147&lang=sr","name":"\u010cetiri kazne od po 40 godina \u2013 Ko je Milorad Ulemek, ozlogla\u0161eni \u201eLegija\u201c \u2013 koji je posle Ja\u0161arovih ubio svoje -","isPartOf":{"@id":"https:\/\/veritasinfo.org\/#website"},"primaryImageOfPage":{"@id":"https:\/\/veritasinfo.org\/?p=64147&lang=sr#primaryimage"},"image":{"@id":"https:\/\/veritasinfo.org\/?p=64147&lang=sr#primaryimage"},"thumbnailUrl":"https:\/\/veritasinfo.org\/wp-content\/uploads\/2026\/09\/Poster-Milorad-Ulemek-legija_slika_O_153451941-1.jpg","datePublished":"2026-09-05T06:28:25+00:00","author":{"@id":"https:\/\/veritasinfo.org\/#\/schema\/person\/fe199eede04c3937362892b7444747cc"},"breadcrumb":{"@id":"https:\/\/veritasinfo.org\/?p=64147&lang=sr#breadcrumb"},"inLanguage":"en-US","potentialAction":[{"@type":"ReadAction","target":["https:\/\/veritasinfo.org\/?p=64147&lang=sr"]}]},{"@type":"ImageObject","inLanguage":"en-US","@id":"https:\/\/veritasinfo.org\/?p=64147&lang=sr#primaryimage","url":"https:\/\/veritasinfo.org\/wp-content\/uploads\/2026\/09\/Poster-Milorad-Ulemek-legija_slika_O_153451941-1.jpg","contentUrl":"https:\/\/veritasinfo.org\/wp-content\/uploads\/2026\/09\/Poster-Milorad-Ulemek-legija_slika_O_153451941-1.jpg","width":1012,"height":1350},{"@type":"BreadcrumbList","@id":"https:\/\/veritasinfo.org\/?p=64147&lang=sr#breadcrumb","itemListElement":[{"@type":"ListItem","position":1,"name":"Home","item":"https:\/\/veritasinfo.org\/"},{"@type":"ListItem","position":2,"name":"\u010cetiri kazne od po 40 godina \u2013 Ko je Milorad Ulemek, ozlogla\u0161eni \u201eLegija\u201c \u2013 koji je posle Ja\u0161arovih ubio svoje"}]},{"@type":"WebSite","@id":"https:\/\/veritasinfo.org\/#website","url":"https:\/\/veritasinfo.org\/","name":"","description":"","potentialAction":[{"@type":"SearchAction","target":{"@type":"EntryPoint","urlTemplate":"https:\/\/veritasinfo.org\/?s={search_term_string}"},"query-input":{"@type":"PropertyValueSpecification","valueRequired":true,"valueName":"search_term_string"}}],"inLanguage":"en-US"},{"@type":"Person","@id":"https:\/\/veritasinfo.org\/#\/schema\/person\/fe199eede04c3937362892b7444747cc","name":"US6","image":{"@type":"ImageObject","inLanguage":"en-US","@id":"https:\/\/veritasinfo.org\/#\/schema\/person\/image\/","url":"https:\/\/secure.gravatar.com\/avatar\/cb16c3c31c9d23b9b8c705964598220b3014e42ff51eb540ff23cefa3ae8c15f?s=96&d=mm&r=g","contentUrl":"https:\/\/secure.gravatar.com\/avatar\/cb16c3c31c9d23b9b8c705964598220b3014e42ff51eb540ff23cefa3ae8c15f?s=96&d=mm&r=g","caption":"US6"},"url":"https:\/\/veritasinfo.org\/?author=7"}]}},"featured_image_urls":{"full":["https:\/\/veritasinfo.org\/wp-content\/uploads\/2026\/09\/Poster-Milorad-Ulemek-legija_slika_O_153451941-1.jpg",1012,1350,false],"thumbnail":["https:\/\/veritasinfo.org\/wp-content\/uploads\/2026\/09\/Poster-Milorad-Ulemek-legija_slika_O_153451941-1-150x150.jpg",150,150,true],"medium":["https:\/\/veritasinfo.org\/wp-content\/uploads\/2026\/09\/Poster-Milorad-Ulemek-legija_slika_O_153451941-1-225x300.jpg",225,300,true],"medium_large":["https:\/\/veritasinfo.org\/wp-content\/uploads\/2026\/09\/Poster-Milorad-Ulemek-legija_slika_O_153451941-1-768x1025.jpg",640,854,true],"large":["https:\/\/veritasinfo.org\/wp-content\/uploads\/2026\/09\/Poster-Milorad-Ulemek-legija_slika_O_153451941-1-768x1024.jpg",640,853,true],"1536x1536":["https:\/\/veritasinfo.org\/wp-content\/uploads\/2026\/09\/Poster-Milorad-Ulemek-legija_slika_O_153451941-1.jpg",1012,1350,false],"2048x2048":["https:\/\/veritasinfo.org\/wp-content\/uploads\/2026\/09\/Poster-Milorad-Ulemek-legija_slika_O_153451941-1.jpg",1012,1350,false],"kreeti-slider-full":["https:\/\/veritasinfo.org\/wp-content\/uploads\/2026\/09\/Poster-Milorad-Ulemek-legija_slika_O_153451941-1-1012x720.jpg",1012,720,true],"kreeti-featured":["https:\/\/veritasinfo.org\/wp-content\/uploads\/2026\/09\/Poster-Milorad-Ulemek-legija_slika_O_153451941-1.jpg",1012,1350,false],"kreeti-medium":["https:\/\/veritasinfo.org\/wp-content\/uploads\/2026\/09\/Poster-Milorad-Ulemek-legija_slika_O_153451941-1-720x530.jpg",720,530,true],"kreeti-medium-square":["https:\/\/veritasinfo.org\/wp-content\/uploads\/2026\/09\/Poster-Milorad-Ulemek-legija_slika_O_153451941-1-350x350.jpg",350,350,true]},"author_info":{"info":["US6"]},"category_info":"<a href=\"https:\/\/veritasinfo.org\/?cat=30&#038;lang=sr\" rel=\"category\">Dru\u0161tvo<\/a>","tag_info":"Dru\u0161tvo","comment_count":"0","_links":{"self":[{"href":"https:\/\/veritasinfo.org\/index.php?rest_route=\/wp\/v2\/posts\/64147","targetHints":{"allow":["GET"]}}],"collection":[{"href":"https:\/\/veritasinfo.org\/index.php?rest_route=\/wp\/v2\/posts"}],"about":[{"href":"https:\/\/veritasinfo.org\/index.php?rest_route=\/wp\/v2\/types\/post"}],"author":[{"embeddable":true,"href":"https:\/\/veritasinfo.org\/index.php?rest_route=\/wp\/v2\/users\/7"}],"replies":[{"embeddable":true,"href":"https:\/\/veritasinfo.org\/index.php?rest_route=%2Fwp%2Fv2%2Fcomments&post=64147"}],"version-history":[{"count":1,"href":"https:\/\/veritasinfo.org\/index.php?rest_route=\/wp\/v2\/posts\/64147\/revisions"}],"predecessor-version":[{"id":64149,"href":"https:\/\/veritasinfo.org\/index.php?rest_route=\/wp\/v2\/posts\/64147\/revisions\/64149"}],"wp:featuredmedia":[{"embeddable":true,"href":"https:\/\/veritasinfo.org\/index.php?rest_route=\/wp\/v2\/media\/64148"}],"wp:attachment":[{"href":"https:\/\/veritasinfo.org\/index.php?rest_route=%2Fwp%2Fv2%2Fmedia&parent=64147"}],"wp:term":[{"taxonomy":"category","embeddable":true,"href":"https:\/\/veritasinfo.org\/index.php?rest_route=%2Fwp%2Fv2%2Fcategories&post=64147"},{"taxonomy":"post_tag","embeddable":true,"href":"https:\/\/veritasinfo.org\/index.php?rest_route=%2Fwp%2Fv2%2Ftags&post=64147"}],"curies":[{"name":"wp","href":"https:\/\/api.w.org\/{rel}","templated":true}]}}