{"id":64144,"date":"2026-09-05T08:26:10","date_gmt":"2026-09-05T06:26:10","guid":{"rendered":"https:\/\/veritasinfo.org\/?p=64144"},"modified":"2026-09-05T08:26:10","modified_gmt":"2026-09-05T06:26:10","slug":"kater-denime-me-nga-40-vite-kush-eshte-milorad-ulemek-famekeqi-legija-i-cili-pas-jashareve-i-vrau-te-vetet","status":"publish","type":"post","link":"https:\/\/veritasinfo.org\/?p=64144","title":{"rendered":"Kat\u00ebr d\u00ebnime me nga 40 vite \u2013 Kush \u00ebsht\u00eb Milorad Ulemek, fam\u00ebkeqi \u201cLegija\u201d \u2013 i cili pas Jashar\u00ebve, i vrau t\u00eb vet\u00ebt"},"content":{"rendered":"<p>Prishtin\u00eb, 5 shtator 2026 08:24<\/p>\n<p>Nga viti 2010, ndodhet n\u00eb burgun e siguris\u00eb s\u00eb lart\u00eb n\u00eb Zabela t\u00eb Serbis\u00eb.<\/p>\n<p>Kjo pasi Milorad Ulemek, u d\u00ebnua kat\u00ebr her\u00eb me nga 40 vite burgim.<\/p>\n<p>Por, \u00e7far\u00eb b\u00ebri personi i njohur me nofk\u00ebn \u201cLegija\u201d q\u00eb e shtyri Gjykat\u00ebn e Lart\u00eb n\u00eb Beograd, t\u2019i shqiptoj\u00eb k\u00ebto d\u00ebnim ndaj tij?<\/p>\n<p>Me 12 mars t\u00eb vitit 2003, disa krisma arm\u00ebsh u d\u00ebgjuan n\u00eb hyrjen e pasme t\u00eb nd\u00ebrtes\u00ebs s\u00eb qeveris\u00eb serbe n\u00eb Beograd.<\/p>\n<p>Shpejt u kuptua se cak i tyre, ishte vet shefi i k\u00ebsaj qeverie, Zoran Gjingjiq, i cili mbeti i vrar\u00eb n\u00eb vend.<\/p>\n<p>Ndon\u00ebse vet nuk ishte atentatori, hetimet zbuluan se urdhrin p\u00ebr vrasjen e ish-kryeministrit serb, e dha Milorad Ulemek.<\/p>\n<p>Kjo u provua edhe n\u00eb gjykatore, teksa Ulemek u d\u00ebnua me 40 vite burgim.<\/p>\n<p>E shum\u00eb shpejt u kuptua, se ky nuk ishte krimi i par\u00eb i k\u00ebtyre p\u00ebrmasave p\u00ebr t\u00eb cil\u00ebn \u201cLegija\u201d ishte fajtori kryesor.<\/p>\n<p>Milorad Ulemek, ishte organizator edhe n\u00eb rr\u00ebmbimin dhe vrasjen e Ivan Stamboliq, ish-presidentit serb dhe njeriut q\u00eb po e synonte pozit\u00ebn e Slobodan Millosheviqit.<\/p>\n<p>Por, pavar\u00ebsisht k\u00ebtyre d\u00ebnimeve, p\u00ebr krimet m\u00eb t\u00eb r\u00ebnda n\u00eb jet\u00ebn e tij, \u201cLegija\u201d nuk doli kurr\u00eb para drejt\u00ebsis\u00eb.<\/p>\n<p>N\u00eb fillim t\u00eb viteve t\u00eb \u201990-ta, Ulemek sh\u00ebrbeu si komandant i nj\u00ebsive paramilitare n\u00eb Kroaci, t\u00eb formuara nga krimineli fam\u00ebkeq, Zheljko Raznatoviq, i njohur si \u201cArkani\u201d<\/p>\n<p>T\u00eb dy k\u00ebta, \u201cArkan\u201d e \u201cLegija\u201d krimet e luft\u00ebs kund\u00ebr popullat\u00ebs civile, i vazhduan edhe n\u00eb luft\u00ebn e Bosnj\u00ebs, ku i udh\u00ebhoq\u00ebn aksionet kund\u00ebr civil\u00ebve t\u00eb pafajsh\u00ebm, p\u00ebrfshir\u00eb at\u00eb n\u00eb Bijelin\u00eb.<\/p>\n<p>Nd\u00ebrkoh\u00eb, n\u00eb vitin 1998, Legija e mori p\u00ebrsip\u00ebr edhe nj\u00eb nga krimet m\u00eb t\u00eb m\u00ebdha t\u00eb luft\u00ebs t\u00eb shtetit serb.<\/p>\n<p>Sipas Prokuroris\u00eb Speciale t\u00eb Republik\u00ebs s\u00eb Kosov\u00ebs, ai udh\u00ebhoqi n\u00eb terren aksionin kund\u00ebr lagjes Jashari n\u00eb Prekazin e Skenderajt.<\/p>\n<p>Madje, p\u00ebr sulmin e 5 marsit t\u00eb vitit 1998, Ulemek si komandant i Nj\u00ebsis\u00eb p\u00ebr Operacione Speciale, e soll bashk\u00eb me nj\u00ebsitin e tij nga Beogradi n\u00eb Prekaz.<\/p>\n<p>E gjitha kjo n\u00ebn direktivat e Ministris\u00eb s\u00eb Brendshme t\u00eb Serbis\u00eb.<\/p>\n<p>P\u00ebr k\u00ebt\u00eb, d\u00ebnimi i pest\u00eb dhe m\u00eb i r\u00ebndi p\u00ebr kriminelin fam\u00ebkeq serb, duket se do t\u00eb shpallet n\u00eb Gjykat\u00ebn Themelore n\u00eb Prishtin\u00eb.<\/p>\n<p>Por, i gjith\u00eb procesi gjyq\u00ebsor ndaj \u201cLegijas\u201d dhe 34 t\u00eb tjer\u00ebve t\u00eb akuzuar p\u00ebr k\u00ebt\u00eb rast, do t\u00eb zhvillohet sipas rregullave t\u00eb gjykimit n\u00eb munges\u00eb, meq\u00eb Serbia nuk i ekstradon as kriminel\u00ebt e till\u00eb t\u00eb luft\u00ebs p\u00ebr t\u2019u p\u00ebrball\u00eb me drejt\u00ebsin\u00eb.<\/p>\n","protected":false},"excerpt":{"rendered":"<p>Prishtin\u00eb, 5 shtator 2026 08:24 Nga viti 2010, ndodhet n\u00eb burgun e siguris\u00eb s\u00eb lart\u00eb n\u00eb Zabela t\u00eb Serbis\u00eb. Kjo pasi Milorad Ulemek, u d\u00ebnua<\/p>\n","protected":false},"author":7,"featured_media":64145,"comment_status":"open","ping_status":"open","sticky":false,"template":"","format":"standard","meta":{"footnotes":""},"categories":[60],"tags":[],"class_list":["post-64144","post","type-post","status-publish","format-standard","has-post-thumbnail","hentry","category-shoqerore-sq"],"yoast_head":"<!-- This site is optimized with the Yoast SEO plugin v25.3.1 - https:\/\/yoast.com\/wordpress\/plugins\/seo\/ -->\n<title>Kat\u00ebr d\u00ebnime me nga 40 vite \u2013 Kush \u00ebsht\u00eb Milorad Ulemek, fam\u00ebkeqi \u201cLegija\u201d \u2013 i cili pas Jashar\u00ebve, i vrau t\u00eb vet\u00ebt -<\/title>\n<meta name=\"robots\" content=\"index, follow, max-snippet:-1, max-image-preview:large, max-video-preview:-1\" \/>\n<link rel=\"canonical\" href=\"https:\/\/veritasinfo.org\/?p=64144\" \/>\n<meta property=\"og:locale\" content=\"en_US\" \/>\n<meta property=\"og:type\" content=\"article\" \/>\n<meta property=\"og:title\" content=\"Kat\u00ebr d\u00ebnime me nga 40 vite \u2013 Kush \u00ebsht\u00eb Milorad Ulemek, fam\u00ebkeqi \u201cLegija\u201d \u2013 i cili pas Jashar\u00ebve, i vrau t\u00eb vet\u00ebt -\" \/>\n<meta property=\"og:description\" content=\"Prishtin\u00eb, 5 shtator 2026 08:24 Nga viti 2010, ndodhet n\u00eb burgun e siguris\u00eb s\u00eb lart\u00eb n\u00eb Zabela t\u00eb Serbis\u00eb. Kjo pasi Milorad Ulemek, u d\u00ebnua\" \/>\n<meta property=\"og:url\" content=\"https:\/\/veritasinfo.org\/?p=64144\" \/>\n<meta property=\"article:published_time\" content=\"2026-09-05T06:26:10+00:00\" \/>\n<meta property=\"og:image\" content=\"https:\/\/veritasinfo.org\/wp-content\/uploads\/2026\/09\/Poster-Milorad-Ulemek-legija_slika_O_153451941.jpg\" \/>\n\t<meta property=\"og:image:width\" content=\"1012\" \/>\n\t<meta property=\"og:image:height\" content=\"1350\" \/>\n\t<meta property=\"og:image:type\" content=\"image\/jpeg\" \/>\n<meta name=\"author\" content=\"US6\" \/>\n<meta name=\"twitter:card\" content=\"summary_large_image\" \/>\n<meta name=\"twitter:label1\" content=\"Written by\" \/>\n\t<meta name=\"twitter:data1\" content=\"US6\" \/>\n\t<meta name=\"twitter:label2\" content=\"Est. reading time\" \/>\n\t<meta name=\"twitter:data2\" content=\"2 minutes\" \/>\n<script type=\"application\/ld+json\" class=\"yoast-schema-graph\">{\"@context\":\"https:\/\/schema.org\",\"@graph\":[{\"@type\":\"WebPage\",\"@id\":\"https:\/\/veritasinfo.org\/?p=64144\",\"url\":\"https:\/\/veritasinfo.org\/?p=64144\",\"name\":\"Kat\u00ebr d\u00ebnime me nga 40 vite \u2013 Kush \u00ebsht\u00eb Milorad Ulemek, fam\u00ebkeqi \u201cLegija\u201d \u2013 i cili pas Jashar\u00ebve, i vrau t\u00eb vet\u00ebt -\",\"isPartOf\":{\"@id\":\"https:\/\/veritasinfo.org\/#website\"},\"primaryImageOfPage\":{\"@id\":\"https:\/\/veritasinfo.org\/?p=64144#primaryimage\"},\"image\":{\"@id\":\"https:\/\/veritasinfo.org\/?p=64144#primaryimage\"},\"thumbnailUrl\":\"https:\/\/veritasinfo.org\/wp-content\/uploads\/2026\/09\/Poster-Milorad-Ulemek-legija_slika_O_153451941.jpg\",\"datePublished\":\"2026-09-05T06:26:10+00:00\",\"author\":{\"@id\":\"https:\/\/veritasinfo.org\/#\/schema\/person\/fe199eede04c3937362892b7444747cc\"},\"breadcrumb\":{\"@id\":\"https:\/\/veritasinfo.org\/?p=64144#breadcrumb\"},\"inLanguage\":\"en-US\",\"potentialAction\":[{\"@type\":\"ReadAction\",\"target\":[\"https:\/\/veritasinfo.org\/?p=64144\"]}]},{\"@type\":\"ImageObject\",\"inLanguage\":\"en-US\",\"@id\":\"https:\/\/veritasinfo.org\/?p=64144#primaryimage\",\"url\":\"https:\/\/veritasinfo.org\/wp-content\/uploads\/2026\/09\/Poster-Milorad-Ulemek-legija_slika_O_153451941.jpg\",\"contentUrl\":\"https:\/\/veritasinfo.org\/wp-content\/uploads\/2026\/09\/Poster-Milorad-Ulemek-legija_slika_O_153451941.jpg\",\"width\":1012,\"height\":1350},{\"@type\":\"BreadcrumbList\",\"@id\":\"https:\/\/veritasinfo.org\/?p=64144#breadcrumb\",\"itemListElement\":[{\"@type\":\"ListItem\",\"position\":1,\"name\":\"Home\",\"item\":\"https:\/\/veritasinfo.org\/\"},{\"@type\":\"ListItem\",\"position\":2,\"name\":\"Kat\u00ebr d\u00ebnime me nga 40 vite \u2013 Kush \u00ebsht\u00eb Milorad Ulemek, fam\u00ebkeqi \u201cLegija\u201d \u2013 i cili pas Jashar\u00ebve, i vrau t\u00eb vet\u00ebt\"}]},{\"@type\":\"WebSite\",\"@id\":\"https:\/\/veritasinfo.org\/#website\",\"url\":\"https:\/\/veritasinfo.org\/\",\"name\":\"\",\"description\":\"\",\"potentialAction\":[{\"@type\":\"SearchAction\",\"target\":{\"@type\":\"EntryPoint\",\"urlTemplate\":\"https:\/\/veritasinfo.org\/?s={search_term_string}\"},\"query-input\":{\"@type\":\"PropertyValueSpecification\",\"valueRequired\":true,\"valueName\":\"search_term_string\"}}],\"inLanguage\":\"en-US\"},{\"@type\":\"Person\",\"@id\":\"https:\/\/veritasinfo.org\/#\/schema\/person\/fe199eede04c3937362892b7444747cc\",\"name\":\"US6\",\"image\":{\"@type\":\"ImageObject\",\"inLanguage\":\"en-US\",\"@id\":\"https:\/\/veritasinfo.org\/#\/schema\/person\/image\/\",\"url\":\"https:\/\/secure.gravatar.com\/avatar\/cb16c3c31c9d23b9b8c705964598220b3014e42ff51eb540ff23cefa3ae8c15f?s=96&d=mm&r=g\",\"contentUrl\":\"https:\/\/secure.gravatar.com\/avatar\/cb16c3c31c9d23b9b8c705964598220b3014e42ff51eb540ff23cefa3ae8c15f?s=96&d=mm&r=g\",\"caption\":\"US6\"},\"url\":\"https:\/\/veritasinfo.org\/?author=7\"}]}<\/script>\n<!-- \/ Yoast SEO plugin. -->","yoast_head_json":{"title":"Kat\u00ebr d\u00ebnime me nga 40 vite \u2013 Kush \u00ebsht\u00eb Milorad Ulemek, fam\u00ebkeqi \u201cLegija\u201d \u2013 i cili pas Jashar\u00ebve, i vrau t\u00eb vet\u00ebt -","robots":{"index":"index","follow":"follow","max-snippet":"max-snippet:-1","max-image-preview":"max-image-preview:large","max-video-preview":"max-video-preview:-1"},"canonical":"https:\/\/veritasinfo.org\/?p=64144","og_locale":"en_US","og_type":"article","og_title":"Kat\u00ebr d\u00ebnime me nga 40 vite \u2013 Kush \u00ebsht\u00eb Milorad Ulemek, fam\u00ebkeqi \u201cLegija\u201d \u2013 i cili pas Jashar\u00ebve, i vrau t\u00eb vet\u00ebt -","og_description":"Prishtin\u00eb, 5 shtator 2026 08:24 Nga viti 2010, ndodhet n\u00eb burgun e siguris\u00eb s\u00eb lart\u00eb n\u00eb Zabela t\u00eb Serbis\u00eb. Kjo pasi Milorad Ulemek, u d\u00ebnua","og_url":"https:\/\/veritasinfo.org\/?p=64144","article_published_time":"2026-09-05T06:26:10+00:00","og_image":[{"width":1012,"height":1350,"url":"https:\/\/veritasinfo.org\/wp-content\/uploads\/2026\/09\/Poster-Milorad-Ulemek-legija_slika_O_153451941.jpg","type":"image\/jpeg"}],"author":"US6","twitter_card":"summary_large_image","twitter_misc":{"Written by":"US6","Est. reading time":"2 minutes"},"schema":{"@context":"https:\/\/schema.org","@graph":[{"@type":"WebPage","@id":"https:\/\/veritasinfo.org\/?p=64144","url":"https:\/\/veritasinfo.org\/?p=64144","name":"Kat\u00ebr d\u00ebnime me nga 40 vite \u2013 Kush \u00ebsht\u00eb Milorad Ulemek, fam\u00ebkeqi \u201cLegija\u201d \u2013 i cili pas Jashar\u00ebve, i vrau t\u00eb vet\u00ebt -","isPartOf":{"@id":"https:\/\/veritasinfo.org\/#website"},"primaryImageOfPage":{"@id":"https:\/\/veritasinfo.org\/?p=64144#primaryimage"},"image":{"@id":"https:\/\/veritasinfo.org\/?p=64144#primaryimage"},"thumbnailUrl":"https:\/\/veritasinfo.org\/wp-content\/uploads\/2026\/09\/Poster-Milorad-Ulemek-legija_slika_O_153451941.jpg","datePublished":"2026-09-05T06:26:10+00:00","author":{"@id":"https:\/\/veritasinfo.org\/#\/schema\/person\/fe199eede04c3937362892b7444747cc"},"breadcrumb":{"@id":"https:\/\/veritasinfo.org\/?p=64144#breadcrumb"},"inLanguage":"en-US","potentialAction":[{"@type":"ReadAction","target":["https:\/\/veritasinfo.org\/?p=64144"]}]},{"@type":"ImageObject","inLanguage":"en-US","@id":"https:\/\/veritasinfo.org\/?p=64144#primaryimage","url":"https:\/\/veritasinfo.org\/wp-content\/uploads\/2026\/09\/Poster-Milorad-Ulemek-legija_slika_O_153451941.jpg","contentUrl":"https:\/\/veritasinfo.org\/wp-content\/uploads\/2026\/09\/Poster-Milorad-Ulemek-legija_slika_O_153451941.jpg","width":1012,"height":1350},{"@type":"BreadcrumbList","@id":"https:\/\/veritasinfo.org\/?p=64144#breadcrumb","itemListElement":[{"@type":"ListItem","position":1,"name":"Home","item":"https:\/\/veritasinfo.org\/"},{"@type":"ListItem","position":2,"name":"Kat\u00ebr d\u00ebnime me nga 40 vite \u2013 Kush \u00ebsht\u00eb Milorad Ulemek, fam\u00ebkeqi \u201cLegija\u201d \u2013 i cili pas Jashar\u00ebve, i vrau t\u00eb vet\u00ebt"}]},{"@type":"WebSite","@id":"https:\/\/veritasinfo.org\/#website","url":"https:\/\/veritasinfo.org\/","name":"","description":"","potentialAction":[{"@type":"SearchAction","target":{"@type":"EntryPoint","urlTemplate":"https:\/\/veritasinfo.org\/?s={search_term_string}"},"query-input":{"@type":"PropertyValueSpecification","valueRequired":true,"valueName":"search_term_string"}}],"inLanguage":"en-US"},{"@type":"Person","@id":"https:\/\/veritasinfo.org\/#\/schema\/person\/fe199eede04c3937362892b7444747cc","name":"US6","image":{"@type":"ImageObject","inLanguage":"en-US","@id":"https:\/\/veritasinfo.org\/#\/schema\/person\/image\/","url":"https:\/\/secure.gravatar.com\/avatar\/cb16c3c31c9d23b9b8c705964598220b3014e42ff51eb540ff23cefa3ae8c15f?s=96&d=mm&r=g","contentUrl":"https:\/\/secure.gravatar.com\/avatar\/cb16c3c31c9d23b9b8c705964598220b3014e42ff51eb540ff23cefa3ae8c15f?s=96&d=mm&r=g","caption":"US6"},"url":"https:\/\/veritasinfo.org\/?author=7"}]}},"featured_image_urls":{"full":["https:\/\/veritasinfo.org\/wp-content\/uploads\/2026\/09\/Poster-Milorad-Ulemek-legija_slika_O_153451941.jpg",1012,1350,false],"thumbnail":["https:\/\/veritasinfo.org\/wp-content\/uploads\/2026\/09\/Poster-Milorad-Ulemek-legija_slika_O_153451941-150x150.jpg",150,150,true],"medium":["https:\/\/veritasinfo.org\/wp-content\/uploads\/2026\/09\/Poster-Milorad-Ulemek-legija_slika_O_153451941-225x300.jpg",225,300,true],"medium_large":["https:\/\/veritasinfo.org\/wp-content\/uploads\/2026\/09\/Poster-Milorad-Ulemek-legija_slika_O_153451941-768x1025.jpg",640,854,true],"large":["https:\/\/veritasinfo.org\/wp-content\/uploads\/2026\/09\/Poster-Milorad-Ulemek-legija_slika_O_153451941-768x1024.jpg",640,853,true],"1536x1536":["https:\/\/veritasinfo.org\/wp-content\/uploads\/2026\/09\/Poster-Milorad-Ulemek-legija_slika_O_153451941.jpg",1012,1350,false],"2048x2048":["https:\/\/veritasinfo.org\/wp-content\/uploads\/2026\/09\/Poster-Milorad-Ulemek-legija_slika_O_153451941.jpg",1012,1350,false],"kreeti-slider-full":["https:\/\/veritasinfo.org\/wp-content\/uploads\/2026\/09\/Poster-Milorad-Ulemek-legija_slika_O_153451941-1012x720.jpg",1012,720,true],"kreeti-featured":["https:\/\/veritasinfo.org\/wp-content\/uploads\/2026\/09\/Poster-Milorad-Ulemek-legija_slika_O_153451941.jpg",1012,1350,false],"kreeti-medium":["https:\/\/veritasinfo.org\/wp-content\/uploads\/2026\/09\/Poster-Milorad-Ulemek-legija_slika_O_153451941-720x530.jpg",720,530,true],"kreeti-medium-square":["https:\/\/veritasinfo.org\/wp-content\/uploads\/2026\/09\/Poster-Milorad-Ulemek-legija_slika_O_153451941-350x350.jpg",350,350,true]},"author_info":{"info":["US6"]},"category_info":"<a href=\"https:\/\/veritasinfo.org\/?cat=60\" rel=\"category\">Shoq\u00ebrore<\/a>","tag_info":"Shoq\u00ebrore","comment_count":"0","_links":{"self":[{"href":"https:\/\/veritasinfo.org\/index.php?rest_route=\/wp\/v2\/posts\/64144","targetHints":{"allow":["GET"]}}],"collection":[{"href":"https:\/\/veritasinfo.org\/index.php?rest_route=\/wp\/v2\/posts"}],"about":[{"href":"https:\/\/veritasinfo.org\/index.php?rest_route=\/wp\/v2\/types\/post"}],"author":[{"embeddable":true,"href":"https:\/\/veritasinfo.org\/index.php?rest_route=\/wp\/v2\/users\/7"}],"replies":[{"embeddable":true,"href":"https:\/\/veritasinfo.org\/index.php?rest_route=%2Fwp%2Fv2%2Fcomments&post=64144"}],"version-history":[{"count":1,"href":"https:\/\/veritasinfo.org\/index.php?rest_route=\/wp\/v2\/posts\/64144\/revisions"}],"predecessor-version":[{"id":64146,"href":"https:\/\/veritasinfo.org\/index.php?rest_route=\/wp\/v2\/posts\/64144\/revisions\/64146"}],"wp:featuredmedia":[{"embeddable":true,"href":"https:\/\/veritasinfo.org\/index.php?rest_route=\/wp\/v2\/media\/64145"}],"wp:attachment":[{"href":"https:\/\/veritasinfo.org\/index.php?rest_route=%2Fwp%2Fv2%2Fmedia&parent=64144"}],"wp:term":[{"taxonomy":"category","embeddable":true,"href":"https:\/\/veritasinfo.org\/index.php?rest_route=%2Fwp%2Fv2%2Fcategories&post=64144"},{"taxonomy":"post_tag","embeddable":true,"href":"https:\/\/veritasinfo.org\/index.php?rest_route=%2Fwp%2Fv2%2Ftags&post=64144"}],"curies":[{"name":"wp","href":"https:\/\/api.w.org\/{rel}","templated":true}]}}