{"id":64139,"date":"2026-09-04T20:22:34","date_gmt":"2026-09-04T18:22:34","guid":{"rendered":"https:\/\/veritasinfo.org\/?p=64139"},"modified":"2026-09-04T21:23:26","modified_gmt":"2026-09-04T19:23:26","slug":"imena-35-optuzenih-za-masakr-jasara","status":"publish","type":"post","link":"https:\/\/veritasinfo.org\/?p=64139&lang=sr","title":{"rendered":"Imena 35 optu\u017eenih za masakr nad Ja\u0161arima"},"content":{"rendered":"<p>Pri\u0161tina, 4. septembar 2026. 20:18<\/p>\n<p>Visoke komandne pozicije u strukturama specijalnih jedinica srpske policije zauzimalo je 35 optu\u017eenih od strane Specijalnog tu\u017eila\u0161tva Kosova za masakr Ja\u0161ara.<\/p>\n<p>U njemu se detaljno pominju imena i radnje za koje se sumnja da je po\u010dinio svaki od optu\u017eenih. Me\u0111u njima je 13 osoba ro\u0111eno na Kosovu.<\/p>\n<p>Potpuni spisak optu\u017eenih:<\/p>\n<p>Jovica Stani\u0161ic\u0301, u svojstvu na\u010delnika Resora dr\u017eavne bezbednosti;<\/p>\n<p>Vlastimir \u0110or\u0111evic\u0301, u svojstvu na\u010delnika Resora javne bezbednosti;<\/p>\n<p>Sreten Lukic\u0301, u svojstvu pomoc\u0301nika na\u010delnika za policijske poslove u Sekretarijatu unutra\u0161njih poslova u Beogradu i koordinatora i na\u010delnika \u0161taba uspostavljenog u Pri\u0161tini;<\/p>\n<p>Goran Radosavljevic\u0301, u svojstvu na\u010delnika posebnih bezbednosnih zadataka i rada u sedi\u0161tu Ministarstva unutra\u0161njih poslova u Pri\u0161tini i koordinatora, odnosno na\u010delnika \u0161taba u Fabrici municije u Skenderaju;<\/p>\n<p>Milorad Ulemek, u svojstvu komandanta Jedinice za specijalne operacije;<\/p>\n<p>\u017divko Trajkovic\u0301, u svojstvu komandanta Specijalnih antiteroristi\u010dkih jedinica;<\/p>\n<p>Zoran Simovic\u0301, u svojstvu komandanta Specijalne antiteroristi\u010dke jedinice u Beogradu;<\/p>\n<p>Spasoje Vulevic\u0301, u svojstvu zamenika terenskog komandanta Specijalne antiteroristi\u010dke jedinice u Beogradu;<\/p>\n<p>Branko C\u0301ur\u010dic\u0301, u svojstvu komandanta Specijalne antiteroristi\u010dke jedinice u Novom Sadu;<\/p>\n<p>\u017delimir Mrdalj, u svojstvu zamenika terenskog komandanta Specijalne antiteroristi\u010dke jedinice u Novom Sadu;<\/p>\n<p>Radislav Stalevic\u0301, u svojstvu komandanta Specijalne antiteroristi\u010dke jedinice u Pri\u0161tini;<\/p>\n<p>Vlado Todorovic\u0301, u svojstvu zamenika terenskog komandanta Specijalne antiteroristi\u010dke jedinice u Pri\u0161tini;<\/p>\n<p>Branko Prljevic\u0301, u svojstvu komandanta U\u017ei\u010dkog odreda, u sastavu Specijalne policijske jedinice;<\/p>\n<p>Radoslav Mitrovic\u0301, u svojstvu komandanta Ni\u0161kog odreda, u sastavu Specijalne jedinice policije;<\/p>\n<p>Milivoje Stojilkovic\u0301, u svojstvu komandanta Leskova\u010dke \u010dete, u sastavu Specijalne jedinice policije;<\/p>\n<p>Sr\u0111an Ilic\u0301, u svojstvu komandanta Vranjske \u010dete, u sastavu Specijalne jedinice policije;<\/p>\n<p>Nenad Stojkovic\u0301, u svojstvu komandanta Ni\u0161kog voda, u sastavu Specijalne jedinice policije;<\/p>\n<p>Bo\u017eidar Filic\u0301, u svojstvu komandanta Kosovskog odreda, u sastavu Specijalne jedinice policije;<\/p>\n<p>\u017darko Brakovic\u0301, u svojstvu komandanta 24. odreda Pri\u0161tina;<\/p>\n<p>\u010cedomir Bo\u017eovic\u0301, u svojstvu komandanta Mitrova\u010dke \u010dete i istovremeno komandanta Mitrova\u010dkog voda, u sastavu Specijalne jedinice policije;<\/p>\n<p>\u017darko Rokvic\u0301, u svojstvu komandanta Skenderajskog voda, u sastavu Specijalne jedinice policije;<\/p>\n<p>Du\u0161an Ivanovic\u0301, u svojstvu komandanta Leposavic\u0301kog voda, u sastavu Specijalne jedinice policije;<\/p>\n<p>Staleta Mojsilovic\u0301, u svojstvu komandanta voda Zubin Potok, u sastavu Specijalne policijske jedinice;<\/p>\n<p>Vu\u010dina Jani\u010dijevic\u0301, u svojstvu komandanta voda Vu\u010ditrn, u sastavu Specijalne policijske jedinice;<\/p>\n<p>Milan Le\u010dic\u0301, u svojstvu komandanta Uro\u0161evske \u010dete, u sastavu Specijalne policijske jedinice;<\/p>\n<p>Radomir \u010colic\u0301, u svojstvu komandanta \u0110akovi\u010dke \u010dete, u sastavu Specijalne policijske jedinice;<\/p>\n<p>Sr\u0111an Perovic\u0301, u svojstvu komandanta Pec\u0301ke \u010dete, u sastavu Specijalne policijske jedinice;<\/p>\n<p>Nenad Mila\u010dic\u0301, u svojstvu komandanta Pri\u0161tinske \u010dete, u sastavu Specijalne policijske jedinice;<\/p>\n<p>Veljko Radenovic\u0301, u svojstvu komandanta Prizrenske \u010dete, u sastavu Specijalne policijske jedinice, kr\u0161ec\u0301i \u010dlan 3 zajedni\u010dki za \u010detiri \u017denevske konvencije, naime \u010dlanove 48, 51, 52, 57, 76 i 77 Protokola I i \u010dlan 13 Protokola II. Tokom marta 1998. godine, u selu Po\u0161nji Prekaz, odnosno u mahali Ja\u0161araj, tokom oru\u017eanog sukoba, u sau\u010desni\u0161tvu, u me\u0111usobnoj koordinaciji i koristec\u0301i autoritet i ovla\u0161c\u0301enja povezana sa njihovim polo\u017eajem, iako su bili svesni prisustva velikog broja civilnog stanovni\u0161tva i ozbiljnih posledica koje bi to moglo prouzrokovati, namerno su planirali, organizovali, koordinirali, naredili i usmerili napad upotrebom te\u0161ke artiljerije, tenkova i drugih borbenih vozila na podru\u010dje gde su se nalazili civili. Usled \u010dega su ubijeni civili, uklju\u010dujuc\u0301i \u017eene, decu i starije osobe, civili su uzimani za taoce, zlostavljani i mu\u010deni, a civilni objekti i infrastruktura su uni\u0161teni.<\/p>\n<p>30\u201335. Dragan \u017divanovic\u0301, Obrad Stevanovic\u0301, Ljubinko Cvetic\u0301, Branko \u0110uric\u0301, Ilija Trajkovic\u0301 i Milenko Bo\u017eovic\u0301, u svojstvu komandanata, kr\u0161ec\u0301i \u010dlan 3 zajedni\u010dki za \u010detiri \u017denevske konvencije, \u010dlanove 50, 51, 86 i 87 Protokola I, kao i \u010dlan 13 Protokola II, po\u010dinili su<\/p>\n","protected":false},"excerpt":{"rendered":"<p>Pri\u0161tina, 4. septembar 2026. 20:18 Visoke komandne pozicije u strukturama specijalnih jedinica srpske policije zauzimalo je 35 optu\u017eenih od strane Specijalnog tu\u017eila\u0161tva Kosova za masakr<\/p>\n","protected":false},"author":7,"featured_media":64140,"comment_status":"open","ping_status":"open","sticky":false,"template":"","format":"standard","meta":{"footnotes":""},"categories":[30],"tags":[],"class_list":["post-64139","post","type-post","status-publish","format-standard","has-post-thumbnail","hentry","category-drustvo"],"yoast_head":"<!-- This site is optimized with the Yoast SEO plugin v25.3.1 - https:\/\/yoast.com\/wordpress\/plugins\/seo\/ -->\n<title>Imena 35 optu\u017eenih za masakr nad Ja\u0161arima -<\/title>\n<meta name=\"robots\" content=\"index, follow, max-snippet:-1, max-image-preview:large, max-video-preview:-1\" \/>\n<link rel=\"canonical\" href=\"https:\/\/veritasinfo.org\/?p=64139&lang=sr\" \/>\n<meta property=\"og:locale\" content=\"en_US\" \/>\n<meta property=\"og:type\" content=\"article\" \/>\n<meta property=\"og:title\" content=\"Imena 35 optu\u017eenih za masakr nad Ja\u0161arima -\" \/>\n<meta property=\"og:description\" content=\"Pri\u0161tina, 4. septembar 2026. 20:18 Visoke komandne pozicije u strukturama specijalnih jedinica srpske policije zauzimalo je 35 optu\u017eenih od strane Specijalnog tu\u017eila\u0161tva Kosova za masakr\" \/>\n<meta property=\"og:url\" content=\"https:\/\/veritasinfo.org\/?p=64139&amp;lang=sr\" \/>\n<meta property=\"article:published_time\" content=\"2026-09-04T18:22:34+00:00\" \/>\n<meta property=\"article:modified_time\" content=\"2026-09-04T19:23:26+00:00\" \/>\n<meta property=\"og:image\" content=\"https:\/\/veritasinfo.org\/wp-content\/uploads\/2026\/09\/images-10.jpeg\" \/>\n\t<meta property=\"og:image:width\" content=\"640\" \/>\n\t<meta property=\"og:image:height\" content=\"480\" \/>\n\t<meta property=\"og:image:type\" content=\"image\/jpeg\" \/>\n<meta name=\"author\" content=\"US6\" \/>\n<meta name=\"twitter:card\" content=\"summary_large_image\" \/>\n<meta name=\"twitter:label1\" content=\"Written by\" \/>\n\t<meta name=\"twitter:data1\" content=\"US6\" \/>\n\t<meta name=\"twitter:label2\" content=\"Est. reading time\" \/>\n\t<meta name=\"twitter:data2\" content=\"3 minutes\" \/>\n<script type=\"application\/ld+json\" class=\"yoast-schema-graph\">{\"@context\":\"https:\/\/schema.org\",\"@graph\":[{\"@type\":\"WebPage\",\"@id\":\"https:\/\/veritasinfo.org\/?p=64139&lang=sr\",\"url\":\"https:\/\/veritasinfo.org\/?p=64139&lang=sr\",\"name\":\"Imena 35 optu\u017eenih za masakr nad Ja\u0161arima -\",\"isPartOf\":{\"@id\":\"https:\/\/veritasinfo.org\/#website\"},\"primaryImageOfPage\":{\"@id\":\"https:\/\/veritasinfo.org\/?p=64139&lang=sr#primaryimage\"},\"image\":{\"@id\":\"https:\/\/veritasinfo.org\/?p=64139&lang=sr#primaryimage\"},\"thumbnailUrl\":\"https:\/\/veritasinfo.org\/wp-content\/uploads\/2026\/09\/images-10.jpeg\",\"datePublished\":\"2026-09-04T18:22:34+00:00\",\"dateModified\":\"2026-09-04T19:23:26+00:00\",\"author\":{\"@id\":\"https:\/\/veritasinfo.org\/#\/schema\/person\/fe199eede04c3937362892b7444747cc\"},\"breadcrumb\":{\"@id\":\"https:\/\/veritasinfo.org\/?p=64139&lang=sr#breadcrumb\"},\"inLanguage\":\"en-US\",\"potentialAction\":[{\"@type\":\"ReadAction\",\"target\":[\"https:\/\/veritasinfo.org\/?p=64139&lang=sr\"]}]},{\"@type\":\"ImageObject\",\"inLanguage\":\"en-US\",\"@id\":\"https:\/\/veritasinfo.org\/?p=64139&lang=sr#primaryimage\",\"url\":\"https:\/\/veritasinfo.org\/wp-content\/uploads\/2026\/09\/images-10.jpeg\",\"contentUrl\":\"https:\/\/veritasinfo.org\/wp-content\/uploads\/2026\/09\/images-10.jpeg\",\"width\":640,\"height\":480},{\"@type\":\"BreadcrumbList\",\"@id\":\"https:\/\/veritasinfo.org\/?p=64139&lang=sr#breadcrumb\",\"itemListElement\":[{\"@type\":\"ListItem\",\"position\":1,\"name\":\"Home\",\"item\":\"https:\/\/veritasinfo.org\/\"},{\"@type\":\"ListItem\",\"position\":2,\"name\":\"Imena 35 optu\u017eenih za masakr nad Ja\u0161arima\"}]},{\"@type\":\"WebSite\",\"@id\":\"https:\/\/veritasinfo.org\/#website\",\"url\":\"https:\/\/veritasinfo.org\/\",\"name\":\"\",\"description\":\"\",\"potentialAction\":[{\"@type\":\"SearchAction\",\"target\":{\"@type\":\"EntryPoint\",\"urlTemplate\":\"https:\/\/veritasinfo.org\/?s={search_term_string}\"},\"query-input\":{\"@type\":\"PropertyValueSpecification\",\"valueRequired\":true,\"valueName\":\"search_term_string\"}}],\"inLanguage\":\"en-US\"},{\"@type\":\"Person\",\"@id\":\"https:\/\/veritasinfo.org\/#\/schema\/person\/fe199eede04c3937362892b7444747cc\",\"name\":\"US6\",\"image\":{\"@type\":\"ImageObject\",\"inLanguage\":\"en-US\",\"@id\":\"https:\/\/veritasinfo.org\/#\/schema\/person\/image\/\",\"url\":\"https:\/\/secure.gravatar.com\/avatar\/cb16c3c31c9d23b9b8c705964598220b3014e42ff51eb540ff23cefa3ae8c15f?s=96&d=mm&r=g\",\"contentUrl\":\"https:\/\/secure.gravatar.com\/avatar\/cb16c3c31c9d23b9b8c705964598220b3014e42ff51eb540ff23cefa3ae8c15f?s=96&d=mm&r=g\",\"caption\":\"US6\"},\"url\":\"https:\/\/veritasinfo.org\/?author=7\"}]}<\/script>\n<!-- \/ Yoast SEO plugin. -->","yoast_head_json":{"title":"Imena 35 optu\u017eenih za masakr nad Ja\u0161arima -","robots":{"index":"index","follow":"follow","max-snippet":"max-snippet:-1","max-image-preview":"max-image-preview:large","max-video-preview":"max-video-preview:-1"},"canonical":"https:\/\/veritasinfo.org\/?p=64139&lang=sr","og_locale":"en_US","og_type":"article","og_title":"Imena 35 optu\u017eenih za masakr nad Ja\u0161arima -","og_description":"Pri\u0161tina, 4. septembar 2026. 20:18 Visoke komandne pozicije u strukturama specijalnih jedinica srpske policije zauzimalo je 35 optu\u017eenih od strane Specijalnog tu\u017eila\u0161tva Kosova za masakr","og_url":"https:\/\/veritasinfo.org\/?p=64139&lang=sr","article_published_time":"2026-09-04T18:22:34+00:00","article_modified_time":"2026-09-04T19:23:26+00:00","og_image":[{"width":640,"height":480,"url":"https:\/\/veritasinfo.org\/wp-content\/uploads\/2026\/09\/images-10.jpeg","type":"image\/jpeg"}],"author":"US6","twitter_card":"summary_large_image","twitter_misc":{"Written by":"US6","Est. reading time":"3 minutes"},"schema":{"@context":"https:\/\/schema.org","@graph":[{"@type":"WebPage","@id":"https:\/\/veritasinfo.org\/?p=64139&lang=sr","url":"https:\/\/veritasinfo.org\/?p=64139&lang=sr","name":"Imena 35 optu\u017eenih za masakr nad Ja\u0161arima -","isPartOf":{"@id":"https:\/\/veritasinfo.org\/#website"},"primaryImageOfPage":{"@id":"https:\/\/veritasinfo.org\/?p=64139&lang=sr#primaryimage"},"image":{"@id":"https:\/\/veritasinfo.org\/?p=64139&lang=sr#primaryimage"},"thumbnailUrl":"https:\/\/veritasinfo.org\/wp-content\/uploads\/2026\/09\/images-10.jpeg","datePublished":"2026-09-04T18:22:34+00:00","dateModified":"2026-09-04T19:23:26+00:00","author":{"@id":"https:\/\/veritasinfo.org\/#\/schema\/person\/fe199eede04c3937362892b7444747cc"},"breadcrumb":{"@id":"https:\/\/veritasinfo.org\/?p=64139&lang=sr#breadcrumb"},"inLanguage":"en-US","potentialAction":[{"@type":"ReadAction","target":["https:\/\/veritasinfo.org\/?p=64139&lang=sr"]}]},{"@type":"ImageObject","inLanguage":"en-US","@id":"https:\/\/veritasinfo.org\/?p=64139&lang=sr#primaryimage","url":"https:\/\/veritasinfo.org\/wp-content\/uploads\/2026\/09\/images-10.jpeg","contentUrl":"https:\/\/veritasinfo.org\/wp-content\/uploads\/2026\/09\/images-10.jpeg","width":640,"height":480},{"@type":"BreadcrumbList","@id":"https:\/\/veritasinfo.org\/?p=64139&lang=sr#breadcrumb","itemListElement":[{"@type":"ListItem","position":1,"name":"Home","item":"https:\/\/veritasinfo.org\/"},{"@type":"ListItem","position":2,"name":"Imena 35 optu\u017eenih za masakr nad Ja\u0161arima"}]},{"@type":"WebSite","@id":"https:\/\/veritasinfo.org\/#website","url":"https:\/\/veritasinfo.org\/","name":"","description":"","potentialAction":[{"@type":"SearchAction","target":{"@type":"EntryPoint","urlTemplate":"https:\/\/veritasinfo.org\/?s={search_term_string}"},"query-input":{"@type":"PropertyValueSpecification","valueRequired":true,"valueName":"search_term_string"}}],"inLanguage":"en-US"},{"@type":"Person","@id":"https:\/\/veritasinfo.org\/#\/schema\/person\/fe199eede04c3937362892b7444747cc","name":"US6","image":{"@type":"ImageObject","inLanguage":"en-US","@id":"https:\/\/veritasinfo.org\/#\/schema\/person\/image\/","url":"https:\/\/secure.gravatar.com\/avatar\/cb16c3c31c9d23b9b8c705964598220b3014e42ff51eb540ff23cefa3ae8c15f?s=96&d=mm&r=g","contentUrl":"https:\/\/secure.gravatar.com\/avatar\/cb16c3c31c9d23b9b8c705964598220b3014e42ff51eb540ff23cefa3ae8c15f?s=96&d=mm&r=g","caption":"US6"},"url":"https:\/\/veritasinfo.org\/?author=7"}]}},"featured_image_urls":{"full":["https:\/\/veritasinfo.org\/wp-content\/uploads\/2026\/09\/images-10.jpeg",640,480,false],"thumbnail":["https:\/\/veritasinfo.org\/wp-content\/uploads\/2026\/09\/images-10-150x150.jpeg",150,150,true],"medium":["https:\/\/veritasinfo.org\/wp-content\/uploads\/2026\/09\/images-10-300x225.jpeg",300,225,true],"medium_large":["https:\/\/veritasinfo.org\/wp-content\/uploads\/2026\/09\/images-10.jpeg",640,480,false],"large":["https:\/\/veritasinfo.org\/wp-content\/uploads\/2026\/09\/images-10.jpeg",640,480,false],"1536x1536":["https:\/\/veritasinfo.org\/wp-content\/uploads\/2026\/09\/images-10.jpeg",640,480,false],"2048x2048":["https:\/\/veritasinfo.org\/wp-content\/uploads\/2026\/09\/images-10.jpeg",640,480,false],"kreeti-slider-full":["https:\/\/veritasinfo.org\/wp-content\/uploads\/2026\/09\/images-10.jpeg",640,480,false],"kreeti-featured":["https:\/\/veritasinfo.org\/wp-content\/uploads\/2026\/09\/images-10.jpeg",640,480,false],"kreeti-medium":["https:\/\/veritasinfo.org\/wp-content\/uploads\/2026\/09\/images-10.jpeg",640,480,false],"kreeti-medium-square":["https:\/\/veritasinfo.org\/wp-content\/uploads\/2026\/09\/images-10-350x350.jpeg",350,350,true]},"author_info":{"info":["US6"]},"category_info":"<a href=\"https:\/\/veritasinfo.org\/?cat=30&#038;lang=sr\" rel=\"category\">Dru\u0161tvo<\/a>","tag_info":"Dru\u0161tvo","comment_count":"0","_links":{"self":[{"href":"https:\/\/veritasinfo.org\/index.php?rest_route=\/wp\/v2\/posts\/64139","targetHints":{"allow":["GET"]}}],"collection":[{"href":"https:\/\/veritasinfo.org\/index.php?rest_route=\/wp\/v2\/posts"}],"about":[{"href":"https:\/\/veritasinfo.org\/index.php?rest_route=\/wp\/v2\/types\/post"}],"author":[{"embeddable":true,"href":"https:\/\/veritasinfo.org\/index.php?rest_route=\/wp\/v2\/users\/7"}],"replies":[{"embeddable":true,"href":"https:\/\/veritasinfo.org\/index.php?rest_route=%2Fwp%2Fv2%2Fcomments&post=64139"}],"version-history":[{"count":2,"href":"https:\/\/veritasinfo.org\/index.php?rest_route=\/wp\/v2\/posts\/64139\/revisions"}],"predecessor-version":[{"id":64142,"href":"https:\/\/veritasinfo.org\/index.php?rest_route=\/wp\/v2\/posts\/64139\/revisions\/64142"}],"wp:featuredmedia":[{"embeddable":true,"href":"https:\/\/veritasinfo.org\/index.php?rest_route=\/wp\/v2\/media\/64140"}],"wp:attachment":[{"href":"https:\/\/veritasinfo.org\/index.php?rest_route=%2Fwp%2Fv2%2Fmedia&parent=64139"}],"wp:term":[{"taxonomy":"category","embeddable":true,"href":"https:\/\/veritasinfo.org\/index.php?rest_route=%2Fwp%2Fv2%2Fcategories&post=64139"},{"taxonomy":"post_tag","embeddable":true,"href":"https:\/\/veritasinfo.org\/index.php?rest_route=%2Fwp%2Fv2%2Ftags&post=64139"}],"curies":[{"name":"wp","href":"https:\/\/api.w.org\/{rel}","templated":true}]}}