{"id":64136,"date":"2026-09-04T20:21:00","date_gmt":"2026-09-04T18:21:00","guid":{"rendered":"https:\/\/veritasinfo.org\/?p=64136"},"modified":"2026-09-04T20:21:00","modified_gmt":"2026-09-04T18:21:00","slug":"emrat-e-35-te-akuzuarve-per-vrasjen-e-jashareve","status":"publish","type":"post","link":"https:\/\/veritasinfo.org\/?p=64136","title":{"rendered":"Emrat e 35 t\u00eb akuzuarve p\u00ebr vrasjen e Jashar\u00ebve"},"content":{"rendered":"<p>Prishtin\u00eb, 4 shtator 2026 20:18<\/p>\n<p>Pozita t\u00eb larta komanduese t\u00eb strukturave t\u00eb nj\u00ebsive speciale t\u00eb policis\u00eb serbe mbanin 35 t\u00eb akuzuarit nga Prokuroria Speciale e Kosov\u00ebs p\u00ebr masakr\u00ebn e Jashar\u00ebve.<\/p>\n<p>N\u00eb t\u00eb p\u00ebrmenden me detaje emrat dhe veprimet q\u00eb dyshohet se i kan\u00eb kryer secili prej t\u00eb akuzuarve. N\u00eb mesin e tyre, 13 persona jan\u00eb t\u00eb lindur n\u00eb Kosov\u00eb.<\/p>\n<p>Lista e plot\u00eb e t\u00eb akuzuarve:<br \/>\nJovica Stanishiq, n\u00eb cil\u00ebsin\u00eb e shefit t\u00eb Departamentit t\u00eb Siguris\u00eb Shtet\u00ebrore;<br \/>\nVlastimir Gjorgjeviq, n\u00eb cil\u00ebsin\u00eb e shefit t\u00eb Departamentit t\u00eb Siguris\u00eb Publike;<br \/>\nSreten Lukiq, n\u00eb cil\u00ebsin\u00eb e ndihm\u00ebshefit p\u00ebr \u00e7\u00ebshtje policore n\u00eb Sekretariatin e Pun\u00ebve t\u00eb Brendshme n\u00eb Beograd dhe koordinatorit e udh\u00ebheq\u00ebsit t\u00eb shtabit t\u00eb krijuar n\u00eb Prishtin\u00eb;<br \/>\nGoran Radosavljeviq, n\u00eb cil\u00ebsin\u00eb e udh\u00ebheq\u00ebsit p\u00ebr detyra dhe pun\u00eb t\u00eb natyr\u00ebs speciale t\u00eb siguris\u00eb n\u00eb shtabin e Ministris\u00eb s\u00eb Pun\u00ebve t\u00eb Brendshme n\u00eb Prishtin\u00eb dhe koordinatorit, p\u00ebrkat\u00ebsisht udh\u00ebheq\u00ebsit t\u00eb shtabit n\u00eb Fabrik\u00ebn e Municionit n\u00eb Skenderaj;<br \/>\nMilorad Ulemek, n\u00eb cil\u00ebsin\u00eb e komandantit t\u00eb Nj\u00ebsis\u00eb p\u00ebr Operacione Speciale;<br \/>\nZhivko Trajkoviq, n\u00eb cil\u00ebsin\u00eb e komandantit t\u00eb Nj\u00ebsive Speciale Antiterroriste;<br \/>\nZoran Simoviq, n\u00eb cil\u00ebsin\u00eb e komandantit t\u00eb Nj\u00ebsis\u00eb Speciale Antiterroriste n\u00eb Beograd;<br \/>\nSpasoje Vuleviq, n\u00eb cil\u00ebsin\u00eb e z\u00ebvend\u00ebskomandantit n\u00eb terren t\u00eb Nj\u00ebsis\u00eb Speciale Antiterroriste n\u00eb Beograd;<br \/>\nBranko \u00c7ur\u00e7iq, n\u00eb cil\u00ebsin\u00eb e komandantit t\u00eb Nj\u00ebsis\u00eb Speciale Antiterroriste n\u00eb Novi Sad;<br \/>\nZhelimir Mrdalj, n\u00eb cil\u00ebsin\u00eb e z\u00ebvend\u00ebskomandantit n\u00eb terren t\u00eb Nj\u00ebsis\u00eb Speciale Antiterroriste n\u00eb Novi Sad;<br \/>\nRadislav Staleviq, n\u00eb cil\u00ebsin\u00eb e komandantit t\u00eb Nj\u00ebsis\u00eb Speciale Antiterroriste n\u00eb Prishtin\u00eb;<br \/>\nVlado Todoroviq, n\u00eb cil\u00ebsin\u00eb e z\u00ebvend\u00ebskomandantit n\u00eb terren t\u00eb Nj\u00ebsis\u00eb Speciale Antiterroriste n\u00eb Prishtin\u00eb;<br \/>\nBranko Prljeviq, n\u00eb cil\u00ebsin\u00eb e komandantit t\u00eb Detashmentit t\u00eb Uzhic\u00ebs, n\u00eb kuad\u00ebr t\u00eb Nj\u00ebsis\u00eb s\u00eb Posa\u00e7me t\u00eb Policis\u00eb;<br \/>\nRadoslav Mitroviq, n\u00eb cil\u00ebsin\u00eb e komandantit t\u00eb Detashmentit t\u00eb Nishit, n\u00eb kuad\u00ebr t\u00eb Nj\u00ebsis\u00eb s\u00eb Posa\u00e7me t\u00eb Policis\u00eb;<br \/>\nMilivoje Stojilkoviq, n\u00eb cil\u00ebsin\u00eb e komandantit t\u00eb Kompanis\u00eb s\u00eb Leskovcit, n\u00eb kuad\u00ebr t\u00eb Nj\u00ebsis\u00eb s\u00eb Posa\u00e7me t\u00eb Policis\u00eb;<br \/>\nS\u00ebrgjan Iliq, n\u00eb cil\u00ebsin\u00eb e komandantit t\u00eb Kompanis\u00eb s\u00eb Vranj\u00ebs, n\u00eb kuad\u00ebr t\u00eb Nj\u00ebsis\u00eb s\u00eb Posa\u00e7me t\u00eb Policis\u00eb;<br \/>\nNenad Stojkoviq, n\u00eb cil\u00ebsin\u00eb e komandantit t\u00eb Togut t\u00eb Nishit, n\u00eb kuad\u00ebr t\u00eb Nj\u00ebsis\u00eb s\u00eb Posa\u00e7me t\u00eb Policis\u00eb;<br \/>\nBozhidar Filiq, n\u00eb cil\u00ebsin\u00eb e komandantit t\u00eb Detashmentit t\u00eb Kosov\u00ebs, n\u00eb kuad\u00ebr t\u00eb Nj\u00ebsis\u00eb s\u00eb Posa\u00e7me t\u00eb Policis\u00eb;<br \/>\nZharko Brakoviq, n\u00eb cil\u00ebsin\u00eb e komandantit t\u00eb Detashmentit 24 t\u00eb Prishtin\u00ebs;<br \/>\n\u00c7edomir Bozhoviq, n\u00eb cil\u00ebsin\u00eb e komandantit t\u00eb Kompanis\u00eb s\u00eb Mitrovic\u00ebs dhe nj\u00ebkoh\u00ebsisht komandant i Togut t\u00eb Mitrovic\u00ebs, n\u00eb kuad\u00ebr t\u00eb Nj\u00ebsis\u00eb s\u00eb Posa\u00e7me t\u00eb Policis\u00eb;<br \/>\nZharko Rokviq, n\u00eb cil\u00ebsin\u00eb e komandantit t\u00eb Togut t\u00eb Skenderajt, n\u00eb kuad\u00ebr t\u00eb Nj\u00ebsis\u00eb s\u00eb Posa\u00e7me t\u00eb Policis\u00eb;<br \/>\nDushan Ivanoviq, n\u00eb cil\u00ebsin\u00eb e komandantit t\u00eb Togut t\u00eb Leposaviqit, n\u00eb kuad\u00ebr t\u00eb Nj\u00ebsis\u00eb s\u00eb Posa\u00e7me t\u00eb Policis\u00eb;<br \/>\nStaleta Mojsiloviq, n\u00eb cil\u00ebsin\u00eb e komandantit t\u00eb Togut t\u00eb Zubin Potokut, n\u00eb kuad\u00ebr t\u00eb Nj\u00ebsis\u00eb s\u00eb Posa\u00e7me t\u00eb Policis\u00eb;<br \/>\nVu\u00e7ina Jani\u00e7ijeviq, n\u00eb cil\u00ebsin\u00eb e komandantit t\u00eb Togut t\u00eb Vushtrris\u00eb, n\u00eb kuad\u00ebr t\u00eb Nj\u00ebsis\u00eb s\u00eb Posa\u00e7me t\u00eb Policis\u00eb;<br \/>\nMilan Le\u00e7iq, n\u00eb cil\u00ebsin\u00eb e komandantit t\u00eb Kompanis\u00eb s\u00eb Ferizajt, n\u00eb kuad\u00ebr t\u00eb Nj\u00ebsis\u00eb s\u00eb Posa\u00e7me t\u00eb Policis\u00eb;<br \/>\nRadomir \u00c7oliq, n\u00eb cil\u00ebsin\u00eb e komandantit t\u00eb Kompanis\u00eb s\u00eb Gjakov\u00ebs, n\u00eb kuad\u00ebr t\u00eb Nj\u00ebsis\u00eb s\u00eb Posa\u00e7me t\u00eb Policis\u00eb;<br \/>\nS\u00ebrgjan Peroviq, n\u00eb cil\u00ebsin\u00eb e komandantit t\u00eb Kompanis\u00eb s\u00eb Pej\u00ebs, n\u00eb kuad\u00ebr t\u00eb Nj\u00ebsis\u00eb s\u00eb Posa\u00e7me t\u00eb Policis\u00eb;<br \/>\nNenad Mila\u00e7iq, n\u00eb cil\u00ebsin\u00eb e komandantit t\u00eb Kompanis\u00eb s\u00eb Prishtin\u00ebs, n\u00eb kuad\u00ebr t\u00eb Nj\u00ebsis\u00eb s\u00eb Posa\u00e7me t\u00eb Policis\u00eb;<br \/>\nVeljko Radenoviq, n\u00eb cil\u00ebsin\u00eb e komandantit t\u00eb Kompanis\u00eb s\u00eb Prizrenit, n\u00eb kuad\u00ebr t\u00eb Nj\u00ebsis\u00eb s\u00eb Posa\u00e7me t\u00eb Policis\u00eb, duke vepruar n\u00eb kund\u00ebrshtim me nenin 3 t\u00eb p\u00ebrbashk\u00ebt t\u00eb kat\u00ebr Konventave t\u00eb Gjenev\u00ebs, respektivisht nenet 48, 51, 52, 57, 76 dhe 77 t\u00eb Protokollit I dhe nenin 13 t\u00eb Protokollit II. Gjat\u00eb muajit mars t\u00eb vitit 1998, n\u00eb fshatin Prekaz i Posht\u00ebm, respektivisht n\u00eb lagjen Jasharaj, gjat\u00eb konfliktit t\u00eb armatosur, n\u00eb bashk\u00ebkryerje, n\u00eb koordinim t\u00eb nd\u00ebrsjell\u00eb dhe duke shfryt\u00ebzuar autoritetin dhe kompetencat q\u00eb nd\u00ebrlidhen me pozitat e tyre, ndon\u00ebse ishin t\u00eb vet\u00ebdijsh\u00ebm p\u00ebr pranin\u00eb e nj\u00eb numri t\u00eb madh t\u00eb popullsis\u00eb civile dhe p\u00ebr pasojat e r\u00ebnda q\u00eb mund t\u2019i shkaktoheshin asaj, me dashje kan\u00eb planifikuar, organizuar, koordinuar, urdh\u00ebruar dhe drejtuar sulmin me p\u00ebrdorimin e artileris\u00eb s\u00eb r\u00ebnd\u00eb, tankeve dhe mjeteve t\u00eb tjera luftarake kund\u00ebr zon\u00ebs ku ndodheshin civil\u00ebt. Si pasoj\u00eb e t\u00eb cilit jan\u00eb vrar\u00eb persona civil\u00eb, p\u00ebrfshir\u00eb gra, f\u00ebmij\u00eb dhe t\u00eb moshuar, jan\u00eb marr\u00eb peng, maltretuar dhe torturuar personat civil\u00eb, si dhe jan\u00eb shkat\u00ebrruar objekte dhe infrastruktur\u00eb civile.<br \/>\n30\u201335. Dragan Zhivanoviq, Obrad Stevanoviq, Ljubinko Cvetiq, Branko Gjuriq, Ilija Trajkoviq dhe Milenko Bozhoviq, n\u00eb cil\u00ebsin\u00eb e komandant\u00ebve, n\u00eb kund\u00ebrshtim me nenin 3 t\u00eb p\u00ebrbashk\u00ebt t\u00eb kat\u00ebr Konventave t\u00eb Gjenev\u00ebs, nenet 50, 51, 86 dhe 87 t\u00eb Protokollit I, si dhe nenin 13 t\u00eb Protokollit II, kan\u00eb kryer shkelje t\u00eb r\u00ebnda t\u00eb s\u00eb drejt\u00ebs nd\u00ebrkomb\u00ebtare humanitare, duke mos p\u00ebrmbushur detyrimet e tyre p\u00ebr t\u00eb parandaluar, penguar, nd\u00ebshkuar autor\u00ebt apo raportuar aktet e kund\u00ebrligjshme tek autoritetet kompetente.<br \/>\nT\u00eb gjith\u00eb akuzohen n\u00eb munges\u00eb.<br \/>\nSipas aktakuz\u00ebs, personat e dyshuar t\u00eb gjith\u00eb s\u00eb bashku kishin hartuar planin p\u00ebr t\u00eb sulmuar lagjen e Jashar\u00ebve n\u00eb Prekaz.<br \/>\nThuhet se, n\u00eb zbatim t\u00eb planit, nga fillimi i muajit janar t\u00eb vitit 1998 e deri n\u00eb p\u00ebrfundim t\u00eb sulmit t\u00eb armatosur pas dat\u00ebs 7 mars 1998, lagjja ishte n\u00ebn v\u00ebzhgim dhe kontroll t\u00eb vazhduesh\u00ebm nga Nj\u00ebsia p\u00ebr Operacione Speciale, e udh\u00ebhequr nga komandanti i saj, i pandehuri Milorad Ulemek, i njohur me nofk\u00ebn \u201cLegia\u201d.<br \/>\nVe\u00e7 k\u00ebsaj, thuhet se n\u00eb v\u00ebzhgimin dhe p\u00ebrgatitjen e operacionit kishte marr\u00eb pjes\u00eb edhe Nj\u00ebsia e Posa\u00e7me e Policis\u00eb, p\u00ebrkat\u00ebsisht Kompania e Mitrovic\u00ebs.<br \/>\nN\u00eb kryerjen e k\u00ebtij sulmi, Prokuroria Speciale thot\u00eb se ishte p\u00ebrdorur armatim i kalibrit t\u00eb r\u00ebnd\u00eb, duke p\u00ebrfshir\u00eb granatimin me arm\u00eb kund\u00ebrajrore, mjete t\u00eb blinduara dhe tanke. Prokuroria ka th\u00ebn\u00eb se kjo aktakuz\u00eb \u00ebsht\u00eb ngritur pas nj\u00eb pune disavje\u00e7are.<br \/>\nM\u00eb 5, 6 dhe 7 mars, forcat serbe vran\u00eb m\u00eb shum\u00eb se 50 persona gjat\u00eb sulmit n\u00eb Prekaz ndaj familjes s\u00eb heroit t\u00eb Kosov\u00ebs, Adem Jashari, nj\u00eb prej themeluesve t\u00eb Ushtris\u00eb \u00c7lirimtare t\u00eb Kosov\u00ebs.<\/p>\n","protected":false},"excerpt":{"rendered":"<p>Prishtin\u00eb, 4 shtator 2026 20:18 Pozita t\u00eb larta komanduese t\u00eb strukturave t\u00eb nj\u00ebsive speciale t\u00eb policis\u00eb serbe mbanin 35 t\u00eb akuzuarit nga Prokuroria Speciale e<\/p>\n","protected":false},"author":7,"featured_media":64137,"comment_status":"open","ping_status":"open","sticky":false,"template":"","format":"standard","meta":{"footnotes":""},"categories":[60],"tags":[],"class_list":["post-64136","post","type-post","status-publish","format-standard","has-post-thumbnail","hentry","category-shoqerore-sq"],"yoast_head":"<!-- This site is optimized with the Yoast SEO plugin v25.3.1 - https:\/\/yoast.com\/wordpress\/plugins\/seo\/ -->\n<title>Emrat e 35 t\u00eb akuzuarve p\u00ebr vrasjen e Jashar\u00ebve -<\/title>\n<meta name=\"robots\" content=\"index, follow, max-snippet:-1, max-image-preview:large, max-video-preview:-1\" \/>\n<link rel=\"canonical\" href=\"https:\/\/veritasinfo.org\/?p=64136\" \/>\n<meta property=\"og:locale\" content=\"en_US\" \/>\n<meta property=\"og:type\" content=\"article\" \/>\n<meta property=\"og:title\" content=\"Emrat e 35 t\u00eb akuzuarve p\u00ebr vrasjen e Jashar\u00ebve -\" \/>\n<meta property=\"og:description\" content=\"Prishtin\u00eb, 4 shtator 2026 20:18 Pozita t\u00eb larta komanduese t\u00eb strukturave t\u00eb nj\u00ebsive speciale t\u00eb policis\u00eb serbe mbanin 35 t\u00eb akuzuarit nga Prokuroria Speciale e\" \/>\n<meta property=\"og:url\" content=\"https:\/\/veritasinfo.org\/?p=64136\" \/>\n<meta property=\"article:published_time\" content=\"2026-09-04T18:21:00+00:00\" \/>\n<meta property=\"og:image\" content=\"https:\/\/veritasinfo.org\/wp-content\/uploads\/2026\/09\/images-9.jpeg\" \/>\n\t<meta property=\"og:image:width\" content=\"640\" \/>\n\t<meta property=\"og:image:height\" content=\"480\" \/>\n\t<meta property=\"og:image:type\" content=\"image\/jpeg\" \/>\n<meta name=\"author\" content=\"US6\" \/>\n<meta name=\"twitter:card\" content=\"summary_large_image\" \/>\n<meta name=\"twitter:label1\" content=\"Written by\" \/>\n\t<meta name=\"twitter:data1\" content=\"US6\" \/>\n\t<meta name=\"twitter:label2\" content=\"Est. reading time\" \/>\n\t<meta name=\"twitter:data2\" content=\"5 minutes\" \/>\n<script type=\"application\/ld+json\" class=\"yoast-schema-graph\">{\"@context\":\"https:\/\/schema.org\",\"@graph\":[{\"@type\":\"WebPage\",\"@id\":\"https:\/\/veritasinfo.org\/?p=64136\",\"url\":\"https:\/\/veritasinfo.org\/?p=64136\",\"name\":\"Emrat e 35 t\u00eb akuzuarve p\u00ebr vrasjen e Jashar\u00ebve -\",\"isPartOf\":{\"@id\":\"https:\/\/veritasinfo.org\/#website\"},\"primaryImageOfPage\":{\"@id\":\"https:\/\/veritasinfo.org\/?p=64136#primaryimage\"},\"image\":{\"@id\":\"https:\/\/veritasinfo.org\/?p=64136#primaryimage\"},\"thumbnailUrl\":\"https:\/\/veritasinfo.org\/wp-content\/uploads\/2026\/09\/images-9.jpeg\",\"datePublished\":\"2026-09-04T18:21:00+00:00\",\"author\":{\"@id\":\"https:\/\/veritasinfo.org\/#\/schema\/person\/fe199eede04c3937362892b7444747cc\"},\"breadcrumb\":{\"@id\":\"https:\/\/veritasinfo.org\/?p=64136#breadcrumb\"},\"inLanguage\":\"en-US\",\"potentialAction\":[{\"@type\":\"ReadAction\",\"target\":[\"https:\/\/veritasinfo.org\/?p=64136\"]}]},{\"@type\":\"ImageObject\",\"inLanguage\":\"en-US\",\"@id\":\"https:\/\/veritasinfo.org\/?p=64136#primaryimage\",\"url\":\"https:\/\/veritasinfo.org\/wp-content\/uploads\/2026\/09\/images-9.jpeg\",\"contentUrl\":\"https:\/\/veritasinfo.org\/wp-content\/uploads\/2026\/09\/images-9.jpeg\",\"width\":640,\"height\":480},{\"@type\":\"BreadcrumbList\",\"@id\":\"https:\/\/veritasinfo.org\/?p=64136#breadcrumb\",\"itemListElement\":[{\"@type\":\"ListItem\",\"position\":1,\"name\":\"Home\",\"item\":\"https:\/\/veritasinfo.org\/\"},{\"@type\":\"ListItem\",\"position\":2,\"name\":\"Emrat e 35 t\u00eb akuzuarve p\u00ebr vrasjen e Jashar\u00ebve\"}]},{\"@type\":\"WebSite\",\"@id\":\"https:\/\/veritasinfo.org\/#website\",\"url\":\"https:\/\/veritasinfo.org\/\",\"name\":\"\",\"description\":\"\",\"potentialAction\":[{\"@type\":\"SearchAction\",\"target\":{\"@type\":\"EntryPoint\",\"urlTemplate\":\"https:\/\/veritasinfo.org\/?s={search_term_string}\"},\"query-input\":{\"@type\":\"PropertyValueSpecification\",\"valueRequired\":true,\"valueName\":\"search_term_string\"}}],\"inLanguage\":\"en-US\"},{\"@type\":\"Person\",\"@id\":\"https:\/\/veritasinfo.org\/#\/schema\/person\/fe199eede04c3937362892b7444747cc\",\"name\":\"US6\",\"image\":{\"@type\":\"ImageObject\",\"inLanguage\":\"en-US\",\"@id\":\"https:\/\/veritasinfo.org\/#\/schema\/person\/image\/\",\"url\":\"https:\/\/secure.gravatar.com\/avatar\/cb16c3c31c9d23b9b8c705964598220b3014e42ff51eb540ff23cefa3ae8c15f?s=96&d=mm&r=g\",\"contentUrl\":\"https:\/\/secure.gravatar.com\/avatar\/cb16c3c31c9d23b9b8c705964598220b3014e42ff51eb540ff23cefa3ae8c15f?s=96&d=mm&r=g\",\"caption\":\"US6\"},\"url\":\"https:\/\/veritasinfo.org\/?author=7\"}]}<\/script>\n<!-- \/ Yoast SEO plugin. -->","yoast_head_json":{"title":"Emrat e 35 t\u00eb akuzuarve p\u00ebr vrasjen e Jashar\u00ebve -","robots":{"index":"index","follow":"follow","max-snippet":"max-snippet:-1","max-image-preview":"max-image-preview:large","max-video-preview":"max-video-preview:-1"},"canonical":"https:\/\/veritasinfo.org\/?p=64136","og_locale":"en_US","og_type":"article","og_title":"Emrat e 35 t\u00eb akuzuarve p\u00ebr vrasjen e Jashar\u00ebve -","og_description":"Prishtin\u00eb, 4 shtator 2026 20:18 Pozita t\u00eb larta komanduese t\u00eb strukturave t\u00eb nj\u00ebsive speciale t\u00eb policis\u00eb serbe mbanin 35 t\u00eb akuzuarit nga Prokuroria Speciale e","og_url":"https:\/\/veritasinfo.org\/?p=64136","article_published_time":"2026-09-04T18:21:00+00:00","og_image":[{"width":640,"height":480,"url":"https:\/\/veritasinfo.org\/wp-content\/uploads\/2026\/09\/images-9.jpeg","type":"image\/jpeg"}],"author":"US6","twitter_card":"summary_large_image","twitter_misc":{"Written by":"US6","Est. reading time":"5 minutes"},"schema":{"@context":"https:\/\/schema.org","@graph":[{"@type":"WebPage","@id":"https:\/\/veritasinfo.org\/?p=64136","url":"https:\/\/veritasinfo.org\/?p=64136","name":"Emrat e 35 t\u00eb akuzuarve p\u00ebr vrasjen e Jashar\u00ebve -","isPartOf":{"@id":"https:\/\/veritasinfo.org\/#website"},"primaryImageOfPage":{"@id":"https:\/\/veritasinfo.org\/?p=64136#primaryimage"},"image":{"@id":"https:\/\/veritasinfo.org\/?p=64136#primaryimage"},"thumbnailUrl":"https:\/\/veritasinfo.org\/wp-content\/uploads\/2026\/09\/images-9.jpeg","datePublished":"2026-09-04T18:21:00+00:00","author":{"@id":"https:\/\/veritasinfo.org\/#\/schema\/person\/fe199eede04c3937362892b7444747cc"},"breadcrumb":{"@id":"https:\/\/veritasinfo.org\/?p=64136#breadcrumb"},"inLanguage":"en-US","potentialAction":[{"@type":"ReadAction","target":["https:\/\/veritasinfo.org\/?p=64136"]}]},{"@type":"ImageObject","inLanguage":"en-US","@id":"https:\/\/veritasinfo.org\/?p=64136#primaryimage","url":"https:\/\/veritasinfo.org\/wp-content\/uploads\/2026\/09\/images-9.jpeg","contentUrl":"https:\/\/veritasinfo.org\/wp-content\/uploads\/2026\/09\/images-9.jpeg","width":640,"height":480},{"@type":"BreadcrumbList","@id":"https:\/\/veritasinfo.org\/?p=64136#breadcrumb","itemListElement":[{"@type":"ListItem","position":1,"name":"Home","item":"https:\/\/veritasinfo.org\/"},{"@type":"ListItem","position":2,"name":"Emrat e 35 t\u00eb akuzuarve p\u00ebr vrasjen e Jashar\u00ebve"}]},{"@type":"WebSite","@id":"https:\/\/veritasinfo.org\/#website","url":"https:\/\/veritasinfo.org\/","name":"","description":"","potentialAction":[{"@type":"SearchAction","target":{"@type":"EntryPoint","urlTemplate":"https:\/\/veritasinfo.org\/?s={search_term_string}"},"query-input":{"@type":"PropertyValueSpecification","valueRequired":true,"valueName":"search_term_string"}}],"inLanguage":"en-US"},{"@type":"Person","@id":"https:\/\/veritasinfo.org\/#\/schema\/person\/fe199eede04c3937362892b7444747cc","name":"US6","image":{"@type":"ImageObject","inLanguage":"en-US","@id":"https:\/\/veritasinfo.org\/#\/schema\/person\/image\/","url":"https:\/\/secure.gravatar.com\/avatar\/cb16c3c31c9d23b9b8c705964598220b3014e42ff51eb540ff23cefa3ae8c15f?s=96&d=mm&r=g","contentUrl":"https:\/\/secure.gravatar.com\/avatar\/cb16c3c31c9d23b9b8c705964598220b3014e42ff51eb540ff23cefa3ae8c15f?s=96&d=mm&r=g","caption":"US6"},"url":"https:\/\/veritasinfo.org\/?author=7"}]}},"featured_image_urls":{"full":["https:\/\/veritasinfo.org\/wp-content\/uploads\/2026\/09\/images-9.jpeg",640,480,false],"thumbnail":["https:\/\/veritasinfo.org\/wp-content\/uploads\/2026\/09\/images-9-150x150.jpeg",150,150,true],"medium":["https:\/\/veritasinfo.org\/wp-content\/uploads\/2026\/09\/images-9-300x225.jpeg",300,225,true],"medium_large":["https:\/\/veritasinfo.org\/wp-content\/uploads\/2026\/09\/images-9.jpeg",640,480,false],"large":["https:\/\/veritasinfo.org\/wp-content\/uploads\/2026\/09\/images-9.jpeg",640,480,false],"1536x1536":["https:\/\/veritasinfo.org\/wp-content\/uploads\/2026\/09\/images-9.jpeg",640,480,false],"2048x2048":["https:\/\/veritasinfo.org\/wp-content\/uploads\/2026\/09\/images-9.jpeg",640,480,false],"kreeti-slider-full":["https:\/\/veritasinfo.org\/wp-content\/uploads\/2026\/09\/images-9.jpeg",640,480,false],"kreeti-featured":["https:\/\/veritasinfo.org\/wp-content\/uploads\/2026\/09\/images-9.jpeg",640,480,false],"kreeti-medium":["https:\/\/veritasinfo.org\/wp-content\/uploads\/2026\/09\/images-9.jpeg",640,480,false],"kreeti-medium-square":["https:\/\/veritasinfo.org\/wp-content\/uploads\/2026\/09\/images-9-350x350.jpeg",350,350,true]},"author_info":{"info":["US6"]},"category_info":"<a href=\"https:\/\/veritasinfo.org\/?cat=60\" rel=\"category\">Shoq\u00ebrore<\/a>","tag_info":"Shoq\u00ebrore","comment_count":"0","_links":{"self":[{"href":"https:\/\/veritasinfo.org\/index.php?rest_route=\/wp\/v2\/posts\/64136","targetHints":{"allow":["GET"]}}],"collection":[{"href":"https:\/\/veritasinfo.org\/index.php?rest_route=\/wp\/v2\/posts"}],"about":[{"href":"https:\/\/veritasinfo.org\/index.php?rest_route=\/wp\/v2\/types\/post"}],"author":[{"embeddable":true,"href":"https:\/\/veritasinfo.org\/index.php?rest_route=\/wp\/v2\/users\/7"}],"replies":[{"embeddable":true,"href":"https:\/\/veritasinfo.org\/index.php?rest_route=%2Fwp%2Fv2%2Fcomments&post=64136"}],"version-history":[{"count":1,"href":"https:\/\/veritasinfo.org\/index.php?rest_route=\/wp\/v2\/posts\/64136\/revisions"}],"predecessor-version":[{"id":64138,"href":"https:\/\/veritasinfo.org\/index.php?rest_route=\/wp\/v2\/posts\/64136\/revisions\/64138"}],"wp:featuredmedia":[{"embeddable":true,"href":"https:\/\/veritasinfo.org\/index.php?rest_route=\/wp\/v2\/media\/64137"}],"wp:attachment":[{"href":"https:\/\/veritasinfo.org\/index.php?rest_route=%2Fwp%2Fv2%2Fmedia&parent=64136"}],"wp:term":[{"taxonomy":"category","embeddable":true,"href":"https:\/\/veritasinfo.org\/index.php?rest_route=%2Fwp%2Fv2%2Fcategories&post=64136"},{"taxonomy":"post_tag","embeddable":true,"href":"https:\/\/veritasinfo.org\/index.php?rest_route=%2Fwp%2Fv2%2Ftags&post=64136"}],"curies":[{"name":"wp","href":"https:\/\/api.w.org\/{rel}","templated":true}]}}