{"id":64134,"date":"2026-09-04T19:58:14","date_gmt":"2026-09-04T17:58:14","guid":{"rendered":"https:\/\/veritasinfo.org\/?p=64134"},"modified":"2026-09-04T19:58:14","modified_gmt":"2026-09-04T17:58:14","slug":"srbija-odaje-pocast-mladicu-kurti-reaguje-tesko-je-razgovarati-sa-tim-drustvom-o-suocavanju-sa-prosloscu","status":"publish","type":"post","link":"https:\/\/veritasinfo.org\/?p=64134&lang=sr","title":{"rendered":"Srbija odaje po\u010dast Mladic\u0301u, Kurti reaguje: Te\u0161ko je razgovarati sa tim dru\u0161tvom o suo\u010davanju sa pro\u0161lo\u0161c\u0301u"},"content":{"rendered":"<p>Pri\u0161tina, 4. septembar 2026. 19:55<\/p>\n<p>Vr\u0161ilac du\u017enosti premijera Albin Kurti rekao je da je te\u0161ko razgovarati sa Srbijom o suo\u010davanju sa pro\u0161lo\u0161c\u0301u, pokajanju ili distanciranju od politike koja je proizvela ratne zlo\u010dine, kada ova zemlja veli\u010da ratnog zlo\u010dinca poput Ratka Mladic\u0301a.<\/p>\n<p>Tokom nau\u010dnog okruglog stola koji su organizovali Institut za ratne zlo\u010dine na Kosovu i Istorijski institut \u201eAli Hadri\u201c o ulozi srpskih intelektualnih elita i uticaju nacionalisti\u010dke ideologije na de\u0161avanja koja su usledila u biv\u0161oj Jugoslaviji, Kurti je komentarisao visok prijem koji je Srbija priredila telu Mladic\u0301a, koji je preminuo u Hagu, osu\u0111en za genocid u Bosni.<\/p>\n<p>\u201ePostoji veliki paradoks kod na\u0161eg severnog suseda. Be\u017eivotno telo zlo\u010dinca Ratka Mladic\u0301a, osu\u0111enog za genocid i ratne zlo\u010dine, do\u010dekuje sa visokim dr\u017eavnim po\u010dastima biv\u0161i Milo\u0161evic\u0301ev ministar, sada predsednik Srbije, Aleksandar Vu\u010dic\u0301. Od protagoniste potere u opkoljenom Sarajevu u Bosni, sada poznate kao \u201eSarajevski safari\u201c, Aleksandar Vu\u010dic\u0301 do\u010dekuje sa visokim dr\u017eavnim po\u010dastima po\u010dinioca zlo\u010dina u Bosni, Ratka Mladic\u0301a, sada preminulog nakon \u0161to je umro u zatvoru u Hagu. Od onog koji je, izme\u0111u ostalog, rekao da c\u0301e za jednog ubijenog Srbina biti ubijeno 100 bosanskih muslimana, samo nedelju dana nakon masakra u Srebrenici. Ovo je jo\u0161 jedan jasan primer na\u010dina na koji se u Srbiji veli\u010da lik jednog od glavnih po\u010dinilaca najte\u017eih ratnih zlo\u010dina u Bosni. Kada dru\u0161tvo javno odaje po\u010dast osu\u0111enom osu\u0111eniku za genocid, te\u0161ko je govoriti o suo\u010davanju sa pro\u0161lo\u0161c\u0301u, pokajanju ili distanciranju od politike koja je proizvela te zlo\u010dine\u201c, rekao je on.<\/p>\n<p>Telo osu\u0111enog ratnog zlo\u010dinca Ratka Mladic\u0301a, koji je preminuo 27. avgusta u zatvoru u Hagu, sahranjeno je uz pune vojne po\u010dasti. u \u010detvrtak u Beogradu. Evropska unija je osudila akciju, dok je komesarka za pro\u0161irenje Marta Kos otkazala planiranu posetu Srbiji.<\/p>\n","protected":false},"excerpt":{"rendered":"<p>Pri\u0161tina, 4. septembar 2026. 19:55 Vr\u0161ilac du\u017enosti premijera Albin Kurti rekao je da je te\u0161ko razgovarati sa Srbijom o suo\u010davanju sa pro\u0161lo\u0161c\u0301u, pokajanju ili distanciranju<\/p>\n","protected":false},"author":7,"featured_media":56955,"comment_status":"open","ping_status":"open","sticky":false,"template":"","format":"standard","meta":{"footnotes":""},"categories":[28],"tags":[],"class_list":["post-64134","post","type-post","status-publish","format-standard","has-post-thumbnail","hentry","category-politika"],"yoast_head":"<!-- This site is optimized with the Yoast SEO plugin v25.3.1 - https:\/\/yoast.com\/wordpress\/plugins\/seo\/ -->\n<title>Srbija odaje po\u010dast Mladic\u0301u, Kurti reaguje: Te\u0161ko je razgovarati sa tim dru\u0161tvom o suo\u010davanju sa pro\u0161lo\u0161c\u0301u -<\/title>\n<meta name=\"robots\" content=\"index, follow, max-snippet:-1, max-image-preview:large, max-video-preview:-1\" \/>\n<link rel=\"canonical\" href=\"https:\/\/veritasinfo.org\/?p=64134&lang=sr\" \/>\n<meta property=\"og:locale\" content=\"en_US\" \/>\n<meta property=\"og:type\" content=\"article\" \/>\n<meta property=\"og:title\" content=\"Srbija odaje po\u010dast Mladic\u0301u, Kurti reaguje: Te\u0161ko je razgovarati sa tim dru\u0161tvom o suo\u010davanju sa pro\u0161lo\u0161c\u0301u -\" \/>\n<meta property=\"og:description\" content=\"Pri\u0161tina, 4. septembar 2026. 19:55 Vr\u0161ilac du\u017enosti premijera Albin Kurti rekao je da je te\u0161ko razgovarati sa Srbijom o suo\u010davanju sa pro\u0161lo\u0161c\u0301u, pokajanju ili distanciranju\" \/>\n<meta property=\"og:url\" content=\"https:\/\/veritasinfo.org\/?p=64134&amp;lang=sr\" \/>\n<meta property=\"article:published_time\" content=\"2026-09-04T17:58:14+00:00\" \/>\n<meta property=\"og:image\" content=\"https:\/\/veritasinfo.org\/wp-content\/uploads\/2026\/07\/Albin-Kurti-1-2.jpg\" \/>\n\t<meta property=\"og:image:width\" content=\"2048\" \/>\n\t<meta property=\"og:image:height\" content=\"1365\" \/>\n\t<meta property=\"og:image:type\" content=\"image\/jpeg\" \/>\n<meta name=\"author\" content=\"US6\" \/>\n<meta name=\"twitter:card\" content=\"summary_large_image\" \/>\n<meta name=\"twitter:label1\" content=\"Written by\" \/>\n\t<meta name=\"twitter:data1\" content=\"US6\" \/>\n\t<meta name=\"twitter:label2\" content=\"Est. reading time\" \/>\n\t<meta name=\"twitter:data2\" content=\"2 minutes\" \/>\n<script type=\"application\/ld+json\" class=\"yoast-schema-graph\">{\"@context\":\"https:\/\/schema.org\",\"@graph\":[{\"@type\":\"WebPage\",\"@id\":\"https:\/\/veritasinfo.org\/?p=64134&lang=sr\",\"url\":\"https:\/\/veritasinfo.org\/?p=64134&lang=sr\",\"name\":\"Srbija odaje po\u010dast Mladic\u0301u, Kurti reaguje: Te\u0161ko je razgovarati sa tim dru\u0161tvom o suo\u010davanju sa pro\u0161lo\u0161c\u0301u -\",\"isPartOf\":{\"@id\":\"https:\/\/veritasinfo.org\/#website\"},\"primaryImageOfPage\":{\"@id\":\"https:\/\/veritasinfo.org\/?p=64134&lang=sr#primaryimage\"},\"image\":{\"@id\":\"https:\/\/veritasinfo.org\/?p=64134&lang=sr#primaryimage\"},\"thumbnailUrl\":\"https:\/\/veritasinfo.org\/wp-content\/uploads\/2026\/07\/Albin-Kurti-1-2.jpg\",\"datePublished\":\"2026-09-04T17:58:14+00:00\",\"author\":{\"@id\":\"https:\/\/veritasinfo.org\/#\/schema\/person\/fe199eede04c3937362892b7444747cc\"},\"breadcrumb\":{\"@id\":\"https:\/\/veritasinfo.org\/?p=64134&lang=sr#breadcrumb\"},\"inLanguage\":\"en-US\",\"potentialAction\":[{\"@type\":\"ReadAction\",\"target\":[\"https:\/\/veritasinfo.org\/?p=64134&lang=sr\"]}]},{\"@type\":\"ImageObject\",\"inLanguage\":\"en-US\",\"@id\":\"https:\/\/veritasinfo.org\/?p=64134&lang=sr#primaryimage\",\"url\":\"https:\/\/veritasinfo.org\/wp-content\/uploads\/2026\/07\/Albin-Kurti-1-2.jpg\",\"contentUrl\":\"https:\/\/veritasinfo.org\/wp-content\/uploads\/2026\/07\/Albin-Kurti-1-2.jpg\",\"width\":2048,\"height\":1365},{\"@type\":\"BreadcrumbList\",\"@id\":\"https:\/\/veritasinfo.org\/?p=64134&lang=sr#breadcrumb\",\"itemListElement\":[{\"@type\":\"ListItem\",\"position\":1,\"name\":\"Home\",\"item\":\"https:\/\/veritasinfo.org\/\"},{\"@type\":\"ListItem\",\"position\":2,\"name\":\"Srbija odaje po\u010dast Mladic\u0301u, Kurti reaguje: Te\u0161ko je razgovarati sa tim dru\u0161tvom o suo\u010davanju sa pro\u0161lo\u0161c\u0301u\"}]},{\"@type\":\"WebSite\",\"@id\":\"https:\/\/veritasinfo.org\/#website\",\"url\":\"https:\/\/veritasinfo.org\/\",\"name\":\"\",\"description\":\"\",\"potentialAction\":[{\"@type\":\"SearchAction\",\"target\":{\"@type\":\"EntryPoint\",\"urlTemplate\":\"https:\/\/veritasinfo.org\/?s={search_term_string}\"},\"query-input\":{\"@type\":\"PropertyValueSpecification\",\"valueRequired\":true,\"valueName\":\"search_term_string\"}}],\"inLanguage\":\"en-US\"},{\"@type\":\"Person\",\"@id\":\"https:\/\/veritasinfo.org\/#\/schema\/person\/fe199eede04c3937362892b7444747cc\",\"name\":\"US6\",\"image\":{\"@type\":\"ImageObject\",\"inLanguage\":\"en-US\",\"@id\":\"https:\/\/veritasinfo.org\/#\/schema\/person\/image\/\",\"url\":\"https:\/\/secure.gravatar.com\/avatar\/cb16c3c31c9d23b9b8c705964598220b3014e42ff51eb540ff23cefa3ae8c15f?s=96&d=mm&r=g\",\"contentUrl\":\"https:\/\/secure.gravatar.com\/avatar\/cb16c3c31c9d23b9b8c705964598220b3014e42ff51eb540ff23cefa3ae8c15f?s=96&d=mm&r=g\",\"caption\":\"US6\"},\"url\":\"https:\/\/veritasinfo.org\/?author=7\"}]}<\/script>\n<!-- \/ Yoast SEO plugin. -->","yoast_head_json":{"title":"Srbija odaje po\u010dast Mladic\u0301u, Kurti reaguje: Te\u0161ko je razgovarati sa tim dru\u0161tvom o suo\u010davanju sa pro\u0161lo\u0161c\u0301u -","robots":{"index":"index","follow":"follow","max-snippet":"max-snippet:-1","max-image-preview":"max-image-preview:large","max-video-preview":"max-video-preview:-1"},"canonical":"https:\/\/veritasinfo.org\/?p=64134&lang=sr","og_locale":"en_US","og_type":"article","og_title":"Srbija odaje po\u010dast Mladic\u0301u, Kurti reaguje: Te\u0161ko je razgovarati sa tim dru\u0161tvom o suo\u010davanju sa pro\u0161lo\u0161c\u0301u -","og_description":"Pri\u0161tina, 4. septembar 2026. 19:55 Vr\u0161ilac du\u017enosti premijera Albin Kurti rekao je da je te\u0161ko razgovarati sa Srbijom o suo\u010davanju sa pro\u0161lo\u0161c\u0301u, pokajanju ili distanciranju","og_url":"https:\/\/veritasinfo.org\/?p=64134&lang=sr","article_published_time":"2026-09-04T17:58:14+00:00","og_image":[{"width":2048,"height":1365,"url":"https:\/\/veritasinfo.org\/wp-content\/uploads\/2026\/07\/Albin-Kurti-1-2.jpg","type":"image\/jpeg"}],"author":"US6","twitter_card":"summary_large_image","twitter_misc":{"Written by":"US6","Est. reading time":"2 minutes"},"schema":{"@context":"https:\/\/schema.org","@graph":[{"@type":"WebPage","@id":"https:\/\/veritasinfo.org\/?p=64134&lang=sr","url":"https:\/\/veritasinfo.org\/?p=64134&lang=sr","name":"Srbija odaje po\u010dast Mladic\u0301u, Kurti reaguje: Te\u0161ko je razgovarati sa tim dru\u0161tvom o suo\u010davanju sa pro\u0161lo\u0161c\u0301u -","isPartOf":{"@id":"https:\/\/veritasinfo.org\/#website"},"primaryImageOfPage":{"@id":"https:\/\/veritasinfo.org\/?p=64134&lang=sr#primaryimage"},"image":{"@id":"https:\/\/veritasinfo.org\/?p=64134&lang=sr#primaryimage"},"thumbnailUrl":"https:\/\/veritasinfo.org\/wp-content\/uploads\/2026\/07\/Albin-Kurti-1-2.jpg","datePublished":"2026-09-04T17:58:14+00:00","author":{"@id":"https:\/\/veritasinfo.org\/#\/schema\/person\/fe199eede04c3937362892b7444747cc"},"breadcrumb":{"@id":"https:\/\/veritasinfo.org\/?p=64134&lang=sr#breadcrumb"},"inLanguage":"en-US","potentialAction":[{"@type":"ReadAction","target":["https:\/\/veritasinfo.org\/?p=64134&lang=sr"]}]},{"@type":"ImageObject","inLanguage":"en-US","@id":"https:\/\/veritasinfo.org\/?p=64134&lang=sr#primaryimage","url":"https:\/\/veritasinfo.org\/wp-content\/uploads\/2026\/07\/Albin-Kurti-1-2.jpg","contentUrl":"https:\/\/veritasinfo.org\/wp-content\/uploads\/2026\/07\/Albin-Kurti-1-2.jpg","width":2048,"height":1365},{"@type":"BreadcrumbList","@id":"https:\/\/veritasinfo.org\/?p=64134&lang=sr#breadcrumb","itemListElement":[{"@type":"ListItem","position":1,"name":"Home","item":"https:\/\/veritasinfo.org\/"},{"@type":"ListItem","position":2,"name":"Srbija odaje po\u010dast Mladic\u0301u, Kurti reaguje: Te\u0161ko je razgovarati sa tim dru\u0161tvom o suo\u010davanju sa pro\u0161lo\u0161c\u0301u"}]},{"@type":"WebSite","@id":"https:\/\/veritasinfo.org\/#website","url":"https:\/\/veritasinfo.org\/","name":"","description":"","potentialAction":[{"@type":"SearchAction","target":{"@type":"EntryPoint","urlTemplate":"https:\/\/veritasinfo.org\/?s={search_term_string}"},"query-input":{"@type":"PropertyValueSpecification","valueRequired":true,"valueName":"search_term_string"}}],"inLanguage":"en-US"},{"@type":"Person","@id":"https:\/\/veritasinfo.org\/#\/schema\/person\/fe199eede04c3937362892b7444747cc","name":"US6","image":{"@type":"ImageObject","inLanguage":"en-US","@id":"https:\/\/veritasinfo.org\/#\/schema\/person\/image\/","url":"https:\/\/secure.gravatar.com\/avatar\/cb16c3c31c9d23b9b8c705964598220b3014e42ff51eb540ff23cefa3ae8c15f?s=96&d=mm&r=g","contentUrl":"https:\/\/secure.gravatar.com\/avatar\/cb16c3c31c9d23b9b8c705964598220b3014e42ff51eb540ff23cefa3ae8c15f?s=96&d=mm&r=g","caption":"US6"},"url":"https:\/\/veritasinfo.org\/?author=7"}]}},"featured_image_urls":{"full":["https:\/\/veritasinfo.org\/wp-content\/uploads\/2026\/07\/Albin-Kurti-1-2.jpg",2048,1365,false],"thumbnail":["https:\/\/veritasinfo.org\/wp-content\/uploads\/2026\/07\/Albin-Kurti-1-2-150x150.jpg",150,150,true],"medium":["https:\/\/veritasinfo.org\/wp-content\/uploads\/2026\/07\/Albin-Kurti-1-2-300x200.jpg",300,200,true],"medium_large":["https:\/\/veritasinfo.org\/wp-content\/uploads\/2026\/07\/Albin-Kurti-1-2-768x512.jpg",640,427,true],"large":["https:\/\/veritasinfo.org\/wp-content\/uploads\/2026\/07\/Albin-Kurti-1-2-1024x683.jpg",640,427,true],"1536x1536":["https:\/\/veritasinfo.org\/wp-content\/uploads\/2026\/07\/Albin-Kurti-1-2-1536x1024.jpg",1536,1024,true],"2048x2048":["https:\/\/veritasinfo.org\/wp-content\/uploads\/2026\/07\/Albin-Kurti-1-2.jpg",2048,1365,false],"kreeti-slider-full":["https:\/\/veritasinfo.org\/wp-content\/uploads\/2026\/07\/Albin-Kurti-1-2-1280x720.jpg",1280,720,true],"kreeti-featured":["https:\/\/veritasinfo.org\/wp-content\/uploads\/2026\/07\/Albin-Kurti-1-2-1024x683.jpg",1024,683,true],"kreeti-medium":["https:\/\/veritasinfo.org\/wp-content\/uploads\/2026\/07\/Albin-Kurti-1-2-720x530.jpg",720,530,true],"kreeti-medium-square":["https:\/\/veritasinfo.org\/wp-content\/uploads\/2026\/07\/Albin-Kurti-1-2-350x350.jpg",350,350,true]},"author_info":{"info":["US6"]},"category_info":"<a href=\"https:\/\/veritasinfo.org\/?cat=28&#038;lang=sr\" rel=\"category\">Politika<\/a>","tag_info":"Politika","comment_count":"0","_links":{"self":[{"href":"https:\/\/veritasinfo.org\/index.php?rest_route=\/wp\/v2\/posts\/64134","targetHints":{"allow":["GET"]}}],"collection":[{"href":"https:\/\/veritasinfo.org\/index.php?rest_route=\/wp\/v2\/posts"}],"about":[{"href":"https:\/\/veritasinfo.org\/index.php?rest_route=\/wp\/v2\/types\/post"}],"author":[{"embeddable":true,"href":"https:\/\/veritasinfo.org\/index.php?rest_route=\/wp\/v2\/users\/7"}],"replies":[{"embeddable":true,"href":"https:\/\/veritasinfo.org\/index.php?rest_route=%2Fwp%2Fv2%2Fcomments&post=64134"}],"version-history":[{"count":1,"href":"https:\/\/veritasinfo.org\/index.php?rest_route=\/wp\/v2\/posts\/64134\/revisions"}],"predecessor-version":[{"id":64135,"href":"https:\/\/veritasinfo.org\/index.php?rest_route=\/wp\/v2\/posts\/64134\/revisions\/64135"}],"wp:featuredmedia":[{"embeddable":true,"href":"https:\/\/veritasinfo.org\/index.php?rest_route=\/wp\/v2\/media\/56955"}],"wp:attachment":[{"href":"https:\/\/veritasinfo.org\/index.php?rest_route=%2Fwp%2Fv2%2Fmedia&parent=64134"}],"wp:term":[{"taxonomy":"category","embeddable":true,"href":"https:\/\/veritasinfo.org\/index.php?rest_route=%2Fwp%2Fv2%2Fcategories&post=64134"},{"taxonomy":"post_tag","embeddable":true,"href":"https:\/\/veritasinfo.org\/index.php?rest_route=%2Fwp%2Fv2%2Ftags&post=64134"}],"curies":[{"name":"wp","href":"https:\/\/api.w.org\/{rel}","templated":true}]}}