{"id":64126,"date":"2026-09-04T18:55:05","date_gmt":"2026-09-04T16:55:05","guid":{"rendered":"https:\/\/veritasinfo.org\/?p=64126"},"modified":"2026-09-04T18:55:05","modified_gmt":"2026-09-04T16:55:05","slug":"trepca-kthen-prona-qe-i-ishin-uzurpuar-ne-veri-sot-rimori-ish-banken-komerciale-ne-zvecan","status":"publish","type":"post","link":"https:\/\/veritasinfo.org\/?p=64126","title":{"rendered":"\u200bTrep\u00e7a kthen prona q\u00eb i ishin uzurpuar n\u00eb veri, sot rimori ish Bank\u00ebn Komerciale n\u00eb Zve\u00e7an"},"content":{"rendered":"<p>Mitrovic\u00eb, 4 shtator 2026 18:53<\/p>\n<p>Nd\u00ebrmarrja publike \u201eTrep\u00e7a\u201c ka rikthyer n\u00eb posedim t\u00eb saj ambientet e ish-Bank\u00ebs Komerciale n\u00eb qend\u00ebr t\u00eb Zve\u00e7anit, pasi m\u00eb 12 gusht kishte l\u00ebn\u00eb nj\u00eb njoftim zyrtar p\u00ebr lirimin e pron\u00ebs.<\/p>\n<p>Ushtrues detyre i kryeshefit ekzekutiv t\u00eb \u201eTrep\u00e7\u00ebs\u201c, Faton Ahmeti, ka konfirmuar p\u00ebr KosovaPress se po vazhdojn\u00eb edhe aksionet tjera p\u00ebr identifikimin dhe kthimin e pronave t\u00eb nd\u00ebrmarrjes q\u00eb jan\u00eb shfryt\u00ebzuar pa dokumentacion valid.<\/p>\n<p>\u201eNe kemi edhe disa parcela t\u00eb tjera q\u00eb jemi duke i inkuadruar n\u00eb pjes\u00ebn e nd\u00ebrmarrjes. Jan\u00eb edhe disa objekte q\u00eb ne nd\u00ebrkoh\u00eb jemi duke i gjetur, p\u00ebr arsye q\u00eb s\u2019kemi pasur informacione m\u00eb her\u00ebt. Edhe n\u00eb k\u00ebt\u00eb rast \u00ebsht\u00eb pjesa e post\u00ebs, e nj\u00eb barnatoreje dhe ish-banka e strukturave q\u00eb ka qen\u00eb. Ne po i kryejm\u00eb pun\u00ebt tona n\u00eb baz\u00eb t\u00eb autorizimeve, duke mbrojtur pasurin\u00eb e nd\u00ebrmarrjes dhe kthimin e saj te pronari\u201c, u shpreh Ahmeti.<\/p>\n<p>Ai theksoi se para \u00e7do nd\u00ebrhyrjeje ndiqen procedurat e paralajm\u00ebrimit dhe se shfryt\u00ebzuesve u jepet hap\u00ebsir\u00eb kohore p\u00ebr t\u00eb paraqitur dokumentacionin e pron\u00ebsis\u00eb, n\u00ebse e posedojn\u00eb at\u00eb.<\/p>\n<p>\u201ePara se t\u00eb lirohet ajo pron\u00eb, ne zakonisht i b\u00ebjm\u00eb disa njoftime n\u00eb dyert e hyrjeve. N\u00ebse ata kan\u00eb ndonj\u00eb dokument q\u00eb ne nuk e kemi, u japim hap\u00ebsir\u00eb prej disa dit\u00ebsh me e sjell\u00eb. P\u00ebr shembull, ka pasur rast kur na kan\u00eb sjell\u00eb kontrat\u00ebn e shitblerjes apo flet\u00ebn poseduese dhe ne at\u00ebher\u00eb nuk marrim asnj\u00eb mas\u00eb. N\u00eb rastet kur nuk sjellin asnj\u00eb dokument q\u00eb d\u00ebshmon se prona \u00ebsht\u00eb e tyre, at\u00ebher\u00eb marrim masat tona p\u00ebr lirimin e saj\u201c, sqaroi ai.<\/p>\n<p>Pas skadimit t\u00eb afateve t\u00eb paralajm\u00ebrimit, sipas Ahmetit, njoftohet policia, por vet\u00ebm p\u00ebr prani gjat\u00eb intervenimit p\u00ebr hapjen e lokalit, nd\u00ebrsa vet\u00eb aksioni kryhet nga zyrtar\u00ebt e nd\u00ebrmarrjes.<\/p>\n<p>Duke folur p\u00ebr terrenin n\u00eb veri t\u00eb vendit, ai njoftoi se informatat mblidhen n\u00eb m\u00ebnyr\u00eb kronologjike p\u00ebrmes nj\u00eb task-force t\u00eb organizuar nga vet\u00eb nd\u00ebrmarrja.<\/p>\n<p>\u201eVet\u00ebm n\u00eb k\u00ebto dy jav\u00eb b\u00ebhet fjal\u00eb diku af\u00ebrsisht pes\u00eb lokale q\u00eb i kemi kthyer, dhe nj\u00eb parking t\u00eb madh me disa garazha, mbi 1600 metra katror\u00eb. K\u00ebtu nuk jemi shum\u00eb, s\u2019kemi shum\u00eb informacione, por nd\u00ebrkoh\u00eb kur e marrim nj\u00eb informacion se di\u00e7ka \u00ebsht\u00eb e jona, kemi nj\u00eb task-force t\u00eb organizuar, b\u00ebjm\u00eb koordinim me Administrat\u00ebn Tatimore dhe Inspektoriatin Komunal, i marrim informacionet dhe fillojm\u00eb deri te kthimi i pron\u00ebs\u201c, p\u00ebrfundoi Ahmeti.<\/p>\n<p>Aksioni p\u00ebr lirimin e disa objekteve n\u00eb veri t\u00eb Kosov\u00ebs ka nisur n\u00eb mesin e gushtit. Fillimisht, m\u00eb 12 gusht, njoftime p\u00ebr lirimin e hap\u00ebsirave u vendos\u00ebn n\u00eb ish-Post\u00eb, ish-Bank\u00ebn Komerciale n\u00eb Zve\u00e7an dhe nj\u00eb barnatore q\u00eb at\u00ebher\u00eb ishte ende n\u00eb funksion.<\/p>\n<p>M\u00eb pas, njoftime t\u00eb ngjashme u vendos\u00ebn edhe n\u00eb Sht\u00ebpin\u00eb e Pensionist\u00ebve dhe n\u00eb nj\u00eb kafene n\u00eb sh\u00ebtitoren e Mitrovic\u00ebs s\u00eb Veriut. M\u00eb 28 gusht, aksioni u shtri edhe n\u00eb nj\u00eb objekt garazhi n\u00eb Zve\u00e7an.<\/p>\n","protected":false},"excerpt":{"rendered":"<p>Mitrovic\u00eb, 4 shtator 2026 18:53 Nd\u00ebrmarrja publike \u201eTrep\u00e7a\u201c ka rikthyer n\u00eb posedim t\u00eb saj ambientet e ish-Bank\u00ebs Komerciale n\u00eb qend\u00ebr t\u00eb Zve\u00e7anit, pasi m\u00eb 12<\/p>\n","protected":false},"author":7,"featured_media":64127,"comment_status":"open","ping_status":"open","sticky":false,"template":"","format":"standard","meta":{"footnotes":""},"categories":[60],"tags":[],"class_list":["post-64126","post","type-post","status-publish","format-standard","has-post-thumbnail","hentry","category-shoqerore-sq"],"yoast_head":"<!-- This site is optimized with the Yoast SEO plugin v25.3.1 - https:\/\/yoast.com\/wordpress\/plugins\/seo\/ -->\n<title>\u200bTrep\u00e7a kthen prona q\u00eb i ishin uzurpuar n\u00eb veri, sot rimori ish Bank\u00ebn Komerciale n\u00eb Zve\u00e7an -<\/title>\n<meta name=\"robots\" content=\"index, follow, max-snippet:-1, max-image-preview:large, max-video-preview:-1\" \/>\n<link rel=\"canonical\" href=\"https:\/\/veritasinfo.org\/?p=64126\" \/>\n<meta property=\"og:locale\" content=\"en_US\" \/>\n<meta property=\"og:type\" content=\"article\" \/>\n<meta property=\"og:title\" content=\"\u200bTrep\u00e7a kthen prona q\u00eb i ishin uzurpuar n\u00eb veri, sot rimori ish Bank\u00ebn Komerciale n\u00eb Zve\u00e7an -\" \/>\n<meta property=\"og:description\" content=\"Mitrovic\u00eb, 4 shtator 2026 18:53 Nd\u00ebrmarrja publike \u201eTrep\u00e7a\u201c ka rikthyer n\u00eb posedim t\u00eb saj ambientet e ish-Bank\u00ebs Komerciale n\u00eb qend\u00ebr t\u00eb Zve\u00e7anit, pasi m\u00eb 12\" \/>\n<meta property=\"og:url\" content=\"https:\/\/veritasinfo.org\/?p=64126\" \/>\n<meta property=\"article:published_time\" content=\"2026-09-04T16:55:05+00:00\" \/>\n<meta property=\"og:image\" content=\"https:\/\/veritasinfo.org\/wp-content\/uploads\/2026\/09\/96121788529982.jpg\" \/>\n\t<meta property=\"og:image:width\" content=\"600\" \/>\n\t<meta property=\"og:image:height\" content=\"363\" \/>\n\t<meta property=\"og:image:type\" content=\"image\/jpeg\" \/>\n<meta name=\"author\" content=\"US6\" \/>\n<meta name=\"twitter:card\" content=\"summary_large_image\" \/>\n<meta name=\"twitter:label1\" content=\"Written by\" \/>\n\t<meta name=\"twitter:data1\" content=\"US6\" \/>\n\t<meta name=\"twitter:label2\" content=\"Est. reading time\" \/>\n\t<meta name=\"twitter:data2\" content=\"3 minutes\" \/>\n<script type=\"application\/ld+json\" class=\"yoast-schema-graph\">{\"@context\":\"https:\/\/schema.org\",\"@graph\":[{\"@type\":\"WebPage\",\"@id\":\"https:\/\/veritasinfo.org\/?p=64126\",\"url\":\"https:\/\/veritasinfo.org\/?p=64126\",\"name\":\"\u200bTrep\u00e7a kthen prona q\u00eb i ishin uzurpuar n\u00eb veri, sot rimori ish Bank\u00ebn Komerciale n\u00eb Zve\u00e7an -\",\"isPartOf\":{\"@id\":\"https:\/\/veritasinfo.org\/#website\"},\"primaryImageOfPage\":{\"@id\":\"https:\/\/veritasinfo.org\/?p=64126#primaryimage\"},\"image\":{\"@id\":\"https:\/\/veritasinfo.org\/?p=64126#primaryimage\"},\"thumbnailUrl\":\"https:\/\/veritasinfo.org\/wp-content\/uploads\/2026\/09\/96121788529982.jpg\",\"datePublished\":\"2026-09-04T16:55:05+00:00\",\"author\":{\"@id\":\"https:\/\/veritasinfo.org\/#\/schema\/person\/fe199eede04c3937362892b7444747cc\"},\"breadcrumb\":{\"@id\":\"https:\/\/veritasinfo.org\/?p=64126#breadcrumb\"},\"inLanguage\":\"en-US\",\"potentialAction\":[{\"@type\":\"ReadAction\",\"target\":[\"https:\/\/veritasinfo.org\/?p=64126\"]}]},{\"@type\":\"ImageObject\",\"inLanguage\":\"en-US\",\"@id\":\"https:\/\/veritasinfo.org\/?p=64126#primaryimage\",\"url\":\"https:\/\/veritasinfo.org\/wp-content\/uploads\/2026\/09\/96121788529982.jpg\",\"contentUrl\":\"https:\/\/veritasinfo.org\/wp-content\/uploads\/2026\/09\/96121788529982.jpg\",\"width\":600,\"height\":363},{\"@type\":\"BreadcrumbList\",\"@id\":\"https:\/\/veritasinfo.org\/?p=64126#breadcrumb\",\"itemListElement\":[{\"@type\":\"ListItem\",\"position\":1,\"name\":\"Home\",\"item\":\"https:\/\/veritasinfo.org\/\"},{\"@type\":\"ListItem\",\"position\":2,\"name\":\"\u200bTrep\u00e7a kthen prona q\u00eb i ishin uzurpuar n\u00eb veri, sot rimori ish Bank\u00ebn Komerciale n\u00eb Zve\u00e7an\"}]},{\"@type\":\"WebSite\",\"@id\":\"https:\/\/veritasinfo.org\/#website\",\"url\":\"https:\/\/veritasinfo.org\/\",\"name\":\"\",\"description\":\"\",\"potentialAction\":[{\"@type\":\"SearchAction\",\"target\":{\"@type\":\"EntryPoint\",\"urlTemplate\":\"https:\/\/veritasinfo.org\/?s={search_term_string}\"},\"query-input\":{\"@type\":\"PropertyValueSpecification\",\"valueRequired\":true,\"valueName\":\"search_term_string\"}}],\"inLanguage\":\"en-US\"},{\"@type\":\"Person\",\"@id\":\"https:\/\/veritasinfo.org\/#\/schema\/person\/fe199eede04c3937362892b7444747cc\",\"name\":\"US6\",\"image\":{\"@type\":\"ImageObject\",\"inLanguage\":\"en-US\",\"@id\":\"https:\/\/veritasinfo.org\/#\/schema\/person\/image\/\",\"url\":\"https:\/\/secure.gravatar.com\/avatar\/cb16c3c31c9d23b9b8c705964598220b3014e42ff51eb540ff23cefa3ae8c15f?s=96&d=mm&r=g\",\"contentUrl\":\"https:\/\/secure.gravatar.com\/avatar\/cb16c3c31c9d23b9b8c705964598220b3014e42ff51eb540ff23cefa3ae8c15f?s=96&d=mm&r=g\",\"caption\":\"US6\"},\"url\":\"https:\/\/veritasinfo.org\/?author=7\"}]}<\/script>\n<!-- \/ Yoast SEO plugin. -->","yoast_head_json":{"title":"\u200bTrep\u00e7a kthen prona q\u00eb i ishin uzurpuar n\u00eb veri, sot rimori ish Bank\u00ebn Komerciale n\u00eb Zve\u00e7an -","robots":{"index":"index","follow":"follow","max-snippet":"max-snippet:-1","max-image-preview":"max-image-preview:large","max-video-preview":"max-video-preview:-1"},"canonical":"https:\/\/veritasinfo.org\/?p=64126","og_locale":"en_US","og_type":"article","og_title":"\u200bTrep\u00e7a kthen prona q\u00eb i ishin uzurpuar n\u00eb veri, sot rimori ish Bank\u00ebn Komerciale n\u00eb Zve\u00e7an -","og_description":"Mitrovic\u00eb, 4 shtator 2026 18:53 Nd\u00ebrmarrja publike \u201eTrep\u00e7a\u201c ka rikthyer n\u00eb posedim t\u00eb saj ambientet e ish-Bank\u00ebs Komerciale n\u00eb qend\u00ebr t\u00eb Zve\u00e7anit, pasi m\u00eb 12","og_url":"https:\/\/veritasinfo.org\/?p=64126","article_published_time":"2026-09-04T16:55:05+00:00","og_image":[{"width":600,"height":363,"url":"https:\/\/veritasinfo.org\/wp-content\/uploads\/2026\/09\/96121788529982.jpg","type":"image\/jpeg"}],"author":"US6","twitter_card":"summary_large_image","twitter_misc":{"Written by":"US6","Est. reading time":"3 minutes"},"schema":{"@context":"https:\/\/schema.org","@graph":[{"@type":"WebPage","@id":"https:\/\/veritasinfo.org\/?p=64126","url":"https:\/\/veritasinfo.org\/?p=64126","name":"\u200bTrep\u00e7a kthen prona q\u00eb i ishin uzurpuar n\u00eb veri, sot rimori ish Bank\u00ebn Komerciale n\u00eb Zve\u00e7an -","isPartOf":{"@id":"https:\/\/veritasinfo.org\/#website"},"primaryImageOfPage":{"@id":"https:\/\/veritasinfo.org\/?p=64126#primaryimage"},"image":{"@id":"https:\/\/veritasinfo.org\/?p=64126#primaryimage"},"thumbnailUrl":"https:\/\/veritasinfo.org\/wp-content\/uploads\/2026\/09\/96121788529982.jpg","datePublished":"2026-09-04T16:55:05+00:00","author":{"@id":"https:\/\/veritasinfo.org\/#\/schema\/person\/fe199eede04c3937362892b7444747cc"},"breadcrumb":{"@id":"https:\/\/veritasinfo.org\/?p=64126#breadcrumb"},"inLanguage":"en-US","potentialAction":[{"@type":"ReadAction","target":["https:\/\/veritasinfo.org\/?p=64126"]}]},{"@type":"ImageObject","inLanguage":"en-US","@id":"https:\/\/veritasinfo.org\/?p=64126#primaryimage","url":"https:\/\/veritasinfo.org\/wp-content\/uploads\/2026\/09\/96121788529982.jpg","contentUrl":"https:\/\/veritasinfo.org\/wp-content\/uploads\/2026\/09\/96121788529982.jpg","width":600,"height":363},{"@type":"BreadcrumbList","@id":"https:\/\/veritasinfo.org\/?p=64126#breadcrumb","itemListElement":[{"@type":"ListItem","position":1,"name":"Home","item":"https:\/\/veritasinfo.org\/"},{"@type":"ListItem","position":2,"name":"\u200bTrep\u00e7a kthen prona q\u00eb i ishin uzurpuar n\u00eb veri, sot rimori ish Bank\u00ebn Komerciale n\u00eb Zve\u00e7an"}]},{"@type":"WebSite","@id":"https:\/\/veritasinfo.org\/#website","url":"https:\/\/veritasinfo.org\/","name":"","description":"","potentialAction":[{"@type":"SearchAction","target":{"@type":"EntryPoint","urlTemplate":"https:\/\/veritasinfo.org\/?s={search_term_string}"},"query-input":{"@type":"PropertyValueSpecification","valueRequired":true,"valueName":"search_term_string"}}],"inLanguage":"en-US"},{"@type":"Person","@id":"https:\/\/veritasinfo.org\/#\/schema\/person\/fe199eede04c3937362892b7444747cc","name":"US6","image":{"@type":"ImageObject","inLanguage":"en-US","@id":"https:\/\/veritasinfo.org\/#\/schema\/person\/image\/","url":"https:\/\/secure.gravatar.com\/avatar\/cb16c3c31c9d23b9b8c705964598220b3014e42ff51eb540ff23cefa3ae8c15f?s=96&d=mm&r=g","contentUrl":"https:\/\/secure.gravatar.com\/avatar\/cb16c3c31c9d23b9b8c705964598220b3014e42ff51eb540ff23cefa3ae8c15f?s=96&d=mm&r=g","caption":"US6"},"url":"https:\/\/veritasinfo.org\/?author=7"}]}},"featured_image_urls":{"full":["https:\/\/veritasinfo.org\/wp-content\/uploads\/2026\/09\/96121788529982.jpg",600,363,false],"thumbnail":["https:\/\/veritasinfo.org\/wp-content\/uploads\/2026\/09\/96121788529982-150x150.jpg",150,150,true],"medium":["https:\/\/veritasinfo.org\/wp-content\/uploads\/2026\/09\/96121788529982-300x182.jpg",300,182,true],"medium_large":["https:\/\/veritasinfo.org\/wp-content\/uploads\/2026\/09\/96121788529982.jpg",600,363,false],"large":["https:\/\/veritasinfo.org\/wp-content\/uploads\/2026\/09\/96121788529982.jpg",600,363,false],"1536x1536":["https:\/\/veritasinfo.org\/wp-content\/uploads\/2026\/09\/96121788529982.jpg",600,363,false],"2048x2048":["https:\/\/veritasinfo.org\/wp-content\/uploads\/2026\/09\/96121788529982.jpg",600,363,false],"kreeti-slider-full":["https:\/\/veritasinfo.org\/wp-content\/uploads\/2026\/09\/96121788529982.jpg",600,363,false],"kreeti-featured":["https:\/\/veritasinfo.org\/wp-content\/uploads\/2026\/09\/96121788529982.jpg",600,363,false],"kreeti-medium":["https:\/\/veritasinfo.org\/wp-content\/uploads\/2026\/09\/96121788529982.jpg",600,363,false],"kreeti-medium-square":["https:\/\/veritasinfo.org\/wp-content\/uploads\/2026\/09\/96121788529982-350x350.jpg",350,350,true]},"author_info":{"info":["US6"]},"category_info":"<a href=\"https:\/\/veritasinfo.org\/?cat=60\" rel=\"category\">Shoq\u00ebrore<\/a>","tag_info":"Shoq\u00ebrore","comment_count":"0","_links":{"self":[{"href":"https:\/\/veritasinfo.org\/index.php?rest_route=\/wp\/v2\/posts\/64126","targetHints":{"allow":["GET"]}}],"collection":[{"href":"https:\/\/veritasinfo.org\/index.php?rest_route=\/wp\/v2\/posts"}],"about":[{"href":"https:\/\/veritasinfo.org\/index.php?rest_route=\/wp\/v2\/types\/post"}],"author":[{"embeddable":true,"href":"https:\/\/veritasinfo.org\/index.php?rest_route=\/wp\/v2\/users\/7"}],"replies":[{"embeddable":true,"href":"https:\/\/veritasinfo.org\/index.php?rest_route=%2Fwp%2Fv2%2Fcomments&post=64126"}],"version-history":[{"count":1,"href":"https:\/\/veritasinfo.org\/index.php?rest_route=\/wp\/v2\/posts\/64126\/revisions"}],"predecessor-version":[{"id":64128,"href":"https:\/\/veritasinfo.org\/index.php?rest_route=\/wp\/v2\/posts\/64126\/revisions\/64128"}],"wp:featuredmedia":[{"embeddable":true,"href":"https:\/\/veritasinfo.org\/index.php?rest_route=\/wp\/v2\/media\/64127"}],"wp:attachment":[{"href":"https:\/\/veritasinfo.org\/index.php?rest_route=%2Fwp%2Fv2%2Fmedia&parent=64126"}],"wp:term":[{"taxonomy":"category","embeddable":true,"href":"https:\/\/veritasinfo.org\/index.php?rest_route=%2Fwp%2Fv2%2Fcategories&post=64126"},{"taxonomy":"post_tag","embeddable":true,"href":"https:\/\/veritasinfo.org\/index.php?rest_route=%2Fwp%2Fv2%2Ftags&post=64126"}],"curies":[{"name":"wp","href":"https:\/\/api.w.org\/{rel}","templated":true}]}}