{"id":64120,"date":"2026-09-04T18:36:41","date_gmt":"2026-09-04T16:36:41","guid":{"rendered":"https:\/\/veritasinfo.org\/?p=64120"},"modified":"2026-09-04T18:36:41","modified_gmt":"2026-09-04T16:36:41","slug":"pas-nje-muaji-paraburgim-ne-burgun-e-beogradit-lirohet-kosovari-dukagjin-maxhuni","status":"publish","type":"post","link":"https:\/\/veritasinfo.org\/?p=64120","title":{"rendered":"Pas nj\u00eb muaji paraburgim n\u00eb burgun e Beogradit, lirohet kosovari Dukagjin Maxhuni"},"content":{"rendered":"<p><strong>Prishtin\u00eb, 04 Shtator 2026<\/strong><br \/>\nGati nj\u00eb muaj pas mbajtjes n\u00eb burggjet serbe, shtetasi i Kosov\u00ebs Maxhuni \u00ebsht\u00eb liruar. E lajmin p\u00ebr lirim, e dha avokati Arianit Koci, i angazhuar n\u00eb rast.<br \/>\n\u201cQ\u00eb at\u00eb dit\u00eb kam th\u00ebn\u00eb se Dukagjini nuk \u00ebsht\u00eb fajtor dhe se pretendimet ndaj tij nuk q\u00ebndrojn\u00eb. Sot \u00ebsht\u00eb i lir\u00eb!Po kthehet te familja e vet. Ka edhe qytetar\u00eb t\u00eb tjer\u00eb tan\u00eb q\u00eb po mbahen padrejt\u00ebsisht. Mund\u00ebsit\u00eb i kam t\u00eb kufizuara, por do ta b\u00ebj edhe t\u00eb pamundur\u00ebn n\u00eb aspektin profesional, p\u00ebr lirimin e tyre. Kudo dhe kurdo q\u00eb nj\u00eb qytetar i yni ka nevoj\u00eb p\u00ebr ndihm\u00eb, do t\u00eb angazhohem p\u00ebr t\u00eb. Ky \u00ebsht\u00eb misioni im\u201d, tha Arianit Koci.<\/p>\n","protected":false},"excerpt":{"rendered":"<p>Prishtin\u00eb, 04 Shtator 2026 Gati nj\u00eb muaj pas mbajtjes n\u00eb burggjet serbe, shtetasi i Kosov\u00ebs Maxhuni \u00ebsht\u00eb liruar. E lajmin p\u00ebr lirim, e dha avokati<\/p>\n","protected":false},"author":2,"featured_media":64121,"comment_status":"open","ping_status":"open","sticky":false,"template":"","format":"standard","meta":{"footnotes":""},"categories":[101],"tags":[],"class_list":["post-64120","post","type-post","status-publish","format-standard","has-post-thumbnail","hentry","category-kronike"],"yoast_head":"<!-- This site is optimized with the Yoast SEO plugin v25.3.1 - https:\/\/yoast.com\/wordpress\/plugins\/seo\/ -->\n<title>Pas nj\u00eb muaji paraburgim n\u00eb burgun e Beogradit, lirohet kosovari Dukagjin Maxhuni -<\/title>\n<meta name=\"robots\" content=\"index, follow, max-snippet:-1, max-image-preview:large, max-video-preview:-1\" \/>\n<link rel=\"canonical\" href=\"https:\/\/veritasinfo.org\/?p=64120\" \/>\n<meta property=\"og:locale\" content=\"en_US\" \/>\n<meta property=\"og:type\" content=\"article\" \/>\n<meta property=\"og:title\" content=\"Pas nj\u00eb muaji paraburgim n\u00eb burgun e Beogradit, lirohet kosovari Dukagjin Maxhuni -\" \/>\n<meta property=\"og:description\" content=\"Prishtin\u00eb, 04 Shtator 2026 Gati nj\u00eb muaj pas mbajtjes n\u00eb burggjet serbe, shtetasi i Kosov\u00ebs Maxhuni \u00ebsht\u00eb liruar. E lajmin p\u00ebr lirim, e dha avokati\" \/>\n<meta property=\"og:url\" content=\"https:\/\/veritasinfo.org\/?p=64120\" \/>\n<meta property=\"article:published_time\" content=\"2026-09-04T16:36:41+00:00\" \/>\n<meta property=\"og:image\" content=\"https:\/\/veritasinfo.org\/wp-content\/uploads\/2026\/09\/burgu.jpg\" \/>\n\t<meta property=\"og:image:width\" content=\"621\" \/>\n\t<meta property=\"og:image:height\" content=\"326\" \/>\n\t<meta property=\"og:image:type\" content=\"image\/jpeg\" \/>\n<meta name=\"author\" content=\"US1\" \/>\n<meta name=\"twitter:card\" content=\"summary_large_image\" \/>\n<meta name=\"twitter:label1\" content=\"Written by\" \/>\n\t<meta name=\"twitter:data1\" content=\"US1\" \/>\n\t<meta name=\"twitter:label2\" content=\"Est. reading time\" \/>\n\t<meta name=\"twitter:data2\" content=\"1 minute\" \/>\n<script type=\"application\/ld+json\" class=\"yoast-schema-graph\">{\"@context\":\"https:\/\/schema.org\",\"@graph\":[{\"@type\":\"WebPage\",\"@id\":\"https:\/\/veritasinfo.org\/?p=64120\",\"url\":\"https:\/\/veritasinfo.org\/?p=64120\",\"name\":\"Pas nj\u00eb muaji paraburgim n\u00eb burgun e Beogradit, lirohet kosovari Dukagjin Maxhuni -\",\"isPartOf\":{\"@id\":\"https:\/\/veritasinfo.org\/#website\"},\"primaryImageOfPage\":{\"@id\":\"https:\/\/veritasinfo.org\/?p=64120#primaryimage\"},\"image\":{\"@id\":\"https:\/\/veritasinfo.org\/?p=64120#primaryimage\"},\"thumbnailUrl\":\"https:\/\/veritasinfo.org\/wp-content\/uploads\/2026\/09\/burgu.jpg\",\"datePublished\":\"2026-09-04T16:36:41+00:00\",\"author\":{\"@id\":\"https:\/\/veritasinfo.org\/#\/schema\/person\/c2b8be262ea994d0995addca692c5e98\"},\"breadcrumb\":{\"@id\":\"https:\/\/veritasinfo.org\/?p=64120#breadcrumb\"},\"inLanguage\":\"en-US\",\"potentialAction\":[{\"@type\":\"ReadAction\",\"target\":[\"https:\/\/veritasinfo.org\/?p=64120\"]}]},{\"@type\":\"ImageObject\",\"inLanguage\":\"en-US\",\"@id\":\"https:\/\/veritasinfo.org\/?p=64120#primaryimage\",\"url\":\"https:\/\/veritasinfo.org\/wp-content\/uploads\/2026\/09\/burgu.jpg\",\"contentUrl\":\"https:\/\/veritasinfo.org\/wp-content\/uploads\/2026\/09\/burgu.jpg\",\"width\":621,\"height\":326},{\"@type\":\"BreadcrumbList\",\"@id\":\"https:\/\/veritasinfo.org\/?p=64120#breadcrumb\",\"itemListElement\":[{\"@type\":\"ListItem\",\"position\":1,\"name\":\"Home\",\"item\":\"https:\/\/veritasinfo.org\/\"},{\"@type\":\"ListItem\",\"position\":2,\"name\":\"Pas nj\u00eb muaji paraburgim n\u00eb burgun e Beogradit, lirohet kosovari Dukagjin Maxhuni\"}]},{\"@type\":\"WebSite\",\"@id\":\"https:\/\/veritasinfo.org\/#website\",\"url\":\"https:\/\/veritasinfo.org\/\",\"name\":\"\",\"description\":\"\",\"potentialAction\":[{\"@type\":\"SearchAction\",\"target\":{\"@type\":\"EntryPoint\",\"urlTemplate\":\"https:\/\/veritasinfo.org\/?s={search_term_string}\"},\"query-input\":{\"@type\":\"PropertyValueSpecification\",\"valueRequired\":true,\"valueName\":\"search_term_string\"}}],\"inLanguage\":\"en-US\"},{\"@type\":\"Person\",\"@id\":\"https:\/\/veritasinfo.org\/#\/schema\/person\/c2b8be262ea994d0995addca692c5e98\",\"name\":\"US1\",\"image\":{\"@type\":\"ImageObject\",\"inLanguage\":\"en-US\",\"@id\":\"https:\/\/veritasinfo.org\/#\/schema\/person\/image\/\",\"url\":\"https:\/\/secure.gravatar.com\/avatar\/4e96a59bd256abf9956eb9963ac891a47461ffb364d47b0e9aab113328fdb75b?s=96&d=mm&r=g\",\"contentUrl\":\"https:\/\/secure.gravatar.com\/avatar\/4e96a59bd256abf9956eb9963ac891a47461ffb364d47b0e9aab113328fdb75b?s=96&d=mm&r=g\",\"caption\":\"US1\"},\"url\":\"https:\/\/veritasinfo.org\/?author=2\"}]}<\/script>\n<!-- \/ Yoast SEO plugin. -->","yoast_head_json":{"title":"Pas nj\u00eb muaji paraburgim n\u00eb burgun e Beogradit, lirohet kosovari Dukagjin Maxhuni -","robots":{"index":"index","follow":"follow","max-snippet":"max-snippet:-1","max-image-preview":"max-image-preview:large","max-video-preview":"max-video-preview:-1"},"canonical":"https:\/\/veritasinfo.org\/?p=64120","og_locale":"en_US","og_type":"article","og_title":"Pas nj\u00eb muaji paraburgim n\u00eb burgun e Beogradit, lirohet kosovari Dukagjin Maxhuni -","og_description":"Prishtin\u00eb, 04 Shtator 2026 Gati nj\u00eb muaj pas mbajtjes n\u00eb burggjet serbe, shtetasi i Kosov\u00ebs Maxhuni \u00ebsht\u00eb liruar. E lajmin p\u00ebr lirim, e dha avokati","og_url":"https:\/\/veritasinfo.org\/?p=64120","article_published_time":"2026-09-04T16:36:41+00:00","og_image":[{"width":621,"height":326,"url":"https:\/\/veritasinfo.org\/wp-content\/uploads\/2026\/09\/burgu.jpg","type":"image\/jpeg"}],"author":"US1","twitter_card":"summary_large_image","twitter_misc":{"Written by":"US1","Est. reading time":"1 minute"},"schema":{"@context":"https:\/\/schema.org","@graph":[{"@type":"WebPage","@id":"https:\/\/veritasinfo.org\/?p=64120","url":"https:\/\/veritasinfo.org\/?p=64120","name":"Pas nj\u00eb muaji paraburgim n\u00eb burgun e Beogradit, lirohet kosovari Dukagjin Maxhuni -","isPartOf":{"@id":"https:\/\/veritasinfo.org\/#website"},"primaryImageOfPage":{"@id":"https:\/\/veritasinfo.org\/?p=64120#primaryimage"},"image":{"@id":"https:\/\/veritasinfo.org\/?p=64120#primaryimage"},"thumbnailUrl":"https:\/\/veritasinfo.org\/wp-content\/uploads\/2026\/09\/burgu.jpg","datePublished":"2026-09-04T16:36:41+00:00","author":{"@id":"https:\/\/veritasinfo.org\/#\/schema\/person\/c2b8be262ea994d0995addca692c5e98"},"breadcrumb":{"@id":"https:\/\/veritasinfo.org\/?p=64120#breadcrumb"},"inLanguage":"en-US","potentialAction":[{"@type":"ReadAction","target":["https:\/\/veritasinfo.org\/?p=64120"]}]},{"@type":"ImageObject","inLanguage":"en-US","@id":"https:\/\/veritasinfo.org\/?p=64120#primaryimage","url":"https:\/\/veritasinfo.org\/wp-content\/uploads\/2026\/09\/burgu.jpg","contentUrl":"https:\/\/veritasinfo.org\/wp-content\/uploads\/2026\/09\/burgu.jpg","width":621,"height":326},{"@type":"BreadcrumbList","@id":"https:\/\/veritasinfo.org\/?p=64120#breadcrumb","itemListElement":[{"@type":"ListItem","position":1,"name":"Home","item":"https:\/\/veritasinfo.org\/"},{"@type":"ListItem","position":2,"name":"Pas nj\u00eb muaji paraburgim n\u00eb burgun e Beogradit, lirohet kosovari Dukagjin Maxhuni"}]},{"@type":"WebSite","@id":"https:\/\/veritasinfo.org\/#website","url":"https:\/\/veritasinfo.org\/","name":"","description":"","potentialAction":[{"@type":"SearchAction","target":{"@type":"EntryPoint","urlTemplate":"https:\/\/veritasinfo.org\/?s={search_term_string}"},"query-input":{"@type":"PropertyValueSpecification","valueRequired":true,"valueName":"search_term_string"}}],"inLanguage":"en-US"},{"@type":"Person","@id":"https:\/\/veritasinfo.org\/#\/schema\/person\/c2b8be262ea994d0995addca692c5e98","name":"US1","image":{"@type":"ImageObject","inLanguage":"en-US","@id":"https:\/\/veritasinfo.org\/#\/schema\/person\/image\/","url":"https:\/\/secure.gravatar.com\/avatar\/4e96a59bd256abf9956eb9963ac891a47461ffb364d47b0e9aab113328fdb75b?s=96&d=mm&r=g","contentUrl":"https:\/\/secure.gravatar.com\/avatar\/4e96a59bd256abf9956eb9963ac891a47461ffb364d47b0e9aab113328fdb75b?s=96&d=mm&r=g","caption":"US1"},"url":"https:\/\/veritasinfo.org\/?author=2"}]}},"featured_image_urls":{"full":["https:\/\/veritasinfo.org\/wp-content\/uploads\/2026\/09\/burgu.jpg",621,326,false],"thumbnail":["https:\/\/veritasinfo.org\/wp-content\/uploads\/2026\/09\/burgu-150x150.jpg",150,150,true],"medium":["https:\/\/veritasinfo.org\/wp-content\/uploads\/2026\/09\/burgu-300x157.jpg",300,157,true],"medium_large":["https:\/\/veritasinfo.org\/wp-content\/uploads\/2026\/09\/burgu.jpg",621,326,false],"large":["https:\/\/veritasinfo.org\/wp-content\/uploads\/2026\/09\/burgu.jpg",621,326,false],"1536x1536":["https:\/\/veritasinfo.org\/wp-content\/uploads\/2026\/09\/burgu.jpg",621,326,false],"2048x2048":["https:\/\/veritasinfo.org\/wp-content\/uploads\/2026\/09\/burgu.jpg",621,326,false],"kreeti-slider-full":["https:\/\/veritasinfo.org\/wp-content\/uploads\/2026\/09\/burgu.jpg",621,326,false],"kreeti-featured":["https:\/\/veritasinfo.org\/wp-content\/uploads\/2026\/09\/burgu.jpg",621,326,false],"kreeti-medium":["https:\/\/veritasinfo.org\/wp-content\/uploads\/2026\/09\/burgu.jpg",621,326,false],"kreeti-medium-square":["https:\/\/veritasinfo.org\/wp-content\/uploads\/2026\/09\/burgu-350x326.jpg",350,326,true]},"author_info":{"info":["US1"]},"category_info":"<a href=\"https:\/\/veritasinfo.org\/?cat=101\" rel=\"category\">Kronik\u00eb<\/a>","tag_info":"Kronik\u00eb","comment_count":"0","_links":{"self":[{"href":"https:\/\/veritasinfo.org\/index.php?rest_route=\/wp\/v2\/posts\/64120","targetHints":{"allow":["GET"]}}],"collection":[{"href":"https:\/\/veritasinfo.org\/index.php?rest_route=\/wp\/v2\/posts"}],"about":[{"href":"https:\/\/veritasinfo.org\/index.php?rest_route=\/wp\/v2\/types\/post"}],"author":[{"embeddable":true,"href":"https:\/\/veritasinfo.org\/index.php?rest_route=\/wp\/v2\/users\/2"}],"replies":[{"embeddable":true,"href":"https:\/\/veritasinfo.org\/index.php?rest_route=%2Fwp%2Fv2%2Fcomments&post=64120"}],"version-history":[{"count":1,"href":"https:\/\/veritasinfo.org\/index.php?rest_route=\/wp\/v2\/posts\/64120\/revisions"}],"predecessor-version":[{"id":64122,"href":"https:\/\/veritasinfo.org\/index.php?rest_route=\/wp\/v2\/posts\/64120\/revisions\/64122"}],"wp:featuredmedia":[{"embeddable":true,"href":"https:\/\/veritasinfo.org\/index.php?rest_route=\/wp\/v2\/media\/64121"}],"wp:attachment":[{"href":"https:\/\/veritasinfo.org\/index.php?rest_route=%2Fwp%2Fv2%2Fmedia&parent=64120"}],"wp:term":[{"taxonomy":"category","embeddable":true,"href":"https:\/\/veritasinfo.org\/index.php?rest_route=%2Fwp%2Fv2%2Fcategories&post=64120"},{"taxonomy":"post_tag","embeddable":true,"href":"https:\/\/veritasinfo.org\/index.php?rest_route=%2Fwp%2Fv2%2Ftags&post=64120"}],"curies":[{"name":"wp","href":"https:\/\/api.w.org\/{rel}","templated":true}]}}