{"id":64118,"date":"2026-09-04T16:58:09","date_gmt":"2026-09-04T14:58:09","guid":{"rendered":"https:\/\/veritasinfo.org\/?p=64118"},"modified":"2026-09-04T16:58:09","modified_gmt":"2026-09-04T14:58:09","slug":"kurti-memorandum-sanu-i-srpske-elite-moraju-se-precizno-prouciti","status":"publish","type":"post","link":"https:\/\/veritasinfo.org\/?p=64118&lang=sr","title":{"rendered":"Kurti: Memorandum SANU i srpske elite moraju se precizno prou\u010diti"},"content":{"rendered":"<p>Pri\u0161tina, 4. septembar 2026. 16:54<\/p>\n<p>Vr\u0161ilac du\u017enosti premijera Kosova, Albin Kurti, izjavio je da je 40 godina nakon objavljivanja Memoranduma SANU i dalje va\u017eno prou\u010davati okolnosti u kojima je ovaj dokument sastavljen, ideje koje je artikulisao i uticaj koji je imao na politi\u010dki i dru\u0161tveni diskurs Srbije.<\/p>\n<p>Kurti je ove izjave dao na nau\u010dnom okruglom stolu koji je organizovao Institut za ratne zlo\u010dine na Kosovu, u saradnji sa Istorijskim institutom \u201eAli Hadri\u201c, gde se razgovaralo o memorandumu SANU, ulozi srpskih intelektualnih elita i uticaju nacionalisti\u010dke ideologije na de\u0161avanja koja su usledila u biv\u0161oj Jugoslaviji.<\/p>\n<p>&nbsp;<\/p>\n<p>Prema Kurtiju, memorandum se pojavio tokom perioda duboke politi\u010dke, ekonomske i dru\u0161tvene krize u biv\u0161oj Jugoslaviji i artikulisao je tuma\u010denje polo\u017eaja Srba u federaciji, zasnovano na narativu o viktimizaciji.<\/p>\n<p>&nbsp;<\/p>\n<p>\u201eKosovo je zauzimalo posebno mesto u ovom tuma\u010denju\u201c, rekao je Kurti, dodajuc\u0301i da je ovaj diskurs apsorbovan politikom i postao deo jezika kojim su opravdane sve vec\u0301e intervencije srpske dr\u017eave u ustavno-pravni poredak biv\u0161e Jugoslavije.<\/p>\n<p>&nbsp;<\/p>\n<p>Premijer je naglasio da je zna\u010daj memoranduma povezan i sa odnosom izme\u0111u nau\u010dnog znanja, intelektualnog autoriteta i politi\u010dke moc\u0301i.<\/p>\n<p>&nbsp;<\/p>\n<p>\u201eKada se ovaj autoritet koristi da bi se etni\u010dkim predrasudama ili politi\u010dkim tvrdnjama dao nau\u010dni karakter, posledice mogu ic\u0301i mnogo dalje od akademske debate\u201c, izjavio je.<\/p>\n<p>&nbsp;<\/p>\n<p>Rekao je da je nakon toga usledilo suzbijanje autonomije Kosova, masovni odlasci Albanaca iz javnih institucija i ekonomskih preduzec\u0301a, sistematska diskriminacija, dr\u017eavna represija i kasnije rat.<\/p>\n<p>&nbsp;<\/p>\n<p>Prema Kurtiju, put od ideologije do nasilja je slo\u017een, ali istorija biv\u0161e Jugoslavije dokazuje da proizvodnja narativa, njihova legitimizacija od strane javnih i akademskih vlasti i prisvajanje od strane vlade mogu stvoriti politi\u010dku i moralnu klimu u kojoj se diskriminacija normalizuje, a nasilje postaje prihvatljivo kao politi\u010dko sredstvo.<\/p>\n<p>&nbsp;<\/p>\n<p>Pozvao je da se memorandum SANU i uloga srpskih intelektualnih elita tog vremena nastave prou\u010davati kroz verodostojne dokumente i izvore, uz nau\u010dnu metodologiju.<\/p>\n<p>&nbsp;<\/p>\n<p>\u201eIstorijska odgovornost zahteva ta\u010dnost. Ona zahteva identifikovanje ideja, politika, institucija i pojedinaca koji su ih formulisali, promovisali i sprovodili\u201c, rekao je Kurti.<\/p>\n<p>&nbsp;<\/p>\n<p>Premijer je tako\u0111e govorio o potrebi dokumentovanja zlo\u010dina po\u010dinjenih tokom rata na Kosovu, o\u010duvanja dokaza i prou\u010davanja procesa koji su do njih doveli.<\/p>\n<p>&nbsp;<\/p>\n<p>Naglasio je da su posledice politika iz 1990-ih i dalje prisutne na Kosovu, pominjuc\u0301i porodice \u017ertava, nestale osobe, dokumente, arhive i svedo\u010danstva pre\u017eivelih.<\/p>\n<p>&nbsp;<\/p>\n<p>Kurti se tako\u0111e osvrnuo na na\u010din na koji se Srbija nosi sa svojom ratnom pro\u0161lo\u0161c\u0301u.<\/p>\n<p>&nbsp;<\/p>\n<p>Nazvao je paradoksom to \u0161to se, prema njegovim re\u010dima, u Srbiji nastavlja veli\u010danje li\u010dnosti osu\u0111enih za ratne zlo\u010dine.<\/p>\n<p>&nbsp;<\/p>\n<p>Kurti je pomenuo slu\u010daj Ratka Mladic\u0301a, koga je Ha\u0161ki tribunal osudio za genocid i ratne zlo\u010dine, kritikujuc\u0301i predsednika Srbije Aleksandra Vu\u010dic\u0301a zbog onoga \u0161to je opisao kao po\u0161tovanje takvih li\u010dnosti.<\/p>\n<p>&nbsp;<\/p>\n<p>\u201eKada dru\u0161tvo javno odaje po\u010dast osobi osu\u0111enoj za genocid, te\u0161ko je govoriti o suo\u010davanju sa pro\u0161lo\u0161c\u0301u, pokajanju ili distanciranju\u201c, izjavio je Kurti.<\/p>\n<p>&nbsp;<\/p>\n<p>U me\u0111uvremenu, direktorka Instituta za istoriju \u201eAli Hadri\u201c, Teuta \u0160alja Peli, naglasila je va\u017enost prou\u010davanja dokumenata i politi\u010dkih ideja koje su uticale na de\u0161avanja u biv\u0161oj Jugoslaviji tokom poslednjih decenija 20. veka.<\/p>\n<p>&nbsp;<\/p>\n<p>Peli je rekla da je analiza dokumenta, njegovog sadr\u017eaja, ideolo\u0161ke dimenzije i uticaja na kasnija politi\u010dka de\u0161avanja va\u017ena za razumevanje procesa koji su doveli do razarajuc\u0301ih ratova u biv\u0161oj Jugoslaviji.<\/p>\n<p>&nbsp;<\/p>\n<p>\u201eProu\u010davanje ovog dokumenta, ideja artikulisanih u njemu i njihovog uticaja na kasnija de\u0161avanja od posebnog je zna\u010daja za razumevanje procesa koji su doveli do razarajuc\u0301ih ratova u biv\u0161oj Jugoslaviji, a posebno politike represije i nasilja nad gra\u0111anima Kosova\u201c, rekla je Peli.<\/p>\n<p>&nbsp;<\/p>\n<p>Naglasila je da je suo\u010davanje sa pro\u0161lo\u0161c\u0301u odgovornost nau\u010dnoistra\u017eiva\u010dkih institucija i da mora biti zasnovano na dokumentima, \u010dinjenicama i kriti\u010dkoj analizi.<\/p>\n<p>&nbsp;<\/p>\n<p>\u201eSamo studija zasnovana na istini, \u010dinjenicama i kriti\u010dkoj analizi mo\u017ee slu\u017eiti buduc\u0301im generacijama i sa\u010duvati istorijsko sec\u0301anje\u201c, rekla je direktorka Istorijskog instituta \u201eAli Hadri\u201c.<\/p>\n<p>&nbsp;<\/p>\n<p>Prema njenim re\u010dima, nau\u010dni okrugli sto ne treba posmatrati samo kao obele\u017eavanje dokumenta od istorijskog zna\u010daja, vec\u0301 i kao priliku za produbljivanje nau\u010dne debate o ideologiji, politi\u010dkim projektima i njihovim istorijskim posledicama.<\/p>\n<p>&nbsp;<\/p>\n<p>\u201eStoga, ovaj okrugli sto nije samo obele\u017eavanje dokumenta od istorijskog zna\u010daja, vec\u0301 i prilika za produbljivanje nau\u010dne debate o ideologiji, politi\u010dkim projektima i njihovim istorijskim posledicama.\u201c<\/p>\n","protected":false},"excerpt":{"rendered":"<p>Pri\u0161tina, 4. septembar 2026. 16:54 Vr\u0161ilac du\u017enosti premijera Kosova, Albin Kurti, izjavio je da je 40 godina nakon objavljivanja Memoranduma SANU i dalje va\u017eno prou\u010davati<\/p>\n","protected":false},"author":7,"featured_media":55222,"comment_status":"open","ping_status":"open","sticky":false,"template":"","format":"standard","meta":{"footnotes":""},"categories":[28],"tags":[],"class_list":["post-64118","post","type-post","status-publish","format-standard","has-post-thumbnail","hentry","category-politika"],"yoast_head":"<!-- This site is optimized with the Yoast SEO plugin v25.3.1 - https:\/\/yoast.com\/wordpress\/plugins\/seo\/ -->\n<title>Kurti: Memorandum SANU i srpske elite moraju se precizno prou\u010diti -<\/title>\n<meta name=\"robots\" content=\"index, follow, max-snippet:-1, max-image-preview:large, max-video-preview:-1\" \/>\n<link rel=\"canonical\" href=\"https:\/\/veritasinfo.org\/?p=64118&lang=sr\" \/>\n<meta property=\"og:locale\" content=\"en_US\" \/>\n<meta property=\"og:type\" content=\"article\" \/>\n<meta property=\"og:title\" content=\"Kurti: Memorandum SANU i srpske elite moraju se precizno prou\u010diti -\" \/>\n<meta property=\"og:description\" content=\"Pri\u0161tina, 4. septembar 2026. 16:54 Vr\u0161ilac du\u017enosti premijera Kosova, Albin Kurti, izjavio je da je 40 godina nakon objavljivanja Memoranduma SANU i dalje va\u017eno prou\u010davati\" \/>\n<meta property=\"og:url\" content=\"https:\/\/veritasinfo.org\/?p=64118&amp;lang=sr\" \/>\n<meta property=\"article:published_time\" content=\"2026-09-04T14:58:09+00:00\" \/>\n<meta property=\"og:image\" content=\"https:\/\/veritasinfo.org\/wp-content\/uploads\/2026\/07\/albin-kurtiii-1.jpg\" \/>\n\t<meta property=\"og:image:width\" content=\"850\" \/>\n\t<meta property=\"og:image:height\" content=\"567\" \/>\n\t<meta property=\"og:image:type\" content=\"image\/jpeg\" \/>\n<meta name=\"author\" content=\"US6\" \/>\n<meta name=\"twitter:card\" content=\"summary_large_image\" \/>\n<meta name=\"twitter:label1\" content=\"Written by\" \/>\n\t<meta name=\"twitter:data1\" content=\"US6\" \/>\n\t<meta name=\"twitter:label2\" content=\"Est. reading time\" \/>\n\t<meta name=\"twitter:data2\" content=\"4 minutes\" \/>\n<script type=\"application\/ld+json\" class=\"yoast-schema-graph\">{\"@context\":\"https:\/\/schema.org\",\"@graph\":[{\"@type\":\"WebPage\",\"@id\":\"https:\/\/veritasinfo.org\/?p=64118&lang=sr\",\"url\":\"https:\/\/veritasinfo.org\/?p=64118&lang=sr\",\"name\":\"Kurti: Memorandum SANU i srpske elite moraju se precizno prou\u010diti -\",\"isPartOf\":{\"@id\":\"https:\/\/veritasinfo.org\/#website\"},\"primaryImageOfPage\":{\"@id\":\"https:\/\/veritasinfo.org\/?p=64118&lang=sr#primaryimage\"},\"image\":{\"@id\":\"https:\/\/veritasinfo.org\/?p=64118&lang=sr#primaryimage\"},\"thumbnailUrl\":\"https:\/\/veritasinfo.org\/wp-content\/uploads\/2026\/07\/albin-kurtiii-1.jpg\",\"datePublished\":\"2026-09-04T14:58:09+00:00\",\"author\":{\"@id\":\"https:\/\/veritasinfo.org\/#\/schema\/person\/fe199eede04c3937362892b7444747cc\"},\"breadcrumb\":{\"@id\":\"https:\/\/veritasinfo.org\/?p=64118&lang=sr#breadcrumb\"},\"inLanguage\":\"en-US\",\"potentialAction\":[{\"@type\":\"ReadAction\",\"target\":[\"https:\/\/veritasinfo.org\/?p=64118&lang=sr\"]}]},{\"@type\":\"ImageObject\",\"inLanguage\":\"en-US\",\"@id\":\"https:\/\/veritasinfo.org\/?p=64118&lang=sr#primaryimage\",\"url\":\"https:\/\/veritasinfo.org\/wp-content\/uploads\/2026\/07\/albin-kurtiii-1.jpg\",\"contentUrl\":\"https:\/\/veritasinfo.org\/wp-content\/uploads\/2026\/07\/albin-kurtiii-1.jpg\",\"width\":850,\"height\":567},{\"@type\":\"BreadcrumbList\",\"@id\":\"https:\/\/veritasinfo.org\/?p=64118&lang=sr#breadcrumb\",\"itemListElement\":[{\"@type\":\"ListItem\",\"position\":1,\"name\":\"Home\",\"item\":\"https:\/\/veritasinfo.org\/\"},{\"@type\":\"ListItem\",\"position\":2,\"name\":\"Kurti: Memorandum SANU i srpske elite moraju se precizno prou\u010diti\"}]},{\"@type\":\"WebSite\",\"@id\":\"https:\/\/veritasinfo.org\/#website\",\"url\":\"https:\/\/veritasinfo.org\/\",\"name\":\"\",\"description\":\"\",\"potentialAction\":[{\"@type\":\"SearchAction\",\"target\":{\"@type\":\"EntryPoint\",\"urlTemplate\":\"https:\/\/veritasinfo.org\/?s={search_term_string}\"},\"query-input\":{\"@type\":\"PropertyValueSpecification\",\"valueRequired\":true,\"valueName\":\"search_term_string\"}}],\"inLanguage\":\"en-US\"},{\"@type\":\"Person\",\"@id\":\"https:\/\/veritasinfo.org\/#\/schema\/person\/fe199eede04c3937362892b7444747cc\",\"name\":\"US6\",\"image\":{\"@type\":\"ImageObject\",\"inLanguage\":\"en-US\",\"@id\":\"https:\/\/veritasinfo.org\/#\/schema\/person\/image\/\",\"url\":\"https:\/\/secure.gravatar.com\/avatar\/cb16c3c31c9d23b9b8c705964598220b3014e42ff51eb540ff23cefa3ae8c15f?s=96&d=mm&r=g\",\"contentUrl\":\"https:\/\/secure.gravatar.com\/avatar\/cb16c3c31c9d23b9b8c705964598220b3014e42ff51eb540ff23cefa3ae8c15f?s=96&d=mm&r=g\",\"caption\":\"US6\"},\"url\":\"https:\/\/veritasinfo.org\/?author=7\"}]}<\/script>\n<!-- \/ Yoast SEO plugin. -->","yoast_head_json":{"title":"Kurti: Memorandum SANU i srpske elite moraju se precizno prou\u010diti -","robots":{"index":"index","follow":"follow","max-snippet":"max-snippet:-1","max-image-preview":"max-image-preview:large","max-video-preview":"max-video-preview:-1"},"canonical":"https:\/\/veritasinfo.org\/?p=64118&lang=sr","og_locale":"en_US","og_type":"article","og_title":"Kurti: Memorandum SANU i srpske elite moraju se precizno prou\u010diti -","og_description":"Pri\u0161tina, 4. septembar 2026. 16:54 Vr\u0161ilac du\u017enosti premijera Kosova, Albin Kurti, izjavio je da je 40 godina nakon objavljivanja Memoranduma SANU i dalje va\u017eno prou\u010davati","og_url":"https:\/\/veritasinfo.org\/?p=64118&lang=sr","article_published_time":"2026-09-04T14:58:09+00:00","og_image":[{"width":850,"height":567,"url":"https:\/\/veritasinfo.org\/wp-content\/uploads\/2026\/07\/albin-kurtiii-1.jpg","type":"image\/jpeg"}],"author":"US6","twitter_card":"summary_large_image","twitter_misc":{"Written by":"US6","Est. reading time":"4 minutes"},"schema":{"@context":"https:\/\/schema.org","@graph":[{"@type":"WebPage","@id":"https:\/\/veritasinfo.org\/?p=64118&lang=sr","url":"https:\/\/veritasinfo.org\/?p=64118&lang=sr","name":"Kurti: Memorandum SANU i srpske elite moraju se precizno prou\u010diti -","isPartOf":{"@id":"https:\/\/veritasinfo.org\/#website"},"primaryImageOfPage":{"@id":"https:\/\/veritasinfo.org\/?p=64118&lang=sr#primaryimage"},"image":{"@id":"https:\/\/veritasinfo.org\/?p=64118&lang=sr#primaryimage"},"thumbnailUrl":"https:\/\/veritasinfo.org\/wp-content\/uploads\/2026\/07\/albin-kurtiii-1.jpg","datePublished":"2026-09-04T14:58:09+00:00","author":{"@id":"https:\/\/veritasinfo.org\/#\/schema\/person\/fe199eede04c3937362892b7444747cc"},"breadcrumb":{"@id":"https:\/\/veritasinfo.org\/?p=64118&lang=sr#breadcrumb"},"inLanguage":"en-US","potentialAction":[{"@type":"ReadAction","target":["https:\/\/veritasinfo.org\/?p=64118&lang=sr"]}]},{"@type":"ImageObject","inLanguage":"en-US","@id":"https:\/\/veritasinfo.org\/?p=64118&lang=sr#primaryimage","url":"https:\/\/veritasinfo.org\/wp-content\/uploads\/2026\/07\/albin-kurtiii-1.jpg","contentUrl":"https:\/\/veritasinfo.org\/wp-content\/uploads\/2026\/07\/albin-kurtiii-1.jpg","width":850,"height":567},{"@type":"BreadcrumbList","@id":"https:\/\/veritasinfo.org\/?p=64118&lang=sr#breadcrumb","itemListElement":[{"@type":"ListItem","position":1,"name":"Home","item":"https:\/\/veritasinfo.org\/"},{"@type":"ListItem","position":2,"name":"Kurti: Memorandum SANU i srpske elite moraju se precizno prou\u010diti"}]},{"@type":"WebSite","@id":"https:\/\/veritasinfo.org\/#website","url":"https:\/\/veritasinfo.org\/","name":"","description":"","potentialAction":[{"@type":"SearchAction","target":{"@type":"EntryPoint","urlTemplate":"https:\/\/veritasinfo.org\/?s={search_term_string}"},"query-input":{"@type":"PropertyValueSpecification","valueRequired":true,"valueName":"search_term_string"}}],"inLanguage":"en-US"},{"@type":"Person","@id":"https:\/\/veritasinfo.org\/#\/schema\/person\/fe199eede04c3937362892b7444747cc","name":"US6","image":{"@type":"ImageObject","inLanguage":"en-US","@id":"https:\/\/veritasinfo.org\/#\/schema\/person\/image\/","url":"https:\/\/secure.gravatar.com\/avatar\/cb16c3c31c9d23b9b8c705964598220b3014e42ff51eb540ff23cefa3ae8c15f?s=96&d=mm&r=g","contentUrl":"https:\/\/secure.gravatar.com\/avatar\/cb16c3c31c9d23b9b8c705964598220b3014e42ff51eb540ff23cefa3ae8c15f?s=96&d=mm&r=g","caption":"US6"},"url":"https:\/\/veritasinfo.org\/?author=7"}]}},"featured_image_urls":{"full":["https:\/\/veritasinfo.org\/wp-content\/uploads\/2026\/07\/albin-kurtiii-1.jpg",850,567,false],"thumbnail":["https:\/\/veritasinfo.org\/wp-content\/uploads\/2026\/07\/albin-kurtiii-1-150x150.jpg",150,150,true],"medium":["https:\/\/veritasinfo.org\/wp-content\/uploads\/2026\/07\/albin-kurtiii-1-300x200.jpg",300,200,true],"medium_large":["https:\/\/veritasinfo.org\/wp-content\/uploads\/2026\/07\/albin-kurtiii-1-768x512.jpg",640,427,true],"large":["https:\/\/veritasinfo.org\/wp-content\/uploads\/2026\/07\/albin-kurtiii-1.jpg",640,427,false],"1536x1536":["https:\/\/veritasinfo.org\/wp-content\/uploads\/2026\/07\/albin-kurtiii-1.jpg",850,567,false],"2048x2048":["https:\/\/veritasinfo.org\/wp-content\/uploads\/2026\/07\/albin-kurtiii-1.jpg",850,567,false],"kreeti-slider-full":["https:\/\/veritasinfo.org\/wp-content\/uploads\/2026\/07\/albin-kurtiii-1.jpg",850,567,false],"kreeti-featured":["https:\/\/veritasinfo.org\/wp-content\/uploads\/2026\/07\/albin-kurtiii-1.jpg",850,567,false],"kreeti-medium":["https:\/\/veritasinfo.org\/wp-content\/uploads\/2026\/07\/albin-kurtiii-1-720x530.jpg",720,530,true],"kreeti-medium-square":["https:\/\/veritasinfo.org\/wp-content\/uploads\/2026\/07\/albin-kurtiii-1-350x350.jpg",350,350,true]},"author_info":{"info":["US6"]},"category_info":"<a href=\"https:\/\/veritasinfo.org\/?cat=28&#038;lang=sr\" rel=\"category\">Politika<\/a>","tag_info":"Politika","comment_count":"0","_links":{"self":[{"href":"https:\/\/veritasinfo.org\/index.php?rest_route=\/wp\/v2\/posts\/64118","targetHints":{"allow":["GET"]}}],"collection":[{"href":"https:\/\/veritasinfo.org\/index.php?rest_route=\/wp\/v2\/posts"}],"about":[{"href":"https:\/\/veritasinfo.org\/index.php?rest_route=\/wp\/v2\/types\/post"}],"author":[{"embeddable":true,"href":"https:\/\/veritasinfo.org\/index.php?rest_route=\/wp\/v2\/users\/7"}],"replies":[{"embeddable":true,"href":"https:\/\/veritasinfo.org\/index.php?rest_route=%2Fwp%2Fv2%2Fcomments&post=64118"}],"version-history":[{"count":1,"href":"https:\/\/veritasinfo.org\/index.php?rest_route=\/wp\/v2\/posts\/64118\/revisions"}],"predecessor-version":[{"id":64119,"href":"https:\/\/veritasinfo.org\/index.php?rest_route=\/wp\/v2\/posts\/64118\/revisions\/64119"}],"wp:featuredmedia":[{"embeddable":true,"href":"https:\/\/veritasinfo.org\/index.php?rest_route=\/wp\/v2\/media\/55222"}],"wp:attachment":[{"href":"https:\/\/veritasinfo.org\/index.php?rest_route=%2Fwp%2Fv2%2Fmedia&parent=64118"}],"wp:term":[{"taxonomy":"category","embeddable":true,"href":"https:\/\/veritasinfo.org\/index.php?rest_route=%2Fwp%2Fv2%2Fcategories&post=64118"},{"taxonomy":"post_tag","embeddable":true,"href":"https:\/\/veritasinfo.org\/index.php?rest_route=%2Fwp%2Fv2%2Ftags&post=64118"}],"curies":[{"name":"wp","href":"https:\/\/api.w.org\/{rel}","templated":true}]}}