{"id":64115,"date":"2026-09-04T16:55:44","date_gmt":"2026-09-04T14:55:44","guid":{"rendered":"https:\/\/veritasinfo.org\/?p=64115"},"modified":"2026-09-04T16:55:44","modified_gmt":"2026-09-04T14:55:44","slug":"kurti-memorandumi-i-sanu-se-dhe-elitat-serbe-duhen-studiuar-me-saktesi","status":"publish","type":"post","link":"https:\/\/veritasinfo.org\/?p=64115","title":{"rendered":"Kurti: Memorandumi i SANU-s\u00eb dhe elitat serbe duhen studiuar me sakt\u00ebsi"},"content":{"rendered":"<p>Prishtin\u00eb, 4 shtator 2026 16:54<\/p>\n<p>Kryeministri n\u00eb detyr\u00eb i Kosov\u00ebs, Albin Kurti, ka deklaruar se 40 vjet pas publikimit t\u00eb Memorandumit t\u00eb Akademis\u00eb Serbe t\u00eb Shkencave dhe Arteve (SANU), vazhdon t\u00eb jet\u00eb e r\u00ebnd\u00ebsishme t\u00eb studiohen rrethanat n\u00eb t\u00eb cilat u hartua ky dokument, idet\u00eb q\u00eb artikuloi dhe ndikimi q\u00eb pati n\u00eb diskursin politik e shoq\u00ebror t\u00eb Serbis\u00eb.<\/p>\n<p>Kurti i b\u00ebri k\u00ebto deklarata n\u00eb nj\u00eb tryez\u00eb shkencore t\u00eb organizuar nga Instituti i Krimeve t\u00eb Kryera Gjat\u00eb Luft\u00ebs n\u00eb Kosov\u00eb, n\u00eb bashk\u00ebpunim me Institutin e Historis\u00eb \u201cAli Hadri\u201d, ku u diskutua p\u00ebr memorandumin e SANU-s\u00eb, rolin e elitave intelektuale serbe dhe ndikimin e ideologjis\u00eb nacionaliste n\u00eb zhvillimet q\u00eb pasuan n\u00eb ish-Jugosllavi.<\/p>\n<p>Sipas Kurtit, memorandumi u shfaq n\u00eb nj\u00eb periudh\u00eb krize t\u00eb thell\u00eb politike, ekonomike dhe shoq\u00ebrore n\u00eb ish-Jugosllavi dhe artikuloi nj\u00eb interpretim t\u00eb pozit\u00ebs s\u00eb serb\u00ebve n\u00eb federat\u00eb, t\u00eb mb\u00ebshtetur mbi narrativ\u00ebn e viktimizimit.<\/p>\n<p>\u201cKosova zinte vend t\u00eb ve\u00e7ant\u00eb n\u00eb k\u00ebt\u00eb interpretim\u201d, tha Kurti, duke shtuar se ky diskurs u p\u00ebrvet\u00ebsua nga politika dhe u b\u00eb pjes\u00eb e gjuh\u00ebs p\u00ebrmes s\u00eb cil\u00ebs u arsyetuan nd\u00ebrhyrjet gjithnj\u00eb e m\u00eb t\u00eb m\u00ebdha t\u00eb shtetit serb n\u00eb rendin kushtetues-juridik t\u00eb ish-Jugosllavis\u00eb.<\/p>\n<p>Kryeministri theksoi se r\u00ebnd\u00ebsia e memorandumit lidhet edhe me raportin nd\u00ebrmjet dijes shkencore, autoritetit intelektual dhe pushtetit politik.<\/p>\n<p>\u201cKur ky autoritet p\u00ebrdoret p\u00ebr t\u2019u dh\u00ebn\u00eb karakter shkencor paragjykimeve etnike ose pretendimeve politike, pasojat mund t\u00eb shkojn\u00eb shum\u00eb m\u00eb larg se debati akademik\u201d, deklaroi ai.<\/p>\n<p>Ai tha se pas k\u00ebsaj pasuan suprimimi i autonomis\u00eb s\u00eb Kosov\u00ebs, largimet masive t\u00eb shqiptar\u00ebve nga institucionet publike dhe nd\u00ebrmarrjet ekonomike, diskriminimi sistematik, represioni shtet\u00ebror dhe m\u00eb von\u00eb lufta.<\/p>\n<p>Sipas Kurtit, rruga nga ideologjia te dhuna \u00ebsht\u00eb komplekse, por historia e ish-Jugosllavis\u00eb d\u00ebshmon se prodhimi i narrativave, legjitimimi i tyre nga autoritete publike e akademike dhe p\u00ebrvet\u00ebsimi nga pushteti mund t\u00eb krijojn\u00eb klim\u00ebn politike dhe morale ku diskriminimi normalizohet dhe dhuna b\u00ebhet e pranueshme si mjet politik.<\/p>\n<p>Ai k\u00ebrkoi q\u00eb memorandumi i SANU-s\u00eb dhe roli i elitave intelektuale serbe t\u00eb asaj kohe t\u00eb vazhdojn\u00eb t\u00eb studiohen p\u00ebrmes dokumenteve dhe burimeve kredibile, me metodologji shkencore.<\/p>\n<p>\u201cP\u00ebrgjegj\u00ebsia historike k\u00ebrkon sakt\u00ebsi. K\u00ebrkon t\u00eb identifikohen idet\u00eb, politikat, institucionet dhe individ\u00ebt q\u00eb i formuluan, i promovuan dhe i zbatuan ato\u201d, tha Kurti.<\/p>\n<p>Kryeministri foli edhe p\u00ebr nevoj\u00ebn e dokumentimit t\u00eb krimeve t\u00eb kryera gjat\u00eb luft\u00ebs n\u00eb Kosov\u00eb, ruajtjes s\u00eb d\u00ebshmive dhe studimit t\u00eb proceseve q\u00eb \u00e7uan drejt tyre.<\/p>\n<p>Ai theksoi se pasojat e politikave t\u00eb viteve \u201990 vazhdojn\u00eb t\u00eb jen\u00eb t\u00eb pranishme n\u00eb Kosov\u00eb, duke p\u00ebrmendur familjet e viktimave, personat e pagjetur, dokumentet, arkivat dhe d\u00ebshmit\u00eb e t\u00eb mbijetuarve.<\/p>\n<p>Kurti u ndal edhe te m\u00ebnyra se si Serbia e trajton t\u00eb kaluar\u00ebn e saj t\u00eb luft\u00ebs.<\/p>\n<p>Ai e quajti paradoks faktin q\u00eb, sipas tij, n\u00eb Serbi vazhdon glorifikimi i figurave t\u00eb d\u00ebnuara p\u00ebr krime lufte.<\/p>\n<p>Kurti p\u00ebrmendi rastin e Ratko Mlladiqit, i d\u00ebnuar nga Tribunali i Hag\u00ebs p\u00ebr gjenocid dhe krime lufte, duke kritikuar presidentin e Serbis\u00eb, Aleksandar Vu\u00e7iq, p\u00ebr at\u00eb q\u00eb e cil\u00ebsoi si nderim ndaj figurave t\u00eb tilla.<\/p>\n<p>\u201cKur nj\u00eb shoq\u00ebri nderon publikisht nj\u00eb t\u00eb d\u00ebnuar p\u00ebr gjenocid, \u00ebsht\u00eb e v\u00ebshtir\u00eb t\u00eb flitet p\u00ebr p\u00ebrballje me t\u00eb kaluar\u00ebn, pendes\u00eb apo distancim\u201d, deklaroi Kurti.<\/p>\n<p>Kurse drejtoresha e Institutit t\u00eb Historis\u00eb \u201cAli Hadri\u201d, Teuta Shala Peli, ka theksuar r\u00ebnd\u00ebsin\u00eb e studimit t\u00eb dokumenteve dhe ideve politike q\u00eb kan\u00eb ndikuar n\u00eb zhvillimet n\u00eb ish-Jugosllavi gjat\u00eb dekadave t\u00eb fundit t\u00eb shekullit XX.<\/p>\n<p>Peli tha se analiza e dokumentit, e p\u00ebrmbajtjes s\u00eb tij, dimensionit ideologjik dhe ndikimit n\u00eb zhvillimet e m\u00ebvonshme politike \u00ebsht\u00eb e r\u00ebnd\u00ebsishme p\u00ebr t\u00eb kuptuar rrjedhat q\u00eb \u00e7uan drejt luft\u00ebrave shkat\u00ebrruese n\u00eb ish-Jugosllavi.<\/p>\n<p>\u201cStudimi i k\u00ebtij dokumenti, i ideve t\u00eb artikuluara n\u00eb t\u00eb dhe i ndikimit t\u00eb tyre n\u00eb zhvillimet e m\u00ebvonshme \u00ebsht\u00eb i nj\u00eb r\u00ebnd\u00ebsie t\u00eb ve\u00e7ant\u00eb p\u00ebr t\u00eb kuptuar rrjedhat q\u00eb \u00e7uan drejt luft\u00ebrave shkat\u00ebrruese n\u00eb ish-Jugosllavi dhe n\u00eb m\u00ebnyr\u00eb t\u00eb ve\u00e7ant\u00eb politik\u00ebn e represionit dhe t\u00eb dhun\u00ebs ndaj qytetar\u00ebve t\u00eb Kosov\u00ebs\u201d, tha Peli.<\/p>\n<p>Ajo theksoi se p\u00ebrballja me t\u00eb kaluar\u00ebn \u00ebsht\u00eb p\u00ebrgjegj\u00ebsi e institucioneve k\u00ebrkimore-shkencore dhe duhet t\u00eb mb\u00ebshtetet n\u00eb dokumente, fakte dhe analiza kritike.<\/p>\n<p>\u201cVet\u00ebm nj\u00eb studim i mb\u00ebshtetur n\u00eb t\u00eb v\u00ebrtet\u00ebn, n\u00eb faktet dhe n\u00eb analiz\u00ebn kritike mund t&#8217;u sh\u00ebrbej\u00eb brezave t\u00eb ardhsh\u00ebm dhe ruajtjes s\u00eb kujtes\u00ebs historike\u201d, u shpreh drejtoresha e Institutit t\u00eb Historis\u00eb \u201cAli Hadri\u201d.<\/p>\n<p>Sipas saj, tryeza shkencore nuk duhet t\u00eb shihet vet\u00ebm si p\u00ebrkujtim i nj\u00eb dokumenti me r\u00ebnd\u00ebsi historike, por edhe si mund\u00ebsi p\u00ebr t\u00eb thelluar debatin shkencor mbi ideologjin\u00eb, projektet politike dhe pasojat e tyre historike.<\/p>\n<p>\u201cPrandaj, kjo tryez\u00eb nuk \u00ebsht\u00eb vet\u00ebm nj\u00eb p\u00ebrkujtim i nj\u00eb dokumenti me r\u00ebnd\u00ebsi historike, por edhe nj\u00eb mund\u00ebsi p\u00ebr t\u00eb thelluar debatin shkencor mbi ideologjin\u00eb, projektet politike dhe pasojat e tyre historike\u201d, tha Peli.<\/p>\n<p>&nbsp;<\/p>\n<p>&nbsp;<\/p>\n<p>&nbsp;<\/p>\n<p>&nbsp;<\/p>\n","protected":false},"excerpt":{"rendered":"<p>Prishtin\u00eb, 4 shtator 2026 16:54 Kryeministri n\u00eb detyr\u00eb i Kosov\u00ebs, Albin Kurti, ka deklaruar se 40 vjet pas publikimit t\u00eb Memorandumit t\u00eb Akademis\u00eb Serbe t\u00eb<\/p>\n","protected":false},"author":7,"featured_media":61683,"comment_status":"open","ping_status":"open","sticky":false,"template":"","format":"standard","meta":{"footnotes":""},"categories":[58],"tags":[],"class_list":["post-64115","post","type-post","status-publish","format-standard","has-post-thumbnail","hentry","category-politike-sq"],"yoast_head":"<!-- This site is optimized with the Yoast SEO plugin v25.3.1 - https:\/\/yoast.com\/wordpress\/plugins\/seo\/ -->\n<title>Kurti: Memorandumi i SANU-s\u00eb dhe elitat serbe duhen studiuar me sakt\u00ebsi -<\/title>\n<meta name=\"robots\" content=\"index, follow, max-snippet:-1, max-image-preview:large, max-video-preview:-1\" \/>\n<link rel=\"canonical\" href=\"https:\/\/veritasinfo.org\/?p=64115\" \/>\n<meta property=\"og:locale\" content=\"en_US\" \/>\n<meta property=\"og:type\" content=\"article\" \/>\n<meta property=\"og:title\" content=\"Kurti: Memorandumi i SANU-s\u00eb dhe elitat serbe duhen studiuar me sakt\u00ebsi -\" \/>\n<meta property=\"og:description\" content=\"Prishtin\u00eb, 4 shtator 2026 16:54 Kryeministri n\u00eb detyr\u00eb i Kosov\u00ebs, Albin Kurti, ka deklaruar se 40 vjet pas publikimit t\u00eb Memorandumit t\u00eb Akademis\u00eb Serbe t\u00eb\" \/>\n<meta property=\"og:url\" content=\"https:\/\/veritasinfo.org\/?p=64115\" \/>\n<meta property=\"article:published_time\" content=\"2026-09-04T14:55:44+00:00\" \/>\n<meta property=\"og:image\" content=\"https:\/\/veritasinfo.org\/wp-content\/uploads\/2026\/08\/H-Albin-Kurti-116-scaled.jpg\" \/>\n\t<meta property=\"og:image:width\" content=\"2560\" \/>\n\t<meta property=\"og:image:height\" content=\"1707\" \/>\n\t<meta property=\"og:image:type\" content=\"image\/jpeg\" \/>\n<meta name=\"author\" content=\"US6\" \/>\n<meta name=\"twitter:card\" content=\"summary_large_image\" \/>\n<meta name=\"twitter:label1\" content=\"Written by\" \/>\n\t<meta name=\"twitter:data1\" content=\"US6\" \/>\n\t<meta name=\"twitter:label2\" content=\"Est. reading time\" \/>\n\t<meta name=\"twitter:data2\" content=\"4 minutes\" \/>\n<script type=\"application\/ld+json\" class=\"yoast-schema-graph\">{\"@context\":\"https:\/\/schema.org\",\"@graph\":[{\"@type\":\"WebPage\",\"@id\":\"https:\/\/veritasinfo.org\/?p=64115\",\"url\":\"https:\/\/veritasinfo.org\/?p=64115\",\"name\":\"Kurti: Memorandumi i SANU-s\u00eb dhe elitat serbe duhen studiuar me sakt\u00ebsi -\",\"isPartOf\":{\"@id\":\"https:\/\/veritasinfo.org\/#website\"},\"primaryImageOfPage\":{\"@id\":\"https:\/\/veritasinfo.org\/?p=64115#primaryimage\"},\"image\":{\"@id\":\"https:\/\/veritasinfo.org\/?p=64115#primaryimage\"},\"thumbnailUrl\":\"https:\/\/veritasinfo.org\/wp-content\/uploads\/2026\/08\/H-Albin-Kurti-116-scaled.jpg\",\"datePublished\":\"2026-09-04T14:55:44+00:00\",\"author\":{\"@id\":\"https:\/\/veritasinfo.org\/#\/schema\/person\/fe199eede04c3937362892b7444747cc\"},\"breadcrumb\":{\"@id\":\"https:\/\/veritasinfo.org\/?p=64115#breadcrumb\"},\"inLanguage\":\"en-US\",\"potentialAction\":[{\"@type\":\"ReadAction\",\"target\":[\"https:\/\/veritasinfo.org\/?p=64115\"]}]},{\"@type\":\"ImageObject\",\"inLanguage\":\"en-US\",\"@id\":\"https:\/\/veritasinfo.org\/?p=64115#primaryimage\",\"url\":\"https:\/\/veritasinfo.org\/wp-content\/uploads\/2026\/08\/H-Albin-Kurti-116-scaled.jpg\",\"contentUrl\":\"https:\/\/veritasinfo.org\/wp-content\/uploads\/2026\/08\/H-Albin-Kurti-116-scaled.jpg\",\"width\":2560,\"height\":1707},{\"@type\":\"BreadcrumbList\",\"@id\":\"https:\/\/veritasinfo.org\/?p=64115#breadcrumb\",\"itemListElement\":[{\"@type\":\"ListItem\",\"position\":1,\"name\":\"Home\",\"item\":\"https:\/\/veritasinfo.org\/\"},{\"@type\":\"ListItem\",\"position\":2,\"name\":\"Kurti: Memorandumi i SANU-s\u00eb dhe elitat serbe duhen studiuar me sakt\u00ebsi\"}]},{\"@type\":\"WebSite\",\"@id\":\"https:\/\/veritasinfo.org\/#website\",\"url\":\"https:\/\/veritasinfo.org\/\",\"name\":\"\",\"description\":\"\",\"potentialAction\":[{\"@type\":\"SearchAction\",\"target\":{\"@type\":\"EntryPoint\",\"urlTemplate\":\"https:\/\/veritasinfo.org\/?s={search_term_string}\"},\"query-input\":{\"@type\":\"PropertyValueSpecification\",\"valueRequired\":true,\"valueName\":\"search_term_string\"}}],\"inLanguage\":\"en-US\"},{\"@type\":\"Person\",\"@id\":\"https:\/\/veritasinfo.org\/#\/schema\/person\/fe199eede04c3937362892b7444747cc\",\"name\":\"US6\",\"image\":{\"@type\":\"ImageObject\",\"inLanguage\":\"en-US\",\"@id\":\"https:\/\/veritasinfo.org\/#\/schema\/person\/image\/\",\"url\":\"https:\/\/secure.gravatar.com\/avatar\/cb16c3c31c9d23b9b8c705964598220b3014e42ff51eb540ff23cefa3ae8c15f?s=96&d=mm&r=g\",\"contentUrl\":\"https:\/\/secure.gravatar.com\/avatar\/cb16c3c31c9d23b9b8c705964598220b3014e42ff51eb540ff23cefa3ae8c15f?s=96&d=mm&r=g\",\"caption\":\"US6\"},\"url\":\"https:\/\/veritasinfo.org\/?author=7\"}]}<\/script>\n<!-- \/ Yoast SEO plugin. -->","yoast_head_json":{"title":"Kurti: Memorandumi i SANU-s\u00eb dhe elitat serbe duhen studiuar me sakt\u00ebsi -","robots":{"index":"index","follow":"follow","max-snippet":"max-snippet:-1","max-image-preview":"max-image-preview:large","max-video-preview":"max-video-preview:-1"},"canonical":"https:\/\/veritasinfo.org\/?p=64115","og_locale":"en_US","og_type":"article","og_title":"Kurti: Memorandumi i SANU-s\u00eb dhe elitat serbe duhen studiuar me sakt\u00ebsi -","og_description":"Prishtin\u00eb, 4 shtator 2026 16:54 Kryeministri n\u00eb detyr\u00eb i Kosov\u00ebs, Albin Kurti, ka deklaruar se 40 vjet pas publikimit t\u00eb Memorandumit t\u00eb Akademis\u00eb Serbe t\u00eb","og_url":"https:\/\/veritasinfo.org\/?p=64115","article_published_time":"2026-09-04T14:55:44+00:00","og_image":[{"width":2560,"height":1707,"url":"https:\/\/veritasinfo.org\/wp-content\/uploads\/2026\/08\/H-Albin-Kurti-116-scaled.jpg","type":"image\/jpeg"}],"author":"US6","twitter_card":"summary_large_image","twitter_misc":{"Written by":"US6","Est. reading time":"4 minutes"},"schema":{"@context":"https:\/\/schema.org","@graph":[{"@type":"WebPage","@id":"https:\/\/veritasinfo.org\/?p=64115","url":"https:\/\/veritasinfo.org\/?p=64115","name":"Kurti: Memorandumi i SANU-s\u00eb dhe elitat serbe duhen studiuar me sakt\u00ebsi -","isPartOf":{"@id":"https:\/\/veritasinfo.org\/#website"},"primaryImageOfPage":{"@id":"https:\/\/veritasinfo.org\/?p=64115#primaryimage"},"image":{"@id":"https:\/\/veritasinfo.org\/?p=64115#primaryimage"},"thumbnailUrl":"https:\/\/veritasinfo.org\/wp-content\/uploads\/2026\/08\/H-Albin-Kurti-116-scaled.jpg","datePublished":"2026-09-04T14:55:44+00:00","author":{"@id":"https:\/\/veritasinfo.org\/#\/schema\/person\/fe199eede04c3937362892b7444747cc"},"breadcrumb":{"@id":"https:\/\/veritasinfo.org\/?p=64115#breadcrumb"},"inLanguage":"en-US","potentialAction":[{"@type":"ReadAction","target":["https:\/\/veritasinfo.org\/?p=64115"]}]},{"@type":"ImageObject","inLanguage":"en-US","@id":"https:\/\/veritasinfo.org\/?p=64115#primaryimage","url":"https:\/\/veritasinfo.org\/wp-content\/uploads\/2026\/08\/H-Albin-Kurti-116-scaled.jpg","contentUrl":"https:\/\/veritasinfo.org\/wp-content\/uploads\/2026\/08\/H-Albin-Kurti-116-scaled.jpg","width":2560,"height":1707},{"@type":"BreadcrumbList","@id":"https:\/\/veritasinfo.org\/?p=64115#breadcrumb","itemListElement":[{"@type":"ListItem","position":1,"name":"Home","item":"https:\/\/veritasinfo.org\/"},{"@type":"ListItem","position":2,"name":"Kurti: Memorandumi i SANU-s\u00eb dhe elitat serbe duhen studiuar me sakt\u00ebsi"}]},{"@type":"WebSite","@id":"https:\/\/veritasinfo.org\/#website","url":"https:\/\/veritasinfo.org\/","name":"","description":"","potentialAction":[{"@type":"SearchAction","target":{"@type":"EntryPoint","urlTemplate":"https:\/\/veritasinfo.org\/?s={search_term_string}"},"query-input":{"@type":"PropertyValueSpecification","valueRequired":true,"valueName":"search_term_string"}}],"inLanguage":"en-US"},{"@type":"Person","@id":"https:\/\/veritasinfo.org\/#\/schema\/person\/fe199eede04c3937362892b7444747cc","name":"US6","image":{"@type":"ImageObject","inLanguage":"en-US","@id":"https:\/\/veritasinfo.org\/#\/schema\/person\/image\/","url":"https:\/\/secure.gravatar.com\/avatar\/cb16c3c31c9d23b9b8c705964598220b3014e42ff51eb540ff23cefa3ae8c15f?s=96&d=mm&r=g","contentUrl":"https:\/\/secure.gravatar.com\/avatar\/cb16c3c31c9d23b9b8c705964598220b3014e42ff51eb540ff23cefa3ae8c15f?s=96&d=mm&r=g","caption":"US6"},"url":"https:\/\/veritasinfo.org\/?author=7"}]}},"featured_image_urls":{"full":["https:\/\/veritasinfo.org\/wp-content\/uploads\/2026\/08\/H-Albin-Kurti-116-scaled.jpg",2560,1707,false],"thumbnail":["https:\/\/veritasinfo.org\/wp-content\/uploads\/2026\/08\/H-Albin-Kurti-116-150x150.jpg",150,150,true],"medium":["https:\/\/veritasinfo.org\/wp-content\/uploads\/2026\/08\/H-Albin-Kurti-116-300x200.jpg",300,200,true],"medium_large":["https:\/\/veritasinfo.org\/wp-content\/uploads\/2026\/08\/H-Albin-Kurti-116-768x512.jpg",640,427,true],"large":["https:\/\/veritasinfo.org\/wp-content\/uploads\/2026\/08\/H-Albin-Kurti-116-1024x683.jpg",640,427,true],"1536x1536":["https:\/\/veritasinfo.org\/wp-content\/uploads\/2026\/08\/H-Albin-Kurti-116-1536x1024.jpg",1536,1024,true],"2048x2048":["https:\/\/veritasinfo.org\/wp-content\/uploads\/2026\/08\/H-Albin-Kurti-116-2048x1365.jpg",2048,1365,true],"kreeti-slider-full":["https:\/\/veritasinfo.org\/wp-content\/uploads\/2026\/08\/H-Albin-Kurti-116-1280x720.jpg",1280,720,true],"kreeti-featured":["https:\/\/veritasinfo.org\/wp-content\/uploads\/2026\/08\/H-Albin-Kurti-116-1024x683.jpg",1024,683,true],"kreeti-medium":["https:\/\/veritasinfo.org\/wp-content\/uploads\/2026\/08\/H-Albin-Kurti-116-720x530.jpg",720,530,true],"kreeti-medium-square":["https:\/\/veritasinfo.org\/wp-content\/uploads\/2026\/08\/H-Albin-Kurti-116-350x350.jpg",350,350,true]},"author_info":{"info":["US6"]},"category_info":"<a href=\"https:\/\/veritasinfo.org\/?cat=58\" rel=\"category\">Politik\u00eb<\/a>","tag_info":"Politik\u00eb","comment_count":"0","_links":{"self":[{"href":"https:\/\/veritasinfo.org\/index.php?rest_route=\/wp\/v2\/posts\/64115","targetHints":{"allow":["GET"]}}],"collection":[{"href":"https:\/\/veritasinfo.org\/index.php?rest_route=\/wp\/v2\/posts"}],"about":[{"href":"https:\/\/veritasinfo.org\/index.php?rest_route=\/wp\/v2\/types\/post"}],"author":[{"embeddable":true,"href":"https:\/\/veritasinfo.org\/index.php?rest_route=\/wp\/v2\/users\/7"}],"replies":[{"embeddable":true,"href":"https:\/\/veritasinfo.org\/index.php?rest_route=%2Fwp%2Fv2%2Fcomments&post=64115"}],"version-history":[{"count":2,"href":"https:\/\/veritasinfo.org\/index.php?rest_route=\/wp\/v2\/posts\/64115\/revisions"}],"predecessor-version":[{"id":64117,"href":"https:\/\/veritasinfo.org\/index.php?rest_route=\/wp\/v2\/posts\/64115\/revisions\/64117"}],"wp:featuredmedia":[{"embeddable":true,"href":"https:\/\/veritasinfo.org\/index.php?rest_route=\/wp\/v2\/media\/61683"}],"wp:attachment":[{"href":"https:\/\/veritasinfo.org\/index.php?rest_route=%2Fwp%2Fv2%2Fmedia&parent=64115"}],"wp:term":[{"taxonomy":"category","embeddable":true,"href":"https:\/\/veritasinfo.org\/index.php?rest_route=%2Fwp%2Fv2%2Fcategories&post=64115"},{"taxonomy":"post_tag","embeddable":true,"href":"https:\/\/veritasinfo.org\/index.php?rest_route=%2Fwp%2Fv2%2Ftags&post=64115"}],"curies":[{"name":"wp","href":"https:\/\/api.w.org\/{rel}","templated":true}]}}