{"id":64111,"date":"2026-09-04T15:30:07","date_gmt":"2026-09-04T13:30:07","guid":{"rendered":"https:\/\/veritasinfo.org\/?p=64111"},"modified":"2026-09-04T15:30:07","modified_gmt":"2026-09-04T13:30:07","slug":"dehari-therret-vazhdimin-e-seances-konstitutive-me-9-shtator","status":"publish","type":"post","link":"https:\/\/veritasinfo.org\/?p=64111","title":{"rendered":"Dehari th\u00ebrret vazhdimin e seanc\u00ebs konstitutive m\u00eb 9 shtator"},"content":{"rendered":"<p>Prishtin\u00eb, 4 shtator 2026 15:25<\/p>\n<p>Kryesuesi i seanc\u00ebs konstitutive t\u00eb Kuvendit t\u00eb Kosov\u00ebs, Avni Dehari, ka njoftuar se vazhdimi i seanc\u00ebs do t\u00eb mbahet m\u00eb 9 shtator, n\u00eb or\u00ebn 11:00.<\/p>\n<p>Kryesuesi i seanc\u00ebs konstitutive t\u00eb Kuvendit t\u00eb Kosov\u00ebs, Avni Dehari, ka njoftuar se vazhdimi i seanc\u00ebs do t\u00eb mbahet m\u00eb 9 shtator, n\u00eb or\u00ebn 11:00.<\/p>\n<p>Dehari ka th\u00ebn\u00eb se e sheh si lajm t\u00eb mir\u00eb arritjen e marr\u00ebveshjes nd\u00ebrmjet L\u00ebvizjes Vet\u00ebvendosje dhe Lidhjes Demokratike t\u00eb Kosov\u00ebs, ndon\u00ebse, sipas tij, ende nuk ka qart\u00ebsi t\u00eb plot\u00eb n\u00ebse ekziston numri i nevojsh\u00ebm i deputet\u00ebve p\u00ebr konstituimin e t\u00eb gjitha institucioneve.<\/p>\n<p>\u201cEdhe pse ende nuk ka qart\u00ebsi t\u00eb plot\u00eb, n\u00ebse ekziston numri i nevojsh\u00ebm i deputet\u00ebve p\u00ebr konstituimin e t\u00eb gjitha institucioneve, kam vendosur q\u00eb vazhdimin e Seanc\u00ebs Konstitutive ta th\u00ebrras m\u00eb 9 shtator, n\u00eb or\u00ebn 11:00\u201d, ka shkruar Dehari.<\/p>\n<p>Ai ka b\u00ebr\u00eb thirrje q\u00eb deri n\u00eb at\u00eb dat\u00eb marr\u00ebveshja politike t\u00eb shoq\u00ebrohet me p\u00ebrgjegj\u00ebsi konkrete dhe gatishm\u00ebri t\u00eb deputet\u00ebve p\u00ebr p\u00ebrmbushjen e detyrimeve t\u00eb tyre kushtetuese.<\/p>\n<p>\u201cKosova nuk ka nevoj\u00eb p\u00ebr nj\u00eb tjet\u00ebr zvarritje, as p\u00ebr nj\u00eb tjet\u00ebr kriz\u00eb dhe aq m\u00eb pak p\u00ebr nj\u00eb proces t\u00eb ri zgjedhor\u201d, ka theksuar Dehari<\/p>\n","protected":false},"excerpt":{"rendered":"<p>Prishtin\u00eb, 4 shtator 2026 15:25 Kryesuesi i seanc\u00ebs konstitutive t\u00eb Kuvendit t\u00eb Kosov\u00ebs, Avni Dehari, ka njoftuar se vazhdimi i seanc\u00ebs do t\u00eb mbahet m\u00eb<\/p>\n","protected":false},"author":7,"featured_media":53737,"comment_status":"open","ping_status":"open","sticky":false,"template":"","format":"standard","meta":{"footnotes":""},"categories":[58],"tags":[],"class_list":["post-64111","post","type-post","status-publish","format-standard","has-post-thumbnail","hentry","category-politike-sq"],"yoast_head":"<!-- This site is optimized with the Yoast SEO plugin v25.3.1 - https:\/\/yoast.com\/wordpress\/plugins\/seo\/ -->\n<title>Dehari th\u00ebrret vazhdimin e seanc\u00ebs konstitutive m\u00eb 9 shtator -<\/title>\n<meta name=\"robots\" content=\"index, follow, max-snippet:-1, max-image-preview:large, max-video-preview:-1\" \/>\n<link rel=\"canonical\" href=\"https:\/\/veritasinfo.org\/?p=64111\" \/>\n<meta property=\"og:locale\" content=\"en_US\" \/>\n<meta property=\"og:type\" content=\"article\" \/>\n<meta property=\"og:title\" content=\"Dehari th\u00ebrret vazhdimin e seanc\u00ebs konstitutive m\u00eb 9 shtator -\" \/>\n<meta property=\"og:description\" content=\"Prishtin\u00eb, 4 shtator 2026 15:25 Kryesuesi i seanc\u00ebs konstitutive t\u00eb Kuvendit t\u00eb Kosov\u00ebs, Avni Dehari, ka njoftuar se vazhdimi i seanc\u00ebs do t\u00eb mbahet m\u00eb\" \/>\n<meta property=\"og:url\" content=\"https:\/\/veritasinfo.org\/?p=64111\" \/>\n<meta property=\"article:published_time\" content=\"2026-09-04T13:30:07+00:00\" \/>\n<meta property=\"og:image\" content=\"https:\/\/veritasinfo.org\/wp-content\/uploads\/2026\/06\/Kuvendi_Kosove_1.jpg\" \/>\n\t<meta property=\"og:image:width\" content=\"600\" \/>\n\t<meta property=\"og:image:height\" content=\"334\" \/>\n\t<meta property=\"og:image:type\" content=\"image\/jpeg\" \/>\n<meta name=\"author\" content=\"US6\" \/>\n<meta name=\"twitter:card\" content=\"summary_large_image\" \/>\n<meta name=\"twitter:label1\" content=\"Written by\" \/>\n\t<meta name=\"twitter:data1\" content=\"US6\" \/>\n\t<meta name=\"twitter:label2\" content=\"Est. reading time\" \/>\n\t<meta name=\"twitter:data2\" content=\"2 minutes\" \/>\n<script type=\"application\/ld+json\" class=\"yoast-schema-graph\">{\"@context\":\"https:\/\/schema.org\",\"@graph\":[{\"@type\":\"WebPage\",\"@id\":\"https:\/\/veritasinfo.org\/?p=64111\",\"url\":\"https:\/\/veritasinfo.org\/?p=64111\",\"name\":\"Dehari th\u00ebrret vazhdimin e seanc\u00ebs konstitutive m\u00eb 9 shtator -\",\"isPartOf\":{\"@id\":\"https:\/\/veritasinfo.org\/#website\"},\"primaryImageOfPage\":{\"@id\":\"https:\/\/veritasinfo.org\/?p=64111#primaryimage\"},\"image\":{\"@id\":\"https:\/\/veritasinfo.org\/?p=64111#primaryimage\"},\"thumbnailUrl\":\"https:\/\/veritasinfo.org\/wp-content\/uploads\/2026\/06\/Kuvendi_Kosove_1.jpg\",\"datePublished\":\"2026-09-04T13:30:07+00:00\",\"author\":{\"@id\":\"https:\/\/veritasinfo.org\/#\/schema\/person\/fe199eede04c3937362892b7444747cc\"},\"breadcrumb\":{\"@id\":\"https:\/\/veritasinfo.org\/?p=64111#breadcrumb\"},\"inLanguage\":\"en-US\",\"potentialAction\":[{\"@type\":\"ReadAction\",\"target\":[\"https:\/\/veritasinfo.org\/?p=64111\"]}]},{\"@type\":\"ImageObject\",\"inLanguage\":\"en-US\",\"@id\":\"https:\/\/veritasinfo.org\/?p=64111#primaryimage\",\"url\":\"https:\/\/veritasinfo.org\/wp-content\/uploads\/2026\/06\/Kuvendi_Kosove_1.jpg\",\"contentUrl\":\"https:\/\/veritasinfo.org\/wp-content\/uploads\/2026\/06\/Kuvendi_Kosove_1.jpg\",\"width\":600,\"height\":334},{\"@type\":\"BreadcrumbList\",\"@id\":\"https:\/\/veritasinfo.org\/?p=64111#breadcrumb\",\"itemListElement\":[{\"@type\":\"ListItem\",\"position\":1,\"name\":\"Home\",\"item\":\"https:\/\/veritasinfo.org\/\"},{\"@type\":\"ListItem\",\"position\":2,\"name\":\"Dehari th\u00ebrret vazhdimin e seanc\u00ebs konstitutive m\u00eb 9 shtator\"}]},{\"@type\":\"WebSite\",\"@id\":\"https:\/\/veritasinfo.org\/#website\",\"url\":\"https:\/\/veritasinfo.org\/\",\"name\":\"\",\"description\":\"\",\"potentialAction\":[{\"@type\":\"SearchAction\",\"target\":{\"@type\":\"EntryPoint\",\"urlTemplate\":\"https:\/\/veritasinfo.org\/?s={search_term_string}\"},\"query-input\":{\"@type\":\"PropertyValueSpecification\",\"valueRequired\":true,\"valueName\":\"search_term_string\"}}],\"inLanguage\":\"en-US\"},{\"@type\":\"Person\",\"@id\":\"https:\/\/veritasinfo.org\/#\/schema\/person\/fe199eede04c3937362892b7444747cc\",\"name\":\"US6\",\"image\":{\"@type\":\"ImageObject\",\"inLanguage\":\"en-US\",\"@id\":\"https:\/\/veritasinfo.org\/#\/schema\/person\/image\/\",\"url\":\"https:\/\/secure.gravatar.com\/avatar\/cb16c3c31c9d23b9b8c705964598220b3014e42ff51eb540ff23cefa3ae8c15f?s=96&d=mm&r=g\",\"contentUrl\":\"https:\/\/secure.gravatar.com\/avatar\/cb16c3c31c9d23b9b8c705964598220b3014e42ff51eb540ff23cefa3ae8c15f?s=96&d=mm&r=g\",\"caption\":\"US6\"},\"url\":\"https:\/\/veritasinfo.org\/?author=7\"}]}<\/script>\n<!-- \/ Yoast SEO plugin. -->","yoast_head_json":{"title":"Dehari th\u00ebrret vazhdimin e seanc\u00ebs konstitutive m\u00eb 9 shtator -","robots":{"index":"index","follow":"follow","max-snippet":"max-snippet:-1","max-image-preview":"max-image-preview:large","max-video-preview":"max-video-preview:-1"},"canonical":"https:\/\/veritasinfo.org\/?p=64111","og_locale":"en_US","og_type":"article","og_title":"Dehari th\u00ebrret vazhdimin e seanc\u00ebs konstitutive m\u00eb 9 shtator -","og_description":"Prishtin\u00eb, 4 shtator 2026 15:25 Kryesuesi i seanc\u00ebs konstitutive t\u00eb Kuvendit t\u00eb Kosov\u00ebs, Avni Dehari, ka njoftuar se vazhdimi i seanc\u00ebs do t\u00eb mbahet m\u00eb","og_url":"https:\/\/veritasinfo.org\/?p=64111","article_published_time":"2026-09-04T13:30:07+00:00","og_image":[{"width":600,"height":334,"url":"https:\/\/veritasinfo.org\/wp-content\/uploads\/2026\/06\/Kuvendi_Kosove_1.jpg","type":"image\/jpeg"}],"author":"US6","twitter_card":"summary_large_image","twitter_misc":{"Written by":"US6","Est. reading time":"2 minutes"},"schema":{"@context":"https:\/\/schema.org","@graph":[{"@type":"WebPage","@id":"https:\/\/veritasinfo.org\/?p=64111","url":"https:\/\/veritasinfo.org\/?p=64111","name":"Dehari th\u00ebrret vazhdimin e seanc\u00ebs konstitutive m\u00eb 9 shtator -","isPartOf":{"@id":"https:\/\/veritasinfo.org\/#website"},"primaryImageOfPage":{"@id":"https:\/\/veritasinfo.org\/?p=64111#primaryimage"},"image":{"@id":"https:\/\/veritasinfo.org\/?p=64111#primaryimage"},"thumbnailUrl":"https:\/\/veritasinfo.org\/wp-content\/uploads\/2026\/06\/Kuvendi_Kosove_1.jpg","datePublished":"2026-09-04T13:30:07+00:00","author":{"@id":"https:\/\/veritasinfo.org\/#\/schema\/person\/fe199eede04c3937362892b7444747cc"},"breadcrumb":{"@id":"https:\/\/veritasinfo.org\/?p=64111#breadcrumb"},"inLanguage":"en-US","potentialAction":[{"@type":"ReadAction","target":["https:\/\/veritasinfo.org\/?p=64111"]}]},{"@type":"ImageObject","inLanguage":"en-US","@id":"https:\/\/veritasinfo.org\/?p=64111#primaryimage","url":"https:\/\/veritasinfo.org\/wp-content\/uploads\/2026\/06\/Kuvendi_Kosove_1.jpg","contentUrl":"https:\/\/veritasinfo.org\/wp-content\/uploads\/2026\/06\/Kuvendi_Kosove_1.jpg","width":600,"height":334},{"@type":"BreadcrumbList","@id":"https:\/\/veritasinfo.org\/?p=64111#breadcrumb","itemListElement":[{"@type":"ListItem","position":1,"name":"Home","item":"https:\/\/veritasinfo.org\/"},{"@type":"ListItem","position":2,"name":"Dehari th\u00ebrret vazhdimin e seanc\u00ebs konstitutive m\u00eb 9 shtator"}]},{"@type":"WebSite","@id":"https:\/\/veritasinfo.org\/#website","url":"https:\/\/veritasinfo.org\/","name":"","description":"","potentialAction":[{"@type":"SearchAction","target":{"@type":"EntryPoint","urlTemplate":"https:\/\/veritasinfo.org\/?s={search_term_string}"},"query-input":{"@type":"PropertyValueSpecification","valueRequired":true,"valueName":"search_term_string"}}],"inLanguage":"en-US"},{"@type":"Person","@id":"https:\/\/veritasinfo.org\/#\/schema\/person\/fe199eede04c3937362892b7444747cc","name":"US6","image":{"@type":"ImageObject","inLanguage":"en-US","@id":"https:\/\/veritasinfo.org\/#\/schema\/person\/image\/","url":"https:\/\/secure.gravatar.com\/avatar\/cb16c3c31c9d23b9b8c705964598220b3014e42ff51eb540ff23cefa3ae8c15f?s=96&d=mm&r=g","contentUrl":"https:\/\/secure.gravatar.com\/avatar\/cb16c3c31c9d23b9b8c705964598220b3014e42ff51eb540ff23cefa3ae8c15f?s=96&d=mm&r=g","caption":"US6"},"url":"https:\/\/veritasinfo.org\/?author=7"}]}},"featured_image_urls":{"full":["https:\/\/veritasinfo.org\/wp-content\/uploads\/2026\/06\/Kuvendi_Kosove_1.jpg",600,334,false],"thumbnail":["https:\/\/veritasinfo.org\/wp-content\/uploads\/2026\/06\/Kuvendi_Kosove_1-150x150.jpg",150,150,true],"medium":["https:\/\/veritasinfo.org\/wp-content\/uploads\/2026\/06\/Kuvendi_Kosove_1-300x167.jpg",300,167,true],"medium_large":["https:\/\/veritasinfo.org\/wp-content\/uploads\/2026\/06\/Kuvendi_Kosove_1.jpg",600,334,false],"large":["https:\/\/veritasinfo.org\/wp-content\/uploads\/2026\/06\/Kuvendi_Kosove_1.jpg",600,334,false],"1536x1536":["https:\/\/veritasinfo.org\/wp-content\/uploads\/2026\/06\/Kuvendi_Kosove_1.jpg",600,334,false],"2048x2048":["https:\/\/veritasinfo.org\/wp-content\/uploads\/2026\/06\/Kuvendi_Kosove_1.jpg",600,334,false],"kreeti-slider-full":["https:\/\/veritasinfo.org\/wp-content\/uploads\/2026\/06\/Kuvendi_Kosove_1.jpg",600,334,false],"kreeti-featured":["https:\/\/veritasinfo.org\/wp-content\/uploads\/2026\/06\/Kuvendi_Kosove_1.jpg",600,334,false],"kreeti-medium":["https:\/\/veritasinfo.org\/wp-content\/uploads\/2026\/06\/Kuvendi_Kosove_1.jpg",600,334,false],"kreeti-medium-square":["https:\/\/veritasinfo.org\/wp-content\/uploads\/2026\/06\/Kuvendi_Kosove_1-350x334.jpg",350,334,true]},"author_info":{"info":["US6"]},"category_info":"<a href=\"https:\/\/veritasinfo.org\/?cat=58\" rel=\"category\">Politik\u00eb<\/a>","tag_info":"Politik\u00eb","comment_count":"0","_links":{"self":[{"href":"https:\/\/veritasinfo.org\/index.php?rest_route=\/wp\/v2\/posts\/64111","targetHints":{"allow":["GET"]}}],"collection":[{"href":"https:\/\/veritasinfo.org\/index.php?rest_route=\/wp\/v2\/posts"}],"about":[{"href":"https:\/\/veritasinfo.org\/index.php?rest_route=\/wp\/v2\/types\/post"}],"author":[{"embeddable":true,"href":"https:\/\/veritasinfo.org\/index.php?rest_route=\/wp\/v2\/users\/7"}],"replies":[{"embeddable":true,"href":"https:\/\/veritasinfo.org\/index.php?rest_route=%2Fwp%2Fv2%2Fcomments&post=64111"}],"version-history":[{"count":1,"href":"https:\/\/veritasinfo.org\/index.php?rest_route=\/wp\/v2\/posts\/64111\/revisions"}],"predecessor-version":[{"id":64112,"href":"https:\/\/veritasinfo.org\/index.php?rest_route=\/wp\/v2\/posts\/64111\/revisions\/64112"}],"wp:featuredmedia":[{"embeddable":true,"href":"https:\/\/veritasinfo.org\/index.php?rest_route=\/wp\/v2\/media\/53737"}],"wp:attachment":[{"href":"https:\/\/veritasinfo.org\/index.php?rest_route=%2Fwp%2Fv2%2Fmedia&parent=64111"}],"wp:term":[{"taxonomy":"category","embeddable":true,"href":"https:\/\/veritasinfo.org\/index.php?rest_route=%2Fwp%2Fv2%2Fcategories&post=64111"},{"taxonomy":"post_tag","embeddable":true,"href":"https:\/\/veritasinfo.org\/index.php?rest_route=%2Fwp%2Fv2%2Ftags&post=64111"}],"curies":[{"name":"wp","href":"https:\/\/api.w.org\/{rel}","templated":true}]}}