{"id":64105,"date":"2026-09-04T14:17:57","date_gmt":"2026-09-04T12:17:57","guid":{"rendered":"https:\/\/veritasinfo.org\/?p=64105"},"modified":"2026-09-04T14:17:57","modified_gmt":"2026-09-04T12:17:57","slug":"35-te-akuzuar-per-krime-lufte-ne-lagjen-e-jashareve-ne-prekaz","status":"publish","type":"post","link":"https:\/\/veritasinfo.org\/?p=64105","title":{"rendered":"35 t\u00eb akuzuar p\u00ebr krime lufte n\u00eb lagjen e Jashar\u00ebve n\u00eb Prekaz"},"content":{"rendered":"<p>Prishtin\u00eb, 4 shtator 2026 14:18<\/p>\n<p>Prokuroria Speciale e Kosov\u00ebs ka ngritur aktakuz\u00eb n\u00eb munges\u00eb n\u00eb Gjykat\u00ebn Themelore n\u00eb Prishtin\u00eb ndaj 35 t\u00eb pandehurve p\u00ebr krime lufte n\u00eb lagjen e Jashar\u00ebve n\u00eb Prekaz.<\/p>\n<p>Kryeprokurori i Speciales, Blerim Isufaj, n\u00eb nj\u00eb konferenc\u00eb p\u00ebr media t\u00eb mbajtur t\u00eb premten, ka th\u00ebn\u00eb se aktakuza lidhet me vrasjen e civil\u00ebve n\u00eb lagjen e Jashar\u00ebve.<\/p>\n<p>\u201cR\u00ebnd\u00ebsia e k\u00ebsaj aktakuze \u00ebsht\u00eb e ve\u00e7ant\u00eb dhe p\u00ebr faktin se b\u00ebhet fjal\u00eb p\u00ebr aktakuz\u00ebn e par\u00eb q\u00eb lidhet me vrasjen e civil\u00ebve n\u00eb lagjen e Jashar\u00ebve n\u00eb Prekaz\u201d, \u00ebsht\u00eb shprehur Isufaj, duke th\u00ebn\u00eb se tani i takon Gjykat\u00ebs ta vler\u00ebsoj\u00eb aktakuz\u00ebn dhe provat e paraqitura n\u00eb t\u00eb.<\/p>\n<p>Isufaj ka th\u00ebn\u00eb se n\u00eb k\u00ebt\u00eb rast \u00ebsht\u00eb punuar me kujdes t\u00eb shtuar, me q\u00ebllim q\u00eb pretendimet e ngritura t\u00eb provohen para Gjykat\u00ebs.<\/p>\n<p>Nd\u00ebrsa prokurori Valdet Gashi ka th\u00ebn\u00eb se aktakuza \u00ebsht\u00eb ngritur pas nj\u00eb pune disavje\u00e7are t\u00eb Prokuroris\u00eb. Ai e ka cil\u00ebsuar rastin si shum\u00eb kompleks.<\/p>\n<p>\u201cBazuar n\u00eb provat e siguruara, kemi arritur q\u00eb ta v\u00ebrtetojm\u00eb dyshimin e bazuar mir\u00eb se t\u00eb pandehurit e p\u00ebrfshir\u00eb n\u00eb k\u00ebt\u00eb aktakuz\u00eb kan\u00eb kryer vepr\u00ebn penale \u2018Krime lufte kund\u00ebr popullat\u00ebs civile\u2019, si rezultat i veprimeve t\u00eb tyre n\u00eb ngjarjet e datave 5, 6 dhe 7 mars t\u00eb vitit 1998 n\u00eb fshatin Prekaz i Posht\u00ebm, konkretisht n\u00eb lagjen e Jashar\u00ebve\u201d, \u00ebsht\u00eb shprehur Gashi.<\/p>\n<p>Ai ka th\u00ebn\u00eb se, bazuar n\u00eb provat materiale dhe personale, kan\u00eb arritur t\u2019i identifikojn\u00eb 35 t\u00eb pandehur, t\u00eb cil\u00ebt, sipas tij, u p\u00ebrkasin pozitave t\u00eb larta komanduese t\u00eb strukturave t\u00eb nj\u00ebsive speciale t\u00eb policis\u00eb serbe.<\/p>\n<p>\u201cGjithashtu \u00ebsht\u00eb arritur t\u00eb v\u00ebrtetohet sakt\u00eb se cilat nj\u00ebsi t\u00eb forcave serbe kan\u00eb marr\u00eb pjes\u00eb n\u00eb k\u00ebt\u00eb sulm, pozicioni ku kan\u00eb sulmuar ata, aktivitetet e secilit t\u00eb pandehur, arsenali i armatimit q\u00eb \u00ebsht\u00eb p\u00ebrdorur dhe d\u00ebmet q\u00eb jan\u00eb shkaktuar si n\u00eb njer\u00ebz, ashtu edhe n\u00eb pasuri\u201d, \u00ebsht\u00eb shprehur Gashi.<\/p>\n<p>Ai ka th\u00ebn\u00eb se gjat\u00eb hetimeve \u00ebsht\u00eb zbuluar se n\u00eb k\u00ebt\u00eb sulm jan\u00eb vrar\u00eb 26 persona civil\u00eb, n\u00eb mesin e t\u00eb cil\u00ebve kishte persona nga mosha pes\u00ebvje\u00e7are, gra dhe t\u00eb moshuar.<\/p>\n<p>&nbsp;<\/p>\n","protected":false},"excerpt":{"rendered":"<p>Prishtin\u00eb, 4 shtator 2026 14:18 Prokuroria Speciale e Kosov\u00ebs ka ngritur aktakuz\u00eb n\u00eb munges\u00eb n\u00eb Gjykat\u00ebn Themelore n\u00eb Prishtin\u00eb ndaj 35 t\u00eb pandehurve p\u00ebr krime<\/p>\n","protected":false},"author":7,"featured_media":64106,"comment_status":"open","ping_status":"open","sticky":false,"template":"","format":"standard","meta":{"footnotes":""},"categories":[60],"tags":[],"class_list":["post-64105","post","type-post","status-publish","format-standard","has-post-thumbnail","hentry","category-shoqerore-sq"],"yoast_head":"<!-- This site is optimized with the Yoast SEO plugin v25.3.1 - https:\/\/yoast.com\/wordpress\/plugins\/seo\/ -->\n<title>35 t\u00eb akuzuar p\u00ebr krime lufte n\u00eb lagjen e Jashar\u00ebve n\u00eb Prekaz -<\/title>\n<meta name=\"robots\" content=\"index, follow, max-snippet:-1, max-image-preview:large, max-video-preview:-1\" \/>\n<link rel=\"canonical\" href=\"https:\/\/veritasinfo.org\/?p=64105\" \/>\n<meta property=\"og:locale\" content=\"en_US\" \/>\n<meta property=\"og:type\" content=\"article\" \/>\n<meta property=\"og:title\" content=\"35 t\u00eb akuzuar p\u00ebr krime lufte n\u00eb lagjen e Jashar\u00ebve n\u00eb Prekaz -\" \/>\n<meta property=\"og:description\" content=\"Prishtin\u00eb, 4 shtator 2026 14:18 Prokuroria Speciale e Kosov\u00ebs ka ngritur aktakuz\u00eb n\u00eb munges\u00eb n\u00eb Gjykat\u00ebn Themelore n\u00eb Prishtin\u00eb ndaj 35 t\u00eb pandehurve p\u00ebr krime\" \/>\n<meta property=\"og:url\" content=\"https:\/\/veritasinfo.org\/?p=64105\" \/>\n<meta property=\"article:published_time\" content=\"2026-09-04T12:17:57+00:00\" \/>\n<meta property=\"og:image\" content=\"https:\/\/veritasinfo.org\/wp-content\/uploads\/2026\/09\/bc659b91-9051-4edf-a1e8-e792d64c6b4a.webp\" \/>\n\t<meta property=\"og:image:width\" content=\"1360\" \/>\n\t<meta property=\"og:image:height\" content=\"870\" \/>\n\t<meta property=\"og:image:type\" content=\"image\/webp\" \/>\n<meta name=\"author\" content=\"US6\" \/>\n<meta name=\"twitter:card\" content=\"summary_large_image\" \/>\n<meta name=\"twitter:label1\" content=\"Written by\" \/>\n\t<meta name=\"twitter:data1\" content=\"US6\" \/>\n\t<meta name=\"twitter:label2\" content=\"Est. reading time\" \/>\n\t<meta name=\"twitter:data2\" content=\"2 minutes\" \/>\n<script type=\"application\/ld+json\" class=\"yoast-schema-graph\">{\"@context\":\"https:\/\/schema.org\",\"@graph\":[{\"@type\":\"WebPage\",\"@id\":\"https:\/\/veritasinfo.org\/?p=64105\",\"url\":\"https:\/\/veritasinfo.org\/?p=64105\",\"name\":\"35 t\u00eb akuzuar p\u00ebr krime lufte n\u00eb lagjen e Jashar\u00ebve n\u00eb Prekaz -\",\"isPartOf\":{\"@id\":\"https:\/\/veritasinfo.org\/#website\"},\"primaryImageOfPage\":{\"@id\":\"https:\/\/veritasinfo.org\/?p=64105#primaryimage\"},\"image\":{\"@id\":\"https:\/\/veritasinfo.org\/?p=64105#primaryimage\"},\"thumbnailUrl\":\"https:\/\/veritasinfo.org\/wp-content\/uploads\/2026\/09\/bc659b91-9051-4edf-a1e8-e792d64c6b4a.webp\",\"datePublished\":\"2026-09-04T12:17:57+00:00\",\"author\":{\"@id\":\"https:\/\/veritasinfo.org\/#\/schema\/person\/fe199eede04c3937362892b7444747cc\"},\"breadcrumb\":{\"@id\":\"https:\/\/veritasinfo.org\/?p=64105#breadcrumb\"},\"inLanguage\":\"en-US\",\"potentialAction\":[{\"@type\":\"ReadAction\",\"target\":[\"https:\/\/veritasinfo.org\/?p=64105\"]}]},{\"@type\":\"ImageObject\",\"inLanguage\":\"en-US\",\"@id\":\"https:\/\/veritasinfo.org\/?p=64105#primaryimage\",\"url\":\"https:\/\/veritasinfo.org\/wp-content\/uploads\/2026\/09\/bc659b91-9051-4edf-a1e8-e792d64c6b4a.webp\",\"contentUrl\":\"https:\/\/veritasinfo.org\/wp-content\/uploads\/2026\/09\/bc659b91-9051-4edf-a1e8-e792d64c6b4a.webp\",\"width\":1360,\"height\":870},{\"@type\":\"BreadcrumbList\",\"@id\":\"https:\/\/veritasinfo.org\/?p=64105#breadcrumb\",\"itemListElement\":[{\"@type\":\"ListItem\",\"position\":1,\"name\":\"Home\",\"item\":\"https:\/\/veritasinfo.org\/\"},{\"@type\":\"ListItem\",\"position\":2,\"name\":\"35 t\u00eb akuzuar p\u00ebr krime lufte n\u00eb lagjen e Jashar\u00ebve n\u00eb Prekaz\"}]},{\"@type\":\"WebSite\",\"@id\":\"https:\/\/veritasinfo.org\/#website\",\"url\":\"https:\/\/veritasinfo.org\/\",\"name\":\"\",\"description\":\"\",\"potentialAction\":[{\"@type\":\"SearchAction\",\"target\":{\"@type\":\"EntryPoint\",\"urlTemplate\":\"https:\/\/veritasinfo.org\/?s={search_term_string}\"},\"query-input\":{\"@type\":\"PropertyValueSpecification\",\"valueRequired\":true,\"valueName\":\"search_term_string\"}}],\"inLanguage\":\"en-US\"},{\"@type\":\"Person\",\"@id\":\"https:\/\/veritasinfo.org\/#\/schema\/person\/fe199eede04c3937362892b7444747cc\",\"name\":\"US6\",\"image\":{\"@type\":\"ImageObject\",\"inLanguage\":\"en-US\",\"@id\":\"https:\/\/veritasinfo.org\/#\/schema\/person\/image\/\",\"url\":\"https:\/\/secure.gravatar.com\/avatar\/cb16c3c31c9d23b9b8c705964598220b3014e42ff51eb540ff23cefa3ae8c15f?s=96&d=mm&r=g\",\"contentUrl\":\"https:\/\/secure.gravatar.com\/avatar\/cb16c3c31c9d23b9b8c705964598220b3014e42ff51eb540ff23cefa3ae8c15f?s=96&d=mm&r=g\",\"caption\":\"US6\"},\"url\":\"https:\/\/veritasinfo.org\/?author=7\"}]}<\/script>\n<!-- \/ Yoast SEO plugin. -->","yoast_head_json":{"title":"35 t\u00eb akuzuar p\u00ebr krime lufte n\u00eb lagjen e Jashar\u00ebve n\u00eb Prekaz -","robots":{"index":"index","follow":"follow","max-snippet":"max-snippet:-1","max-image-preview":"max-image-preview:large","max-video-preview":"max-video-preview:-1"},"canonical":"https:\/\/veritasinfo.org\/?p=64105","og_locale":"en_US","og_type":"article","og_title":"35 t\u00eb akuzuar p\u00ebr krime lufte n\u00eb lagjen e Jashar\u00ebve n\u00eb Prekaz -","og_description":"Prishtin\u00eb, 4 shtator 2026 14:18 Prokuroria Speciale e Kosov\u00ebs ka ngritur aktakuz\u00eb n\u00eb munges\u00eb n\u00eb Gjykat\u00ebn Themelore n\u00eb Prishtin\u00eb ndaj 35 t\u00eb pandehurve p\u00ebr krime","og_url":"https:\/\/veritasinfo.org\/?p=64105","article_published_time":"2026-09-04T12:17:57+00:00","og_image":[{"width":1360,"height":870,"url":"https:\/\/veritasinfo.org\/wp-content\/uploads\/2026\/09\/bc659b91-9051-4edf-a1e8-e792d64c6b4a.webp","type":"image\/webp"}],"author":"US6","twitter_card":"summary_large_image","twitter_misc":{"Written by":"US6","Est. reading time":"2 minutes"},"schema":{"@context":"https:\/\/schema.org","@graph":[{"@type":"WebPage","@id":"https:\/\/veritasinfo.org\/?p=64105","url":"https:\/\/veritasinfo.org\/?p=64105","name":"35 t\u00eb akuzuar p\u00ebr krime lufte n\u00eb lagjen e Jashar\u00ebve n\u00eb Prekaz -","isPartOf":{"@id":"https:\/\/veritasinfo.org\/#website"},"primaryImageOfPage":{"@id":"https:\/\/veritasinfo.org\/?p=64105#primaryimage"},"image":{"@id":"https:\/\/veritasinfo.org\/?p=64105#primaryimage"},"thumbnailUrl":"https:\/\/veritasinfo.org\/wp-content\/uploads\/2026\/09\/bc659b91-9051-4edf-a1e8-e792d64c6b4a.webp","datePublished":"2026-09-04T12:17:57+00:00","author":{"@id":"https:\/\/veritasinfo.org\/#\/schema\/person\/fe199eede04c3937362892b7444747cc"},"breadcrumb":{"@id":"https:\/\/veritasinfo.org\/?p=64105#breadcrumb"},"inLanguage":"en-US","potentialAction":[{"@type":"ReadAction","target":["https:\/\/veritasinfo.org\/?p=64105"]}]},{"@type":"ImageObject","inLanguage":"en-US","@id":"https:\/\/veritasinfo.org\/?p=64105#primaryimage","url":"https:\/\/veritasinfo.org\/wp-content\/uploads\/2026\/09\/bc659b91-9051-4edf-a1e8-e792d64c6b4a.webp","contentUrl":"https:\/\/veritasinfo.org\/wp-content\/uploads\/2026\/09\/bc659b91-9051-4edf-a1e8-e792d64c6b4a.webp","width":1360,"height":870},{"@type":"BreadcrumbList","@id":"https:\/\/veritasinfo.org\/?p=64105#breadcrumb","itemListElement":[{"@type":"ListItem","position":1,"name":"Home","item":"https:\/\/veritasinfo.org\/"},{"@type":"ListItem","position":2,"name":"35 t\u00eb akuzuar p\u00ebr krime lufte n\u00eb lagjen e Jashar\u00ebve n\u00eb Prekaz"}]},{"@type":"WebSite","@id":"https:\/\/veritasinfo.org\/#website","url":"https:\/\/veritasinfo.org\/","name":"","description":"","potentialAction":[{"@type":"SearchAction","target":{"@type":"EntryPoint","urlTemplate":"https:\/\/veritasinfo.org\/?s={search_term_string}"},"query-input":{"@type":"PropertyValueSpecification","valueRequired":true,"valueName":"search_term_string"}}],"inLanguage":"en-US"},{"@type":"Person","@id":"https:\/\/veritasinfo.org\/#\/schema\/person\/fe199eede04c3937362892b7444747cc","name":"US6","image":{"@type":"ImageObject","inLanguage":"en-US","@id":"https:\/\/veritasinfo.org\/#\/schema\/person\/image\/","url":"https:\/\/secure.gravatar.com\/avatar\/cb16c3c31c9d23b9b8c705964598220b3014e42ff51eb540ff23cefa3ae8c15f?s=96&d=mm&r=g","contentUrl":"https:\/\/secure.gravatar.com\/avatar\/cb16c3c31c9d23b9b8c705964598220b3014e42ff51eb540ff23cefa3ae8c15f?s=96&d=mm&r=g","caption":"US6"},"url":"https:\/\/veritasinfo.org\/?author=7"}]}},"featured_image_urls":{"full":["https:\/\/veritasinfo.org\/wp-content\/uploads\/2026\/09\/bc659b91-9051-4edf-a1e8-e792d64c6b4a.webp",1360,870,false],"thumbnail":["https:\/\/veritasinfo.org\/wp-content\/uploads\/2026\/09\/bc659b91-9051-4edf-a1e8-e792d64c6b4a-150x150.webp",150,150,true],"medium":["https:\/\/veritasinfo.org\/wp-content\/uploads\/2026\/09\/bc659b91-9051-4edf-a1e8-e792d64c6b4a-300x192.webp",300,192,true],"medium_large":["https:\/\/veritasinfo.org\/wp-content\/uploads\/2026\/09\/bc659b91-9051-4edf-a1e8-e792d64c6b4a-768x491.webp",640,409,true],"large":["https:\/\/veritasinfo.org\/wp-content\/uploads\/2026\/09\/bc659b91-9051-4edf-a1e8-e792d64c6b4a-1024x655.webp",640,409,true],"1536x1536":["https:\/\/veritasinfo.org\/wp-content\/uploads\/2026\/09\/bc659b91-9051-4edf-a1e8-e792d64c6b4a.webp",1360,870,false],"2048x2048":["https:\/\/veritasinfo.org\/wp-content\/uploads\/2026\/09\/bc659b91-9051-4edf-a1e8-e792d64c6b4a.webp",1360,870,false],"kreeti-slider-full":["https:\/\/veritasinfo.org\/wp-content\/uploads\/2026\/09\/bc659b91-9051-4edf-a1e8-e792d64c6b4a-1280x720.webp",1280,720,true],"kreeti-featured":["https:\/\/veritasinfo.org\/wp-content\/uploads\/2026\/09\/bc659b91-9051-4edf-a1e8-e792d64c6b4a-1024x655.webp",1024,655,true],"kreeti-medium":["https:\/\/veritasinfo.org\/wp-content\/uploads\/2026\/09\/bc659b91-9051-4edf-a1e8-e792d64c6b4a-720x530.webp",720,530,true],"kreeti-medium-square":["https:\/\/veritasinfo.org\/wp-content\/uploads\/2026\/09\/bc659b91-9051-4edf-a1e8-e792d64c6b4a-350x350.webp",350,350,true]},"author_info":{"info":["US6"]},"category_info":"<a href=\"https:\/\/veritasinfo.org\/?cat=60\" rel=\"category\">Shoq\u00ebrore<\/a>","tag_info":"Shoq\u00ebrore","comment_count":"0","_links":{"self":[{"href":"https:\/\/veritasinfo.org\/index.php?rest_route=\/wp\/v2\/posts\/64105","targetHints":{"allow":["GET"]}}],"collection":[{"href":"https:\/\/veritasinfo.org\/index.php?rest_route=\/wp\/v2\/posts"}],"about":[{"href":"https:\/\/veritasinfo.org\/index.php?rest_route=\/wp\/v2\/types\/post"}],"author":[{"embeddable":true,"href":"https:\/\/veritasinfo.org\/index.php?rest_route=\/wp\/v2\/users\/7"}],"replies":[{"embeddable":true,"href":"https:\/\/veritasinfo.org\/index.php?rest_route=%2Fwp%2Fv2%2Fcomments&post=64105"}],"version-history":[{"count":1,"href":"https:\/\/veritasinfo.org\/index.php?rest_route=\/wp\/v2\/posts\/64105\/revisions"}],"predecessor-version":[{"id":64107,"href":"https:\/\/veritasinfo.org\/index.php?rest_route=\/wp\/v2\/posts\/64105\/revisions\/64107"}],"wp:featuredmedia":[{"embeddable":true,"href":"https:\/\/veritasinfo.org\/index.php?rest_route=\/wp\/v2\/media\/64106"}],"wp:attachment":[{"href":"https:\/\/veritasinfo.org\/index.php?rest_route=%2Fwp%2Fv2%2Fmedia&parent=64105"}],"wp:term":[{"taxonomy":"category","embeddable":true,"href":"https:\/\/veritasinfo.org\/index.php?rest_route=%2Fwp%2Fv2%2Fcategories&post=64105"},{"taxonomy":"post_tag","embeddable":true,"href":"https:\/\/veritasinfo.org\/index.php?rest_route=%2Fwp%2Fv2%2Ftags&post=64105"}],"curies":[{"name":"wp","href":"https:\/\/api.w.org\/{rel}","templated":true}]}}