{"id":64102,"date":"2026-09-04T13:47:03","date_gmt":"2026-09-04T11:47:03","guid":{"rendered":"https:\/\/veritasinfo.org\/?p=64102"},"modified":"2026-09-04T13:47:03","modified_gmt":"2026-09-04T11:47:03","slug":"umetnost-iza-resetaka-prenosi-poruku-nade-u-muzeju-majke-tereze-u-prizrenu","status":"publish","type":"post","link":"https:\/\/veritasinfo.org\/?p=64102&lang=sr","title":{"rendered":"Umetnost iza re\u0161etaka prenosi poruku nade u Muzeju Majke Tereze u Prizrenu"},"content":{"rendered":"<p>Pri\u0161tina, 4. septembar 2026. 13:39<\/p>\n<p>U okviru Nedelje Majke Tereze, koja je ove godine posvec\u0301ena temi dobro\u010dinstva, Muzej Majke Tereze u Prizrenu otvorio je svoja vrata kako bi promovisao umetni\u010dka dela \u017eena iz Popravnog centra za \u017eene u Lipljanu.<\/p>\n<p>Inicijativa ima za cilj promociju humanizma i dobro\u010dinstva, a u aktivnost je uklju\u010den i Centar za za\u0161titu \u017eena i dece, izve\u0161tava KosovaPres.<\/p>\n<p>Zamenica ministra kulture, omladine i sporta, Nora Arapi, rekla je da je nasle\u0111e Majke Tereze usko povezano sa humanizmom i dobro\u010dinstvom. Prema njenim re\u010dima, izlo\u017eba radova \u017eena iz Popravnog centra daje posebnu dimenziju ovoj vrednosti.<\/p>\n<p>\u201eHumanizam i milosr\u0111e bili su u temelju ovog dela i ostaju me\u0111u najva\u017enijim delima vezanim za nasle\u0111e Majke Tereze. Iz tog razloga, godi\u0161njica njene smrti je tako\u0111e trenutak za razmi\u0161ljanje o na\u010dinu na koji se ovo nasle\u0111e \u010duva, prenosi i ima smisla u dana\u0161njem dru\u0161tvu. U tom smislu, Muzej Majke Tereze u Prizrenu ima posebnu ulogu. Pored o\u010duvanja procesa i dokumentacije njenog \u017eivota i rada, on stvara prostor za obrazovanje, tuma\u010denje i promociju vrednosti koje ona predstavlja. Ovaj muzej je rezultat va\u017ene institucionalne saradnje. Danas, Muzej tako\u0111e stvara prostor za jo\u0161 jednu va\u017enu dimenziju ovog nasle\u0111a: dimenziju milosr\u0111a i humanizma. Kroz umetni\u010dka dela koja su stvorile \u017eene iz Popravnog centra za \u017eene i decu, ova izlo\u017eba postavlja umetnost u prostor gde ona mo\u017ee poslu\u017eiti i kao prilika za izra\u017eavanje, kreativnost i refleksiju. U tom smislu, tema milosr\u0111a dobija \u0161iru dimenziju. Dimenziju brige o \u017eivotnoj sredini i po\u0161tovanja ljudskog dostojanstva. To su vrednosti koje su va\u017ene ne samo kao deo nasle\u0111a Majke Tereze, vec\u0301 i u izgradnji inkluzivnijeg i humanijeg dru\u0161tva danas\u201c, rekla je ona.<\/p>\n<p>Gradona\u010delnik Prizrena, \u0160ac\u0301ir Totaj, rekao je da su vrednosti koje se promovi\u0161u kroz ovu aktivnost vec\u0301e od same aktivnosti. Tako\u0111e je naglasio zna\u010daj Muzeja Majke Tereze u promociji kulturnog nasle\u0111a grada.<\/p>\n<p>\u201eAktivnost i rad su mnogo vec\u0301i od same politike koju danas vodimo. Stoga je veoma va\u017eno da smo ovde, da promovi\u0161emo ove vrednosti, da znamo kako da ih cenimo, da znamo kako da ih po\u0161tujemo, i veoma je dobro \u0161to ovaj muzej ovde prednja\u010di, jer upotpunjuje kulturni mozaik grada Prizrena. Veoma je va\u017eno da vas obavestim, za one koji ne znaju, da c\u0301e statua Majke Tereze biti postavljena ispred ovog muzeja, 28. novembra, u saradnji sa Katoli\u010dkom crkvom, \u0161to je veoma va\u017ean element, jer se zavr\u0161ava i infrastruktura oko ovog muzeja, \u0161to promovi\u0161e na\u0161e nasle\u0111e i nasle\u0111e koje prepoznaje humanizam i milosr\u0111e kao vrednost i smatram da c\u0301e ovo biti lekcija za sve nas, da bude vodi\u010d u kom pravcu treba da idemo\u201c, rekao je Totaj.<\/p>\n<p>Iz Popravnog centra za \u017eene u Lipljanu, Ilber Topali je rekla da izlo\u017eba radova osu\u0111enim \u017eenama pru\u017ea priliku da svoj talenat pretvore u poruku nade i priliku za druga\u010diju buduc\u0301nost.<\/p>\n","protected":false},"excerpt":{"rendered":"<p>Pri\u0161tina, 4. septembar 2026. 13:39 U okviru Nedelje Majke Tereze, koja je ove godine posvec\u0301ena temi dobro\u010dinstva, Muzej Majke Tereze u Prizrenu otvorio je svoja<\/p>\n","protected":false},"author":7,"featured_media":64103,"comment_status":"open","ping_status":"open","sticky":false,"template":"","format":"standard","meta":{"footnotes":""},"categories":[30],"tags":[],"class_list":["post-64102","post","type-post","status-publish","format-standard","has-post-thumbnail","hentry","category-drustvo"],"yoast_head":"<!-- This site is optimized with the Yoast SEO plugin v25.3.1 - https:\/\/yoast.com\/wordpress\/plugins\/seo\/ -->\n<title>Umetnost iza re\u0161etaka prenosi poruku nade u Muzeju Majke Tereze u Prizrenu -<\/title>\n<meta name=\"robots\" content=\"index, follow, max-snippet:-1, max-image-preview:large, max-video-preview:-1\" \/>\n<link rel=\"canonical\" href=\"https:\/\/veritasinfo.org\/?p=64102&lang=sr\" \/>\n<meta property=\"og:locale\" content=\"en_US\" \/>\n<meta property=\"og:type\" content=\"article\" \/>\n<meta property=\"og:title\" content=\"Umetnost iza re\u0161etaka prenosi poruku nade u Muzeju Majke Tereze u Prizrenu -\" \/>\n<meta property=\"og:description\" content=\"Pri\u0161tina, 4. septembar 2026. 13:39 U okviru Nedelje Majke Tereze, koja je ove godine posvec\u0301ena temi dobro\u010dinstva, Muzej Majke Tereze u Prizrenu otvorio je svoja\" \/>\n<meta property=\"og:url\" content=\"https:\/\/veritasinfo.org\/?p=64102&amp;lang=sr\" \/>\n<meta property=\"article:published_time\" content=\"2026-09-04T11:47:03+00:00\" \/>\n<meta property=\"og:image\" content=\"https:\/\/veritasinfo.org\/wp-content\/uploads\/2026\/09\/Screenshot_20260904_134218_Chrome-1.jpg\" \/>\n\t<meta property=\"og:image:width\" content=\"1018\" \/>\n\t<meta property=\"og:image:height\" content=\"701\" \/>\n\t<meta property=\"og:image:type\" content=\"image\/jpeg\" \/>\n<meta name=\"author\" content=\"US6\" \/>\n<meta name=\"twitter:card\" content=\"summary_large_image\" \/>\n<meta name=\"twitter:label1\" content=\"Written by\" \/>\n\t<meta name=\"twitter:data1\" content=\"US6\" \/>\n\t<meta name=\"twitter:label2\" content=\"Est. reading time\" \/>\n\t<meta name=\"twitter:data2\" content=\"3 minutes\" \/>\n<script type=\"application\/ld+json\" class=\"yoast-schema-graph\">{\"@context\":\"https:\/\/schema.org\",\"@graph\":[{\"@type\":\"WebPage\",\"@id\":\"https:\/\/veritasinfo.org\/?p=64102&lang=sr\",\"url\":\"https:\/\/veritasinfo.org\/?p=64102&lang=sr\",\"name\":\"Umetnost iza re\u0161etaka prenosi poruku nade u Muzeju Majke Tereze u Prizrenu -\",\"isPartOf\":{\"@id\":\"https:\/\/veritasinfo.org\/#website\"},\"primaryImageOfPage\":{\"@id\":\"https:\/\/veritasinfo.org\/?p=64102&lang=sr#primaryimage\"},\"image\":{\"@id\":\"https:\/\/veritasinfo.org\/?p=64102&lang=sr#primaryimage\"},\"thumbnailUrl\":\"https:\/\/veritasinfo.org\/wp-content\/uploads\/2026\/09\/Screenshot_20260904_134218_Chrome-1.jpg\",\"datePublished\":\"2026-09-04T11:47:03+00:00\",\"author\":{\"@id\":\"https:\/\/veritasinfo.org\/#\/schema\/person\/fe199eede04c3937362892b7444747cc\"},\"breadcrumb\":{\"@id\":\"https:\/\/veritasinfo.org\/?p=64102&lang=sr#breadcrumb\"},\"inLanguage\":\"en-US\",\"potentialAction\":[{\"@type\":\"ReadAction\",\"target\":[\"https:\/\/veritasinfo.org\/?p=64102&lang=sr\"]}]},{\"@type\":\"ImageObject\",\"inLanguage\":\"en-US\",\"@id\":\"https:\/\/veritasinfo.org\/?p=64102&lang=sr#primaryimage\",\"url\":\"https:\/\/veritasinfo.org\/wp-content\/uploads\/2026\/09\/Screenshot_20260904_134218_Chrome-1.jpg\",\"contentUrl\":\"https:\/\/veritasinfo.org\/wp-content\/uploads\/2026\/09\/Screenshot_20260904_134218_Chrome-1.jpg\",\"width\":1018,\"height\":701},{\"@type\":\"BreadcrumbList\",\"@id\":\"https:\/\/veritasinfo.org\/?p=64102&lang=sr#breadcrumb\",\"itemListElement\":[{\"@type\":\"ListItem\",\"position\":1,\"name\":\"Home\",\"item\":\"https:\/\/veritasinfo.org\/\"},{\"@type\":\"ListItem\",\"position\":2,\"name\":\"Umetnost iza re\u0161etaka prenosi poruku nade u Muzeju Majke Tereze u Prizrenu\"}]},{\"@type\":\"WebSite\",\"@id\":\"https:\/\/veritasinfo.org\/#website\",\"url\":\"https:\/\/veritasinfo.org\/\",\"name\":\"\",\"description\":\"\",\"potentialAction\":[{\"@type\":\"SearchAction\",\"target\":{\"@type\":\"EntryPoint\",\"urlTemplate\":\"https:\/\/veritasinfo.org\/?s={search_term_string}\"},\"query-input\":{\"@type\":\"PropertyValueSpecification\",\"valueRequired\":true,\"valueName\":\"search_term_string\"}}],\"inLanguage\":\"en-US\"},{\"@type\":\"Person\",\"@id\":\"https:\/\/veritasinfo.org\/#\/schema\/person\/fe199eede04c3937362892b7444747cc\",\"name\":\"US6\",\"image\":{\"@type\":\"ImageObject\",\"inLanguage\":\"en-US\",\"@id\":\"https:\/\/veritasinfo.org\/#\/schema\/person\/image\/\",\"url\":\"https:\/\/secure.gravatar.com\/avatar\/cb16c3c31c9d23b9b8c705964598220b3014e42ff51eb540ff23cefa3ae8c15f?s=96&d=mm&r=g\",\"contentUrl\":\"https:\/\/secure.gravatar.com\/avatar\/cb16c3c31c9d23b9b8c705964598220b3014e42ff51eb540ff23cefa3ae8c15f?s=96&d=mm&r=g\",\"caption\":\"US6\"},\"url\":\"https:\/\/veritasinfo.org\/?author=7\"}]}<\/script>\n<!-- \/ Yoast SEO plugin. -->","yoast_head_json":{"title":"Umetnost iza re\u0161etaka prenosi poruku nade u Muzeju Majke Tereze u Prizrenu -","robots":{"index":"index","follow":"follow","max-snippet":"max-snippet:-1","max-image-preview":"max-image-preview:large","max-video-preview":"max-video-preview:-1"},"canonical":"https:\/\/veritasinfo.org\/?p=64102&lang=sr","og_locale":"en_US","og_type":"article","og_title":"Umetnost iza re\u0161etaka prenosi poruku nade u Muzeju Majke Tereze u Prizrenu -","og_description":"Pri\u0161tina, 4. septembar 2026. 13:39 U okviru Nedelje Majke Tereze, koja je ove godine posvec\u0301ena temi dobro\u010dinstva, Muzej Majke Tereze u Prizrenu otvorio je svoja","og_url":"https:\/\/veritasinfo.org\/?p=64102&lang=sr","article_published_time":"2026-09-04T11:47:03+00:00","og_image":[{"width":1018,"height":701,"url":"https:\/\/veritasinfo.org\/wp-content\/uploads\/2026\/09\/Screenshot_20260904_134218_Chrome-1.jpg","type":"image\/jpeg"}],"author":"US6","twitter_card":"summary_large_image","twitter_misc":{"Written by":"US6","Est. reading time":"3 minutes"},"schema":{"@context":"https:\/\/schema.org","@graph":[{"@type":"WebPage","@id":"https:\/\/veritasinfo.org\/?p=64102&lang=sr","url":"https:\/\/veritasinfo.org\/?p=64102&lang=sr","name":"Umetnost iza re\u0161etaka prenosi poruku nade u Muzeju Majke Tereze u Prizrenu -","isPartOf":{"@id":"https:\/\/veritasinfo.org\/#website"},"primaryImageOfPage":{"@id":"https:\/\/veritasinfo.org\/?p=64102&lang=sr#primaryimage"},"image":{"@id":"https:\/\/veritasinfo.org\/?p=64102&lang=sr#primaryimage"},"thumbnailUrl":"https:\/\/veritasinfo.org\/wp-content\/uploads\/2026\/09\/Screenshot_20260904_134218_Chrome-1.jpg","datePublished":"2026-09-04T11:47:03+00:00","author":{"@id":"https:\/\/veritasinfo.org\/#\/schema\/person\/fe199eede04c3937362892b7444747cc"},"breadcrumb":{"@id":"https:\/\/veritasinfo.org\/?p=64102&lang=sr#breadcrumb"},"inLanguage":"en-US","potentialAction":[{"@type":"ReadAction","target":["https:\/\/veritasinfo.org\/?p=64102&lang=sr"]}]},{"@type":"ImageObject","inLanguage":"en-US","@id":"https:\/\/veritasinfo.org\/?p=64102&lang=sr#primaryimage","url":"https:\/\/veritasinfo.org\/wp-content\/uploads\/2026\/09\/Screenshot_20260904_134218_Chrome-1.jpg","contentUrl":"https:\/\/veritasinfo.org\/wp-content\/uploads\/2026\/09\/Screenshot_20260904_134218_Chrome-1.jpg","width":1018,"height":701},{"@type":"BreadcrumbList","@id":"https:\/\/veritasinfo.org\/?p=64102&lang=sr#breadcrumb","itemListElement":[{"@type":"ListItem","position":1,"name":"Home","item":"https:\/\/veritasinfo.org\/"},{"@type":"ListItem","position":2,"name":"Umetnost iza re\u0161etaka prenosi poruku nade u Muzeju Majke Tereze u Prizrenu"}]},{"@type":"WebSite","@id":"https:\/\/veritasinfo.org\/#website","url":"https:\/\/veritasinfo.org\/","name":"","description":"","potentialAction":[{"@type":"SearchAction","target":{"@type":"EntryPoint","urlTemplate":"https:\/\/veritasinfo.org\/?s={search_term_string}"},"query-input":{"@type":"PropertyValueSpecification","valueRequired":true,"valueName":"search_term_string"}}],"inLanguage":"en-US"},{"@type":"Person","@id":"https:\/\/veritasinfo.org\/#\/schema\/person\/fe199eede04c3937362892b7444747cc","name":"US6","image":{"@type":"ImageObject","inLanguage":"en-US","@id":"https:\/\/veritasinfo.org\/#\/schema\/person\/image\/","url":"https:\/\/secure.gravatar.com\/avatar\/cb16c3c31c9d23b9b8c705964598220b3014e42ff51eb540ff23cefa3ae8c15f?s=96&d=mm&r=g","contentUrl":"https:\/\/secure.gravatar.com\/avatar\/cb16c3c31c9d23b9b8c705964598220b3014e42ff51eb540ff23cefa3ae8c15f?s=96&d=mm&r=g","caption":"US6"},"url":"https:\/\/veritasinfo.org\/?author=7"}]}},"featured_image_urls":{"full":["https:\/\/veritasinfo.org\/wp-content\/uploads\/2026\/09\/Screenshot_20260904_134218_Chrome-1.jpg",1018,701,false],"thumbnail":["https:\/\/veritasinfo.org\/wp-content\/uploads\/2026\/09\/Screenshot_20260904_134218_Chrome-1-150x150.jpg",150,150,true],"medium":["https:\/\/veritasinfo.org\/wp-content\/uploads\/2026\/09\/Screenshot_20260904_134218_Chrome-1-300x207.jpg",300,207,true],"medium_large":["https:\/\/veritasinfo.org\/wp-content\/uploads\/2026\/09\/Screenshot_20260904_134218_Chrome-1-768x529.jpg",640,441,true],"large":["https:\/\/veritasinfo.org\/wp-content\/uploads\/2026\/09\/Screenshot_20260904_134218_Chrome-1.jpg",640,441,false],"1536x1536":["https:\/\/veritasinfo.org\/wp-content\/uploads\/2026\/09\/Screenshot_20260904_134218_Chrome-1.jpg",1018,701,false],"2048x2048":["https:\/\/veritasinfo.org\/wp-content\/uploads\/2026\/09\/Screenshot_20260904_134218_Chrome-1.jpg",1018,701,false],"kreeti-slider-full":["https:\/\/veritasinfo.org\/wp-content\/uploads\/2026\/09\/Screenshot_20260904_134218_Chrome-1.jpg",1018,701,false],"kreeti-featured":["https:\/\/veritasinfo.org\/wp-content\/uploads\/2026\/09\/Screenshot_20260904_134218_Chrome-1.jpg",1018,701,false],"kreeti-medium":["https:\/\/veritasinfo.org\/wp-content\/uploads\/2026\/09\/Screenshot_20260904_134218_Chrome-1-720x530.jpg",720,530,true],"kreeti-medium-square":["https:\/\/veritasinfo.org\/wp-content\/uploads\/2026\/09\/Screenshot_20260904_134218_Chrome-1-350x350.jpg",350,350,true]},"author_info":{"info":["US6"]},"category_info":"<a href=\"https:\/\/veritasinfo.org\/?cat=30&#038;lang=sr\" rel=\"category\">Dru\u0161tvo<\/a>","tag_info":"Dru\u0161tvo","comment_count":"0","_links":{"self":[{"href":"https:\/\/veritasinfo.org\/index.php?rest_route=\/wp\/v2\/posts\/64102","targetHints":{"allow":["GET"]}}],"collection":[{"href":"https:\/\/veritasinfo.org\/index.php?rest_route=\/wp\/v2\/posts"}],"about":[{"href":"https:\/\/veritasinfo.org\/index.php?rest_route=\/wp\/v2\/types\/post"}],"author":[{"embeddable":true,"href":"https:\/\/veritasinfo.org\/index.php?rest_route=\/wp\/v2\/users\/7"}],"replies":[{"embeddable":true,"href":"https:\/\/veritasinfo.org\/index.php?rest_route=%2Fwp%2Fv2%2Fcomments&post=64102"}],"version-history":[{"count":1,"href":"https:\/\/veritasinfo.org\/index.php?rest_route=\/wp\/v2\/posts\/64102\/revisions"}],"predecessor-version":[{"id":64104,"href":"https:\/\/veritasinfo.org\/index.php?rest_route=\/wp\/v2\/posts\/64102\/revisions\/64104"}],"wp:featuredmedia":[{"embeddable":true,"href":"https:\/\/veritasinfo.org\/index.php?rest_route=\/wp\/v2\/media\/64103"}],"wp:attachment":[{"href":"https:\/\/veritasinfo.org\/index.php?rest_route=%2Fwp%2Fv2%2Fmedia&parent=64102"}],"wp:term":[{"taxonomy":"category","embeddable":true,"href":"https:\/\/veritasinfo.org\/index.php?rest_route=%2Fwp%2Fv2%2Fcategories&post=64102"},{"taxonomy":"post_tag","embeddable":true,"href":"https:\/\/veritasinfo.org\/index.php?rest_route=%2Fwp%2Fv2%2Ftags&post=64102"}],"curies":[{"name":"wp","href":"https:\/\/api.w.org\/{rel}","templated":true}]}}