{"id":641,"date":"2025-06-15T16:43:11","date_gmt":"2025-06-15T14:43:11","guid":{"rendered":"https:\/\/veritasinfo.org\/?p=641"},"modified":"2025-06-15T16:43:11","modified_gmt":"2025-06-15T14:43:11","slug":"trump-najavljuje-da-ce-ponovo-resiti-pitanje-dijaloga-izmedju-kosova-i-srbije","status":"publish","type":"post","link":"https:\/\/veritasinfo.org\/?p=641&lang=sr","title":{"rendered":"Trump najavljuje da c\u0301e \u201eponovo re\u0161iti\u201c pitanje dijaloga izme\u0111u Kosova i Srbije"},"content":{"rendered":"<p><strong>Va\u0161isngton, 15 jun 2025<\/strong><\/p>\n<p>Predsednik Sjedinjenih Ameri\u010dkih Dr\u017eava, Donald Trump, putem objave na svojoj mre\u017ei \u201eIstina\u201c napisao je da c\u0301e \u201ere\u0161iti\u201c pitanje izme\u0111u Kosova i Srbije. \u201eTokom mog prvog mandata, Srbija i Kosovo su se sukobljavali, kao \u0161to su to \u010dinili decenijama, i ovaj dugogodi\u0161nji sukob je bio na putu da preraste u RAT.\u201c \u201eZaustavio sam to (Bajden je nekim odlukama o\u0161tetio svoje dugoro\u010dne izglede, ali ja c\u0301u to ponovo re\u0161iti)\u201c, napisao je Trump na rrjetin \u201cTruth\u201d.<\/p>\n<figure id=\"attachment_637\" aria-describedby=\"caption-attachment-637\" style=\"width: 300px\" class=\"wp-caption alignnone\"><img fetchpriority=\"high\" decoding=\"async\" class=\"size-medium wp-image-637\" src=\"https:\/\/veritasinfo.org\/wp-content\/uploads\/2025\/06\/IMG_1244-300x243.jpeg\" alt=\"\" width=\"300\" height=\"243\" srcset=\"https:\/\/veritasinfo.org\/wp-content\/uploads\/2025\/06\/IMG_1244-300x243.jpeg 300w, https:\/\/veritasinfo.org\/wp-content\/uploads\/2025\/06\/IMG_1244-1024x828.jpeg 1024w, https:\/\/veritasinfo.org\/wp-content\/uploads\/2025\/06\/IMG_1244-768x621.jpeg 768w, https:\/\/veritasinfo.org\/wp-content\/uploads\/2025\/06\/IMG_1244.jpeg 1237w\" sizes=\"(max-width: 300px) 100vw, 300px\" \/><figcaption id=\"caption-attachment-637\" class=\"wp-caption-text\">Screenshot<\/figcaption><\/figure>\n","protected":false},"excerpt":{"rendered":"<p>Va\u0161isngton, 15 jun 2025 Predsednik Sjedinjenih Ameri\u010dkih Dr\u017eava, Donald Trump, putem objave na svojoj mre\u017ei \u201eIstina\u201c napisao je da c\u0301e \u201ere\u0161iti\u201c pitanje izme\u0111u Kosova i<\/p>\n","protected":false},"author":2,"featured_media":636,"comment_status":"open","ping_status":"open","sticky":false,"template":"","format":"standard","meta":{"footnotes":""},"categories":[28],"tags":[],"class_list":["post-641","post","type-post","status-publish","format-standard","has-post-thumbnail","hentry","category-politika"],"yoast_head":"<!-- This site is optimized with the Yoast SEO plugin v25.3.1 - https:\/\/yoast.com\/wordpress\/plugins\/seo\/ -->\n<title>Trump najavljuje da c\u0301e \u201eponovo re\u0161iti\u201c pitanje dijaloga izme\u0111u Kosova i Srbije -<\/title>\n<meta name=\"robots\" content=\"index, follow, max-snippet:-1, max-image-preview:large, max-video-preview:-1\" \/>\n<link rel=\"canonical\" href=\"https:\/\/veritasinfo.org\/?p=641&lang=sr\" \/>\n<meta property=\"og:locale\" content=\"en_US\" \/>\n<meta property=\"og:type\" content=\"article\" \/>\n<meta property=\"og:title\" content=\"Trump najavljuje da c\u0301e \u201eponovo re\u0161iti\u201c pitanje dijaloga izme\u0111u Kosova i Srbije -\" \/>\n<meta property=\"og:description\" content=\"Va\u0161isngton, 15 jun 2025 Predsednik Sjedinjenih Ameri\u010dkih Dr\u017eava, Donald Trump, putem objave na svojoj mre\u017ei \u201eIstina\u201c napisao je da c\u0301e \u201ere\u0161iti\u201c pitanje izme\u0111u Kosova i\" \/>\n<meta property=\"og:url\" content=\"https:\/\/veritasinfo.org\/?p=641&amp;lang=sr\" \/>\n<meta property=\"article:published_time\" content=\"2025-06-15T14:43:11+00:00\" \/>\n<meta property=\"og:image\" content=\"https:\/\/veritasinfo.org\/wp-content\/uploads\/2025\/06\/IMG_1245.jpeg\" \/>\n\t<meta property=\"og:image:width\" content=\"2560\" \/>\n\t<meta property=\"og:image:height\" content=\"1707\" \/>\n\t<meta property=\"og:image:type\" content=\"image\/jpeg\" \/>\n<meta name=\"author\" content=\"US1\" \/>\n<meta name=\"twitter:card\" content=\"summary_large_image\" \/>\n<meta name=\"twitter:label1\" content=\"Written by\" \/>\n\t<meta name=\"twitter:data1\" content=\"US1\" \/>\n\t<meta name=\"twitter:label2\" content=\"Est. reading time\" \/>\n\t<meta name=\"twitter:data2\" content=\"1 minute\" \/>\n<script type=\"application\/ld+json\" class=\"yoast-schema-graph\">{\"@context\":\"https:\/\/schema.org\",\"@graph\":[{\"@type\":\"WebPage\",\"@id\":\"https:\/\/veritasinfo.org\/?p=641&lang=sr\",\"url\":\"https:\/\/veritasinfo.org\/?p=641&lang=sr\",\"name\":\"Trump najavljuje da c\u0301e \u201eponovo re\u0161iti\u201c pitanje dijaloga izme\u0111u Kosova i Srbije -\",\"isPartOf\":{\"@id\":\"https:\/\/veritasinfo.org\/#website\"},\"primaryImageOfPage\":{\"@id\":\"https:\/\/veritasinfo.org\/?p=641&lang=sr#primaryimage\"},\"image\":{\"@id\":\"https:\/\/veritasinfo.org\/?p=641&lang=sr#primaryimage\"},\"thumbnailUrl\":\"https:\/\/veritasinfo.org\/wp-content\/uploads\/2025\/06\/IMG_1245.jpeg\",\"datePublished\":\"2025-06-15T14:43:11+00:00\",\"author\":{\"@id\":\"https:\/\/veritasinfo.org\/#\/schema\/person\/c2b8be262ea994d0995addca692c5e98\"},\"breadcrumb\":{\"@id\":\"https:\/\/veritasinfo.org\/?p=641&lang=sr#breadcrumb\"},\"inLanguage\":\"en-US\",\"potentialAction\":[{\"@type\":\"ReadAction\",\"target\":[\"https:\/\/veritasinfo.org\/?p=641&lang=sr\"]}]},{\"@type\":\"ImageObject\",\"inLanguage\":\"en-US\",\"@id\":\"https:\/\/veritasinfo.org\/?p=641&lang=sr#primaryimage\",\"url\":\"https:\/\/veritasinfo.org\/wp-content\/uploads\/2025\/06\/IMG_1245.jpeg\",\"contentUrl\":\"https:\/\/veritasinfo.org\/wp-content\/uploads\/2025\/06\/IMG_1245.jpeg\",\"width\":2560,\"height\":1707},{\"@type\":\"BreadcrumbList\",\"@id\":\"https:\/\/veritasinfo.org\/?p=641&lang=sr#breadcrumb\",\"itemListElement\":[{\"@type\":\"ListItem\",\"position\":1,\"name\":\"Home\",\"item\":\"https:\/\/veritasinfo.org\/\"},{\"@type\":\"ListItem\",\"position\":2,\"name\":\"Trump najavljuje da c\u0301e \u201eponovo re\u0161iti\u201c pitanje dijaloga izme\u0111u Kosova i Srbije\"}]},{\"@type\":\"WebSite\",\"@id\":\"https:\/\/veritasinfo.org\/#website\",\"url\":\"https:\/\/veritasinfo.org\/\",\"name\":\"\",\"description\":\"\",\"potentialAction\":[{\"@type\":\"SearchAction\",\"target\":{\"@type\":\"EntryPoint\",\"urlTemplate\":\"https:\/\/veritasinfo.org\/?s={search_term_string}\"},\"query-input\":{\"@type\":\"PropertyValueSpecification\",\"valueRequired\":true,\"valueName\":\"search_term_string\"}}],\"inLanguage\":\"en-US\"},{\"@type\":\"Person\",\"@id\":\"https:\/\/veritasinfo.org\/#\/schema\/person\/c2b8be262ea994d0995addca692c5e98\",\"name\":\"US1\",\"image\":{\"@type\":\"ImageObject\",\"inLanguage\":\"en-US\",\"@id\":\"https:\/\/veritasinfo.org\/#\/schema\/person\/image\/\",\"url\":\"https:\/\/secure.gravatar.com\/avatar\/4e96a59bd256abf9956eb9963ac891a47461ffb364d47b0e9aab113328fdb75b?s=96&d=mm&r=g\",\"contentUrl\":\"https:\/\/secure.gravatar.com\/avatar\/4e96a59bd256abf9956eb9963ac891a47461ffb364d47b0e9aab113328fdb75b?s=96&d=mm&r=g\",\"caption\":\"US1\"},\"url\":\"https:\/\/veritasinfo.org\/?author=2\"}]}<\/script>\n<!-- \/ Yoast SEO plugin. -->","yoast_head_json":{"title":"Trump najavljuje da c\u0301e \u201eponovo re\u0161iti\u201c pitanje dijaloga izme\u0111u Kosova i Srbije -","robots":{"index":"index","follow":"follow","max-snippet":"max-snippet:-1","max-image-preview":"max-image-preview:large","max-video-preview":"max-video-preview:-1"},"canonical":"https:\/\/veritasinfo.org\/?p=641&lang=sr","og_locale":"en_US","og_type":"article","og_title":"Trump najavljuje da c\u0301e \u201eponovo re\u0161iti\u201c pitanje dijaloga izme\u0111u Kosova i Srbije -","og_description":"Va\u0161isngton, 15 jun 2025 Predsednik Sjedinjenih Ameri\u010dkih Dr\u017eava, Donald Trump, putem objave na svojoj mre\u017ei \u201eIstina\u201c napisao je da c\u0301e \u201ere\u0161iti\u201c pitanje izme\u0111u Kosova i","og_url":"https:\/\/veritasinfo.org\/?p=641&lang=sr","article_published_time":"2025-06-15T14:43:11+00:00","og_image":[{"width":2560,"height":1707,"url":"https:\/\/veritasinfo.org\/wp-content\/uploads\/2025\/06\/IMG_1245.jpeg","type":"image\/jpeg"}],"author":"US1","twitter_card":"summary_large_image","twitter_misc":{"Written by":"US1","Est. reading time":"1 minute"},"schema":{"@context":"https:\/\/schema.org","@graph":[{"@type":"WebPage","@id":"https:\/\/veritasinfo.org\/?p=641&lang=sr","url":"https:\/\/veritasinfo.org\/?p=641&lang=sr","name":"Trump najavljuje da c\u0301e \u201eponovo re\u0161iti\u201c pitanje dijaloga izme\u0111u Kosova i Srbije -","isPartOf":{"@id":"https:\/\/veritasinfo.org\/#website"},"primaryImageOfPage":{"@id":"https:\/\/veritasinfo.org\/?p=641&lang=sr#primaryimage"},"image":{"@id":"https:\/\/veritasinfo.org\/?p=641&lang=sr#primaryimage"},"thumbnailUrl":"https:\/\/veritasinfo.org\/wp-content\/uploads\/2025\/06\/IMG_1245.jpeg","datePublished":"2025-06-15T14:43:11+00:00","author":{"@id":"https:\/\/veritasinfo.org\/#\/schema\/person\/c2b8be262ea994d0995addca692c5e98"},"breadcrumb":{"@id":"https:\/\/veritasinfo.org\/?p=641&lang=sr#breadcrumb"},"inLanguage":"en-US","potentialAction":[{"@type":"ReadAction","target":["https:\/\/veritasinfo.org\/?p=641&lang=sr"]}]},{"@type":"ImageObject","inLanguage":"en-US","@id":"https:\/\/veritasinfo.org\/?p=641&lang=sr#primaryimage","url":"https:\/\/veritasinfo.org\/wp-content\/uploads\/2025\/06\/IMG_1245.jpeg","contentUrl":"https:\/\/veritasinfo.org\/wp-content\/uploads\/2025\/06\/IMG_1245.jpeg","width":2560,"height":1707},{"@type":"BreadcrumbList","@id":"https:\/\/veritasinfo.org\/?p=641&lang=sr#breadcrumb","itemListElement":[{"@type":"ListItem","position":1,"name":"Home","item":"https:\/\/veritasinfo.org\/"},{"@type":"ListItem","position":2,"name":"Trump najavljuje da c\u0301e \u201eponovo re\u0161iti\u201c pitanje dijaloga izme\u0111u Kosova i Srbije"}]},{"@type":"WebSite","@id":"https:\/\/veritasinfo.org\/#website","url":"https:\/\/veritasinfo.org\/","name":"","description":"","potentialAction":[{"@type":"SearchAction","target":{"@type":"EntryPoint","urlTemplate":"https:\/\/veritasinfo.org\/?s={search_term_string}"},"query-input":{"@type":"PropertyValueSpecification","valueRequired":true,"valueName":"search_term_string"}}],"inLanguage":"en-US"},{"@type":"Person","@id":"https:\/\/veritasinfo.org\/#\/schema\/person\/c2b8be262ea994d0995addca692c5e98","name":"US1","image":{"@type":"ImageObject","inLanguage":"en-US","@id":"https:\/\/veritasinfo.org\/#\/schema\/person\/image\/","url":"https:\/\/secure.gravatar.com\/avatar\/4e96a59bd256abf9956eb9963ac891a47461ffb364d47b0e9aab113328fdb75b?s=96&d=mm&r=g","contentUrl":"https:\/\/secure.gravatar.com\/avatar\/4e96a59bd256abf9956eb9963ac891a47461ffb364d47b0e9aab113328fdb75b?s=96&d=mm&r=g","caption":"US1"},"url":"https:\/\/veritasinfo.org\/?author=2"}]}},"featured_image_urls":{"full":["https:\/\/veritasinfo.org\/wp-content\/uploads\/2025\/06\/IMG_1245.jpeg",2560,1707,false],"thumbnail":["https:\/\/veritasinfo.org\/wp-content\/uploads\/2025\/06\/IMG_1245-150x150.jpeg",150,150,true],"medium":["https:\/\/veritasinfo.org\/wp-content\/uploads\/2025\/06\/IMG_1245-300x200.jpeg",300,200,true],"medium_large":["https:\/\/veritasinfo.org\/wp-content\/uploads\/2025\/06\/IMG_1245-768x512.jpeg",640,427,true],"large":["https:\/\/veritasinfo.org\/wp-content\/uploads\/2025\/06\/IMG_1245-1024x683.jpeg",640,427,true],"1536x1536":["https:\/\/veritasinfo.org\/wp-content\/uploads\/2025\/06\/IMG_1245-1536x1024.jpeg",1536,1024,true],"2048x2048":["https:\/\/veritasinfo.org\/wp-content\/uploads\/2025\/06\/IMG_1245-2048x1366.jpeg",2048,1366,true],"kreeti-slider-full":["https:\/\/veritasinfo.org\/wp-content\/uploads\/2025\/06\/IMG_1245.jpeg",1080,720,false],"kreeti-featured":["https:\/\/veritasinfo.org\/wp-content\/uploads\/2025\/06\/IMG_1245.jpeg",1024,683,false],"kreeti-medium":["https:\/\/veritasinfo.org\/wp-content\/uploads\/2025\/06\/IMG_1245.jpeg",720,480,false],"kreeti-medium-square":["https:\/\/veritasinfo.org\/wp-content\/uploads\/2025\/06\/IMG_1245.jpeg",350,233,false]},"author_info":{"info":["US1"]},"category_info":"<a href=\"https:\/\/veritasinfo.org\/?cat=28&#038;lang=sr\" rel=\"category\">Politika<\/a>","tag_info":"Politika","comment_count":"0","_links":{"self":[{"href":"https:\/\/veritasinfo.org\/index.php?rest_route=\/wp\/v2\/posts\/641","targetHints":{"allow":["GET"]}}],"collection":[{"href":"https:\/\/veritasinfo.org\/index.php?rest_route=\/wp\/v2\/posts"}],"about":[{"href":"https:\/\/veritasinfo.org\/index.php?rest_route=\/wp\/v2\/types\/post"}],"author":[{"embeddable":true,"href":"https:\/\/veritasinfo.org\/index.php?rest_route=\/wp\/v2\/users\/2"}],"replies":[{"embeddable":true,"href":"https:\/\/veritasinfo.org\/index.php?rest_route=%2Fwp%2Fv2%2Fcomments&post=641"}],"version-history":[{"count":1,"href":"https:\/\/veritasinfo.org\/index.php?rest_route=\/wp\/v2\/posts\/641\/revisions"}],"predecessor-version":[{"id":642,"href":"https:\/\/veritasinfo.org\/index.php?rest_route=\/wp\/v2\/posts\/641\/revisions\/642"}],"wp:featuredmedia":[{"embeddable":true,"href":"https:\/\/veritasinfo.org\/index.php?rest_route=\/wp\/v2\/media\/636"}],"wp:attachment":[{"href":"https:\/\/veritasinfo.org\/index.php?rest_route=%2Fwp%2Fv2%2Fmedia&parent=641"}],"wp:term":[{"taxonomy":"category","embeddable":true,"href":"https:\/\/veritasinfo.org\/index.php?rest_route=%2Fwp%2Fv2%2Fcategories&post=641"},{"taxonomy":"post_tag","embeddable":true,"href":"https:\/\/veritasinfo.org\/index.php?rest_route=%2Fwp%2Fv2%2Ftags&post=641"}],"curies":[{"name":"wp","href":"https:\/\/api.w.org\/{rel}","templated":true}]}}