{"id":64099,"date":"2026-09-04T13:42:41","date_gmt":"2026-09-04T11:42:41","guid":{"rendered":"https:\/\/veritasinfo.org\/?p=64099"},"modified":"2026-09-04T13:42:41","modified_gmt":"2026-09-04T11:42:41","slug":"arti-pas-grilave-percjell-mesazh-shprese-ne-muzeun-e-nenes-tereze-ne-prizren","status":"publish","type":"post","link":"https:\/\/veritasinfo.org\/?p=64099","title":{"rendered":"Arti pas grilave p\u00ebrcjell mesazh shprese n\u00eb Muzeun e N\u00ebn\u00ebs Terez\u00eb n\u00eb Prizren"},"content":{"rendered":"<p>Prishtin\u00eb, 4 shtator 2026 13:39<\/p>\n<p>kuad\u00ebr t\u00eb Jav\u00ebs s\u00eb N\u00ebn\u00ebs Terez\u00eb, e cila k\u00ebt\u00eb vit i kushtohet tem\u00ebs s\u00eb bamir\u00ebsis\u00eb, Muzeu i N\u00ebn\u00ebs Terez\u00eb n\u00eb Prizren ka hapur dyert p\u00ebr promovimin e punimeve artistike t\u00eb grave nga Qendra Korrektuese p\u00ebr Femra n\u00eb Lipjan.<\/p>\n<p>Nisma synon promovimin e humanizmit dhe bamir\u00ebsis\u00eb, nd\u00ebrsa n\u00eb aktivitet \u00ebsht\u00eb p\u00ebrfshir\u00eb edhe Qendra p\u00ebr Mbrojtjen e Grave dhe F\u00ebmij\u00ebve, raporton KosovaPress.<\/p>\n<p>Z\u00ebvend\u00ebsministrja e Kultur\u00ebs, Rinis\u00eb dhe Sportit, Nora Arapi, tha se trash\u00ebgimia e N\u00ebn\u00ebs Terez\u00eb lidhet ngusht\u00eb me humanizmin dhe bamir\u00ebsin\u00eb. Sipas saj, ekspozita e punimeve t\u00eb grave nga Qendra Korrektuese i jep nj\u00eb dimension t\u00eb ve\u00e7ant\u00eb k\u00ebsaj vlere.<\/p>\n<p>\u201cHumanizmi dhe bamir\u00ebsia ishin n\u00eb themel t\u00eb k\u00ebsaj vepre dhe mbeten nd\u00ebr veprat m\u00eb t\u00eb r\u00ebnd\u00ebsishme q\u00eb lidhen me trash\u00ebgimin\u00eb e N\u00ebn\u00eb Terez\u00ebs. P\u00ebr k\u00ebt\u00eb arsye, p\u00ebrvjetori i ndarjes s\u00eb saj nga jeta \u00ebsht\u00eb edhe nj\u00eb moment p\u00ebr t\u00eb reflektuar mbi m\u00ebnyr\u00ebn se si kjo trash\u00ebgimi ruhet, p\u00ebrcillet dhe merr kuptim n\u00eb shoq\u00ebrin\u00eb e sotme. N\u00eb k\u00ebt\u00eb drejtim, Muzeu i N\u00ebn\u00ebs Terez\u00eb n\u00eb Prizren ka nj\u00eb rol t\u00eb ve\u00e7ant\u00eb. P\u00ebrtej ruajtjes s\u00eb procesit dhe dokumentimit t\u00eb jet\u00ebs dhe vepr\u00ebs s\u00eb saj, ai krijon nj\u00eb hap\u00ebsir\u00eb p\u00ebr edukim, interpretim dhe promovim t\u00eb vlerave q\u00eb ajo p\u00ebrfaq\u00ebson. Ky muze \u00ebsht\u00eb rezultat i nj\u00eb bashk\u00ebpunimi t\u00eb r\u00ebnd\u00ebsish\u00ebm institucional. Sot, Muzeu krijon hap\u00ebsir\u00eb edhe p\u00ebr nj\u00eb tjet\u00ebr dimension t\u00eb r\u00ebnd\u00ebsish\u00ebm t\u00eb k\u00ebsaj trash\u00ebgimie: at\u00eb t\u00eb bamir\u00ebsis\u00eb dhe humanizmit. P\u00ebrmes punimeve artistike t\u00eb krijuara nga grat\u00eb e Qendr\u00ebs Korrektuese p\u00ebr Femra dhe F\u00ebmij\u00eb, kjo ekspozit\u00eb e vendos artin n\u00eb nj\u00eb hap\u00ebsir\u00eb ku ai mund t\u00eb sh\u00ebrbej\u00eb edhe si mund\u00ebsi p\u00ebr shprehje, krijimtari dhe reflektim. N\u00eb k\u00ebt\u00eb drejtim, tema e bamir\u00ebsis\u00eb merr nj\u00eb dimension m\u00eb t\u00eb gjer\u00eb. At\u00eb t\u00eb kujdesit p\u00ebr fshirjes dhe respektit p\u00ebr dinjitetin njer\u00ebzor. K\u00ebto jan\u00eb vlerat q\u00eb kan\u00eb r\u00ebnd\u00ebsi jo vet\u00ebm si pjes\u00eb e trash\u00ebgimis\u00eb s\u00eb N\u00ebn\u00eb Terez\u00ebs, por edhe n\u00eb nd\u00ebrtimin e nj\u00eb shoq\u00ebrie m\u00eb gjith\u00ebp\u00ebrfshir\u00ebse dhe m\u00eb humane sot\u201d, tha ajo.<\/p>\n<p>Kryetari i Komun\u00ebs s\u00eb Prizrenit, Shaqir Totaj, tha se vlerat q\u00eb promovohen p\u00ebrmes k\u00ebsaj veprimtarie jan\u00eb m\u00eb t\u00eb m\u00ebdha sesa vet\u00eb aktiviteti. Ai theksoi edhe r\u00ebnd\u00ebsin\u00eb e Muzeut t\u00eb N\u00ebn\u00ebs Terez\u00eb n\u00eb promovimin e trash\u00ebgimis\u00eb kulturore t\u00eb qytetit.<\/p>\n<p>\u201cVeprimtaria dhe puna \u00ebsht\u00eb shum\u00eb m\u00eb e madhe sesa n\u00eb fakt kjo politika q\u00eb po japim sot. Prandaj, \u00ebsht\u00eb shum\u00eb e r\u00ebnd\u00ebsishme q\u00eb t\u00eb jemi k\u00ebtu, t\u2019i promovojm\u00eb k\u00ebto vlera, t\u00eb dim\u00eb t\u2019i \u00e7mojm\u00eb, t\u00eb dim\u00eb t\u2019i respektojm\u00eb, dhe \u00ebsht\u00eb shum\u00eb mir\u00eb q\u00eb kryeson ky muzeum k\u00ebtu, sepse kompleton mozaikun kulturor t\u00eb qytetit t\u00eb Prizrenit. \u00cbsht\u00eb shum\u00eb e r\u00ebnd\u00ebsishme me ju njoftu, p\u00ebr ata q\u00eb nuk e din\u00eb, q\u00eb shtatorja e N\u00ebn\u00ebs Terez\u00eb do t\u00eb vendoset karshi k\u00ebtij muzeumi, m\u00eb 28 n\u00ebntor, n\u00eb bashk\u00ebpunim me Kish\u00ebn Katolike, q\u00eb \u00ebsht\u00eb nj\u00eb element shum\u00eb i r\u00ebnd\u00ebsish\u00ebm, sepse po kompletohet edhe infrastruktura rreth k\u00ebtij muzeumi, q\u00eb promovon trash\u00ebgimin\u00eb ton\u00eb dhe trash\u00ebgimin\u00eb e cila e njeh humanizmin dhe bamir\u00ebsin\u00eb si vler\u00eb dhe konsideroj q\u00eb kjo do t\u00eb jet\u00eb nj\u00eb leksion p\u00ebr t\u00eb gjith\u00eb ne, t\u00eb jet\u00eb udh\u00ebrr\u00ebfyes se n\u00eb \u00e7far\u00eb drejtimi duhet t\u00eb ecim\u201d, tha Totaj.<\/p>\n<p>Nga Qendra Korrektuese p\u00ebr Femra n\u00eb Lipjan, Ylber Topalli tha se ekspozimi i punimeve u jep grave t\u00eb d\u00ebnuara mund\u00ebsi q\u00eb talentin e tyre ta shnd\u00ebrrojn\u00eb n\u00eb mesazh shprese dhe n\u00eb mund\u00ebsi p\u00ebr nj\u00eb t\u00eb ardhme ndryshe.<\/p>\n","protected":false},"excerpt":{"rendered":"<p>Prishtin\u00eb, 4 shtator 2026 13:39 kuad\u00ebr t\u00eb Jav\u00ebs s\u00eb N\u00ebn\u00ebs Terez\u00eb, e cila k\u00ebt\u00eb vit i kushtohet tem\u00ebs s\u00eb bamir\u00ebsis\u00eb, Muzeu i N\u00ebn\u00ebs Terez\u00eb n\u00eb<\/p>\n","protected":false},"author":7,"featured_media":64100,"comment_status":"open","ping_status":"open","sticky":false,"template":"","format":"standard","meta":{"footnotes":""},"categories":[60],"tags":[],"class_list":["post-64099","post","type-post","status-publish","format-standard","has-post-thumbnail","hentry","category-shoqerore-sq"],"yoast_head":"<!-- This site is optimized with the Yoast SEO plugin v25.3.1 - https:\/\/yoast.com\/wordpress\/plugins\/seo\/ -->\n<title>Arti pas grilave p\u00ebrcjell mesazh shprese n\u00eb Muzeun e N\u00ebn\u00ebs Terez\u00eb n\u00eb Prizren -<\/title>\n<meta name=\"robots\" content=\"index, follow, max-snippet:-1, max-image-preview:large, max-video-preview:-1\" \/>\n<link rel=\"canonical\" href=\"https:\/\/veritasinfo.org\/?p=64099\" \/>\n<meta property=\"og:locale\" content=\"en_US\" \/>\n<meta property=\"og:type\" content=\"article\" \/>\n<meta property=\"og:title\" content=\"Arti pas grilave p\u00ebrcjell mesazh shprese n\u00eb Muzeun e N\u00ebn\u00ebs Terez\u00eb n\u00eb Prizren -\" \/>\n<meta property=\"og:description\" content=\"Prishtin\u00eb, 4 shtator 2026 13:39 kuad\u00ebr t\u00eb Jav\u00ebs s\u00eb N\u00ebn\u00ebs Terez\u00eb, e cila k\u00ebt\u00eb vit i kushtohet tem\u00ebs s\u00eb bamir\u00ebsis\u00eb, Muzeu i N\u00ebn\u00ebs Terez\u00eb n\u00eb\" \/>\n<meta property=\"og:url\" content=\"https:\/\/veritasinfo.org\/?p=64099\" \/>\n<meta property=\"article:published_time\" content=\"2026-09-04T11:42:41+00:00\" \/>\n<meta property=\"og:image\" content=\"https:\/\/veritasinfo.org\/wp-content\/uploads\/2026\/09\/Screenshot_20260904_134218_Chrome.jpg\" \/>\n\t<meta property=\"og:image:width\" content=\"1018\" \/>\n\t<meta property=\"og:image:height\" content=\"701\" \/>\n\t<meta property=\"og:image:type\" content=\"image\/jpeg\" \/>\n<meta name=\"author\" content=\"US6\" \/>\n<meta name=\"twitter:card\" content=\"summary_large_image\" \/>\n<meta name=\"twitter:label1\" content=\"Written by\" \/>\n\t<meta name=\"twitter:data1\" content=\"US6\" \/>\n\t<meta name=\"twitter:label2\" content=\"Est. reading time\" \/>\n\t<meta name=\"twitter:data2\" content=\"3 minutes\" \/>\n<script type=\"application\/ld+json\" class=\"yoast-schema-graph\">{\"@context\":\"https:\/\/schema.org\",\"@graph\":[{\"@type\":\"WebPage\",\"@id\":\"https:\/\/veritasinfo.org\/?p=64099\",\"url\":\"https:\/\/veritasinfo.org\/?p=64099\",\"name\":\"Arti pas grilave p\u00ebrcjell mesazh shprese n\u00eb Muzeun e N\u00ebn\u00ebs Terez\u00eb n\u00eb Prizren -\",\"isPartOf\":{\"@id\":\"https:\/\/veritasinfo.org\/#website\"},\"primaryImageOfPage\":{\"@id\":\"https:\/\/veritasinfo.org\/?p=64099#primaryimage\"},\"image\":{\"@id\":\"https:\/\/veritasinfo.org\/?p=64099#primaryimage\"},\"thumbnailUrl\":\"https:\/\/veritasinfo.org\/wp-content\/uploads\/2026\/09\/Screenshot_20260904_134218_Chrome.jpg\",\"datePublished\":\"2026-09-04T11:42:41+00:00\",\"author\":{\"@id\":\"https:\/\/veritasinfo.org\/#\/schema\/person\/fe199eede04c3937362892b7444747cc\"},\"breadcrumb\":{\"@id\":\"https:\/\/veritasinfo.org\/?p=64099#breadcrumb\"},\"inLanguage\":\"en-US\",\"potentialAction\":[{\"@type\":\"ReadAction\",\"target\":[\"https:\/\/veritasinfo.org\/?p=64099\"]}]},{\"@type\":\"ImageObject\",\"inLanguage\":\"en-US\",\"@id\":\"https:\/\/veritasinfo.org\/?p=64099#primaryimage\",\"url\":\"https:\/\/veritasinfo.org\/wp-content\/uploads\/2026\/09\/Screenshot_20260904_134218_Chrome.jpg\",\"contentUrl\":\"https:\/\/veritasinfo.org\/wp-content\/uploads\/2026\/09\/Screenshot_20260904_134218_Chrome.jpg\",\"width\":1018,\"height\":701},{\"@type\":\"BreadcrumbList\",\"@id\":\"https:\/\/veritasinfo.org\/?p=64099#breadcrumb\",\"itemListElement\":[{\"@type\":\"ListItem\",\"position\":1,\"name\":\"Home\",\"item\":\"https:\/\/veritasinfo.org\/\"},{\"@type\":\"ListItem\",\"position\":2,\"name\":\"Arti pas grilave p\u00ebrcjell mesazh shprese n\u00eb Muzeun e N\u00ebn\u00ebs Terez\u00eb n\u00eb Prizren\"}]},{\"@type\":\"WebSite\",\"@id\":\"https:\/\/veritasinfo.org\/#website\",\"url\":\"https:\/\/veritasinfo.org\/\",\"name\":\"\",\"description\":\"\",\"potentialAction\":[{\"@type\":\"SearchAction\",\"target\":{\"@type\":\"EntryPoint\",\"urlTemplate\":\"https:\/\/veritasinfo.org\/?s={search_term_string}\"},\"query-input\":{\"@type\":\"PropertyValueSpecification\",\"valueRequired\":true,\"valueName\":\"search_term_string\"}}],\"inLanguage\":\"en-US\"},{\"@type\":\"Person\",\"@id\":\"https:\/\/veritasinfo.org\/#\/schema\/person\/fe199eede04c3937362892b7444747cc\",\"name\":\"US6\",\"image\":{\"@type\":\"ImageObject\",\"inLanguage\":\"en-US\",\"@id\":\"https:\/\/veritasinfo.org\/#\/schema\/person\/image\/\",\"url\":\"https:\/\/secure.gravatar.com\/avatar\/cb16c3c31c9d23b9b8c705964598220b3014e42ff51eb540ff23cefa3ae8c15f?s=96&d=mm&r=g\",\"contentUrl\":\"https:\/\/secure.gravatar.com\/avatar\/cb16c3c31c9d23b9b8c705964598220b3014e42ff51eb540ff23cefa3ae8c15f?s=96&d=mm&r=g\",\"caption\":\"US6\"},\"url\":\"https:\/\/veritasinfo.org\/?author=7\"}]}<\/script>\n<!-- \/ Yoast SEO plugin. -->","yoast_head_json":{"title":"Arti pas grilave p\u00ebrcjell mesazh shprese n\u00eb Muzeun e N\u00ebn\u00ebs Terez\u00eb n\u00eb Prizren -","robots":{"index":"index","follow":"follow","max-snippet":"max-snippet:-1","max-image-preview":"max-image-preview:large","max-video-preview":"max-video-preview:-1"},"canonical":"https:\/\/veritasinfo.org\/?p=64099","og_locale":"en_US","og_type":"article","og_title":"Arti pas grilave p\u00ebrcjell mesazh shprese n\u00eb Muzeun e N\u00ebn\u00ebs Terez\u00eb n\u00eb Prizren -","og_description":"Prishtin\u00eb, 4 shtator 2026 13:39 kuad\u00ebr t\u00eb Jav\u00ebs s\u00eb N\u00ebn\u00ebs Terez\u00eb, e cila k\u00ebt\u00eb vit i kushtohet tem\u00ebs s\u00eb bamir\u00ebsis\u00eb, Muzeu i N\u00ebn\u00ebs Terez\u00eb n\u00eb","og_url":"https:\/\/veritasinfo.org\/?p=64099","article_published_time":"2026-09-04T11:42:41+00:00","og_image":[{"width":1018,"height":701,"url":"https:\/\/veritasinfo.org\/wp-content\/uploads\/2026\/09\/Screenshot_20260904_134218_Chrome.jpg","type":"image\/jpeg"}],"author":"US6","twitter_card":"summary_large_image","twitter_misc":{"Written by":"US6","Est. reading time":"3 minutes"},"schema":{"@context":"https:\/\/schema.org","@graph":[{"@type":"WebPage","@id":"https:\/\/veritasinfo.org\/?p=64099","url":"https:\/\/veritasinfo.org\/?p=64099","name":"Arti pas grilave p\u00ebrcjell mesazh shprese n\u00eb Muzeun e N\u00ebn\u00ebs Terez\u00eb n\u00eb Prizren -","isPartOf":{"@id":"https:\/\/veritasinfo.org\/#website"},"primaryImageOfPage":{"@id":"https:\/\/veritasinfo.org\/?p=64099#primaryimage"},"image":{"@id":"https:\/\/veritasinfo.org\/?p=64099#primaryimage"},"thumbnailUrl":"https:\/\/veritasinfo.org\/wp-content\/uploads\/2026\/09\/Screenshot_20260904_134218_Chrome.jpg","datePublished":"2026-09-04T11:42:41+00:00","author":{"@id":"https:\/\/veritasinfo.org\/#\/schema\/person\/fe199eede04c3937362892b7444747cc"},"breadcrumb":{"@id":"https:\/\/veritasinfo.org\/?p=64099#breadcrumb"},"inLanguage":"en-US","potentialAction":[{"@type":"ReadAction","target":["https:\/\/veritasinfo.org\/?p=64099"]}]},{"@type":"ImageObject","inLanguage":"en-US","@id":"https:\/\/veritasinfo.org\/?p=64099#primaryimage","url":"https:\/\/veritasinfo.org\/wp-content\/uploads\/2026\/09\/Screenshot_20260904_134218_Chrome.jpg","contentUrl":"https:\/\/veritasinfo.org\/wp-content\/uploads\/2026\/09\/Screenshot_20260904_134218_Chrome.jpg","width":1018,"height":701},{"@type":"BreadcrumbList","@id":"https:\/\/veritasinfo.org\/?p=64099#breadcrumb","itemListElement":[{"@type":"ListItem","position":1,"name":"Home","item":"https:\/\/veritasinfo.org\/"},{"@type":"ListItem","position":2,"name":"Arti pas grilave p\u00ebrcjell mesazh shprese n\u00eb Muzeun e N\u00ebn\u00ebs Terez\u00eb n\u00eb Prizren"}]},{"@type":"WebSite","@id":"https:\/\/veritasinfo.org\/#website","url":"https:\/\/veritasinfo.org\/","name":"","description":"","potentialAction":[{"@type":"SearchAction","target":{"@type":"EntryPoint","urlTemplate":"https:\/\/veritasinfo.org\/?s={search_term_string}"},"query-input":{"@type":"PropertyValueSpecification","valueRequired":true,"valueName":"search_term_string"}}],"inLanguage":"en-US"},{"@type":"Person","@id":"https:\/\/veritasinfo.org\/#\/schema\/person\/fe199eede04c3937362892b7444747cc","name":"US6","image":{"@type":"ImageObject","inLanguage":"en-US","@id":"https:\/\/veritasinfo.org\/#\/schema\/person\/image\/","url":"https:\/\/secure.gravatar.com\/avatar\/cb16c3c31c9d23b9b8c705964598220b3014e42ff51eb540ff23cefa3ae8c15f?s=96&d=mm&r=g","contentUrl":"https:\/\/secure.gravatar.com\/avatar\/cb16c3c31c9d23b9b8c705964598220b3014e42ff51eb540ff23cefa3ae8c15f?s=96&d=mm&r=g","caption":"US6"},"url":"https:\/\/veritasinfo.org\/?author=7"}]}},"featured_image_urls":{"full":["https:\/\/veritasinfo.org\/wp-content\/uploads\/2026\/09\/Screenshot_20260904_134218_Chrome.jpg",1018,701,false],"thumbnail":["https:\/\/veritasinfo.org\/wp-content\/uploads\/2026\/09\/Screenshot_20260904_134218_Chrome-150x150.jpg",150,150,true],"medium":["https:\/\/veritasinfo.org\/wp-content\/uploads\/2026\/09\/Screenshot_20260904_134218_Chrome-300x207.jpg",300,207,true],"medium_large":["https:\/\/veritasinfo.org\/wp-content\/uploads\/2026\/09\/Screenshot_20260904_134218_Chrome-768x529.jpg",640,441,true],"large":["https:\/\/veritasinfo.org\/wp-content\/uploads\/2026\/09\/Screenshot_20260904_134218_Chrome.jpg",640,441,false],"1536x1536":["https:\/\/veritasinfo.org\/wp-content\/uploads\/2026\/09\/Screenshot_20260904_134218_Chrome.jpg",1018,701,false],"2048x2048":["https:\/\/veritasinfo.org\/wp-content\/uploads\/2026\/09\/Screenshot_20260904_134218_Chrome.jpg",1018,701,false],"kreeti-slider-full":["https:\/\/veritasinfo.org\/wp-content\/uploads\/2026\/09\/Screenshot_20260904_134218_Chrome.jpg",1018,701,false],"kreeti-featured":["https:\/\/veritasinfo.org\/wp-content\/uploads\/2026\/09\/Screenshot_20260904_134218_Chrome.jpg",1018,701,false],"kreeti-medium":["https:\/\/veritasinfo.org\/wp-content\/uploads\/2026\/09\/Screenshot_20260904_134218_Chrome-720x530.jpg",720,530,true],"kreeti-medium-square":["https:\/\/veritasinfo.org\/wp-content\/uploads\/2026\/09\/Screenshot_20260904_134218_Chrome-350x350.jpg",350,350,true]},"author_info":{"info":["US6"]},"category_info":"<a href=\"https:\/\/veritasinfo.org\/?cat=60\" rel=\"category\">Shoq\u00ebrore<\/a>","tag_info":"Shoq\u00ebrore","comment_count":"0","_links":{"self":[{"href":"https:\/\/veritasinfo.org\/index.php?rest_route=\/wp\/v2\/posts\/64099","targetHints":{"allow":["GET"]}}],"collection":[{"href":"https:\/\/veritasinfo.org\/index.php?rest_route=\/wp\/v2\/posts"}],"about":[{"href":"https:\/\/veritasinfo.org\/index.php?rest_route=\/wp\/v2\/types\/post"}],"author":[{"embeddable":true,"href":"https:\/\/veritasinfo.org\/index.php?rest_route=\/wp\/v2\/users\/7"}],"replies":[{"embeddable":true,"href":"https:\/\/veritasinfo.org\/index.php?rest_route=%2Fwp%2Fv2%2Fcomments&post=64099"}],"version-history":[{"count":1,"href":"https:\/\/veritasinfo.org\/index.php?rest_route=\/wp\/v2\/posts\/64099\/revisions"}],"predecessor-version":[{"id":64101,"href":"https:\/\/veritasinfo.org\/index.php?rest_route=\/wp\/v2\/posts\/64099\/revisions\/64101"}],"wp:featuredmedia":[{"embeddable":true,"href":"https:\/\/veritasinfo.org\/index.php?rest_route=\/wp\/v2\/media\/64100"}],"wp:attachment":[{"href":"https:\/\/veritasinfo.org\/index.php?rest_route=%2Fwp%2Fv2%2Fmedia&parent=64099"}],"wp:term":[{"taxonomy":"category","embeddable":true,"href":"https:\/\/veritasinfo.org\/index.php?rest_route=%2Fwp%2Fv2%2Fcategories&post=64099"},{"taxonomy":"post_tag","embeddable":true,"href":"https:\/\/veritasinfo.org\/index.php?rest_route=%2Fwp%2Fv2%2Ftags&post=64099"}],"curies":[{"name":"wp","href":"https:\/\/api.w.org\/{rel}","templated":true}]}}