{"id":64088,"date":"2026-09-04T11:38:39","date_gmt":"2026-09-04T09:38:39","guid":{"rendered":"https:\/\/veritasinfo.org\/?p=64088"},"modified":"2026-09-04T11:38:39","modified_gmt":"2026-09-04T09:38:39","slug":"prokuroria-dorezon-aktakuze-per-krime-lufte-ne-lagjen-e-jashareve-ne-prekaz","status":"publish","type":"post","link":"https:\/\/veritasinfo.org\/?p=64088","title":{"rendered":"Prokuroria dor\u00ebzon aktakuz\u00eb p\u00ebr krime lufte n\u00eb lagjen e Jashar\u00ebve n\u00eb Prekaz"},"content":{"rendered":"<p>Prishtin\u00eb, 4 shtator 2026 11:38<\/p>\n<p>Prokuroria Speciale ka dor\u00ebzuar aktakuz\u00ebn p\u00ebr krime lufte t\u00eb kryera n\u00eb lagjen e Jashar\u00ebve n\u00eb Prekaz t\u00eb Skenderajt.<\/p>\n<p>Ende nuk jan\u00eb b\u00ebr\u00eb t\u00eb ditura detajet rreth aktakuz\u00ebs apo personave ndaj t\u00eb cil\u00ebve \u00ebsht\u00eb ngritur ajo.<\/p>\n<p>P\u00ebr t\u00eb njoftuar p\u00ebr dor\u00ebzimin e k\u00ebsaj aktakuze, Prokuroria ka thirrur nj\u00eb konferenc\u00eb p\u00ebr media.<\/p>\n<p>Konferenca do t\u00eb mbahet n\u00eb ambientet e Prokuroris\u00eb Speciale n\u00eb or\u00ebn 13:30.<\/p>\n","protected":false},"excerpt":{"rendered":"<p>Prishtin\u00eb, 4 shtator 2026 11:38 Prokuroria Speciale ka dor\u00ebzuar aktakuz\u00ebn p\u00ebr krime lufte t\u00eb kryera n\u00eb lagjen e Jashar\u00ebve n\u00eb Prekaz t\u00eb Skenderajt. Ende nuk<\/p>\n","protected":false},"author":7,"featured_media":52518,"comment_status":"open","ping_status":"open","sticky":false,"template":"","format":"standard","meta":{"footnotes":""},"categories":[60],"tags":[],"class_list":["post-64088","post","type-post","status-publish","format-standard","has-post-thumbnail","hentry","category-shoqerore-sq"],"yoast_head":"<!-- This site is optimized with the Yoast SEO plugin v25.3.1 - https:\/\/yoast.com\/wordpress\/plugins\/seo\/ -->\n<title>Prokuroria dor\u00ebzon aktakuz\u00eb p\u00ebr krime lufte n\u00eb lagjen e Jashar\u00ebve n\u00eb Prekaz -<\/title>\n<meta name=\"robots\" content=\"index, follow, max-snippet:-1, max-image-preview:large, max-video-preview:-1\" \/>\n<link rel=\"canonical\" href=\"https:\/\/veritasinfo.org\/?p=64088\" \/>\n<meta property=\"og:locale\" content=\"en_US\" \/>\n<meta property=\"og:type\" content=\"article\" \/>\n<meta property=\"og:title\" content=\"Prokuroria dor\u00ebzon aktakuz\u00eb p\u00ebr krime lufte n\u00eb lagjen e Jashar\u00ebve n\u00eb Prekaz -\" \/>\n<meta property=\"og:description\" content=\"Prishtin\u00eb, 4 shtator 2026 11:38 Prokuroria Speciale ka dor\u00ebzuar aktakuz\u00ebn p\u00ebr krime lufte t\u00eb kryera n\u00eb lagjen e Jashar\u00ebve n\u00eb Prekaz t\u00eb Skenderajt. Ende nuk\" \/>\n<meta property=\"og:url\" content=\"https:\/\/veritasinfo.org\/?p=64088\" \/>\n<meta property=\"article:published_time\" content=\"2026-09-04T09:38:39+00:00\" \/>\n<meta property=\"og:image\" content=\"https:\/\/veritasinfo.org\/wp-content\/uploads\/2026\/06\/prokuroria-speciale-1536x1024-1.png\" \/>\n\t<meta property=\"og:image:width\" content=\"1536\" \/>\n\t<meta property=\"og:image:height\" content=\"1024\" \/>\n\t<meta property=\"og:image:type\" content=\"image\/png\" \/>\n<meta name=\"author\" content=\"US6\" \/>\n<meta name=\"twitter:card\" content=\"summary_large_image\" \/>\n<meta name=\"twitter:label1\" content=\"Written by\" \/>\n\t<meta name=\"twitter:data1\" content=\"US6\" \/>\n\t<meta name=\"twitter:label2\" content=\"Est. reading time\" \/>\n\t<meta name=\"twitter:data2\" content=\"1 minute\" \/>\n<script type=\"application\/ld+json\" class=\"yoast-schema-graph\">{\"@context\":\"https:\/\/schema.org\",\"@graph\":[{\"@type\":\"WebPage\",\"@id\":\"https:\/\/veritasinfo.org\/?p=64088\",\"url\":\"https:\/\/veritasinfo.org\/?p=64088\",\"name\":\"Prokuroria dor\u00ebzon aktakuz\u00eb p\u00ebr krime lufte n\u00eb lagjen e Jashar\u00ebve n\u00eb Prekaz -\",\"isPartOf\":{\"@id\":\"https:\/\/veritasinfo.org\/#website\"},\"primaryImageOfPage\":{\"@id\":\"https:\/\/veritasinfo.org\/?p=64088#primaryimage\"},\"image\":{\"@id\":\"https:\/\/veritasinfo.org\/?p=64088#primaryimage\"},\"thumbnailUrl\":\"https:\/\/veritasinfo.org\/wp-content\/uploads\/2026\/06\/prokuroria-speciale-1536x1024-1.png\",\"datePublished\":\"2026-09-04T09:38:39+00:00\",\"author\":{\"@id\":\"https:\/\/veritasinfo.org\/#\/schema\/person\/fe199eede04c3937362892b7444747cc\"},\"breadcrumb\":{\"@id\":\"https:\/\/veritasinfo.org\/?p=64088#breadcrumb\"},\"inLanguage\":\"en-US\",\"potentialAction\":[{\"@type\":\"ReadAction\",\"target\":[\"https:\/\/veritasinfo.org\/?p=64088\"]}]},{\"@type\":\"ImageObject\",\"inLanguage\":\"en-US\",\"@id\":\"https:\/\/veritasinfo.org\/?p=64088#primaryimage\",\"url\":\"https:\/\/veritasinfo.org\/wp-content\/uploads\/2026\/06\/prokuroria-speciale-1536x1024-1.png\",\"contentUrl\":\"https:\/\/veritasinfo.org\/wp-content\/uploads\/2026\/06\/prokuroria-speciale-1536x1024-1.png\",\"width\":1536,\"height\":1024},{\"@type\":\"BreadcrumbList\",\"@id\":\"https:\/\/veritasinfo.org\/?p=64088#breadcrumb\",\"itemListElement\":[{\"@type\":\"ListItem\",\"position\":1,\"name\":\"Home\",\"item\":\"https:\/\/veritasinfo.org\/\"},{\"@type\":\"ListItem\",\"position\":2,\"name\":\"Prokuroria dor\u00ebzon aktakuz\u00eb p\u00ebr krime lufte n\u00eb lagjen e Jashar\u00ebve n\u00eb Prekaz\"}]},{\"@type\":\"WebSite\",\"@id\":\"https:\/\/veritasinfo.org\/#website\",\"url\":\"https:\/\/veritasinfo.org\/\",\"name\":\"\",\"description\":\"\",\"potentialAction\":[{\"@type\":\"SearchAction\",\"target\":{\"@type\":\"EntryPoint\",\"urlTemplate\":\"https:\/\/veritasinfo.org\/?s={search_term_string}\"},\"query-input\":{\"@type\":\"PropertyValueSpecification\",\"valueRequired\":true,\"valueName\":\"search_term_string\"}}],\"inLanguage\":\"en-US\"},{\"@type\":\"Person\",\"@id\":\"https:\/\/veritasinfo.org\/#\/schema\/person\/fe199eede04c3937362892b7444747cc\",\"name\":\"US6\",\"image\":{\"@type\":\"ImageObject\",\"inLanguage\":\"en-US\",\"@id\":\"https:\/\/veritasinfo.org\/#\/schema\/person\/image\/\",\"url\":\"https:\/\/secure.gravatar.com\/avatar\/cb16c3c31c9d23b9b8c705964598220b3014e42ff51eb540ff23cefa3ae8c15f?s=96&d=mm&r=g\",\"contentUrl\":\"https:\/\/secure.gravatar.com\/avatar\/cb16c3c31c9d23b9b8c705964598220b3014e42ff51eb540ff23cefa3ae8c15f?s=96&d=mm&r=g\",\"caption\":\"US6\"},\"url\":\"https:\/\/veritasinfo.org\/?author=7\"}]}<\/script>\n<!-- \/ Yoast SEO plugin. -->","yoast_head_json":{"title":"Prokuroria dor\u00ebzon aktakuz\u00eb p\u00ebr krime lufte n\u00eb lagjen e Jashar\u00ebve n\u00eb Prekaz -","robots":{"index":"index","follow":"follow","max-snippet":"max-snippet:-1","max-image-preview":"max-image-preview:large","max-video-preview":"max-video-preview:-1"},"canonical":"https:\/\/veritasinfo.org\/?p=64088","og_locale":"en_US","og_type":"article","og_title":"Prokuroria dor\u00ebzon aktakuz\u00eb p\u00ebr krime lufte n\u00eb lagjen e Jashar\u00ebve n\u00eb Prekaz -","og_description":"Prishtin\u00eb, 4 shtator 2026 11:38 Prokuroria Speciale ka dor\u00ebzuar aktakuz\u00ebn p\u00ebr krime lufte t\u00eb kryera n\u00eb lagjen e Jashar\u00ebve n\u00eb Prekaz t\u00eb Skenderajt. Ende nuk","og_url":"https:\/\/veritasinfo.org\/?p=64088","article_published_time":"2026-09-04T09:38:39+00:00","og_image":[{"width":1536,"height":1024,"url":"https:\/\/veritasinfo.org\/wp-content\/uploads\/2026\/06\/prokuroria-speciale-1536x1024-1.png","type":"image\/png"}],"author":"US6","twitter_card":"summary_large_image","twitter_misc":{"Written by":"US6","Est. reading time":"1 minute"},"schema":{"@context":"https:\/\/schema.org","@graph":[{"@type":"WebPage","@id":"https:\/\/veritasinfo.org\/?p=64088","url":"https:\/\/veritasinfo.org\/?p=64088","name":"Prokuroria dor\u00ebzon aktakuz\u00eb p\u00ebr krime lufte n\u00eb lagjen e Jashar\u00ebve n\u00eb Prekaz -","isPartOf":{"@id":"https:\/\/veritasinfo.org\/#website"},"primaryImageOfPage":{"@id":"https:\/\/veritasinfo.org\/?p=64088#primaryimage"},"image":{"@id":"https:\/\/veritasinfo.org\/?p=64088#primaryimage"},"thumbnailUrl":"https:\/\/veritasinfo.org\/wp-content\/uploads\/2026\/06\/prokuroria-speciale-1536x1024-1.png","datePublished":"2026-09-04T09:38:39+00:00","author":{"@id":"https:\/\/veritasinfo.org\/#\/schema\/person\/fe199eede04c3937362892b7444747cc"},"breadcrumb":{"@id":"https:\/\/veritasinfo.org\/?p=64088#breadcrumb"},"inLanguage":"en-US","potentialAction":[{"@type":"ReadAction","target":["https:\/\/veritasinfo.org\/?p=64088"]}]},{"@type":"ImageObject","inLanguage":"en-US","@id":"https:\/\/veritasinfo.org\/?p=64088#primaryimage","url":"https:\/\/veritasinfo.org\/wp-content\/uploads\/2026\/06\/prokuroria-speciale-1536x1024-1.png","contentUrl":"https:\/\/veritasinfo.org\/wp-content\/uploads\/2026\/06\/prokuroria-speciale-1536x1024-1.png","width":1536,"height":1024},{"@type":"BreadcrumbList","@id":"https:\/\/veritasinfo.org\/?p=64088#breadcrumb","itemListElement":[{"@type":"ListItem","position":1,"name":"Home","item":"https:\/\/veritasinfo.org\/"},{"@type":"ListItem","position":2,"name":"Prokuroria dor\u00ebzon aktakuz\u00eb p\u00ebr krime lufte n\u00eb lagjen e Jashar\u00ebve n\u00eb Prekaz"}]},{"@type":"WebSite","@id":"https:\/\/veritasinfo.org\/#website","url":"https:\/\/veritasinfo.org\/","name":"","description":"","potentialAction":[{"@type":"SearchAction","target":{"@type":"EntryPoint","urlTemplate":"https:\/\/veritasinfo.org\/?s={search_term_string}"},"query-input":{"@type":"PropertyValueSpecification","valueRequired":true,"valueName":"search_term_string"}}],"inLanguage":"en-US"},{"@type":"Person","@id":"https:\/\/veritasinfo.org\/#\/schema\/person\/fe199eede04c3937362892b7444747cc","name":"US6","image":{"@type":"ImageObject","inLanguage":"en-US","@id":"https:\/\/veritasinfo.org\/#\/schema\/person\/image\/","url":"https:\/\/secure.gravatar.com\/avatar\/cb16c3c31c9d23b9b8c705964598220b3014e42ff51eb540ff23cefa3ae8c15f?s=96&d=mm&r=g","contentUrl":"https:\/\/secure.gravatar.com\/avatar\/cb16c3c31c9d23b9b8c705964598220b3014e42ff51eb540ff23cefa3ae8c15f?s=96&d=mm&r=g","caption":"US6"},"url":"https:\/\/veritasinfo.org\/?author=7"}]}},"featured_image_urls":{"full":["https:\/\/veritasinfo.org\/wp-content\/uploads\/2026\/06\/prokuroria-speciale-1536x1024-1.png",1536,1024,false],"thumbnail":["https:\/\/veritasinfo.org\/wp-content\/uploads\/2026\/06\/prokuroria-speciale-1536x1024-1-150x150.png",150,150,true],"medium":["https:\/\/veritasinfo.org\/wp-content\/uploads\/2026\/06\/prokuroria-speciale-1536x1024-1-300x200.png",300,200,true],"medium_large":["https:\/\/veritasinfo.org\/wp-content\/uploads\/2026\/06\/prokuroria-speciale-1536x1024-1-768x512.png",640,427,true],"large":["https:\/\/veritasinfo.org\/wp-content\/uploads\/2026\/06\/prokuroria-speciale-1536x1024-1-1024x683.png",640,427,true],"1536x1536":["https:\/\/veritasinfo.org\/wp-content\/uploads\/2026\/06\/prokuroria-speciale-1536x1024-1.png",1536,1024,false],"2048x2048":["https:\/\/veritasinfo.org\/wp-content\/uploads\/2026\/06\/prokuroria-speciale-1536x1024-1.png",1536,1024,false],"kreeti-slider-full":["https:\/\/veritasinfo.org\/wp-content\/uploads\/2026\/06\/prokuroria-speciale-1536x1024-1-1280x720.png",1280,720,true],"kreeti-featured":["https:\/\/veritasinfo.org\/wp-content\/uploads\/2026\/06\/prokuroria-speciale-1536x1024-1-1024x683.png",1024,683,true],"kreeti-medium":["https:\/\/veritasinfo.org\/wp-content\/uploads\/2026\/06\/prokuroria-speciale-1536x1024-1-720x530.png",720,530,true],"kreeti-medium-square":["https:\/\/veritasinfo.org\/wp-content\/uploads\/2026\/06\/prokuroria-speciale-1536x1024-1-350x350.png",350,350,true]},"author_info":{"info":["US6"]},"category_info":"<a href=\"https:\/\/veritasinfo.org\/?cat=60\" rel=\"category\">Shoq\u00ebrore<\/a>","tag_info":"Shoq\u00ebrore","comment_count":"0","_links":{"self":[{"href":"https:\/\/veritasinfo.org\/index.php?rest_route=\/wp\/v2\/posts\/64088","targetHints":{"allow":["GET"]}}],"collection":[{"href":"https:\/\/veritasinfo.org\/index.php?rest_route=\/wp\/v2\/posts"}],"about":[{"href":"https:\/\/veritasinfo.org\/index.php?rest_route=\/wp\/v2\/types\/post"}],"author":[{"embeddable":true,"href":"https:\/\/veritasinfo.org\/index.php?rest_route=\/wp\/v2\/users\/7"}],"replies":[{"embeddable":true,"href":"https:\/\/veritasinfo.org\/index.php?rest_route=%2Fwp%2Fv2%2Fcomments&post=64088"}],"version-history":[{"count":1,"href":"https:\/\/veritasinfo.org\/index.php?rest_route=\/wp\/v2\/posts\/64088\/revisions"}],"predecessor-version":[{"id":64089,"href":"https:\/\/veritasinfo.org\/index.php?rest_route=\/wp\/v2\/posts\/64088\/revisions\/64089"}],"wp:featuredmedia":[{"embeddable":true,"href":"https:\/\/veritasinfo.org\/index.php?rest_route=\/wp\/v2\/media\/52518"}],"wp:attachment":[{"href":"https:\/\/veritasinfo.org\/index.php?rest_route=%2Fwp%2Fv2%2Fmedia&parent=64088"}],"wp:term":[{"taxonomy":"category","embeddable":true,"href":"https:\/\/veritasinfo.org\/index.php?rest_route=%2Fwp%2Fv2%2Fcategories&post=64088"},{"taxonomy":"post_tag","embeddable":true,"href":"https:\/\/veritasinfo.org\/index.php?rest_route=%2Fwp%2Fv2%2Ftags&post=64088"}],"curies":[{"name":"wp","href":"https:\/\/api.w.org\/{rel}","templated":true}]}}