{"id":64080,"date":"2026-09-04T10:01:39","date_gmt":"2026-09-04T08:01:39","guid":{"rendered":"https:\/\/veritasinfo.org\/?p=64080"},"modified":"2026-09-04T10:08:47","modified_gmt":"2026-09-04T08:08:47","slug":"zyrtare-te-larte-te-listes-serbe-me-veprimet-e-tyre-inkurajuan-ndertimet-e-paligjshme-foto","status":"publish","type":"post","link":"https:\/\/veritasinfo.org\/?p=64080","title":{"rendered":"Zyrtar\u00eb t\u00eb lart\u00eb t\u00eb List\u00ebs Serbe me veprimet e tyre inkurajuan nd\u00ebrtimet e paligjshme (Foto)"},"content":{"rendered":"<p>Mitrovic\u00eb e Veriut, 03 shtator 2026 09:59<\/p>\n<p>Derisa ishte kryetar i Komun\u00ebs s\u00eb Mitrovic\u00ebs Veriore, Goran Rakiq nd\u00ebrtoi nj\u00eb kat t\u00eb t\u00ebr\u00eb n\u00eb nd\u00ebrtes\u00ebn n\u00eb rrug\u00ebn \u201cSutjeska\u201d n\u00eb veri t\u00eb Mitrovic\u00ebs. Shembuj t\u00eb nd\u00ebrtimeve t\u00eb paligjshme n\u00eb tani jan\u00eb nj\u00eb nga problemet q\u00eb lindin n\u00eb t\u00eb gjith\u00eb Kosov\u00ebn, dhe \u00e7\u00ebshtja e p\u00ebrgjegj\u00ebsis\u00eb b\u00ebhet ve\u00e7an\u00ebrisht e r\u00ebnd\u00ebsishme kur njer\u00ebz t\u00eb af\u00ebrt me pushtetin lokale shfaqen si investitor\u00eb ose pronar\u00eb t\u00eb nd\u00ebrtesave.<\/p>\n<p><img decoding=\"async\" class=\"alignnone size-medium wp-image-64074 lazyload\" data-src=\"https:\/\/veritasinfo.org\/wp-content\/uploads\/2026\/09\/rakiq-1-300x135.jpg\" alt=\"\" width=\"300\" height=\"135\" data-srcset=\"https:\/\/veritasinfo.org\/wp-content\/uploads\/2026\/09\/rakiq-1-300x135.jpg 300w, https:\/\/veritasinfo.org\/wp-content\/uploads\/2026\/09\/rakiq-1-1024x461.jpg 1024w, https:\/\/veritasinfo.org\/wp-content\/uploads\/2026\/09\/rakiq-1-768x345.jpg 768w, https:\/\/veritasinfo.org\/wp-content\/uploads\/2026\/09\/rakiq-1-1536x691.jpg 1536w, https:\/\/veritasinfo.org\/wp-content\/uploads\/2026\/09\/rakiq-1-2048x921.jpg 2048w\" data-sizes=\"(max-width: 300px) 100vw, 300px\" src=\"data:image\/gif;base64,R0lGODlhAQABAAAAACH5BAEKAAEALAAAAAABAAEAAAICTAEAOw==\" style=\"--smush-placeholder-width: 300px; --smush-placeholder-aspect-ratio: 300\/135;\" \/><\/p>\n<p>Fotografia e b\u00ebr\u00eb nga gazetari i portalit &#8220;Veritasinfo&#8221; tregon nj\u00eb nd\u00ebrtes\u00eb n\u00eb rrug\u00ebn \u201cSutjeska\u201d n\u00eb veri t\u00eb Mitrovic\u00ebs, n\u00eb t\u00eb cil\u00ebn, sipas informacionit q\u00eb kemi marr\u00eb, gjat\u00eb periudh\u00ebs kur Gora Rakiq ishte kryetar i Komun\u00ebs, \u00ebsht\u00eb shtuar nj\u00eb kat i t\u00ebr\u00eb.<\/p>\n<p>P\u00ebr t\u00eb konfirmuar informacionin, fol\u00ebm me nj\u00eb nga qiramarr\u00ebsit e nd\u00ebrtes\u00ebs, i cili deshi t\u00eb mbetej anonim: &#8220;Gjith\u00e7ka q\u00eb thoni \u00ebsht\u00eb e v\u00ebrtet\u00eb. Ai fillimisht bleu nj\u00eb apartament atje n\u00eb katin e dyt\u00eb, dhe m\u00eb pas nd\u00ebrtoi nj\u00eb zgjerim n\u00eb t\u00eb gjith\u00eb nd\u00ebrtes\u00ebn dhe nj\u00eb bar n\u00eb pjes\u00ebn e pasme. Ju vet\u00eb e dini q\u00eb ai nuk vjen shpesh k\u00ebtu, k\u00ebshtu q\u00eb nuk takohemi, por nuk e di n\u00ebse ju kujtohet q\u00eb ai kishte edhe nj\u00eb lokal t\u00eb paligjsh\u00ebm (Fast food COOL) n\u00eb qend\u00ebr t\u00eb qytetit\u201d, tha p\u00ebr \u201cVeritasinfo\u201d ky d\u00ebshmitar.<\/p>\n<p>Rakic ka mbajtur postin e kryetarit t\u00eb bashkis\u00eb q\u00eb nga viti 2014, dhe n\u00eb vitin 2017 u zgjodh kryetar i List\u00ebs Serbe. M\u00eb von\u00eb, ai u b\u00eb Minist\u00ebr p\u00ebr Vet\u00ebqeverisje Lokale n\u00eb Qeverin\u00eb e Kosov\u00ebs. Tani ai \u00ebsht\u00eb an\u00ebtar i Parlamentit t\u00eb Serbis\u00eb. Duke marr\u00eb parasysh q\u00eb ky nd\u00ebrtim u krye gjithashtu pa lejen e k\u00ebrkuar t\u00eb nd\u00ebrtimit, \u00e7\u00ebshtja do t\u00eb hapte pyetjen n\u00ebse t\u00eb nj\u00ebjtat rregulla zbatoheshin p\u00ebr zyrtar\u00ebt e List\u00ebs Serbe si p\u00ebr qytetar\u00ebt e tjer\u00eb.<\/p>\n","protected":false},"excerpt":{"rendered":"<p>Mitrovic\u00eb e Veriut, 03 shtator 2026 09:59 Derisa ishte kryetar i Komun\u00ebs s\u00eb Mitrovic\u00ebs Veriore, Goran Rakiq nd\u00ebrtoi nj\u00eb kat t\u00eb t\u00ebr\u00eb n\u00eb nd\u00ebrtes\u00ebn n\u00eb<\/p>\n","protected":false},"author":7,"featured_media":64081,"comment_status":"open","ping_status":"open","sticky":false,"template":"","format":"standard","meta":{"footnotes":""},"categories":[60],"tags":[],"class_list":["post-64080","post","type-post","status-publish","format-standard","has-post-thumbnail","hentry","category-shoqerore-sq"],"yoast_head":"<!-- This site is optimized with the Yoast SEO plugin v25.3.1 - https:\/\/yoast.com\/wordpress\/plugins\/seo\/ -->\n<title>Zyrtar\u00eb t\u00eb lart\u00eb t\u00eb List\u00ebs Serbe me veprimet e tyre inkurajuan nd\u00ebrtimet e paligjshme (Foto) -<\/title>\n<meta name=\"robots\" content=\"index, follow, max-snippet:-1, max-image-preview:large, max-video-preview:-1\" \/>\n<link rel=\"canonical\" href=\"https:\/\/veritasinfo.org\/?p=64080\" \/>\n<meta property=\"og:locale\" content=\"en_US\" \/>\n<meta property=\"og:type\" content=\"article\" \/>\n<meta property=\"og:title\" content=\"Zyrtar\u00eb t\u00eb lart\u00eb t\u00eb List\u00ebs Serbe me veprimet e tyre inkurajuan nd\u00ebrtimet e paligjshme (Foto) -\" \/>\n<meta property=\"og:description\" content=\"Mitrovic\u00eb e Veriut, 03 shtator 2026 09:59 Derisa ishte kryetar i Komun\u00ebs s\u00eb Mitrovic\u00ebs Veriore, Goran Rakiq nd\u00ebrtoi nj\u00eb kat t\u00eb t\u00ebr\u00eb n\u00eb nd\u00ebrtes\u00ebn n\u00eb\" \/>\n<meta property=\"og:url\" content=\"https:\/\/veritasinfo.org\/?p=64080\" \/>\n<meta property=\"article:published_time\" content=\"2026-09-04T08:01:39+00:00\" \/>\n<meta property=\"article:modified_time\" content=\"2026-09-04T08:08:47+00:00\" \/>\n<meta property=\"og:image\" content=\"https:\/\/veritasinfo.org\/wp-content\/uploads\/2026\/09\/Screenshot_20260904_095951_Gallery.jpg\" \/>\n\t<meta property=\"og:image:width\" content=\"794\" \/>\n\t<meta property=\"og:image:height\" content=\"488\" \/>\n\t<meta property=\"og:image:type\" content=\"image\/jpeg\" \/>\n<meta name=\"author\" content=\"US6\" \/>\n<meta name=\"twitter:card\" content=\"summary_large_image\" \/>\n<meta name=\"twitter:label1\" content=\"Written by\" \/>\n\t<meta name=\"twitter:data1\" content=\"US6\" \/>\n\t<meta name=\"twitter:label2\" content=\"Est. reading time\" \/>\n\t<meta name=\"twitter:data2\" content=\"2 minutes\" \/>\n<script type=\"application\/ld+json\" class=\"yoast-schema-graph\">{\"@context\":\"https:\/\/schema.org\",\"@graph\":[{\"@type\":\"WebPage\",\"@id\":\"https:\/\/veritasinfo.org\/?p=64080\",\"url\":\"https:\/\/veritasinfo.org\/?p=64080\",\"name\":\"Zyrtar\u00eb t\u00eb lart\u00eb t\u00eb List\u00ebs Serbe me veprimet e tyre inkurajuan nd\u00ebrtimet e paligjshme (Foto) -\",\"isPartOf\":{\"@id\":\"https:\/\/veritasinfo.org\/#website\"},\"primaryImageOfPage\":{\"@id\":\"https:\/\/veritasinfo.org\/?p=64080#primaryimage\"},\"image\":{\"@id\":\"https:\/\/veritasinfo.org\/?p=64080#primaryimage\"},\"thumbnailUrl\":\"https:\/\/veritasinfo.org\/wp-content\/uploads\/2026\/09\/Screenshot_20260904_095951_Gallery.jpg\",\"datePublished\":\"2026-09-04T08:01:39+00:00\",\"dateModified\":\"2026-09-04T08:08:47+00:00\",\"author\":{\"@id\":\"https:\/\/veritasinfo.org\/#\/schema\/person\/fe199eede04c3937362892b7444747cc\"},\"breadcrumb\":{\"@id\":\"https:\/\/veritasinfo.org\/?p=64080#breadcrumb\"},\"inLanguage\":\"en-US\",\"potentialAction\":[{\"@type\":\"ReadAction\",\"target\":[\"https:\/\/veritasinfo.org\/?p=64080\"]}]},{\"@type\":\"ImageObject\",\"inLanguage\":\"en-US\",\"@id\":\"https:\/\/veritasinfo.org\/?p=64080#primaryimage\",\"url\":\"https:\/\/veritasinfo.org\/wp-content\/uploads\/2026\/09\/Screenshot_20260904_095951_Gallery.jpg\",\"contentUrl\":\"https:\/\/veritasinfo.org\/wp-content\/uploads\/2026\/09\/Screenshot_20260904_095951_Gallery.jpg\",\"width\":794,\"height\":488},{\"@type\":\"BreadcrumbList\",\"@id\":\"https:\/\/veritasinfo.org\/?p=64080#breadcrumb\",\"itemListElement\":[{\"@type\":\"ListItem\",\"position\":1,\"name\":\"Home\",\"item\":\"https:\/\/veritasinfo.org\/\"},{\"@type\":\"ListItem\",\"position\":2,\"name\":\"Zyrtar\u00eb t\u00eb lart\u00eb t\u00eb List\u00ebs Serbe me veprimet e tyre inkurajuan nd\u00ebrtimet e paligjshme (Foto)\"}]},{\"@type\":\"WebSite\",\"@id\":\"https:\/\/veritasinfo.org\/#website\",\"url\":\"https:\/\/veritasinfo.org\/\",\"name\":\"\",\"description\":\"\",\"potentialAction\":[{\"@type\":\"SearchAction\",\"target\":{\"@type\":\"EntryPoint\",\"urlTemplate\":\"https:\/\/veritasinfo.org\/?s={search_term_string}\"},\"query-input\":{\"@type\":\"PropertyValueSpecification\",\"valueRequired\":true,\"valueName\":\"search_term_string\"}}],\"inLanguage\":\"en-US\"},{\"@type\":\"Person\",\"@id\":\"https:\/\/veritasinfo.org\/#\/schema\/person\/fe199eede04c3937362892b7444747cc\",\"name\":\"US6\",\"image\":{\"@type\":\"ImageObject\",\"inLanguage\":\"en-US\",\"@id\":\"https:\/\/veritasinfo.org\/#\/schema\/person\/image\/\",\"url\":\"https:\/\/secure.gravatar.com\/avatar\/cb16c3c31c9d23b9b8c705964598220b3014e42ff51eb540ff23cefa3ae8c15f?s=96&d=mm&r=g\",\"contentUrl\":\"https:\/\/secure.gravatar.com\/avatar\/cb16c3c31c9d23b9b8c705964598220b3014e42ff51eb540ff23cefa3ae8c15f?s=96&d=mm&r=g\",\"caption\":\"US6\"},\"url\":\"https:\/\/veritasinfo.org\/?author=7\"}]}<\/script>\n<!-- \/ Yoast SEO plugin. -->","yoast_head_json":{"title":"Zyrtar\u00eb t\u00eb lart\u00eb t\u00eb List\u00ebs Serbe me veprimet e tyre inkurajuan nd\u00ebrtimet e paligjshme (Foto) -","robots":{"index":"index","follow":"follow","max-snippet":"max-snippet:-1","max-image-preview":"max-image-preview:large","max-video-preview":"max-video-preview:-1"},"canonical":"https:\/\/veritasinfo.org\/?p=64080","og_locale":"en_US","og_type":"article","og_title":"Zyrtar\u00eb t\u00eb lart\u00eb t\u00eb List\u00ebs Serbe me veprimet e tyre inkurajuan nd\u00ebrtimet e paligjshme (Foto) -","og_description":"Mitrovic\u00eb e Veriut, 03 shtator 2026 09:59 Derisa ishte kryetar i Komun\u00ebs s\u00eb Mitrovic\u00ebs Veriore, Goran Rakiq nd\u00ebrtoi nj\u00eb kat t\u00eb t\u00ebr\u00eb n\u00eb nd\u00ebrtes\u00ebn n\u00eb","og_url":"https:\/\/veritasinfo.org\/?p=64080","article_published_time":"2026-09-04T08:01:39+00:00","article_modified_time":"2026-09-04T08:08:47+00:00","og_image":[{"width":794,"height":488,"url":"https:\/\/veritasinfo.org\/wp-content\/uploads\/2026\/09\/Screenshot_20260904_095951_Gallery.jpg","type":"image\/jpeg"}],"author":"US6","twitter_card":"summary_large_image","twitter_misc":{"Written by":"US6","Est. reading time":"2 minutes"},"schema":{"@context":"https:\/\/schema.org","@graph":[{"@type":"WebPage","@id":"https:\/\/veritasinfo.org\/?p=64080","url":"https:\/\/veritasinfo.org\/?p=64080","name":"Zyrtar\u00eb t\u00eb lart\u00eb t\u00eb List\u00ebs Serbe me veprimet e tyre inkurajuan nd\u00ebrtimet e paligjshme (Foto) -","isPartOf":{"@id":"https:\/\/veritasinfo.org\/#website"},"primaryImageOfPage":{"@id":"https:\/\/veritasinfo.org\/?p=64080#primaryimage"},"image":{"@id":"https:\/\/veritasinfo.org\/?p=64080#primaryimage"},"thumbnailUrl":"https:\/\/veritasinfo.org\/wp-content\/uploads\/2026\/09\/Screenshot_20260904_095951_Gallery.jpg","datePublished":"2026-09-04T08:01:39+00:00","dateModified":"2026-09-04T08:08:47+00:00","author":{"@id":"https:\/\/veritasinfo.org\/#\/schema\/person\/fe199eede04c3937362892b7444747cc"},"breadcrumb":{"@id":"https:\/\/veritasinfo.org\/?p=64080#breadcrumb"},"inLanguage":"en-US","potentialAction":[{"@type":"ReadAction","target":["https:\/\/veritasinfo.org\/?p=64080"]}]},{"@type":"ImageObject","inLanguage":"en-US","@id":"https:\/\/veritasinfo.org\/?p=64080#primaryimage","url":"https:\/\/veritasinfo.org\/wp-content\/uploads\/2026\/09\/Screenshot_20260904_095951_Gallery.jpg","contentUrl":"https:\/\/veritasinfo.org\/wp-content\/uploads\/2026\/09\/Screenshot_20260904_095951_Gallery.jpg","width":794,"height":488},{"@type":"BreadcrumbList","@id":"https:\/\/veritasinfo.org\/?p=64080#breadcrumb","itemListElement":[{"@type":"ListItem","position":1,"name":"Home","item":"https:\/\/veritasinfo.org\/"},{"@type":"ListItem","position":2,"name":"Zyrtar\u00eb t\u00eb lart\u00eb t\u00eb List\u00ebs Serbe me veprimet e tyre inkurajuan nd\u00ebrtimet e paligjshme (Foto)"}]},{"@type":"WebSite","@id":"https:\/\/veritasinfo.org\/#website","url":"https:\/\/veritasinfo.org\/","name":"","description":"","potentialAction":[{"@type":"SearchAction","target":{"@type":"EntryPoint","urlTemplate":"https:\/\/veritasinfo.org\/?s={search_term_string}"},"query-input":{"@type":"PropertyValueSpecification","valueRequired":true,"valueName":"search_term_string"}}],"inLanguage":"en-US"},{"@type":"Person","@id":"https:\/\/veritasinfo.org\/#\/schema\/person\/fe199eede04c3937362892b7444747cc","name":"US6","image":{"@type":"ImageObject","inLanguage":"en-US","@id":"https:\/\/veritasinfo.org\/#\/schema\/person\/image\/","url":"https:\/\/secure.gravatar.com\/avatar\/cb16c3c31c9d23b9b8c705964598220b3014e42ff51eb540ff23cefa3ae8c15f?s=96&d=mm&r=g","contentUrl":"https:\/\/secure.gravatar.com\/avatar\/cb16c3c31c9d23b9b8c705964598220b3014e42ff51eb540ff23cefa3ae8c15f?s=96&d=mm&r=g","caption":"US6"},"url":"https:\/\/veritasinfo.org\/?author=7"}]}},"featured_image_urls":{"full":["https:\/\/veritasinfo.org\/wp-content\/uploads\/2026\/09\/Screenshot_20260904_095951_Gallery.jpg",794,488,false],"thumbnail":["https:\/\/veritasinfo.org\/wp-content\/uploads\/2026\/09\/Screenshot_20260904_095951_Gallery-150x150.jpg",150,150,true],"medium":["https:\/\/veritasinfo.org\/wp-content\/uploads\/2026\/09\/Screenshot_20260904_095951_Gallery-300x184.jpg",300,184,true],"medium_large":["https:\/\/veritasinfo.org\/wp-content\/uploads\/2026\/09\/Screenshot_20260904_095951_Gallery-768x472.jpg",640,393,true],"large":["https:\/\/veritasinfo.org\/wp-content\/uploads\/2026\/09\/Screenshot_20260904_095951_Gallery.jpg",640,393,false],"1536x1536":["https:\/\/veritasinfo.org\/wp-content\/uploads\/2026\/09\/Screenshot_20260904_095951_Gallery.jpg",794,488,false],"2048x2048":["https:\/\/veritasinfo.org\/wp-content\/uploads\/2026\/09\/Screenshot_20260904_095951_Gallery.jpg",794,488,false],"kreeti-slider-full":["https:\/\/veritasinfo.org\/wp-content\/uploads\/2026\/09\/Screenshot_20260904_095951_Gallery.jpg",794,488,false],"kreeti-featured":["https:\/\/veritasinfo.org\/wp-content\/uploads\/2026\/09\/Screenshot_20260904_095951_Gallery.jpg",794,488,false],"kreeti-medium":["https:\/\/veritasinfo.org\/wp-content\/uploads\/2026\/09\/Screenshot_20260904_095951_Gallery-720x488.jpg",720,488,true],"kreeti-medium-square":["https:\/\/veritasinfo.org\/wp-content\/uploads\/2026\/09\/Screenshot_20260904_095951_Gallery-350x350.jpg",350,350,true]},"author_info":{"info":["US6"]},"category_info":"<a href=\"https:\/\/veritasinfo.org\/?cat=60\" rel=\"category\">Shoq\u00ebrore<\/a>","tag_info":"Shoq\u00ebrore","comment_count":"0","_links":{"self":[{"href":"https:\/\/veritasinfo.org\/index.php?rest_route=\/wp\/v2\/posts\/64080","targetHints":{"allow":["GET"]}}],"collection":[{"href":"https:\/\/veritasinfo.org\/index.php?rest_route=\/wp\/v2\/posts"}],"about":[{"href":"https:\/\/veritasinfo.org\/index.php?rest_route=\/wp\/v2\/types\/post"}],"author":[{"embeddable":true,"href":"https:\/\/veritasinfo.org\/index.php?rest_route=\/wp\/v2\/users\/7"}],"replies":[{"embeddable":true,"href":"https:\/\/veritasinfo.org\/index.php?rest_route=%2Fwp%2Fv2%2Fcomments&post=64080"}],"version-history":[{"count":2,"href":"https:\/\/veritasinfo.org\/index.php?rest_route=\/wp\/v2\/posts\/64080\/revisions"}],"predecessor-version":[{"id":64087,"href":"https:\/\/veritasinfo.org\/index.php?rest_route=\/wp\/v2\/posts\/64080\/revisions\/64087"}],"wp:featuredmedia":[{"embeddable":true,"href":"https:\/\/veritasinfo.org\/index.php?rest_route=\/wp\/v2\/media\/64081"}],"wp:attachment":[{"href":"https:\/\/veritasinfo.org\/index.php?rest_route=%2Fwp%2Fv2%2Fmedia&parent=64080"}],"wp:term":[{"taxonomy":"category","embeddable":true,"href":"https:\/\/veritasinfo.org\/index.php?rest_route=%2Fwp%2Fv2%2Fcategories&post=64080"},{"taxonomy":"post_tag","embeddable":true,"href":"https:\/\/veritasinfo.org\/index.php?rest_route=%2Fwp%2Fv2%2Ftags&post=64080"}],"curies":[{"name":"wp","href":"https:\/\/api.w.org\/{rel}","templated":true}]}}