{"id":64064,"date":"2026-09-04T08:34:37","date_gmt":"2026-09-04T06:34:37","guid":{"rendered":"https:\/\/veritasinfo.org\/?p=64064"},"modified":"2026-09-04T08:38:09","modified_gmt":"2026-09-04T06:38:09","slug":"motra-e-milan-vukashinoviqit-identifikon-autorin-e-plagosjes-se-te-vellait-ishte-bashkepunetori-i-radoiciqit","status":"publish","type":"post","link":"https:\/\/veritasinfo.org\/?p=64064","title":{"rendered":"Motra e Milan Vukashinoviqit identifikon autorin e plagosjes s\u00eb t\u00eb v\u00ebllait: Ishte bashk\u00ebpun\u00ebtori i Radoi\u00e7iqit"},"content":{"rendered":"<p>Prishtin\u00eb, 4 shtator 2026 08:34<\/p>\n<p>Motra e Milan Vukashinoviqit identifikon autorin e plagosjes s\u00eb t\u00eb v\u00ebllait: Ishte bashk\u00ebpun\u00ebtori i Radoi\u00e7iqit<\/p>\n<p>Aktakuza e ngritur nga Prokuroria e Kosov\u00ebs n\u00eb rastin e Milan Vukashinoviqit, nj\u00eb serbi i cili n\u00eb muajin n\u00ebntor t\u00eb vitit t\u00eb kaluar u plagos n\u00eb rrethana misterioze n\u00eb veri t\u00eb Kosov\u00ebs, sipas familjes s\u00eb tij, ka zbardhur rrethana t\u00eb reja q\u00eb i paraprin\u00eb plagosjes.<\/p>\n<p>Motra e Milanit, Ivana, thekson se, pavar\u00ebsisht se ka kaluar gati nj\u00eb vit, nga institucionet serbe ende nuk ka marr\u00eb p\u00ebrgjigje p\u00ebr pyetjet ky\u00e7e lidhur me rastin.<\/p>\n<p>Familja e Milanit, sipas motr\u00ebs s\u00eb tij, ka m\u00ebsuar vet\u00ebm p\u00ebrmes informacioneve t\u00eb dala gjat\u00eb hetimeve t\u00eb Prokuroris\u00eb s\u00eb Kosov\u00ebs p\u00ebr personat q\u00eb, sipas aktakuz\u00ebs, dyshohet se kan\u00eb qen\u00eb t\u00eb lidhur me organizimin e ngjarjes.<\/p>\n<p>Ve\u00e7an\u00ebrisht i ka tronditur emri i personit t\u00eb identifikuar me inicialet A. F. Ajo pretendon se b\u00ebhet fjal\u00eb p\u00ebr Aleksandar F., nj\u00eb person q\u00eb e njeh q\u00eb nga koha e shkoll\u00ebs dhe me t\u00eb cilin ka punuar n\u00eb Drejtorin\u00eb Rajonale t\u00eb Policis\u00eb n\u00eb Mitrovic\u00eb t\u00eb Veriut.<\/p>\n<p>Bashk\u00ebpun\u00ebtor i Milan Radoi\u00e7iqit<\/p>\n<p>Sipas pretendimeve t\u00eb saj, Aleksandar F. ka qen\u00eb bashk\u00ebpun\u00ebtori dhe miku i par\u00eb i Milan Radoi\u00e7iqit, biznesmenit kontrovers. Ajo thot\u00eb se, pas t\u00ebrheqjes s\u00eb serb\u00ebve nga institucionet e Kosov\u00ebs n\u00eb n\u00ebntor t\u00eb vitit 2022, ai kishte ndikim t\u00eb konsideruesh\u00ebm te polic\u00ebt dhe zyrtar\u00ebt e tjer\u00eb n\u00eb veri t\u00eb Kosov\u00ebs.<\/p>\n<p>\u201c\u00cbsht\u00eb pak t\u00eb thuhet se jemi n\u00eb shok, ve\u00e7an\u00ebrisht pasi nj\u00ebri prej organizator\u00ebve \u00ebsht\u00eb personi me inicialet A. F. B\u00ebhet fjal\u00eb p\u00ebr Aleksandar F., bashk\u00ebpun\u00ebtorin dhe mikun e par\u00eb t\u00eb Milan Radoi\u00e7iqit\u201d, deklaroi motra e Milanit.<\/p>\n<p>Historia e serbit nga Kosova, Milan Vukashinoviq &#8211; u plagos dhe u rr\u00ebmbye nga xhandarm\u00ebria serbe pak muaj pasi doli publikisht kund\u00ebr List\u00ebs Serbe<\/p>\n<p>Ajo pretendon se, pas vendimit t\u00eb polic\u00ebve dhe zyrtar\u00ebve serb\u00eb p\u00ebr t\u2019u larguar nga institucionet n\u00eb veri t\u00eb Kosov\u00ebs, Aleksandar F. e kishte cil\u00ebsuar v\u00ebllain e saj, i cili nuk ishte larguar nga vendi i pun\u00ebs, si \u201ctradhtar\u201d dhe \u201cspiun\u201d.<\/p>\n<p>\u201cMeq\u00eb Milani nuk e la vendin e pun\u00ebs, Aleksandar F. e sh\u00ebnjestroi si tradhtar dhe spiun, nd\u00ebrsa personat nga veriu i Kosov\u00ebs q\u00eb kishin kontakte me Milanin i paralajm\u00ebronte duke u th\u00ebn\u00eb se Milani ishte armik i shtetit dhe se do t\u00eb p\u00ebrballej me pasoja\u201d, pretendon motra e tij.<\/p>\n<p>Ajo vler\u00ebson se pik\u00ebrisht rrethana t\u00eb tilla tregojn\u00eb se, p\u00ebrve\u00e7 strukturave shtet\u00ebrore, n\u00eb t\u00eb gjith\u00eb k\u00ebt\u00eb \u00e7\u00ebshtje kan\u00eb qen\u00eb t\u00eb p\u00ebrfshira edhe formacione parashtet\u00ebrore.<\/p>\n<p>\u201cPo arrijm\u00eb te ajo q\u00eb \u00ebsht\u00eb th\u00ebn\u00eb q\u00eb nga fillimi, se b\u00ebhet fjal\u00eb p\u00ebr nj\u00eb konflikt personal, mosbindje dhe t\u00eb tjera\u201d, thot\u00eb ajo.<\/p>\n<p>\u201cNga pala serbe \u2013 heshtje\u201d<\/p>\n<p>Nd\u00ebrsa Prokuroria e Kosov\u00ebs tani, p\u00ebrmes aktakuz\u00ebs, po nxjerr detaje t\u00eb reja p\u00ebr rastin, familja pretendon se nuk ka marr\u00eb p\u00ebrgjigje nga institucionet e Serbis\u00eb.<\/p>\n<p>\u201cFamilja, p\u00ebr fat t\u00eb keq, nuk ka marr\u00eb asnj\u00eb shpjegim, vet\u00ebm nj\u00eb mur heshtjeje. T\u00eb gjitha institucionet jan\u00eb kontaktuar, por pa p\u00ebrgjigje\u201d, thot\u00eb motra e Milanit.<\/p>\n<p>P\u00ebr familjen mbetet ve\u00e7an\u00ebrisht e paqart\u00eb se si hetimi nga pala kosovare, sipas interpretimit t\u00eb tyre, ka arritur te emra dhe informacione konkrete, nd\u00ebrsa nga pala serbe, si\u00e7 pretendojn\u00eb ata, nuk ka pasur asnj\u00eb p\u00ebrparim.<\/p>\n<p>Sipas saj, hetuesit kosovar\u00eb nuk kan\u00eb arritur te emri i Aleksandar F. p\u00ebrmes familjes, por p\u00ebrmes ekspertiz\u00ebs s\u00eb telefonave t\u00eb gjetur te Vidosav Mitroviq, i cili \u00ebsht\u00eb arrestuar n\u00ebn dyshimin se ka ndihmuar n\u00eb tentativ\u00ebn p\u00ebr vrasjen e r\u00ebnd\u00eb t\u00eb Milan Vukashinoviqit nga Leposaviqi.<\/p>\n<p>\u201cAskush nga familja nuk e ka p\u00ebrmendur Filipoviqin. Ata kan\u00eb arritur tek ai p\u00ebrmes ekspertiz\u00ebs s\u00eb 11 telefonave q\u00eb i kan\u00eb gjetur te Vidosav Mitroviqi\u201d, deklaron ajo.<\/p>\n<p>Milani ende i pal\u00ebvizsh\u00ebm, trajtimi mjek\u00ebsor s\u00ebrish \u00ebsht\u00eb nd\u00ebrprer\u00eb<\/p>\n<p>Nd\u00ebrkoh\u00eb, Milani ndodhet n\u00eb Kragujevc dhe, sipas motr\u00ebs s\u00eb tij, ende \u00ebsht\u00eb i pal\u00ebvizsh\u00ebm.<\/p>\n<p>Serbi n\u00eb veri kund\u00ebr List\u00ebs Serbe: Kam presion por nuk e kam l\u00ebn\u00eb pun\u00ebn n\u00eb institucionet e Kosov\u00ebs<\/p>\n<p>Ajo pretendon se gjat\u00eb 21 dit\u00ebve q\u00eb ai kaloi n\u00eb Qendr\u00ebn Klinike t\u00eb Nishit, gjendja e tij ishte p\u00ebrmir\u00ebsuar, por pas kthimit n\u00eb paraburgim, pa terapi t\u00eb rregullta, gjendja e tij \u00ebsht\u00eb p\u00ebrkeq\u00ebsuar s\u00ebrish.<\/p>\n<p>Sipas motr\u00ebs s\u00eb tij, Milani kishte marr\u00eb miratimin p\u00ebr t\u00eb vazhduar trajtimin n\u00eb Akademin\u00eb Mjek\u00ebsore Ushtarake (VMA), por ky trajtim \u00ebsht\u00eb bllokuar n\u00eb momentin e fundit.<\/p>\n<p>\u201cKur ishte 21 dit\u00eb n\u00eb Qendr\u00ebn Klinike t\u00eb Nishit, pati p\u00ebrmir\u00ebsime, por pa terapi n\u00eb paraburgim, gjendja e tij u kthye n\u00eb pik\u00ebn e m\u00ebparshme. Mori miratimin p\u00ebr t\u00eb vazhduar trajtimin n\u00eb VMA, por n\u00eb momentin e fundit u bllokua\u201d, thot\u00eb ajo.<\/p>\n<p>Sipas saj, pasojat e plagosjes jan\u00eb t\u00eb p\u00ebrhershme.<\/p>\n<p>\u201cAi ka ndryshuar plot\u00ebsisht, n\u00eb kuptimin negativ, dhe fatkeq\u00ebsisht pasojat do t\u00eb jen\u00eb t\u00eb dukshme gjat\u00eb gjith\u00eb jet\u00ebs\u201d, deklaron motra e Milanit.<\/p>\n<p>Filipoviqi e quajti familjen \u201ctradhtare\u201d<\/p>\n<p>Ajo pretendon gjithashtu se gjat\u00eb nj\u00eb bisede me Aleksandar F. m\u00eb 31 gusht, ka marr\u00eb nj\u00eb mesazh q\u00eb e ka p\u00ebrjetuar si paralajm\u00ebrim.<\/p>\n<p>Sipas saj, ai i ka th\u00ebn\u00eb se e dinte p\u00ebr kontaktet e saj dhe t\u00eb n\u00ebn\u00ebs s\u00eb saj me Policin\u00eb e Kosov\u00ebs, pas s\u00eb cil\u00ebs, si\u00e7 pretendon ajo, i ka quajtur \u201ctradhtare\u201d.<\/p>\n<p>\u201cAi m\u00eb tha drejtp\u00ebrdrejt se e dinte p\u00ebr kontaktin e n\u00ebn\u00ebs sime dhe timin me Policin\u00eb e Kosov\u00ebs, se n\u00ebna ime gjithmon\u00eb m\u00eb njofton kur jep deklarata si pal\u00eb e d\u00ebmtuar, se presidenti yn\u00eb \u00ebsht\u00eb Kurti dhe se ne jemi tradhtare\u201d, pretendon ajo.<\/p>\n<p>Motra e Milanit thot\u00eb se familja nuk ndihet drejtp\u00ebrdrejt e k\u00ebrc\u00ebnuar, por ekziston shqet\u00ebsimi p\u00ebr presion t\u00eb mundsh\u00ebm dhe p\u00ebr sigurin\u00eb e tyre.<\/p>\n<p>\u201cM\u00eb \u00ebsht\u00eb hequr veshka dhe kam nj\u00eb plumb n\u00eb shtyll\u00ebn kurrizore\u201d &#8211; Milan Vukashinoviq nga Leposaviqi tregon si u rr\u00ebmbye<\/p>\n<p>\u201cMilani nuk ka frik\u00eb p\u00ebr sigurin\u00eb, por ekziston dyshimi i arsyesh\u00ebm se po bllokohet trajtimi i tij dhe k\u00ebt\u00eb ia ka th\u00ebn\u00eb gjyqtarit gjat\u00eb vizit\u00ebs\u201d, deklaron ajo.<\/p>\n<p>Deri tani, sipas saj, askush nga familja nuk ka marr\u00eb k\u00ebrc\u00ebnime t\u00eb drejtp\u00ebrdrejta, por ajo shton se pas bised\u00ebs me Filipoviqin ka krijuar p\u00ebrshtypjen se mund t\u00eb ket\u00eb probleme gjat\u00eb hyrjes n\u00eb Serbi.<\/p>\n<p>Dy hetime, nj\u00ebri pa p\u00ebrparim<\/p>\n<p>Rikujtojm\u00eb se hetimet p\u00ebr plagosjen e Milan Vukashinoviqit po zhvillohen nga dy polici \u2013 ajo e Serbis\u00eb dhe Policia e Kosov\u00ebs.<\/p>\n<p>Nd\u00ebrsa Ministria e Pun\u00ebve t\u00eb Brendshme e Serbis\u00eb nuk \u00ebsht\u00eb prononcuar zyrtarisht, por p\u00ebrmes mediave pran\u00eb pushtetit ka publikuar pretendime se Vukashinoviqi ishte arrestuar p\u00ebr spiunazh dhe se ishte plagosur gjat\u00eb p\u00ebrpjekjes p\u00ebr arratisje, nga pala kosovare pretendohet se ai \u00ebsht\u00eb plagosur nga pjes\u00ebtar\u00eb t\u00eb Xhandarm\u00ebris\u00eb s\u00eb Serbis\u00eb dhe praktikisht \u00ebsht\u00eb rr\u00ebmbyer.<\/p>\n<p>Sulmi ndaj Vukashinoviqit ka ndodhur m\u00eb 1 n\u00ebntor 2025 n\u00eb fshatin Jelashc\u00eb.<\/p>\n<p>&nbsp;<\/p>\n","protected":false},"excerpt":{"rendered":"<p>Prishtin\u00eb, 4 shtator 2026 08:34 Motra e Milan Vukashinoviqit identifikon autorin e plagosjes s\u00eb t\u00eb v\u00ebllait: Ishte bashk\u00ebpun\u00ebtori i Radoi\u00e7iqit Aktakuza e ngritur nga Prokuroria<\/p>\n","protected":false},"author":7,"featured_media":64070,"comment_status":"open","ping_status":"open","sticky":false,"template":"","format":"standard","meta":{"footnotes":""},"categories":[60],"tags":[],"class_list":["post-64064","post","type-post","status-publish","format-standard","has-post-thumbnail","hentry","category-shoqerore-sq"],"yoast_head":"<!-- This site is optimized with the Yoast SEO plugin v25.3.1 - https:\/\/yoast.com\/wordpress\/plugins\/seo\/ -->\n<title>Motra e Milan Vukashinoviqit identifikon autorin e plagosjes s\u00eb t\u00eb v\u00ebllait: Ishte bashk\u00ebpun\u00ebtori i Radoi\u00e7iqit -<\/title>\n<meta name=\"robots\" content=\"index, follow, max-snippet:-1, max-image-preview:large, max-video-preview:-1\" \/>\n<link rel=\"canonical\" href=\"https:\/\/veritasinfo.org\/?p=64064\" \/>\n<meta property=\"og:locale\" content=\"en_US\" \/>\n<meta property=\"og:type\" content=\"article\" \/>\n<meta property=\"og:title\" content=\"Motra e Milan Vukashinoviqit identifikon autorin e plagosjes s\u00eb t\u00eb v\u00ebllait: Ishte bashk\u00ebpun\u00ebtori i Radoi\u00e7iqit -\" \/>\n<meta property=\"og:description\" content=\"Prishtin\u00eb, 4 shtator 2026 08:34 Motra e Milan Vukashinoviqit identifikon autorin e plagosjes s\u00eb t\u00eb v\u00ebllait: Ishte bashk\u00ebpun\u00ebtori i Radoi\u00e7iqit Aktakuza e ngritur nga Prokuroria\" \/>\n<meta property=\"og:url\" content=\"https:\/\/veritasinfo.org\/?p=64064\" \/>\n<meta property=\"article:published_time\" content=\"2026-09-04T06:34:37+00:00\" \/>\n<meta property=\"article:modified_time\" content=\"2026-09-04T06:38:09+00:00\" \/>\n<meta property=\"og:image\" content=\"https:\/\/veritasinfo.org\/wp-content\/uploads\/2026\/09\/image-3.webp\" \/>\n\t<meta property=\"og:image:width\" content=\"1245\" \/>\n\t<meta property=\"og:image:height\" content=\"700\" \/>\n\t<meta property=\"og:image:type\" content=\"image\/webp\" \/>\n<meta name=\"author\" content=\"US6\" \/>\n<meta name=\"twitter:card\" content=\"summary_large_image\" \/>\n<meta name=\"twitter:label1\" content=\"Written by\" \/>\n\t<meta name=\"twitter:data1\" content=\"US6\" \/>\n\t<meta name=\"twitter:label2\" content=\"Est. reading time\" \/>\n\t<meta name=\"twitter:data2\" content=\"5 minutes\" \/>\n<script type=\"application\/ld+json\" class=\"yoast-schema-graph\">{\"@context\":\"https:\/\/schema.org\",\"@graph\":[{\"@type\":\"WebPage\",\"@id\":\"https:\/\/veritasinfo.org\/?p=64064\",\"url\":\"https:\/\/veritasinfo.org\/?p=64064\",\"name\":\"Motra e Milan Vukashinoviqit identifikon autorin e plagosjes s\u00eb t\u00eb v\u00ebllait: Ishte bashk\u00ebpun\u00ebtori i Radoi\u00e7iqit -\",\"isPartOf\":{\"@id\":\"https:\/\/veritasinfo.org\/#website\"},\"primaryImageOfPage\":{\"@id\":\"https:\/\/veritasinfo.org\/?p=64064#primaryimage\"},\"image\":{\"@id\":\"https:\/\/veritasinfo.org\/?p=64064#primaryimage\"},\"thumbnailUrl\":\"https:\/\/veritasinfo.org\/wp-content\/uploads\/2026\/09\/image-3.webp\",\"datePublished\":\"2026-09-04T06:34:37+00:00\",\"dateModified\":\"2026-09-04T06:38:09+00:00\",\"author\":{\"@id\":\"https:\/\/veritasinfo.org\/#\/schema\/person\/fe199eede04c3937362892b7444747cc\"},\"breadcrumb\":{\"@id\":\"https:\/\/veritasinfo.org\/?p=64064#breadcrumb\"},\"inLanguage\":\"en-US\",\"potentialAction\":[{\"@type\":\"ReadAction\",\"target\":[\"https:\/\/veritasinfo.org\/?p=64064\"]}]},{\"@type\":\"ImageObject\",\"inLanguage\":\"en-US\",\"@id\":\"https:\/\/veritasinfo.org\/?p=64064#primaryimage\",\"url\":\"https:\/\/veritasinfo.org\/wp-content\/uploads\/2026\/09\/image-3.webp\",\"contentUrl\":\"https:\/\/veritasinfo.org\/wp-content\/uploads\/2026\/09\/image-3.webp\",\"width\":1245,\"height\":700},{\"@type\":\"BreadcrumbList\",\"@id\":\"https:\/\/veritasinfo.org\/?p=64064#breadcrumb\",\"itemListElement\":[{\"@type\":\"ListItem\",\"position\":1,\"name\":\"Home\",\"item\":\"https:\/\/veritasinfo.org\/\"},{\"@type\":\"ListItem\",\"position\":2,\"name\":\"Motra e Milan Vukashinoviqit identifikon autorin e plagosjes s\u00eb t\u00eb v\u00ebllait: Ishte bashk\u00ebpun\u00ebtori i Radoi\u00e7iqit\"}]},{\"@type\":\"WebSite\",\"@id\":\"https:\/\/veritasinfo.org\/#website\",\"url\":\"https:\/\/veritasinfo.org\/\",\"name\":\"\",\"description\":\"\",\"potentialAction\":[{\"@type\":\"SearchAction\",\"target\":{\"@type\":\"EntryPoint\",\"urlTemplate\":\"https:\/\/veritasinfo.org\/?s={search_term_string}\"},\"query-input\":{\"@type\":\"PropertyValueSpecification\",\"valueRequired\":true,\"valueName\":\"search_term_string\"}}],\"inLanguage\":\"en-US\"},{\"@type\":\"Person\",\"@id\":\"https:\/\/veritasinfo.org\/#\/schema\/person\/fe199eede04c3937362892b7444747cc\",\"name\":\"US6\",\"image\":{\"@type\":\"ImageObject\",\"inLanguage\":\"en-US\",\"@id\":\"https:\/\/veritasinfo.org\/#\/schema\/person\/image\/\",\"url\":\"https:\/\/secure.gravatar.com\/avatar\/cb16c3c31c9d23b9b8c705964598220b3014e42ff51eb540ff23cefa3ae8c15f?s=96&d=mm&r=g\",\"contentUrl\":\"https:\/\/secure.gravatar.com\/avatar\/cb16c3c31c9d23b9b8c705964598220b3014e42ff51eb540ff23cefa3ae8c15f?s=96&d=mm&r=g\",\"caption\":\"US6\"},\"url\":\"https:\/\/veritasinfo.org\/?author=7\"}]}<\/script>\n<!-- \/ Yoast SEO plugin. -->","yoast_head_json":{"title":"Motra e Milan Vukashinoviqit identifikon autorin e plagosjes s\u00eb t\u00eb v\u00ebllait: Ishte bashk\u00ebpun\u00ebtori i Radoi\u00e7iqit -","robots":{"index":"index","follow":"follow","max-snippet":"max-snippet:-1","max-image-preview":"max-image-preview:large","max-video-preview":"max-video-preview:-1"},"canonical":"https:\/\/veritasinfo.org\/?p=64064","og_locale":"en_US","og_type":"article","og_title":"Motra e Milan Vukashinoviqit identifikon autorin e plagosjes s\u00eb t\u00eb v\u00ebllait: Ishte bashk\u00ebpun\u00ebtori i Radoi\u00e7iqit -","og_description":"Prishtin\u00eb, 4 shtator 2026 08:34 Motra e Milan Vukashinoviqit identifikon autorin e plagosjes s\u00eb t\u00eb v\u00ebllait: Ishte bashk\u00ebpun\u00ebtori i Radoi\u00e7iqit Aktakuza e ngritur nga Prokuroria","og_url":"https:\/\/veritasinfo.org\/?p=64064","article_published_time":"2026-09-04T06:34:37+00:00","article_modified_time":"2026-09-04T06:38:09+00:00","og_image":[{"width":1245,"height":700,"url":"https:\/\/veritasinfo.org\/wp-content\/uploads\/2026\/09\/image-3.webp","type":"image\/webp"}],"author":"US6","twitter_card":"summary_large_image","twitter_misc":{"Written by":"US6","Est. reading time":"5 minutes"},"schema":{"@context":"https:\/\/schema.org","@graph":[{"@type":"WebPage","@id":"https:\/\/veritasinfo.org\/?p=64064","url":"https:\/\/veritasinfo.org\/?p=64064","name":"Motra e Milan Vukashinoviqit identifikon autorin e plagosjes s\u00eb t\u00eb v\u00ebllait: Ishte bashk\u00ebpun\u00ebtori i Radoi\u00e7iqit -","isPartOf":{"@id":"https:\/\/veritasinfo.org\/#website"},"primaryImageOfPage":{"@id":"https:\/\/veritasinfo.org\/?p=64064#primaryimage"},"image":{"@id":"https:\/\/veritasinfo.org\/?p=64064#primaryimage"},"thumbnailUrl":"https:\/\/veritasinfo.org\/wp-content\/uploads\/2026\/09\/image-3.webp","datePublished":"2026-09-04T06:34:37+00:00","dateModified":"2026-09-04T06:38:09+00:00","author":{"@id":"https:\/\/veritasinfo.org\/#\/schema\/person\/fe199eede04c3937362892b7444747cc"},"breadcrumb":{"@id":"https:\/\/veritasinfo.org\/?p=64064#breadcrumb"},"inLanguage":"en-US","potentialAction":[{"@type":"ReadAction","target":["https:\/\/veritasinfo.org\/?p=64064"]}]},{"@type":"ImageObject","inLanguage":"en-US","@id":"https:\/\/veritasinfo.org\/?p=64064#primaryimage","url":"https:\/\/veritasinfo.org\/wp-content\/uploads\/2026\/09\/image-3.webp","contentUrl":"https:\/\/veritasinfo.org\/wp-content\/uploads\/2026\/09\/image-3.webp","width":1245,"height":700},{"@type":"BreadcrumbList","@id":"https:\/\/veritasinfo.org\/?p=64064#breadcrumb","itemListElement":[{"@type":"ListItem","position":1,"name":"Home","item":"https:\/\/veritasinfo.org\/"},{"@type":"ListItem","position":2,"name":"Motra e Milan Vukashinoviqit identifikon autorin e plagosjes s\u00eb t\u00eb v\u00ebllait: Ishte bashk\u00ebpun\u00ebtori i Radoi\u00e7iqit"}]},{"@type":"WebSite","@id":"https:\/\/veritasinfo.org\/#website","url":"https:\/\/veritasinfo.org\/","name":"","description":"","potentialAction":[{"@type":"SearchAction","target":{"@type":"EntryPoint","urlTemplate":"https:\/\/veritasinfo.org\/?s={search_term_string}"},"query-input":{"@type":"PropertyValueSpecification","valueRequired":true,"valueName":"search_term_string"}}],"inLanguage":"en-US"},{"@type":"Person","@id":"https:\/\/veritasinfo.org\/#\/schema\/person\/fe199eede04c3937362892b7444747cc","name":"US6","image":{"@type":"ImageObject","inLanguage":"en-US","@id":"https:\/\/veritasinfo.org\/#\/schema\/person\/image\/","url":"https:\/\/secure.gravatar.com\/avatar\/cb16c3c31c9d23b9b8c705964598220b3014e42ff51eb540ff23cefa3ae8c15f?s=96&d=mm&r=g","contentUrl":"https:\/\/secure.gravatar.com\/avatar\/cb16c3c31c9d23b9b8c705964598220b3014e42ff51eb540ff23cefa3ae8c15f?s=96&d=mm&r=g","caption":"US6"},"url":"https:\/\/veritasinfo.org\/?author=7"}]}},"featured_image_urls":{"full":["https:\/\/veritasinfo.org\/wp-content\/uploads\/2026\/09\/image-3.webp",1245,700,false],"thumbnail":["https:\/\/veritasinfo.org\/wp-content\/uploads\/2026\/09\/image-3-150x150.webp",150,150,true],"medium":["https:\/\/veritasinfo.org\/wp-content\/uploads\/2026\/09\/image-3-300x169.webp",300,169,true],"medium_large":["https:\/\/veritasinfo.org\/wp-content\/uploads\/2026\/09\/image-3-768x432.webp",640,360,true],"large":["https:\/\/veritasinfo.org\/wp-content\/uploads\/2026\/09\/image-3-1024x576.webp",640,360,true],"1536x1536":["https:\/\/veritasinfo.org\/wp-content\/uploads\/2026\/09\/image-3.webp",1245,700,false],"2048x2048":["https:\/\/veritasinfo.org\/wp-content\/uploads\/2026\/09\/image-3.webp",1245,700,false],"kreeti-slider-full":["https:\/\/veritasinfo.org\/wp-content\/uploads\/2026\/09\/image-3.webp",1245,700,false],"kreeti-featured":["https:\/\/veritasinfo.org\/wp-content\/uploads\/2026\/09\/image-3-1024x576.webp",1024,576,true],"kreeti-medium":["https:\/\/veritasinfo.org\/wp-content\/uploads\/2026\/09\/image-3-720x530.webp",720,530,true],"kreeti-medium-square":["https:\/\/veritasinfo.org\/wp-content\/uploads\/2026\/09\/image-3-350x350.webp",350,350,true]},"author_info":{"info":["US6"]},"category_info":"<a href=\"https:\/\/veritasinfo.org\/?cat=60\" rel=\"category\">Shoq\u00ebrore<\/a>","tag_info":"Shoq\u00ebrore","comment_count":"0","_links":{"self":[{"href":"https:\/\/veritasinfo.org\/index.php?rest_route=\/wp\/v2\/posts\/64064","targetHints":{"allow":["GET"]}}],"collection":[{"href":"https:\/\/veritasinfo.org\/index.php?rest_route=\/wp\/v2\/posts"}],"about":[{"href":"https:\/\/veritasinfo.org\/index.php?rest_route=\/wp\/v2\/types\/post"}],"author":[{"embeddable":true,"href":"https:\/\/veritasinfo.org\/index.php?rest_route=\/wp\/v2\/users\/7"}],"replies":[{"embeddable":true,"href":"https:\/\/veritasinfo.org\/index.php?rest_route=%2Fwp%2Fv2%2Fcomments&post=64064"}],"version-history":[{"count":1,"href":"https:\/\/veritasinfo.org\/index.php?rest_route=\/wp\/v2\/posts\/64064\/revisions"}],"predecessor-version":[{"id":64065,"href":"https:\/\/veritasinfo.org\/index.php?rest_route=\/wp\/v2\/posts\/64064\/revisions\/64065"}],"wp:featuredmedia":[{"embeddable":true,"href":"https:\/\/veritasinfo.org\/index.php?rest_route=\/wp\/v2\/media\/64070"}],"wp:attachment":[{"href":"https:\/\/veritasinfo.org\/index.php?rest_route=%2Fwp%2Fv2%2Fmedia&parent=64064"}],"wp:term":[{"taxonomy":"category","embeddable":true,"href":"https:\/\/veritasinfo.org\/index.php?rest_route=%2Fwp%2Fv2%2Fcategories&post=64064"},{"taxonomy":"post_tag","embeddable":true,"href":"https:\/\/veritasinfo.org\/index.php?rest_route=%2Fwp%2Fv2%2Ftags&post=64064"}],"curies":[{"name":"wp","href":"https:\/\/api.w.org\/{rel}","templated":true}]}}