{"id":64058,"date":"2026-09-04T07:53:59","date_gmt":"2026-09-04T05:53:59","guid":{"rendered":"https:\/\/veritasinfo.org\/?p=64058"},"modified":"2026-09-04T07:53:59","modified_gmt":"2026-09-04T05:53:59","slug":"robertson-armiqte-duan-ta-rikthejne-kosoven-si-pjese-te-jugosllavise-se-vjeter","status":"publish","type":"post","link":"https:\/\/veritasinfo.org\/?p=64058","title":{"rendered":"Robertson: Armiqt\u00eb duan ta rikthejn\u00eb Kosov\u00ebn si pjes\u00eb t\u00eb Jugosllavis\u00eb s\u00eb vjet\u00ebr"},"content":{"rendered":"<p>Prishtin\u00eb, 4 shtator 2026 07:53<\/p>\n<p>Ish-sekretari i p\u00ebrgjithsh\u00ebm i NATO-s, Lord George Robertson, ka th\u00ebn\u00eb se armiku i Kosov\u00ebs nuk \u00ebsht\u00eb vet\u00ebm n\u00eb Serbi, porse ka armiq\u00eb t\u00eb tjer\u00eb n\u00ebp\u00ebr bot\u00eb q\u00eb duan ta kufizojn\u00eb dhe \u201cta rikthejn\u00eb at\u00eb n\u00eb pozicionin si pjes\u00eb e Jugosllavis\u00eb s\u00eb vjet\u00ebr\u201d.<\/p>\n<p>\u201cNj\u00eb nga problemet p\u00ebr vendet e Ballkanit Per\u00ebndimor, p\u00ebrfshir\u00eb Kosov\u00ebn, \u00ebsht\u00eb fakti se kjo konkurrenc\u00eb e fuqive t\u00eb m\u00ebdha q\u00eb duket se karakterizon bot\u00ebn n\u00eb t\u00eb cil\u00ebn jetojm\u00eb tani, po e p\u00ebrdor Ballkanin Per\u00ebndimor si nj\u00eb shesh loj\u00ebrash aventureske, duke nd\u00ebrhyr\u00eb dhe duke marr\u00eb pjes\u00eb n\u00eb politik\u00ebn e rajonit&#8230;Armiku i Kosov\u00ebs nuk \u00ebsht\u00eb vet\u00ebm n\u00eb Serbi. Ajo ka edhe armiq t\u00eb tjer\u00eb n\u00eb bot\u00eb q\u00eb duan ta kufizojn\u00eb at\u00eb dhe ta rikthejn\u00eb at\u00eb n\u00eb pozicionin e saj historik si pjes\u00eb e Jugosllavis\u00eb s\u00eb vjet\u00ebr. Dhe njer\u00ebzit n\u00eb Kosov\u00eb duhet ta kuptojn\u00eb k\u00ebt\u00eb\u201d, tha Robertson.<\/p>\n<p>Robertson tha se populli i Kosov\u00ebs duhet t\u00eb q\u00ebndroj\u00eb i bashkuar dhe shtoi se t\u00eb gjitha partit\u00eb politike n\u00eb Mbret\u00ebri t\u00eb Bashkuar jan\u00eb t\u00eb shqet\u00ebsuara p\u00ebr paraliz\u00ebn politike q\u00eb po ndodh n\u00eb Kosov\u00eb.<\/p>\n<p>\u201cAta kan\u00eb nevoj\u00eb p\u00ebr miq n\u00eb bot\u00eb. Ata m\u00eb kan\u00eb nj\u00eb mik mua, kan\u00eb nj\u00eb mik Mbret\u00ebrin\u00eb e Bashkuar dhe n\u00eb shum\u00eb nga vendet q\u00eb mor\u00ebn pjes\u00eb n\u00eb konfliktin e vitit 1999. Por ka kund\u00ebrshtar\u00eb dhe ka armiq q\u00eb do t\u00eb shfryt\u00ebzojn\u00eb \u00e7do p\u00ebr\u00e7arje brenda Kosov\u00ebs, t\u00eb cil\u00ebt do t\u00eb shfryt\u00ebzojn\u00eb dhe zmadhojn\u00eb \u00e7do ndryshim mendimi q\u00eb ekziston. \u00a0Dhe kjo \u00ebsht\u00eb arsyeja pse un\u00eb besoj fuqimisht se populli i Kosov\u00ebs duhet t\u00eb q\u00ebndroj\u00eb i bashkuar. Dhe un\u00eb, si shum\u00eb njer\u00ebz, jemi v\u00ebrtet t\u00eb shqet\u00ebsuar, shqet\u00ebsohemi p\u00ebr paraliz\u00ebn e politik\u00ebs n\u00eb Kosov\u00eb sot. Duhet t\u00eb ket\u00eb zgjedhjen e nj\u00eb presidenti, sepse kjo \u00ebsht\u00eb e vetmja m\u00ebnyr\u00eb q\u00eb populli i Kosov\u00ebs t\u00eb p\u00ebrfaq\u00ebsohet si\u00e7 duhet n\u00eb bot\u00ebn e jashtme. Prandaj, miqt\u00eb e Kosov\u00ebs, dhe ka shum\u00eb prej tyre, n\u00eb t\u00eb gjitha partit\u00eb politike n\u00eb Mbret\u00ebrin\u00eb e Bashkuar, jan\u00eb thell\u00ebsisht t\u00eb shqet\u00ebsuar p\u00ebr paraliz\u00ebn q\u00eb duket se po zhvillohet n\u00eb politik\u00ebn e Kosov\u00ebs\u201d, deklaroi ai.<\/p>\n","protected":false},"excerpt":{"rendered":"<p>Prishtin\u00eb, 4 shtator 2026 07:53 Ish-sekretari i p\u00ebrgjithsh\u00ebm i NATO-s, Lord George Robertson, ka th\u00ebn\u00eb se armiku i Kosov\u00ebs nuk \u00ebsht\u00eb vet\u00ebm n\u00eb Serbi, porse<\/p>\n","protected":false},"author":7,"featured_media":64059,"comment_status":"open","ping_status":"open","sticky":false,"template":"","format":"standard","meta":{"footnotes":""},"categories":[58],"tags":[],"class_list":["post-64058","post","type-post","status-publish","format-standard","has-post-thumbnail","hentry","category-politike-sq"],"yoast_head":"<!-- This site is optimized with the Yoast SEO plugin v25.3.1 - https:\/\/yoast.com\/wordpress\/plugins\/seo\/ -->\n<title>Robertson: Armiqt\u00eb duan ta rikthejn\u00eb Kosov\u00ebn si pjes\u00eb t\u00eb Jugosllavis\u00eb s\u00eb vjet\u00ebr -<\/title>\n<meta name=\"robots\" content=\"index, follow, max-snippet:-1, max-image-preview:large, max-video-preview:-1\" \/>\n<link rel=\"canonical\" href=\"https:\/\/veritasinfo.org\/?p=64058\" \/>\n<meta property=\"og:locale\" content=\"en_US\" \/>\n<meta property=\"og:type\" content=\"article\" \/>\n<meta property=\"og:title\" content=\"Robertson: Armiqt\u00eb duan ta rikthejn\u00eb Kosov\u00ebn si pjes\u00eb t\u00eb Jugosllavis\u00eb s\u00eb vjet\u00ebr -\" \/>\n<meta property=\"og:description\" content=\"Prishtin\u00eb, 4 shtator 2026 07:53 Ish-sekretari i p\u00ebrgjithsh\u00ebm i NATO-s, Lord George Robertson, ka th\u00ebn\u00eb se armiku i Kosov\u00ebs nuk \u00ebsht\u00eb vet\u00ebm n\u00eb Serbi, porse\" \/>\n<meta property=\"og:url\" content=\"https:\/\/veritasinfo.org\/?p=64058\" \/>\n<meta property=\"article:published_time\" content=\"2026-09-04T05:53:59+00:00\" \/>\n<meta property=\"og:image\" content=\"https:\/\/veritasinfo.org\/wp-content\/uploads\/2026\/09\/images-7.jpeg\" \/>\n\t<meta property=\"og:image:width\" content=\"640\" \/>\n\t<meta property=\"og:image:height\" content=\"400\" \/>\n\t<meta property=\"og:image:type\" content=\"image\/jpeg\" \/>\n<meta name=\"author\" content=\"US6\" \/>\n<meta name=\"twitter:card\" content=\"summary_large_image\" \/>\n<meta name=\"twitter:label1\" content=\"Written by\" \/>\n\t<meta name=\"twitter:data1\" content=\"US6\" \/>\n\t<meta name=\"twitter:label2\" content=\"Est. reading time\" \/>\n\t<meta name=\"twitter:data2\" content=\"2 minutes\" \/>\n<script type=\"application\/ld+json\" class=\"yoast-schema-graph\">{\"@context\":\"https:\/\/schema.org\",\"@graph\":[{\"@type\":\"WebPage\",\"@id\":\"https:\/\/veritasinfo.org\/?p=64058\",\"url\":\"https:\/\/veritasinfo.org\/?p=64058\",\"name\":\"Robertson: Armiqt\u00eb duan ta rikthejn\u00eb Kosov\u00ebn si pjes\u00eb t\u00eb Jugosllavis\u00eb s\u00eb vjet\u00ebr -\",\"isPartOf\":{\"@id\":\"https:\/\/veritasinfo.org\/#website\"},\"primaryImageOfPage\":{\"@id\":\"https:\/\/veritasinfo.org\/?p=64058#primaryimage\"},\"image\":{\"@id\":\"https:\/\/veritasinfo.org\/?p=64058#primaryimage\"},\"thumbnailUrl\":\"https:\/\/veritasinfo.org\/wp-content\/uploads\/2026\/09\/images-7.jpeg\",\"datePublished\":\"2026-09-04T05:53:59+00:00\",\"author\":{\"@id\":\"https:\/\/veritasinfo.org\/#\/schema\/person\/fe199eede04c3937362892b7444747cc\"},\"breadcrumb\":{\"@id\":\"https:\/\/veritasinfo.org\/?p=64058#breadcrumb\"},\"inLanguage\":\"en-US\",\"potentialAction\":[{\"@type\":\"ReadAction\",\"target\":[\"https:\/\/veritasinfo.org\/?p=64058\"]}]},{\"@type\":\"ImageObject\",\"inLanguage\":\"en-US\",\"@id\":\"https:\/\/veritasinfo.org\/?p=64058#primaryimage\",\"url\":\"https:\/\/veritasinfo.org\/wp-content\/uploads\/2026\/09\/images-7.jpeg\",\"contentUrl\":\"https:\/\/veritasinfo.org\/wp-content\/uploads\/2026\/09\/images-7.jpeg\",\"width\":640,\"height\":400},{\"@type\":\"BreadcrumbList\",\"@id\":\"https:\/\/veritasinfo.org\/?p=64058#breadcrumb\",\"itemListElement\":[{\"@type\":\"ListItem\",\"position\":1,\"name\":\"Home\",\"item\":\"https:\/\/veritasinfo.org\/\"},{\"@type\":\"ListItem\",\"position\":2,\"name\":\"Robertson: Armiqt\u00eb duan ta rikthejn\u00eb Kosov\u00ebn si pjes\u00eb t\u00eb Jugosllavis\u00eb s\u00eb vjet\u00ebr\"}]},{\"@type\":\"WebSite\",\"@id\":\"https:\/\/veritasinfo.org\/#website\",\"url\":\"https:\/\/veritasinfo.org\/\",\"name\":\"\",\"description\":\"\",\"potentialAction\":[{\"@type\":\"SearchAction\",\"target\":{\"@type\":\"EntryPoint\",\"urlTemplate\":\"https:\/\/veritasinfo.org\/?s={search_term_string}\"},\"query-input\":{\"@type\":\"PropertyValueSpecification\",\"valueRequired\":true,\"valueName\":\"search_term_string\"}}],\"inLanguage\":\"en-US\"},{\"@type\":\"Person\",\"@id\":\"https:\/\/veritasinfo.org\/#\/schema\/person\/fe199eede04c3937362892b7444747cc\",\"name\":\"US6\",\"image\":{\"@type\":\"ImageObject\",\"inLanguage\":\"en-US\",\"@id\":\"https:\/\/veritasinfo.org\/#\/schema\/person\/image\/\",\"url\":\"https:\/\/secure.gravatar.com\/avatar\/cb16c3c31c9d23b9b8c705964598220b3014e42ff51eb540ff23cefa3ae8c15f?s=96&d=mm&r=g\",\"contentUrl\":\"https:\/\/secure.gravatar.com\/avatar\/cb16c3c31c9d23b9b8c705964598220b3014e42ff51eb540ff23cefa3ae8c15f?s=96&d=mm&r=g\",\"caption\":\"US6\"},\"url\":\"https:\/\/veritasinfo.org\/?author=7\"}]}<\/script>\n<!-- \/ Yoast SEO plugin. -->","yoast_head_json":{"title":"Robertson: Armiqt\u00eb duan ta rikthejn\u00eb Kosov\u00ebn si pjes\u00eb t\u00eb Jugosllavis\u00eb s\u00eb vjet\u00ebr -","robots":{"index":"index","follow":"follow","max-snippet":"max-snippet:-1","max-image-preview":"max-image-preview:large","max-video-preview":"max-video-preview:-1"},"canonical":"https:\/\/veritasinfo.org\/?p=64058","og_locale":"en_US","og_type":"article","og_title":"Robertson: Armiqt\u00eb duan ta rikthejn\u00eb Kosov\u00ebn si pjes\u00eb t\u00eb Jugosllavis\u00eb s\u00eb vjet\u00ebr -","og_description":"Prishtin\u00eb, 4 shtator 2026 07:53 Ish-sekretari i p\u00ebrgjithsh\u00ebm i NATO-s, Lord George Robertson, ka th\u00ebn\u00eb se armiku i Kosov\u00ebs nuk \u00ebsht\u00eb vet\u00ebm n\u00eb Serbi, porse","og_url":"https:\/\/veritasinfo.org\/?p=64058","article_published_time":"2026-09-04T05:53:59+00:00","og_image":[{"width":640,"height":400,"url":"https:\/\/veritasinfo.org\/wp-content\/uploads\/2026\/09\/images-7.jpeg","type":"image\/jpeg"}],"author":"US6","twitter_card":"summary_large_image","twitter_misc":{"Written by":"US6","Est. reading time":"2 minutes"},"schema":{"@context":"https:\/\/schema.org","@graph":[{"@type":"WebPage","@id":"https:\/\/veritasinfo.org\/?p=64058","url":"https:\/\/veritasinfo.org\/?p=64058","name":"Robertson: Armiqt\u00eb duan ta rikthejn\u00eb Kosov\u00ebn si pjes\u00eb t\u00eb Jugosllavis\u00eb s\u00eb vjet\u00ebr -","isPartOf":{"@id":"https:\/\/veritasinfo.org\/#website"},"primaryImageOfPage":{"@id":"https:\/\/veritasinfo.org\/?p=64058#primaryimage"},"image":{"@id":"https:\/\/veritasinfo.org\/?p=64058#primaryimage"},"thumbnailUrl":"https:\/\/veritasinfo.org\/wp-content\/uploads\/2026\/09\/images-7.jpeg","datePublished":"2026-09-04T05:53:59+00:00","author":{"@id":"https:\/\/veritasinfo.org\/#\/schema\/person\/fe199eede04c3937362892b7444747cc"},"breadcrumb":{"@id":"https:\/\/veritasinfo.org\/?p=64058#breadcrumb"},"inLanguage":"en-US","potentialAction":[{"@type":"ReadAction","target":["https:\/\/veritasinfo.org\/?p=64058"]}]},{"@type":"ImageObject","inLanguage":"en-US","@id":"https:\/\/veritasinfo.org\/?p=64058#primaryimage","url":"https:\/\/veritasinfo.org\/wp-content\/uploads\/2026\/09\/images-7.jpeg","contentUrl":"https:\/\/veritasinfo.org\/wp-content\/uploads\/2026\/09\/images-7.jpeg","width":640,"height":400},{"@type":"BreadcrumbList","@id":"https:\/\/veritasinfo.org\/?p=64058#breadcrumb","itemListElement":[{"@type":"ListItem","position":1,"name":"Home","item":"https:\/\/veritasinfo.org\/"},{"@type":"ListItem","position":2,"name":"Robertson: Armiqt\u00eb duan ta rikthejn\u00eb Kosov\u00ebn si pjes\u00eb t\u00eb Jugosllavis\u00eb s\u00eb vjet\u00ebr"}]},{"@type":"WebSite","@id":"https:\/\/veritasinfo.org\/#website","url":"https:\/\/veritasinfo.org\/","name":"","description":"","potentialAction":[{"@type":"SearchAction","target":{"@type":"EntryPoint","urlTemplate":"https:\/\/veritasinfo.org\/?s={search_term_string}"},"query-input":{"@type":"PropertyValueSpecification","valueRequired":true,"valueName":"search_term_string"}}],"inLanguage":"en-US"},{"@type":"Person","@id":"https:\/\/veritasinfo.org\/#\/schema\/person\/fe199eede04c3937362892b7444747cc","name":"US6","image":{"@type":"ImageObject","inLanguage":"en-US","@id":"https:\/\/veritasinfo.org\/#\/schema\/person\/image\/","url":"https:\/\/secure.gravatar.com\/avatar\/cb16c3c31c9d23b9b8c705964598220b3014e42ff51eb540ff23cefa3ae8c15f?s=96&d=mm&r=g","contentUrl":"https:\/\/secure.gravatar.com\/avatar\/cb16c3c31c9d23b9b8c705964598220b3014e42ff51eb540ff23cefa3ae8c15f?s=96&d=mm&r=g","caption":"US6"},"url":"https:\/\/veritasinfo.org\/?author=7"}]}},"featured_image_urls":{"full":["https:\/\/veritasinfo.org\/wp-content\/uploads\/2026\/09\/images-7.jpeg",640,400,false],"thumbnail":["https:\/\/veritasinfo.org\/wp-content\/uploads\/2026\/09\/images-7-150x150.jpeg",150,150,true],"medium":["https:\/\/veritasinfo.org\/wp-content\/uploads\/2026\/09\/images-7-300x188.jpeg",300,188,true],"medium_large":["https:\/\/veritasinfo.org\/wp-content\/uploads\/2026\/09\/images-7.jpeg",640,400,false],"large":["https:\/\/veritasinfo.org\/wp-content\/uploads\/2026\/09\/images-7.jpeg",640,400,false],"1536x1536":["https:\/\/veritasinfo.org\/wp-content\/uploads\/2026\/09\/images-7.jpeg",640,400,false],"2048x2048":["https:\/\/veritasinfo.org\/wp-content\/uploads\/2026\/09\/images-7.jpeg",640,400,false],"kreeti-slider-full":["https:\/\/veritasinfo.org\/wp-content\/uploads\/2026\/09\/images-7.jpeg",640,400,false],"kreeti-featured":["https:\/\/veritasinfo.org\/wp-content\/uploads\/2026\/09\/images-7.jpeg",640,400,false],"kreeti-medium":["https:\/\/veritasinfo.org\/wp-content\/uploads\/2026\/09\/images-7.jpeg",640,400,false],"kreeti-medium-square":["https:\/\/veritasinfo.org\/wp-content\/uploads\/2026\/09\/images-7-350x350.jpeg",350,350,true]},"author_info":{"info":["US6"]},"category_info":"<a href=\"https:\/\/veritasinfo.org\/?cat=58\" rel=\"category\">Politik\u00eb<\/a>","tag_info":"Politik\u00eb","comment_count":"0","_links":{"self":[{"href":"https:\/\/veritasinfo.org\/index.php?rest_route=\/wp\/v2\/posts\/64058","targetHints":{"allow":["GET"]}}],"collection":[{"href":"https:\/\/veritasinfo.org\/index.php?rest_route=\/wp\/v2\/posts"}],"about":[{"href":"https:\/\/veritasinfo.org\/index.php?rest_route=\/wp\/v2\/types\/post"}],"author":[{"embeddable":true,"href":"https:\/\/veritasinfo.org\/index.php?rest_route=\/wp\/v2\/users\/7"}],"replies":[{"embeddable":true,"href":"https:\/\/veritasinfo.org\/index.php?rest_route=%2Fwp%2Fv2%2Fcomments&post=64058"}],"version-history":[{"count":1,"href":"https:\/\/veritasinfo.org\/index.php?rest_route=\/wp\/v2\/posts\/64058\/revisions"}],"predecessor-version":[{"id":64060,"href":"https:\/\/veritasinfo.org\/index.php?rest_route=\/wp\/v2\/posts\/64058\/revisions\/64060"}],"wp:featuredmedia":[{"embeddable":true,"href":"https:\/\/veritasinfo.org\/index.php?rest_route=\/wp\/v2\/media\/64059"}],"wp:attachment":[{"href":"https:\/\/veritasinfo.org\/index.php?rest_route=%2Fwp%2Fv2%2Fmedia&parent=64058"}],"wp:term":[{"taxonomy":"category","embeddable":true,"href":"https:\/\/veritasinfo.org\/index.php?rest_route=%2Fwp%2Fv2%2Fcategories&post=64058"},{"taxonomy":"post_tag","embeddable":true,"href":"https:\/\/veritasinfo.org\/index.php?rest_route=%2Fwp%2Fv2%2Ftags&post=64058"}],"curies":[{"name":"wp","href":"https:\/\/api.w.org\/{rel}","templated":true}]}}