{"id":64040,"date":"2026-09-03T21:20:32","date_gmt":"2026-09-03T19:20:32","guid":{"rendered":"https:\/\/veritasinfo.org\/?p=64040"},"modified":"2026-09-03T21:20:32","modified_gmt":"2026-09-03T19:20:32","slug":"vuciceva-retorika-i-narativi-srbije-prema-kosovu","status":"publish","type":"post","link":"https:\/\/veritasinfo.org\/?p=64040&lang=sr","title":{"rendered":"Vu\u010dic\u0301eva retorika i narativi Srbije prema Kosovu"},"content":{"rendered":"<p>Pri\u0161tina, 3. septembar 2026. 21:18<\/p>\n<p>Retoriku predsednika Srbije, Aleksandra Vu\u010dic\u0301a, prema Kosovu i dalje karakteri\u0161u teritorijalni zahtevi i nacionalisti\u010dki narativi. Njegova izjava da je \u201eKosovo bilo, jeste i bic\u0301e Srbija\u201c se vidi kao deo tekuc\u0301eg politi\u010dkog diskursa Beograda, koji ima za cilj da ospori stvarnost stvorenu na Kosovu i odr\u017ei teritorijalne zahteve Srbije u \u017eivotu.<\/p>\n<p>Stru\u010dnjaci procenjuju da ovi narativi ne ostaju samo na nivou politi\u010dkih izjava, vec\u0301 se poja\u010davaju i kroz ruske aktere i medije, stvarajuc\u0301i diskurs koji predstavlja srpsku zajednicu na Kosovu kao ugro\u017eenu.<\/p>\n<p>\u201eOva debata o mostu na Ibru je kori\u0161c\u0301ena za stvaranje odre\u0111enih narativa, koji su tako\u0111e poja\u010dani u ruskim medijima i kod zvani\u010dnika, npr. Zaharova je davala izjave o nedavnoj situaciji na Kosovu, zatim Medvedev, \u0161to je poja\u010dalo ove narative i vratilo one glavne elemente tih narativa, a to su etni\u010dko \u010di\u0161c\u0301enje, ideja humanitarne katastrofe, sistematski teror nad srpskom zajednicom na Kosovu, koje su koristili u odre\u0111enim politi\u010dkim i geopoliti\u010dkim situacijama i razvojima\u201c, rekao je Festim Rizanaj iz Hibrid.info.<\/p>\n<p>U me\u0111uvremenu, Gazmend Silja iz Organizacije ratnih veterana OVK povezuje trenutnu retoriku predsednika Srbije sa politi\u010dkom pro\u0161lo\u0161c\u0301u Srbije, tvrdec\u0301i da promene u rukovodstvu nisu donele fundamentalnu promenu u pristupu prema Kosovu.<\/p>\n<p>\u201eMoramo to pravilno shvatiti, Srbija je ista. Danas je predsednik Vu\u010dic\u0301, koji je sada, bio Milo\u0161evic\u0301ev ministar u to vreme. Dakle, Srbija je ista, odnosno, nije se nimalo promenila od onoga \u0161to je bila &#8217;98-&#8217;99\u201c, rekao je Gazmend Silja.<\/p>\n<p>Prema re\u010dima stru\u010dnjaka, takve izjave i narativi koji ih prate imaju za cilj da uti\u010du na percepciju stvarnosti na terenu, da hrane nacionalisti\u010dki diskurs i stvore tlo za nove politi\u010dke i geopoliti\u010dke tenzije u regionu.<\/p>\n","protected":false},"excerpt":{"rendered":"<p>Pri\u0161tina, 3. septembar 2026. 21:18 Retoriku predsednika Srbije, Aleksandra Vu\u010dic\u0301a, prema Kosovu i dalje karakteri\u0161u teritorijalni zahtevi i nacionalisti\u010dki narativi. Njegova izjava da je \u201eKosovo<\/p>\n","protected":false},"author":7,"featured_media":56122,"comment_status":"open","ping_status":"open","sticky":false,"template":"","format":"standard","meta":{"footnotes":""},"categories":[28],"tags":[],"class_list":["post-64040","post","type-post","status-publish","format-standard","has-post-thumbnail","hentry","category-politika"],"yoast_head":"<!-- This site is optimized with the Yoast SEO plugin v25.3.1 - https:\/\/yoast.com\/wordpress\/plugins\/seo\/ -->\n<title>Vu\u010dic\u0301eva retorika i narativi Srbije prema Kosovu -<\/title>\n<meta name=\"robots\" content=\"index, follow, max-snippet:-1, max-image-preview:large, max-video-preview:-1\" \/>\n<link rel=\"canonical\" href=\"https:\/\/veritasinfo.org\/?p=64040&lang=sr\" \/>\n<meta property=\"og:locale\" content=\"en_US\" \/>\n<meta property=\"og:type\" content=\"article\" \/>\n<meta property=\"og:title\" content=\"Vu\u010dic\u0301eva retorika i narativi Srbije prema Kosovu -\" \/>\n<meta property=\"og:description\" content=\"Pri\u0161tina, 3. septembar 2026. 21:18 Retoriku predsednika Srbije, Aleksandra Vu\u010dic\u0301a, prema Kosovu i dalje karakteri\u0161u teritorijalni zahtevi i nacionalisti\u010dki narativi. Njegova izjava da je \u201eKosovo\" \/>\n<meta property=\"og:url\" content=\"https:\/\/veritasinfo.org\/?p=64040&amp;lang=sr\" \/>\n<meta property=\"article:published_time\" content=\"2026-09-03T19:20:32+00:00\" \/>\n<meta property=\"og:image\" content=\"https:\/\/veritasinfo.org\/wp-content\/uploads\/2026\/07\/Vucici-1-1.jpg\" \/>\n\t<meta property=\"og:image:width\" content=\"892\" \/>\n\t<meta property=\"og:image:height\" content=\"492\" \/>\n\t<meta property=\"og:image:type\" content=\"image\/jpeg\" \/>\n<meta name=\"author\" content=\"US6\" \/>\n<meta name=\"twitter:card\" content=\"summary_large_image\" \/>\n<meta name=\"twitter:label1\" content=\"Written by\" \/>\n\t<meta name=\"twitter:data1\" content=\"US6\" \/>\n\t<meta name=\"twitter:label2\" content=\"Est. reading time\" \/>\n\t<meta name=\"twitter:data2\" content=\"2 minutes\" \/>\n<script type=\"application\/ld+json\" class=\"yoast-schema-graph\">{\"@context\":\"https:\/\/schema.org\",\"@graph\":[{\"@type\":\"WebPage\",\"@id\":\"https:\/\/veritasinfo.org\/?p=64040&lang=sr\",\"url\":\"https:\/\/veritasinfo.org\/?p=64040&lang=sr\",\"name\":\"Vu\u010dic\u0301eva retorika i narativi Srbije prema Kosovu -\",\"isPartOf\":{\"@id\":\"https:\/\/veritasinfo.org\/#website\"},\"primaryImageOfPage\":{\"@id\":\"https:\/\/veritasinfo.org\/?p=64040&lang=sr#primaryimage\"},\"image\":{\"@id\":\"https:\/\/veritasinfo.org\/?p=64040&lang=sr#primaryimage\"},\"thumbnailUrl\":\"https:\/\/veritasinfo.org\/wp-content\/uploads\/2026\/07\/Vucici-1-1.jpg\",\"datePublished\":\"2026-09-03T19:20:32+00:00\",\"author\":{\"@id\":\"https:\/\/veritasinfo.org\/#\/schema\/person\/fe199eede04c3937362892b7444747cc\"},\"breadcrumb\":{\"@id\":\"https:\/\/veritasinfo.org\/?p=64040&lang=sr#breadcrumb\"},\"inLanguage\":\"en-US\",\"potentialAction\":[{\"@type\":\"ReadAction\",\"target\":[\"https:\/\/veritasinfo.org\/?p=64040&lang=sr\"]}]},{\"@type\":\"ImageObject\",\"inLanguage\":\"en-US\",\"@id\":\"https:\/\/veritasinfo.org\/?p=64040&lang=sr#primaryimage\",\"url\":\"https:\/\/veritasinfo.org\/wp-content\/uploads\/2026\/07\/Vucici-1-1.jpg\",\"contentUrl\":\"https:\/\/veritasinfo.org\/wp-content\/uploads\/2026\/07\/Vucici-1-1.jpg\",\"width\":892,\"height\":492},{\"@type\":\"BreadcrumbList\",\"@id\":\"https:\/\/veritasinfo.org\/?p=64040&lang=sr#breadcrumb\",\"itemListElement\":[{\"@type\":\"ListItem\",\"position\":1,\"name\":\"Home\",\"item\":\"https:\/\/veritasinfo.org\/\"},{\"@type\":\"ListItem\",\"position\":2,\"name\":\"Vu\u010dic\u0301eva retorika i narativi Srbije prema Kosovu\"}]},{\"@type\":\"WebSite\",\"@id\":\"https:\/\/veritasinfo.org\/#website\",\"url\":\"https:\/\/veritasinfo.org\/\",\"name\":\"\",\"description\":\"\",\"potentialAction\":[{\"@type\":\"SearchAction\",\"target\":{\"@type\":\"EntryPoint\",\"urlTemplate\":\"https:\/\/veritasinfo.org\/?s={search_term_string}\"},\"query-input\":{\"@type\":\"PropertyValueSpecification\",\"valueRequired\":true,\"valueName\":\"search_term_string\"}}],\"inLanguage\":\"en-US\"},{\"@type\":\"Person\",\"@id\":\"https:\/\/veritasinfo.org\/#\/schema\/person\/fe199eede04c3937362892b7444747cc\",\"name\":\"US6\",\"image\":{\"@type\":\"ImageObject\",\"inLanguage\":\"en-US\",\"@id\":\"https:\/\/veritasinfo.org\/#\/schema\/person\/image\/\",\"url\":\"https:\/\/secure.gravatar.com\/avatar\/cb16c3c31c9d23b9b8c705964598220b3014e42ff51eb540ff23cefa3ae8c15f?s=96&d=mm&r=g\",\"contentUrl\":\"https:\/\/secure.gravatar.com\/avatar\/cb16c3c31c9d23b9b8c705964598220b3014e42ff51eb540ff23cefa3ae8c15f?s=96&d=mm&r=g\",\"caption\":\"US6\"},\"url\":\"https:\/\/veritasinfo.org\/?author=7\"}]}<\/script>\n<!-- \/ Yoast SEO plugin. -->","yoast_head_json":{"title":"Vu\u010dic\u0301eva retorika i narativi Srbije prema Kosovu -","robots":{"index":"index","follow":"follow","max-snippet":"max-snippet:-1","max-image-preview":"max-image-preview:large","max-video-preview":"max-video-preview:-1"},"canonical":"https:\/\/veritasinfo.org\/?p=64040&lang=sr","og_locale":"en_US","og_type":"article","og_title":"Vu\u010dic\u0301eva retorika i narativi Srbije prema Kosovu -","og_description":"Pri\u0161tina, 3. septembar 2026. 21:18 Retoriku predsednika Srbije, Aleksandra Vu\u010dic\u0301a, prema Kosovu i dalje karakteri\u0161u teritorijalni zahtevi i nacionalisti\u010dki narativi. Njegova izjava da je \u201eKosovo","og_url":"https:\/\/veritasinfo.org\/?p=64040&lang=sr","article_published_time":"2026-09-03T19:20:32+00:00","og_image":[{"width":892,"height":492,"url":"https:\/\/veritasinfo.org\/wp-content\/uploads\/2026\/07\/Vucici-1-1.jpg","type":"image\/jpeg"}],"author":"US6","twitter_card":"summary_large_image","twitter_misc":{"Written by":"US6","Est. reading time":"2 minutes"},"schema":{"@context":"https:\/\/schema.org","@graph":[{"@type":"WebPage","@id":"https:\/\/veritasinfo.org\/?p=64040&lang=sr","url":"https:\/\/veritasinfo.org\/?p=64040&lang=sr","name":"Vu\u010dic\u0301eva retorika i narativi Srbije prema Kosovu -","isPartOf":{"@id":"https:\/\/veritasinfo.org\/#website"},"primaryImageOfPage":{"@id":"https:\/\/veritasinfo.org\/?p=64040&lang=sr#primaryimage"},"image":{"@id":"https:\/\/veritasinfo.org\/?p=64040&lang=sr#primaryimage"},"thumbnailUrl":"https:\/\/veritasinfo.org\/wp-content\/uploads\/2026\/07\/Vucici-1-1.jpg","datePublished":"2026-09-03T19:20:32+00:00","author":{"@id":"https:\/\/veritasinfo.org\/#\/schema\/person\/fe199eede04c3937362892b7444747cc"},"breadcrumb":{"@id":"https:\/\/veritasinfo.org\/?p=64040&lang=sr#breadcrumb"},"inLanguage":"en-US","potentialAction":[{"@type":"ReadAction","target":["https:\/\/veritasinfo.org\/?p=64040&lang=sr"]}]},{"@type":"ImageObject","inLanguage":"en-US","@id":"https:\/\/veritasinfo.org\/?p=64040&lang=sr#primaryimage","url":"https:\/\/veritasinfo.org\/wp-content\/uploads\/2026\/07\/Vucici-1-1.jpg","contentUrl":"https:\/\/veritasinfo.org\/wp-content\/uploads\/2026\/07\/Vucici-1-1.jpg","width":892,"height":492},{"@type":"BreadcrumbList","@id":"https:\/\/veritasinfo.org\/?p=64040&lang=sr#breadcrumb","itemListElement":[{"@type":"ListItem","position":1,"name":"Home","item":"https:\/\/veritasinfo.org\/"},{"@type":"ListItem","position":2,"name":"Vu\u010dic\u0301eva retorika i narativi Srbije prema Kosovu"}]},{"@type":"WebSite","@id":"https:\/\/veritasinfo.org\/#website","url":"https:\/\/veritasinfo.org\/","name":"","description":"","potentialAction":[{"@type":"SearchAction","target":{"@type":"EntryPoint","urlTemplate":"https:\/\/veritasinfo.org\/?s={search_term_string}"},"query-input":{"@type":"PropertyValueSpecification","valueRequired":true,"valueName":"search_term_string"}}],"inLanguage":"en-US"},{"@type":"Person","@id":"https:\/\/veritasinfo.org\/#\/schema\/person\/fe199eede04c3937362892b7444747cc","name":"US6","image":{"@type":"ImageObject","inLanguage":"en-US","@id":"https:\/\/veritasinfo.org\/#\/schema\/person\/image\/","url":"https:\/\/secure.gravatar.com\/avatar\/cb16c3c31c9d23b9b8c705964598220b3014e42ff51eb540ff23cefa3ae8c15f?s=96&d=mm&r=g","contentUrl":"https:\/\/secure.gravatar.com\/avatar\/cb16c3c31c9d23b9b8c705964598220b3014e42ff51eb540ff23cefa3ae8c15f?s=96&d=mm&r=g","caption":"US6"},"url":"https:\/\/veritasinfo.org\/?author=7"}]}},"featured_image_urls":{"full":["https:\/\/veritasinfo.org\/wp-content\/uploads\/2026\/07\/Vucici-1-1.jpg",892,492,false],"thumbnail":["https:\/\/veritasinfo.org\/wp-content\/uploads\/2026\/07\/Vucici-1-1-150x150.jpg",150,150,true],"medium":["https:\/\/veritasinfo.org\/wp-content\/uploads\/2026\/07\/Vucici-1-1-300x165.jpg",300,165,true],"medium_large":["https:\/\/veritasinfo.org\/wp-content\/uploads\/2026\/07\/Vucici-1-1-768x424.jpg",640,353,true],"large":["https:\/\/veritasinfo.org\/wp-content\/uploads\/2026\/07\/Vucici-1-1.jpg",640,353,false],"1536x1536":["https:\/\/veritasinfo.org\/wp-content\/uploads\/2026\/07\/Vucici-1-1.jpg",892,492,false],"2048x2048":["https:\/\/veritasinfo.org\/wp-content\/uploads\/2026\/07\/Vucici-1-1.jpg",892,492,false],"kreeti-slider-full":["https:\/\/veritasinfo.org\/wp-content\/uploads\/2026\/07\/Vucici-1-1.jpg",892,492,false],"kreeti-featured":["https:\/\/veritasinfo.org\/wp-content\/uploads\/2026\/07\/Vucici-1-1.jpg",892,492,false],"kreeti-medium":["https:\/\/veritasinfo.org\/wp-content\/uploads\/2026\/07\/Vucici-1-1-720x492.jpg",720,492,true],"kreeti-medium-square":["https:\/\/veritasinfo.org\/wp-content\/uploads\/2026\/07\/Vucici-1-1-350x350.jpg",350,350,true]},"author_info":{"info":["US6"]},"category_info":"<a href=\"https:\/\/veritasinfo.org\/?cat=28&#038;lang=sr\" rel=\"category\">Politika<\/a>","tag_info":"Politika","comment_count":"0","_links":{"self":[{"href":"https:\/\/veritasinfo.org\/index.php?rest_route=\/wp\/v2\/posts\/64040","targetHints":{"allow":["GET"]}}],"collection":[{"href":"https:\/\/veritasinfo.org\/index.php?rest_route=\/wp\/v2\/posts"}],"about":[{"href":"https:\/\/veritasinfo.org\/index.php?rest_route=\/wp\/v2\/types\/post"}],"author":[{"embeddable":true,"href":"https:\/\/veritasinfo.org\/index.php?rest_route=\/wp\/v2\/users\/7"}],"replies":[{"embeddable":true,"href":"https:\/\/veritasinfo.org\/index.php?rest_route=%2Fwp%2Fv2%2Fcomments&post=64040"}],"version-history":[{"count":1,"href":"https:\/\/veritasinfo.org\/index.php?rest_route=\/wp\/v2\/posts\/64040\/revisions"}],"predecessor-version":[{"id":64041,"href":"https:\/\/veritasinfo.org\/index.php?rest_route=\/wp\/v2\/posts\/64040\/revisions\/64041"}],"wp:featuredmedia":[{"embeddable":true,"href":"https:\/\/veritasinfo.org\/index.php?rest_route=\/wp\/v2\/media\/56122"}],"wp:attachment":[{"href":"https:\/\/veritasinfo.org\/index.php?rest_route=%2Fwp%2Fv2%2Fmedia&parent=64040"}],"wp:term":[{"taxonomy":"category","embeddable":true,"href":"https:\/\/veritasinfo.org\/index.php?rest_route=%2Fwp%2Fv2%2Fcategories&post=64040"},{"taxonomy":"post_tag","embeddable":true,"href":"https:\/\/veritasinfo.org\/index.php?rest_route=%2Fwp%2Fv2%2Ftags&post=64040"}],"curies":[{"name":"wp","href":"https:\/\/api.w.org\/{rel}","templated":true}]}}