{"id":64036,"date":"2026-09-03T21:18:00","date_gmt":"2026-09-03T19:18:00","guid":{"rendered":"https:\/\/veritasinfo.org\/?p=64036"},"modified":"2026-09-03T21:19:01","modified_gmt":"2026-09-03T19:19:01","slug":"64036","status":"publish","type":"post","link":"https:\/\/veritasinfo.org\/?p=64036","title":{"rendered":"Retorika e Vu\u00e7iqit dhe narrativat e Serbis\u00eb ndaj Kosov\u00ebs"},"content":{"rendered":"<p>Prishtin\u00eb, 3 shtator 2026 21:18<\/p>\n<p>Retorika e presidentit t\u00eb Serbis\u00eb, Aleksand\u00ebr Vu\u00e7iq, ndaj Kosov\u00ebs vijon t\u00eb karakterizohet nga pretendime territoriale dhe narrativa nacionaliste. Deklarata e tij se\u00a0\u201cKosova ka qen\u00eb, \u00ebsht\u00eb dhe do t\u00eb jet\u00eb Serbi\u201d\u00a0shihet si pjes\u00eb e nj\u00eb diskursi t\u00eb vazhduesh\u00ebm politik t\u00eb Beogradit, i cili synon t\u00eb sfidoj\u00eb realitetin e krijuar n\u00eb Kosov\u00eb dhe t\u00eb mbaj\u00eb gjall\u00eb pretendimet territoriale t\u00eb Serbis\u00eb.<\/p>\n<p>Ekspert\u00ebt vler\u00ebsojn\u00eb se k\u00ebto narrativa nuk mbeten vet\u00ebm n\u00eb nivelin e deklaratave politike, por amplifikohen edhe p\u00ebrmes aktor\u00ebve dhe mediave ruse, duke krijuar nj\u00eb diskurs q\u00eb paraqet komunitetin serb n\u00eb Kosov\u00eb si t\u00eb k\u00ebrc\u00ebnuar.<\/p>\n<p>\u201cKy debati p\u00ebr ur\u00ebn e Ibrit \u00ebsht\u00eb p\u00ebrdorur p\u00ebr krijim e narrativave t\u00eb caktuara, k\u00ebto jan\u00eb amplifikuar edhe n\u00eb mediat dhe zyrtar\u00ebt rus, p.sh. Zaharova ka b\u00ebr\u00eb deklarata p\u00ebr situat\u00ebn e fundit n\u00eb Kosov\u00eb, pastaj Medvedev, e t\u00eb cilat i kan\u00eb amplifikuar k\u00ebto narrativa dhe i kan\u00eb rikthyer ato elemente kryesore t\u00eb k\u00ebtyre narrativave q\u00eb jan\u00eb spastrimi etnik, ideja e katastrof\u00ebs humanitare, terrori sistematik ndaj komunitetit serb\u00eb n\u00eb Kosov\u00eb, t\u00eb cilat k\u00ebto p\u00ebrdor\u00ebn n\u00eb situata dhe zhvillime t\u00eb caktuara politike e gjeopolitike\u201d, tha Festim Rizanaj nga Hibrid.info.<\/p>\n<p>Nd\u00ebrkaq, Gazmend Syla nga Organizata e Veteran\u00ebve t\u00eb Luft\u00ebs s\u00eb U\u00c7K e lidh retorik\u00ebn aktuale t\u00eb presidentit serb me t\u00eb kaluar\u00ebn politike t\u00eb Serbis\u00eb, duke argumentuar se ndryshimet n\u00eb udh\u00ebheqje nuk kan\u00eb sjell\u00eb ndryshim thelb\u00ebsor n\u00eb qasjen ndaj Kosov\u00ebs.<\/p>\n<p>\u201cDuhet ta kuptojm\u00eb drejt, Serbia \u00ebsht\u00eb po e nj\u00ebjta. Sot presidenti Vu\u00e7iq q\u00eb \u00ebsht\u00eb tani, ai ka qen\u00eb minist\u00ebr i Millosheviqit n\u00eb at\u00eb koh\u00eb. Prandaj \u00ebsht\u00eb e nj\u00ebjta Serbi, do t\u00eb thot\u00eb, nuk ka ndryshuar fare nga ajo q\u00eb ka qen\u00eb n\u00eb vitin &#8217;98-&#8217;99\u201d, tha Gazmend Syla.<\/p>\n<p>Sipas ekspert\u00ebve, deklaratat e tilla dhe narrativat q\u00eb i shoq\u00ebrojn\u00eb ato synojn\u00eb t\u00eb ndikojn\u00eb n\u00eb perceptimin e realitetit n\u00eb terren, t\u00eb ushqejn\u00eb diskursin nacionalist dhe t\u00eb krijojn\u00eb terren p\u00ebr tensione t\u00eb reja politike e gjeopolitike n\u00eb rajon.<\/p>\n","protected":false},"excerpt":{"rendered":"<p>Prishtin\u00eb, 3 shtator 2026 21:18 Retorika e presidentit t\u00eb Serbis\u00eb, Aleksand\u00ebr Vu\u00e7iq, ndaj Kosov\u00ebs vijon t\u00eb karakterizohet nga pretendime territoriale dhe narrativa nacionaliste. Deklarata e<\/p>\n","protected":false},"author":7,"featured_media":62200,"comment_status":"open","ping_status":"open","sticky":false,"template":"","format":"standard","meta":{"footnotes":""},"categories":[58],"tags":[],"class_list":["post-64036","post","type-post","status-publish","format-standard","has-post-thumbnail","hentry","category-politike-sq"],"yoast_head":"<!-- This site is optimized with the Yoast SEO plugin v25.3.1 - https:\/\/yoast.com\/wordpress\/plugins\/seo\/ -->\n<title>Retorika e Vu\u00e7iqit dhe narrativat e Serbis\u00eb ndaj Kosov\u00ebs -<\/title>\n<meta name=\"robots\" content=\"index, follow, max-snippet:-1, max-image-preview:large, max-video-preview:-1\" \/>\n<link rel=\"canonical\" href=\"https:\/\/veritasinfo.org\/?p=64036\" \/>\n<meta property=\"og:locale\" content=\"en_US\" \/>\n<meta property=\"og:type\" content=\"article\" \/>\n<meta property=\"og:title\" content=\"Retorika e Vu\u00e7iqit dhe narrativat e Serbis\u00eb ndaj Kosov\u00ebs -\" \/>\n<meta property=\"og:description\" content=\"Prishtin\u00eb, 3 shtator 2026 21:18 Retorika e presidentit t\u00eb Serbis\u00eb, Aleksand\u00ebr Vu\u00e7iq, ndaj Kosov\u00ebs vijon t\u00eb karakterizohet nga pretendime territoriale dhe narrativa nacionaliste. Deklarata e\" \/>\n<meta property=\"og:url\" content=\"https:\/\/veritasinfo.org\/?p=64036\" \/>\n<meta property=\"article:published_time\" content=\"2026-09-03T19:18:00+00:00\" \/>\n<meta property=\"article:modified_time\" content=\"2026-09-03T19:19:01+00:00\" \/>\n<meta property=\"og:image\" content=\"https:\/\/veritasinfo.org\/wp-content\/uploads\/2026\/08\/640-0-vucic-1781446079.jpeg\" \/>\n\t<meta property=\"og:image:width\" content=\"640\" \/>\n\t<meta property=\"og:image:height\" content=\"353\" \/>\n\t<meta property=\"og:image:type\" content=\"image\/jpeg\" \/>\n<meta name=\"author\" content=\"US6\" \/>\n<meta name=\"twitter:card\" content=\"summary_large_image\" \/>\n<meta name=\"twitter:label1\" content=\"Written by\" \/>\n\t<meta name=\"twitter:data1\" content=\"US6\" \/>\n\t<meta name=\"twitter:label2\" content=\"Est. reading time\" \/>\n\t<meta name=\"twitter:data2\" content=\"2 minutes\" \/>\n<script type=\"application\/ld+json\" class=\"yoast-schema-graph\">{\"@context\":\"https:\/\/schema.org\",\"@graph\":[{\"@type\":\"WebPage\",\"@id\":\"https:\/\/veritasinfo.org\/?p=64036\",\"url\":\"https:\/\/veritasinfo.org\/?p=64036\",\"name\":\"Retorika e Vu\u00e7iqit dhe narrativat e Serbis\u00eb ndaj Kosov\u00ebs -\",\"isPartOf\":{\"@id\":\"https:\/\/veritasinfo.org\/#website\"},\"primaryImageOfPage\":{\"@id\":\"https:\/\/veritasinfo.org\/?p=64036#primaryimage\"},\"image\":{\"@id\":\"https:\/\/veritasinfo.org\/?p=64036#primaryimage\"},\"thumbnailUrl\":\"https:\/\/veritasinfo.org\/wp-content\/uploads\/2026\/08\/640-0-vucic-1781446079.jpeg\",\"datePublished\":\"2026-09-03T19:18:00+00:00\",\"dateModified\":\"2026-09-03T19:19:01+00:00\",\"author\":{\"@id\":\"https:\/\/veritasinfo.org\/#\/schema\/person\/fe199eede04c3937362892b7444747cc\"},\"breadcrumb\":{\"@id\":\"https:\/\/veritasinfo.org\/?p=64036#breadcrumb\"},\"inLanguage\":\"en-US\",\"potentialAction\":[{\"@type\":\"ReadAction\",\"target\":[\"https:\/\/veritasinfo.org\/?p=64036\"]}]},{\"@type\":\"ImageObject\",\"inLanguage\":\"en-US\",\"@id\":\"https:\/\/veritasinfo.org\/?p=64036#primaryimage\",\"url\":\"https:\/\/veritasinfo.org\/wp-content\/uploads\/2026\/08\/640-0-vucic-1781446079.jpeg\",\"contentUrl\":\"https:\/\/veritasinfo.org\/wp-content\/uploads\/2026\/08\/640-0-vucic-1781446079.jpeg\",\"width\":640,\"height\":353},{\"@type\":\"BreadcrumbList\",\"@id\":\"https:\/\/veritasinfo.org\/?p=64036#breadcrumb\",\"itemListElement\":[{\"@type\":\"ListItem\",\"position\":1,\"name\":\"Home\",\"item\":\"https:\/\/veritasinfo.org\/\"},{\"@type\":\"ListItem\",\"position\":2,\"name\":\"Retorika e Vu\u00e7iqit dhe narrativat e Serbis\u00eb ndaj Kosov\u00ebs\"}]},{\"@type\":\"WebSite\",\"@id\":\"https:\/\/veritasinfo.org\/#website\",\"url\":\"https:\/\/veritasinfo.org\/\",\"name\":\"\",\"description\":\"\",\"potentialAction\":[{\"@type\":\"SearchAction\",\"target\":{\"@type\":\"EntryPoint\",\"urlTemplate\":\"https:\/\/veritasinfo.org\/?s={search_term_string}\"},\"query-input\":{\"@type\":\"PropertyValueSpecification\",\"valueRequired\":true,\"valueName\":\"search_term_string\"}}],\"inLanguage\":\"en-US\"},{\"@type\":\"Person\",\"@id\":\"https:\/\/veritasinfo.org\/#\/schema\/person\/fe199eede04c3937362892b7444747cc\",\"name\":\"US6\",\"image\":{\"@type\":\"ImageObject\",\"inLanguage\":\"en-US\",\"@id\":\"https:\/\/veritasinfo.org\/#\/schema\/person\/image\/\",\"url\":\"https:\/\/secure.gravatar.com\/avatar\/cb16c3c31c9d23b9b8c705964598220b3014e42ff51eb540ff23cefa3ae8c15f?s=96&d=mm&r=g\",\"contentUrl\":\"https:\/\/secure.gravatar.com\/avatar\/cb16c3c31c9d23b9b8c705964598220b3014e42ff51eb540ff23cefa3ae8c15f?s=96&d=mm&r=g\",\"caption\":\"US6\"},\"url\":\"https:\/\/veritasinfo.org\/?author=7\"}]}<\/script>\n<!-- \/ Yoast SEO plugin. -->","yoast_head_json":{"title":"Retorika e Vu\u00e7iqit dhe narrativat e Serbis\u00eb ndaj Kosov\u00ebs -","robots":{"index":"index","follow":"follow","max-snippet":"max-snippet:-1","max-image-preview":"max-image-preview:large","max-video-preview":"max-video-preview:-1"},"canonical":"https:\/\/veritasinfo.org\/?p=64036","og_locale":"en_US","og_type":"article","og_title":"Retorika e Vu\u00e7iqit dhe narrativat e Serbis\u00eb ndaj Kosov\u00ebs -","og_description":"Prishtin\u00eb, 3 shtator 2026 21:18 Retorika e presidentit t\u00eb Serbis\u00eb, Aleksand\u00ebr Vu\u00e7iq, ndaj Kosov\u00ebs vijon t\u00eb karakterizohet nga pretendime territoriale dhe narrativa nacionaliste. Deklarata e","og_url":"https:\/\/veritasinfo.org\/?p=64036","article_published_time":"2026-09-03T19:18:00+00:00","article_modified_time":"2026-09-03T19:19:01+00:00","og_image":[{"width":640,"height":353,"url":"https:\/\/veritasinfo.org\/wp-content\/uploads\/2026\/08\/640-0-vucic-1781446079.jpeg","type":"image\/jpeg"}],"author":"US6","twitter_card":"summary_large_image","twitter_misc":{"Written by":"US6","Est. reading time":"2 minutes"},"schema":{"@context":"https:\/\/schema.org","@graph":[{"@type":"WebPage","@id":"https:\/\/veritasinfo.org\/?p=64036","url":"https:\/\/veritasinfo.org\/?p=64036","name":"Retorika e Vu\u00e7iqit dhe narrativat e Serbis\u00eb ndaj Kosov\u00ebs -","isPartOf":{"@id":"https:\/\/veritasinfo.org\/#website"},"primaryImageOfPage":{"@id":"https:\/\/veritasinfo.org\/?p=64036#primaryimage"},"image":{"@id":"https:\/\/veritasinfo.org\/?p=64036#primaryimage"},"thumbnailUrl":"https:\/\/veritasinfo.org\/wp-content\/uploads\/2026\/08\/640-0-vucic-1781446079.jpeg","datePublished":"2026-09-03T19:18:00+00:00","dateModified":"2026-09-03T19:19:01+00:00","author":{"@id":"https:\/\/veritasinfo.org\/#\/schema\/person\/fe199eede04c3937362892b7444747cc"},"breadcrumb":{"@id":"https:\/\/veritasinfo.org\/?p=64036#breadcrumb"},"inLanguage":"en-US","potentialAction":[{"@type":"ReadAction","target":["https:\/\/veritasinfo.org\/?p=64036"]}]},{"@type":"ImageObject","inLanguage":"en-US","@id":"https:\/\/veritasinfo.org\/?p=64036#primaryimage","url":"https:\/\/veritasinfo.org\/wp-content\/uploads\/2026\/08\/640-0-vucic-1781446079.jpeg","contentUrl":"https:\/\/veritasinfo.org\/wp-content\/uploads\/2026\/08\/640-0-vucic-1781446079.jpeg","width":640,"height":353},{"@type":"BreadcrumbList","@id":"https:\/\/veritasinfo.org\/?p=64036#breadcrumb","itemListElement":[{"@type":"ListItem","position":1,"name":"Home","item":"https:\/\/veritasinfo.org\/"},{"@type":"ListItem","position":2,"name":"Retorika e Vu\u00e7iqit dhe narrativat e Serbis\u00eb ndaj Kosov\u00ebs"}]},{"@type":"WebSite","@id":"https:\/\/veritasinfo.org\/#website","url":"https:\/\/veritasinfo.org\/","name":"","description":"","potentialAction":[{"@type":"SearchAction","target":{"@type":"EntryPoint","urlTemplate":"https:\/\/veritasinfo.org\/?s={search_term_string}"},"query-input":{"@type":"PropertyValueSpecification","valueRequired":true,"valueName":"search_term_string"}}],"inLanguage":"en-US"},{"@type":"Person","@id":"https:\/\/veritasinfo.org\/#\/schema\/person\/fe199eede04c3937362892b7444747cc","name":"US6","image":{"@type":"ImageObject","inLanguage":"en-US","@id":"https:\/\/veritasinfo.org\/#\/schema\/person\/image\/","url":"https:\/\/secure.gravatar.com\/avatar\/cb16c3c31c9d23b9b8c705964598220b3014e42ff51eb540ff23cefa3ae8c15f?s=96&d=mm&r=g","contentUrl":"https:\/\/secure.gravatar.com\/avatar\/cb16c3c31c9d23b9b8c705964598220b3014e42ff51eb540ff23cefa3ae8c15f?s=96&d=mm&r=g","caption":"US6"},"url":"https:\/\/veritasinfo.org\/?author=7"}]}},"featured_image_urls":{"full":["https:\/\/veritasinfo.org\/wp-content\/uploads\/2026\/08\/640-0-vucic-1781446079.jpeg",640,353,false],"thumbnail":["https:\/\/veritasinfo.org\/wp-content\/uploads\/2026\/08\/640-0-vucic-1781446079-150x150.jpeg",150,150,true],"medium":["https:\/\/veritasinfo.org\/wp-content\/uploads\/2026\/08\/640-0-vucic-1781446079-300x165.jpeg",300,165,true],"medium_large":["https:\/\/veritasinfo.org\/wp-content\/uploads\/2026\/08\/640-0-vucic-1781446079.jpeg",640,353,false],"large":["https:\/\/veritasinfo.org\/wp-content\/uploads\/2026\/08\/640-0-vucic-1781446079.jpeg",640,353,false],"1536x1536":["https:\/\/veritasinfo.org\/wp-content\/uploads\/2026\/08\/640-0-vucic-1781446079.jpeg",640,353,false],"2048x2048":["https:\/\/veritasinfo.org\/wp-content\/uploads\/2026\/08\/640-0-vucic-1781446079.jpeg",640,353,false],"kreeti-slider-full":["https:\/\/veritasinfo.org\/wp-content\/uploads\/2026\/08\/640-0-vucic-1781446079.jpeg",640,353,false],"kreeti-featured":["https:\/\/veritasinfo.org\/wp-content\/uploads\/2026\/08\/640-0-vucic-1781446079.jpeg",640,353,false],"kreeti-medium":["https:\/\/veritasinfo.org\/wp-content\/uploads\/2026\/08\/640-0-vucic-1781446079.jpeg",640,353,false],"kreeti-medium-square":["https:\/\/veritasinfo.org\/wp-content\/uploads\/2026\/08\/640-0-vucic-1781446079-350x350.jpeg",350,350,true]},"author_info":{"info":["US6"]},"category_info":"<a href=\"https:\/\/veritasinfo.org\/?cat=58\" rel=\"category\">Politik\u00eb<\/a>","tag_info":"Politik\u00eb","comment_count":"0","_links":{"self":[{"href":"https:\/\/veritasinfo.org\/index.php?rest_route=\/wp\/v2\/posts\/64036","targetHints":{"allow":["GET"]}}],"collection":[{"href":"https:\/\/veritasinfo.org\/index.php?rest_route=\/wp\/v2\/posts"}],"about":[{"href":"https:\/\/veritasinfo.org\/index.php?rest_route=\/wp\/v2\/types\/post"}],"author":[{"embeddable":true,"href":"https:\/\/veritasinfo.org\/index.php?rest_route=\/wp\/v2\/users\/7"}],"replies":[{"embeddable":true,"href":"https:\/\/veritasinfo.org\/index.php?rest_route=%2Fwp%2Fv2%2Fcomments&post=64036"}],"version-history":[{"count":3,"href":"https:\/\/veritasinfo.org\/index.php?rest_route=\/wp\/v2\/posts\/64036\/revisions"}],"predecessor-version":[{"id":64039,"href":"https:\/\/veritasinfo.org\/index.php?rest_route=\/wp\/v2\/posts\/64036\/revisions\/64039"}],"wp:featuredmedia":[{"embeddable":true,"href":"https:\/\/veritasinfo.org\/index.php?rest_route=\/wp\/v2\/media\/62200"}],"wp:attachment":[{"href":"https:\/\/veritasinfo.org\/index.php?rest_route=%2Fwp%2Fv2%2Fmedia&parent=64036"}],"wp:term":[{"taxonomy":"category","embeddable":true,"href":"https:\/\/veritasinfo.org\/index.php?rest_route=%2Fwp%2Fv2%2Fcategories&post=64036"},{"taxonomy":"post_tag","embeddable":true,"href":"https:\/\/veritasinfo.org\/index.php?rest_route=%2Fwp%2Fv2%2Ftags&post=64036"}],"curies":[{"name":"wp","href":"https:\/\/api.w.org\/{rel}","templated":true}]}}