{"id":64033,"date":"2026-09-03T19:42:35","date_gmt":"2026-09-03T17:42:35","guid":{"rendered":"https:\/\/veritasinfo.org\/?p=64033"},"modified":"2026-09-03T19:42:35","modified_gmt":"2026-09-03T17:42:35","slug":"bivsi-pripadnik-mup-a-srbije-produzen-je-pritvor-u-slucaju-vukasinovic","status":"publish","type":"post","link":"https:\/\/veritasinfo.org\/?p=64033&lang=sr","title":{"rendered":"Biv\u0161i pripadnik MUP-a Srbije produ\u017een je pritvor u slu\u010daju Vuka\u0161inovic\u0301"},"content":{"rendered":"<p>Pri\u0161tina, 3. septembar 2026.<\/p>\n<p>Na prvom ro\u010di\u0161tu odr\u017eanom 31. avgusta 2026. godine, V.M., biv\u0161i pripadnik Ministarstva unutra\u0161njih poslova Srbije, izjasnio se da nije kriv po optu\u017ebama za u\u010de\u0161c\u0301e u otmici i ranjavanju Milana Vuka\u0161inovic\u0301a.<\/p>\n<p>Protiv V.M. je podignuta optu\u017enica, a nakon prvog ro\u010di\u0161ta, krivi\u010dni postupak se trenutno nalazi u fazi prigovora na dokaze. U me\u0111uvremenu, Osnovni sud u Mitrovici odlu\u010dio je da mu produ\u017ei pritvor za jo\u0161 dva meseca. Odluka je doneta 13. avgusta 2026. godine, a potvrdio ju je i Apelacioni sud.<\/p>\n<p>Vest o produ\u017eenju pritvora potvrdila je za KosovaPres portparolka Osnovnog suda u Mitrovici, Hateme Had\u017eaj.<\/p>\n<p>\u201eOkrivljeni V.M. je zadr\u017ean u pritvoru do 16.10.2026. godine\u201c, izjavila je Had\u017eaj. V.M. nalazi se u pritvoru od hap\u0161enja u decembru 2025. godine, u okviru istrage o slu\u010daju Milana Vuka\u0161inovic\u0301a, kosovskog dr\u017eavljanina srpske nacionalnosti.<\/p>\n<p>Vuka\u0161inovic\u0301 je osumnji\u010den da je povre\u0111en, a zatim otet u blizini Leposavic\u0301a od strane pripadnika srpske \u017eandarmerije 1. novembra 2025. godine.<\/p>\n<p>Dana 20. decembra 2025. godine, ministar unutra\u0161njih poslova, D\u017eelal Sve\u010dala, objavio je da je V.M. uhap\u0161en u Le\u0161ku, u zajedni\u010dkoj operaciji Kosovske policije i Kosovske obave\u0161tajne agencije.<\/p>\n<p>Prema Svec\u0301inim izjavama, V.M. je bio deo Kosovske policije nakon integracije na osnovu sporazuma iz 2013. godine, ali je kasnije podneo ostavku. Izjavio je da postoje sumnje u saradnju V.M. sa srpskim bezbednosnim strukturama i ume\u0161anost u slu\u010daj Vuka\u0161inovic\u0301.<\/p>\n<p>U okviru istrage, nakon sudskog naloga za pretres, Kosovska policija je pretra\u017eila kuc\u0301u V.M. i povezane objekte. Tokom pretresa zaplenjeno je devet mobilnih telefona, laptop, tri dokumenta, lova\u010dka pu\u0161ka sa 39 metaka, prsluk za lova\u010dku pu\u0161ku i cev za pi\u0161tolj.<\/p>\n","protected":false},"excerpt":{"rendered":"<p>Pri\u0161tina, 3. septembar 2026. Na prvom ro\u010di\u0161tu odr\u017eanom 31. avgusta 2026. godine, V.M., biv\u0161i pripadnik Ministarstva unutra\u0161njih poslova Srbije, izjasnio se da nije kriv po<\/p>\n","protected":false},"author":7,"featured_media":64034,"comment_status":"open","ping_status":"open","sticky":false,"template":"","format":"standard","meta":{"footnotes":""},"categories":[30],"tags":[],"class_list":["post-64033","post","type-post","status-publish","format-standard","has-post-thumbnail","hentry","category-drustvo"],"yoast_head":"<!-- This site is optimized with the Yoast SEO plugin v25.3.1 - https:\/\/yoast.com\/wordpress\/plugins\/seo\/ -->\n<title>Biv\u0161i pripadnik MUP-a Srbije produ\u017een je pritvor u slu\u010daju Vuka\u0161inovic\u0301 -<\/title>\n<meta name=\"robots\" content=\"index, follow, max-snippet:-1, max-image-preview:large, max-video-preview:-1\" \/>\n<link rel=\"canonical\" href=\"https:\/\/veritasinfo.org\/?p=64033&lang=sr\" \/>\n<meta property=\"og:locale\" content=\"en_US\" \/>\n<meta property=\"og:type\" content=\"article\" \/>\n<meta property=\"og:title\" content=\"Biv\u0161i pripadnik MUP-a Srbije produ\u017een je pritvor u slu\u010daju Vuka\u0161inovic\u0301 -\" \/>\n<meta property=\"og:description\" content=\"Pri\u0161tina, 3. septembar 2026. Na prvom ro\u010di\u0161tu odr\u017eanom 31. avgusta 2026. godine, V.M., biv\u0161i pripadnik Ministarstva unutra\u0161njih poslova Srbije, izjasnio se da nije kriv po\" \/>\n<meta property=\"og:url\" content=\"https:\/\/veritasinfo.org\/?p=64033&amp;lang=sr\" \/>\n<meta property=\"article:published_time\" content=\"2026-09-03T17:42:35+00:00\" \/>\n<meta property=\"og:image\" content=\"https:\/\/veritasinfo.org\/wp-content\/uploads\/2026\/09\/757665_vukasinovic-1.webp\" \/>\n\t<meta property=\"og:image:width\" content=\"762\" \/>\n\t<meta property=\"og:image:height\" content=\"425\" \/>\n\t<meta property=\"og:image:type\" content=\"image\/webp\" \/>\n<meta name=\"author\" content=\"US6\" \/>\n<meta name=\"twitter:card\" content=\"summary_large_image\" \/>\n<meta name=\"twitter:label1\" content=\"Written by\" \/>\n\t<meta name=\"twitter:data1\" content=\"US6\" \/>\n\t<meta name=\"twitter:label2\" content=\"Est. reading time\" \/>\n\t<meta name=\"twitter:data2\" content=\"2 minutes\" \/>\n<script type=\"application\/ld+json\" class=\"yoast-schema-graph\">{\"@context\":\"https:\/\/schema.org\",\"@graph\":[{\"@type\":\"WebPage\",\"@id\":\"https:\/\/veritasinfo.org\/?p=64033&lang=sr\",\"url\":\"https:\/\/veritasinfo.org\/?p=64033&lang=sr\",\"name\":\"Biv\u0161i pripadnik MUP-a Srbije produ\u017een je pritvor u slu\u010daju Vuka\u0161inovic\u0301 -\",\"isPartOf\":{\"@id\":\"https:\/\/veritasinfo.org\/#website\"},\"primaryImageOfPage\":{\"@id\":\"https:\/\/veritasinfo.org\/?p=64033&lang=sr#primaryimage\"},\"image\":{\"@id\":\"https:\/\/veritasinfo.org\/?p=64033&lang=sr#primaryimage\"},\"thumbnailUrl\":\"https:\/\/veritasinfo.org\/wp-content\/uploads\/2026\/09\/757665_vukasinovic-1.webp\",\"datePublished\":\"2026-09-03T17:42:35+00:00\",\"author\":{\"@id\":\"https:\/\/veritasinfo.org\/#\/schema\/person\/fe199eede04c3937362892b7444747cc\"},\"breadcrumb\":{\"@id\":\"https:\/\/veritasinfo.org\/?p=64033&lang=sr#breadcrumb\"},\"inLanguage\":\"en-US\",\"potentialAction\":[{\"@type\":\"ReadAction\",\"target\":[\"https:\/\/veritasinfo.org\/?p=64033&lang=sr\"]}]},{\"@type\":\"ImageObject\",\"inLanguage\":\"en-US\",\"@id\":\"https:\/\/veritasinfo.org\/?p=64033&lang=sr#primaryimage\",\"url\":\"https:\/\/veritasinfo.org\/wp-content\/uploads\/2026\/09\/757665_vukasinovic-1.webp\",\"contentUrl\":\"https:\/\/veritasinfo.org\/wp-content\/uploads\/2026\/09\/757665_vukasinovic-1.webp\",\"width\":762,\"height\":425},{\"@type\":\"BreadcrumbList\",\"@id\":\"https:\/\/veritasinfo.org\/?p=64033&lang=sr#breadcrumb\",\"itemListElement\":[{\"@type\":\"ListItem\",\"position\":1,\"name\":\"Home\",\"item\":\"https:\/\/veritasinfo.org\/\"},{\"@type\":\"ListItem\",\"position\":2,\"name\":\"Biv\u0161i pripadnik MUP-a Srbije produ\u017een je pritvor u slu\u010daju Vuka\u0161inovic\u0301\"}]},{\"@type\":\"WebSite\",\"@id\":\"https:\/\/veritasinfo.org\/#website\",\"url\":\"https:\/\/veritasinfo.org\/\",\"name\":\"\",\"description\":\"\",\"potentialAction\":[{\"@type\":\"SearchAction\",\"target\":{\"@type\":\"EntryPoint\",\"urlTemplate\":\"https:\/\/veritasinfo.org\/?s={search_term_string}\"},\"query-input\":{\"@type\":\"PropertyValueSpecification\",\"valueRequired\":true,\"valueName\":\"search_term_string\"}}],\"inLanguage\":\"en-US\"},{\"@type\":\"Person\",\"@id\":\"https:\/\/veritasinfo.org\/#\/schema\/person\/fe199eede04c3937362892b7444747cc\",\"name\":\"US6\",\"image\":{\"@type\":\"ImageObject\",\"inLanguage\":\"en-US\",\"@id\":\"https:\/\/veritasinfo.org\/#\/schema\/person\/image\/\",\"url\":\"https:\/\/secure.gravatar.com\/avatar\/cb16c3c31c9d23b9b8c705964598220b3014e42ff51eb540ff23cefa3ae8c15f?s=96&d=mm&r=g\",\"contentUrl\":\"https:\/\/secure.gravatar.com\/avatar\/cb16c3c31c9d23b9b8c705964598220b3014e42ff51eb540ff23cefa3ae8c15f?s=96&d=mm&r=g\",\"caption\":\"US6\"},\"url\":\"https:\/\/veritasinfo.org\/?author=7\"}]}<\/script>\n<!-- \/ Yoast SEO plugin. -->","yoast_head_json":{"title":"Biv\u0161i pripadnik MUP-a Srbije produ\u017een je pritvor u slu\u010daju Vuka\u0161inovic\u0301 -","robots":{"index":"index","follow":"follow","max-snippet":"max-snippet:-1","max-image-preview":"max-image-preview:large","max-video-preview":"max-video-preview:-1"},"canonical":"https:\/\/veritasinfo.org\/?p=64033&lang=sr","og_locale":"en_US","og_type":"article","og_title":"Biv\u0161i pripadnik MUP-a Srbije produ\u017een je pritvor u slu\u010daju Vuka\u0161inovic\u0301 -","og_description":"Pri\u0161tina, 3. septembar 2026. Na prvom ro\u010di\u0161tu odr\u017eanom 31. avgusta 2026. godine, V.M., biv\u0161i pripadnik Ministarstva unutra\u0161njih poslova Srbije, izjasnio se da nije kriv po","og_url":"https:\/\/veritasinfo.org\/?p=64033&lang=sr","article_published_time":"2026-09-03T17:42:35+00:00","og_image":[{"width":762,"height":425,"url":"https:\/\/veritasinfo.org\/wp-content\/uploads\/2026\/09\/757665_vukasinovic-1.webp","type":"image\/webp"}],"author":"US6","twitter_card":"summary_large_image","twitter_misc":{"Written by":"US6","Est. reading time":"2 minutes"},"schema":{"@context":"https:\/\/schema.org","@graph":[{"@type":"WebPage","@id":"https:\/\/veritasinfo.org\/?p=64033&lang=sr","url":"https:\/\/veritasinfo.org\/?p=64033&lang=sr","name":"Biv\u0161i pripadnik MUP-a Srbije produ\u017een je pritvor u slu\u010daju Vuka\u0161inovic\u0301 -","isPartOf":{"@id":"https:\/\/veritasinfo.org\/#website"},"primaryImageOfPage":{"@id":"https:\/\/veritasinfo.org\/?p=64033&lang=sr#primaryimage"},"image":{"@id":"https:\/\/veritasinfo.org\/?p=64033&lang=sr#primaryimage"},"thumbnailUrl":"https:\/\/veritasinfo.org\/wp-content\/uploads\/2026\/09\/757665_vukasinovic-1.webp","datePublished":"2026-09-03T17:42:35+00:00","author":{"@id":"https:\/\/veritasinfo.org\/#\/schema\/person\/fe199eede04c3937362892b7444747cc"},"breadcrumb":{"@id":"https:\/\/veritasinfo.org\/?p=64033&lang=sr#breadcrumb"},"inLanguage":"en-US","potentialAction":[{"@type":"ReadAction","target":["https:\/\/veritasinfo.org\/?p=64033&lang=sr"]}]},{"@type":"ImageObject","inLanguage":"en-US","@id":"https:\/\/veritasinfo.org\/?p=64033&lang=sr#primaryimage","url":"https:\/\/veritasinfo.org\/wp-content\/uploads\/2026\/09\/757665_vukasinovic-1.webp","contentUrl":"https:\/\/veritasinfo.org\/wp-content\/uploads\/2026\/09\/757665_vukasinovic-1.webp","width":762,"height":425},{"@type":"BreadcrumbList","@id":"https:\/\/veritasinfo.org\/?p=64033&lang=sr#breadcrumb","itemListElement":[{"@type":"ListItem","position":1,"name":"Home","item":"https:\/\/veritasinfo.org\/"},{"@type":"ListItem","position":2,"name":"Biv\u0161i pripadnik MUP-a Srbije produ\u017een je pritvor u slu\u010daju Vuka\u0161inovic\u0301"}]},{"@type":"WebSite","@id":"https:\/\/veritasinfo.org\/#website","url":"https:\/\/veritasinfo.org\/","name":"","description":"","potentialAction":[{"@type":"SearchAction","target":{"@type":"EntryPoint","urlTemplate":"https:\/\/veritasinfo.org\/?s={search_term_string}"},"query-input":{"@type":"PropertyValueSpecification","valueRequired":true,"valueName":"search_term_string"}}],"inLanguage":"en-US"},{"@type":"Person","@id":"https:\/\/veritasinfo.org\/#\/schema\/person\/fe199eede04c3937362892b7444747cc","name":"US6","image":{"@type":"ImageObject","inLanguage":"en-US","@id":"https:\/\/veritasinfo.org\/#\/schema\/person\/image\/","url":"https:\/\/secure.gravatar.com\/avatar\/cb16c3c31c9d23b9b8c705964598220b3014e42ff51eb540ff23cefa3ae8c15f?s=96&d=mm&r=g","contentUrl":"https:\/\/secure.gravatar.com\/avatar\/cb16c3c31c9d23b9b8c705964598220b3014e42ff51eb540ff23cefa3ae8c15f?s=96&d=mm&r=g","caption":"US6"},"url":"https:\/\/veritasinfo.org\/?author=7"}]}},"featured_image_urls":{"full":["https:\/\/veritasinfo.org\/wp-content\/uploads\/2026\/09\/757665_vukasinovic-1.webp",762,425,false],"thumbnail":["https:\/\/veritasinfo.org\/wp-content\/uploads\/2026\/09\/757665_vukasinovic-1-150x150.webp",150,150,true],"medium":["https:\/\/veritasinfo.org\/wp-content\/uploads\/2026\/09\/757665_vukasinovic-1-300x167.webp",300,167,true],"medium_large":["https:\/\/veritasinfo.org\/wp-content\/uploads\/2026\/09\/757665_vukasinovic-1.webp",640,357,false],"large":["https:\/\/veritasinfo.org\/wp-content\/uploads\/2026\/09\/757665_vukasinovic-1.webp",640,357,false],"1536x1536":["https:\/\/veritasinfo.org\/wp-content\/uploads\/2026\/09\/757665_vukasinovic-1.webp",762,425,false],"2048x2048":["https:\/\/veritasinfo.org\/wp-content\/uploads\/2026\/09\/757665_vukasinovic-1.webp",762,425,false],"kreeti-slider-full":["https:\/\/veritasinfo.org\/wp-content\/uploads\/2026\/09\/757665_vukasinovic-1.webp",762,425,false],"kreeti-featured":["https:\/\/veritasinfo.org\/wp-content\/uploads\/2026\/09\/757665_vukasinovic-1.webp",762,425,false],"kreeti-medium":["https:\/\/veritasinfo.org\/wp-content\/uploads\/2026\/09\/757665_vukasinovic-1-720x425.webp",720,425,true],"kreeti-medium-square":["https:\/\/veritasinfo.org\/wp-content\/uploads\/2026\/09\/757665_vukasinovic-1-350x350.webp",350,350,true]},"author_info":{"info":["US6"]},"category_info":"<a href=\"https:\/\/veritasinfo.org\/?cat=30&#038;lang=sr\" rel=\"category\">Dru\u0161tvo<\/a>","tag_info":"Dru\u0161tvo","comment_count":"0","_links":{"self":[{"href":"https:\/\/veritasinfo.org\/index.php?rest_route=\/wp\/v2\/posts\/64033","targetHints":{"allow":["GET"]}}],"collection":[{"href":"https:\/\/veritasinfo.org\/index.php?rest_route=\/wp\/v2\/posts"}],"about":[{"href":"https:\/\/veritasinfo.org\/index.php?rest_route=\/wp\/v2\/types\/post"}],"author":[{"embeddable":true,"href":"https:\/\/veritasinfo.org\/index.php?rest_route=\/wp\/v2\/users\/7"}],"replies":[{"embeddable":true,"href":"https:\/\/veritasinfo.org\/index.php?rest_route=%2Fwp%2Fv2%2Fcomments&post=64033"}],"version-history":[{"count":1,"href":"https:\/\/veritasinfo.org\/index.php?rest_route=\/wp\/v2\/posts\/64033\/revisions"}],"predecessor-version":[{"id":64035,"href":"https:\/\/veritasinfo.org\/index.php?rest_route=\/wp\/v2\/posts\/64033\/revisions\/64035"}],"wp:featuredmedia":[{"embeddable":true,"href":"https:\/\/veritasinfo.org\/index.php?rest_route=\/wp\/v2\/media\/64034"}],"wp:attachment":[{"href":"https:\/\/veritasinfo.org\/index.php?rest_route=%2Fwp%2Fv2%2Fmedia&parent=64033"}],"wp:term":[{"taxonomy":"category","embeddable":true,"href":"https:\/\/veritasinfo.org\/index.php?rest_route=%2Fwp%2Fv2%2Fcategories&post=64033"},{"taxonomy":"post_tag","embeddable":true,"href":"https:\/\/veritasinfo.org\/index.php?rest_route=%2Fwp%2Fv2%2Ftags&post=64033"}],"curies":[{"name":"wp","href":"https:\/\/api.w.org\/{rel}","templated":true}]}}