{"id":64030,"date":"2026-09-03T19:40:38","date_gmt":"2026-09-03T17:40:38","guid":{"rendered":"https:\/\/veritasinfo.org\/?p=64030"},"modified":"2026-09-03T19:40:38","modified_gmt":"2026-09-03T17:40:38","slug":"ish-pjesetarit-te-mpb-se-serbe-i-vazhdohet-paraburgimi-per-rastin-e-vukashinoviqit","status":"publish","type":"post","link":"https:\/\/veritasinfo.org\/?p=64030","title":{"rendered":"Ish-pjes\u00ebtarit t\u00eb MPB-s\u00eb serbe i vazhdohet paraburgimi p\u00ebr rastin e Vukashinoviqit"},"content":{"rendered":"<p>Prishtin\u00eb, 3 shtator 2026<\/p>\n<p>N\u00eb seanc\u00ebn e shqyrtimit fillestar t\u00eb mbajtur m\u00eb 31 gusht 2026, V.M., ish-pjes\u00ebtar i Ministris\u00eb s\u00eb Pun\u00ebve t\u00eb Brendshme t\u00eb Serbis\u00eb, \u00ebsht\u00eb deklaruar i pafajsh\u00ebm ndaj akuzave p\u00ebr p\u00ebrfshirje n\u00eb rastin e rr\u00ebmbimit dhe plagosjes s\u00eb Milan Vukashinoviqit.<\/p>\n<p>Ndaj V.M. \u00ebsht\u00eb ngritur aktakuz\u00eb, nd\u00ebrsa pas mbajtjes s\u00eb seanc\u00ebs fillestare, \u00e7\u00ebshtja penale aktualisht ndodhet n\u00eb faz\u00ebn e kund\u00ebrshtimit t\u00eb provave. Nd\u00ebrkoh\u00eb, Gjykata Themelore n\u00eb Mitrovic\u00eb ka vendosur q\u00eb t\u2019ia vazhdoj\u00eb edhe p\u00ebr dy muaj mas\u00ebn e paraburgimit. Vendimi \u00ebsht\u00eb marr\u00eb m\u00eb 13 gusht 2026 dhe \u00ebsht\u00eb v\u00ebrtetuar edhe nga Gjykata e Apelit.<\/p>\n<p>Lajmin p\u00ebr vazhdimin e paraburgimit e ka konfirmuar p\u00ebr KosovaPress, z\u00ebdh\u00ebn\u00ebsja e Gjykat\u00ebs Themelore n\u00eb Mitrovic\u00eb, Hateme Haxhaj.<\/p>\n<p>\u201cT\u00eb pandehurit V.M. i \u00ebsht\u00eb vazhduar masa e paraburgimit deri m\u00eb 16.10.2026\u201d, ka deklaruar Haxhaj. V.M. ndodhet n\u00eb paraburgim q\u00eb nga arrestimi i tij n\u00eb dhjetor t\u00eb vitit 2025, n\u00eb kuad\u00ebr t\u00eb hetimeve lidhur me rastin e Milan Vukashinoviqit, shtetas i Kosov\u00ebs me nacionalitet serb.<\/p>\n<p>Vukashinoviq dyshohet se m\u00eb 1 n\u00ebntor 2025 ishte plagosur dhe m\u00eb pas rr\u00ebmbyer n\u00eb af\u00ebrsi t\u00eb Leposaviqit nga pjes\u00ebtar\u00eb t\u00eb xhandarm\u00ebris\u00eb serbe.<\/p>\n<p>M\u00eb 20 dhjetor 2025, ministri i Pun\u00ebve t\u00eb Brendshme, Xhelal Sve\u00e7la, kishte b\u00ebr\u00eb t\u00eb ditur se V.M. ishte arrestuar n\u00eb Leshak, n\u00eb nj\u00eb operacion t\u00eb p\u00ebrbashk\u00ebt t\u00eb Policis\u00eb s\u00eb Kosov\u00ebs dhe Agjencis\u00eb s\u00eb Kosov\u00ebs p\u00ebr Inteligjenc\u00eb.<\/p>\n<p>Sipas deklarimeve t\u00eb Sve\u00e7l\u00ebs, V.M. kishte qen\u00eb pjes\u00eb e Policis\u00eb s\u00eb Kosov\u00ebs pas integrimit n\u00eb baz\u00eb t\u00eb marr\u00ebveshjes s\u00eb vitit 2013, por m\u00eb von\u00eb kishte dh\u00ebn\u00eb dor\u00ebheqje. Ai kishte deklaruar se ekzistonin dyshime p\u00ebr bashk\u00ebpunim t\u00eb V.M.-s\u00eb me strukturat e siguris\u00eb s\u00eb Serbis\u00eb dhe p\u00ebr p\u00ebrfshirje n\u00eb rastin e Vukashinoviqit.<\/p>\n<p>N\u00eb kuad\u00ebr t\u00eb hetimeve, pas urdhrit t\u00eb Gjykat\u00ebs p\u00ebr kontroll, Policia e Kosov\u00ebs kishte bastisur sht\u00ebpin\u00eb dhe objektet p\u00ebrcjell\u00ebse t\u00eb V.M.-s\u00eb. Gjat\u00eb kontrollit ishin sekuestruar n\u00ebnt\u00eb telefona celular\u00eb, nj\u00eb laptop, tri dokumente, nj\u00eb pushk\u00eb gjuetie me 39 fishek\u00eb, nj\u00eb jelek p\u00ebr fishek\u00eb t\u00eb arm\u00ebs s\u00eb gjuetis\u00eb dhe nj\u00eb tyt\u00eb arme.<\/p>\n","protected":false},"excerpt":{"rendered":"<p>Prishtin\u00eb, 3 shtator 2026 N\u00eb seanc\u00ebn e shqyrtimit fillestar t\u00eb mbajtur m\u00eb 31 gusht 2026, V.M., ish-pjes\u00ebtar i Ministris\u00eb s\u00eb Pun\u00ebve t\u00eb Brendshme t\u00eb Serbis\u00eb,<\/p>\n","protected":false},"author":7,"featured_media":64031,"comment_status":"open","ping_status":"open","sticky":false,"template":"","format":"standard","meta":{"footnotes":""},"categories":[60],"tags":[],"class_list":["post-64030","post","type-post","status-publish","format-standard","has-post-thumbnail","hentry","category-shoqerore-sq"],"yoast_head":"<!-- This site is optimized with the Yoast SEO plugin v25.3.1 - https:\/\/yoast.com\/wordpress\/plugins\/seo\/ -->\n<title>Ish-pjes\u00ebtarit t\u00eb MPB-s\u00eb serbe i vazhdohet paraburgimi p\u00ebr rastin e Vukashinoviqit -<\/title>\n<meta name=\"robots\" content=\"index, follow, max-snippet:-1, max-image-preview:large, max-video-preview:-1\" \/>\n<link rel=\"canonical\" href=\"https:\/\/veritasinfo.org\/?p=64030\" \/>\n<meta property=\"og:locale\" content=\"en_US\" \/>\n<meta property=\"og:type\" content=\"article\" \/>\n<meta property=\"og:title\" content=\"Ish-pjes\u00ebtarit t\u00eb MPB-s\u00eb serbe i vazhdohet paraburgimi p\u00ebr rastin e Vukashinoviqit -\" \/>\n<meta property=\"og:description\" content=\"Prishtin\u00eb, 3 shtator 2026 N\u00eb seanc\u00ebn e shqyrtimit fillestar t\u00eb mbajtur m\u00eb 31 gusht 2026, V.M., ish-pjes\u00ebtar i Ministris\u00eb s\u00eb Pun\u00ebve t\u00eb Brendshme t\u00eb Serbis\u00eb,\" \/>\n<meta property=\"og:url\" content=\"https:\/\/veritasinfo.org\/?p=64030\" \/>\n<meta property=\"article:published_time\" content=\"2026-09-03T17:40:38+00:00\" \/>\n<meta property=\"og:image\" content=\"https:\/\/veritasinfo.org\/wp-content\/uploads\/2026\/09\/757665_vukasinovic.webp\" \/>\n\t<meta property=\"og:image:width\" content=\"762\" \/>\n\t<meta property=\"og:image:height\" content=\"425\" \/>\n\t<meta property=\"og:image:type\" content=\"image\/webp\" \/>\n<meta name=\"author\" content=\"US6\" \/>\n<meta name=\"twitter:card\" content=\"summary_large_image\" \/>\n<meta name=\"twitter:label1\" content=\"Written by\" \/>\n\t<meta name=\"twitter:data1\" content=\"US6\" \/>\n\t<meta name=\"twitter:label2\" content=\"Est. reading time\" \/>\n\t<meta name=\"twitter:data2\" content=\"2 minutes\" \/>\n<script type=\"application\/ld+json\" class=\"yoast-schema-graph\">{\"@context\":\"https:\/\/schema.org\",\"@graph\":[{\"@type\":\"WebPage\",\"@id\":\"https:\/\/veritasinfo.org\/?p=64030\",\"url\":\"https:\/\/veritasinfo.org\/?p=64030\",\"name\":\"Ish-pjes\u00ebtarit t\u00eb MPB-s\u00eb serbe i vazhdohet paraburgimi p\u00ebr rastin e Vukashinoviqit -\",\"isPartOf\":{\"@id\":\"https:\/\/veritasinfo.org\/#website\"},\"primaryImageOfPage\":{\"@id\":\"https:\/\/veritasinfo.org\/?p=64030#primaryimage\"},\"image\":{\"@id\":\"https:\/\/veritasinfo.org\/?p=64030#primaryimage\"},\"thumbnailUrl\":\"https:\/\/veritasinfo.org\/wp-content\/uploads\/2026\/09\/757665_vukasinovic.webp\",\"datePublished\":\"2026-09-03T17:40:38+00:00\",\"author\":{\"@id\":\"https:\/\/veritasinfo.org\/#\/schema\/person\/fe199eede04c3937362892b7444747cc\"},\"breadcrumb\":{\"@id\":\"https:\/\/veritasinfo.org\/?p=64030#breadcrumb\"},\"inLanguage\":\"en-US\",\"potentialAction\":[{\"@type\":\"ReadAction\",\"target\":[\"https:\/\/veritasinfo.org\/?p=64030\"]}]},{\"@type\":\"ImageObject\",\"inLanguage\":\"en-US\",\"@id\":\"https:\/\/veritasinfo.org\/?p=64030#primaryimage\",\"url\":\"https:\/\/veritasinfo.org\/wp-content\/uploads\/2026\/09\/757665_vukasinovic.webp\",\"contentUrl\":\"https:\/\/veritasinfo.org\/wp-content\/uploads\/2026\/09\/757665_vukasinovic.webp\",\"width\":762,\"height\":425},{\"@type\":\"BreadcrumbList\",\"@id\":\"https:\/\/veritasinfo.org\/?p=64030#breadcrumb\",\"itemListElement\":[{\"@type\":\"ListItem\",\"position\":1,\"name\":\"Home\",\"item\":\"https:\/\/veritasinfo.org\/\"},{\"@type\":\"ListItem\",\"position\":2,\"name\":\"Ish-pjes\u00ebtarit t\u00eb MPB-s\u00eb serbe i vazhdohet paraburgimi p\u00ebr rastin e Vukashinoviqit\"}]},{\"@type\":\"WebSite\",\"@id\":\"https:\/\/veritasinfo.org\/#website\",\"url\":\"https:\/\/veritasinfo.org\/\",\"name\":\"\",\"description\":\"\",\"potentialAction\":[{\"@type\":\"SearchAction\",\"target\":{\"@type\":\"EntryPoint\",\"urlTemplate\":\"https:\/\/veritasinfo.org\/?s={search_term_string}\"},\"query-input\":{\"@type\":\"PropertyValueSpecification\",\"valueRequired\":true,\"valueName\":\"search_term_string\"}}],\"inLanguage\":\"en-US\"},{\"@type\":\"Person\",\"@id\":\"https:\/\/veritasinfo.org\/#\/schema\/person\/fe199eede04c3937362892b7444747cc\",\"name\":\"US6\",\"image\":{\"@type\":\"ImageObject\",\"inLanguage\":\"en-US\",\"@id\":\"https:\/\/veritasinfo.org\/#\/schema\/person\/image\/\",\"url\":\"https:\/\/secure.gravatar.com\/avatar\/cb16c3c31c9d23b9b8c705964598220b3014e42ff51eb540ff23cefa3ae8c15f?s=96&d=mm&r=g\",\"contentUrl\":\"https:\/\/secure.gravatar.com\/avatar\/cb16c3c31c9d23b9b8c705964598220b3014e42ff51eb540ff23cefa3ae8c15f?s=96&d=mm&r=g\",\"caption\":\"US6\"},\"url\":\"https:\/\/veritasinfo.org\/?author=7\"}]}<\/script>\n<!-- \/ Yoast SEO plugin. -->","yoast_head_json":{"title":"Ish-pjes\u00ebtarit t\u00eb MPB-s\u00eb serbe i vazhdohet paraburgimi p\u00ebr rastin e Vukashinoviqit -","robots":{"index":"index","follow":"follow","max-snippet":"max-snippet:-1","max-image-preview":"max-image-preview:large","max-video-preview":"max-video-preview:-1"},"canonical":"https:\/\/veritasinfo.org\/?p=64030","og_locale":"en_US","og_type":"article","og_title":"Ish-pjes\u00ebtarit t\u00eb MPB-s\u00eb serbe i vazhdohet paraburgimi p\u00ebr rastin e Vukashinoviqit -","og_description":"Prishtin\u00eb, 3 shtator 2026 N\u00eb seanc\u00ebn e shqyrtimit fillestar t\u00eb mbajtur m\u00eb 31 gusht 2026, V.M., ish-pjes\u00ebtar i Ministris\u00eb s\u00eb Pun\u00ebve t\u00eb Brendshme t\u00eb Serbis\u00eb,","og_url":"https:\/\/veritasinfo.org\/?p=64030","article_published_time":"2026-09-03T17:40:38+00:00","og_image":[{"width":762,"height":425,"url":"https:\/\/veritasinfo.org\/wp-content\/uploads\/2026\/09\/757665_vukasinovic.webp","type":"image\/webp"}],"author":"US6","twitter_card":"summary_large_image","twitter_misc":{"Written by":"US6","Est. reading time":"2 minutes"},"schema":{"@context":"https:\/\/schema.org","@graph":[{"@type":"WebPage","@id":"https:\/\/veritasinfo.org\/?p=64030","url":"https:\/\/veritasinfo.org\/?p=64030","name":"Ish-pjes\u00ebtarit t\u00eb MPB-s\u00eb serbe i vazhdohet paraburgimi p\u00ebr rastin e Vukashinoviqit -","isPartOf":{"@id":"https:\/\/veritasinfo.org\/#website"},"primaryImageOfPage":{"@id":"https:\/\/veritasinfo.org\/?p=64030#primaryimage"},"image":{"@id":"https:\/\/veritasinfo.org\/?p=64030#primaryimage"},"thumbnailUrl":"https:\/\/veritasinfo.org\/wp-content\/uploads\/2026\/09\/757665_vukasinovic.webp","datePublished":"2026-09-03T17:40:38+00:00","author":{"@id":"https:\/\/veritasinfo.org\/#\/schema\/person\/fe199eede04c3937362892b7444747cc"},"breadcrumb":{"@id":"https:\/\/veritasinfo.org\/?p=64030#breadcrumb"},"inLanguage":"en-US","potentialAction":[{"@type":"ReadAction","target":["https:\/\/veritasinfo.org\/?p=64030"]}]},{"@type":"ImageObject","inLanguage":"en-US","@id":"https:\/\/veritasinfo.org\/?p=64030#primaryimage","url":"https:\/\/veritasinfo.org\/wp-content\/uploads\/2026\/09\/757665_vukasinovic.webp","contentUrl":"https:\/\/veritasinfo.org\/wp-content\/uploads\/2026\/09\/757665_vukasinovic.webp","width":762,"height":425},{"@type":"BreadcrumbList","@id":"https:\/\/veritasinfo.org\/?p=64030#breadcrumb","itemListElement":[{"@type":"ListItem","position":1,"name":"Home","item":"https:\/\/veritasinfo.org\/"},{"@type":"ListItem","position":2,"name":"Ish-pjes\u00ebtarit t\u00eb MPB-s\u00eb serbe i vazhdohet paraburgimi p\u00ebr rastin e Vukashinoviqit"}]},{"@type":"WebSite","@id":"https:\/\/veritasinfo.org\/#website","url":"https:\/\/veritasinfo.org\/","name":"","description":"","potentialAction":[{"@type":"SearchAction","target":{"@type":"EntryPoint","urlTemplate":"https:\/\/veritasinfo.org\/?s={search_term_string}"},"query-input":{"@type":"PropertyValueSpecification","valueRequired":true,"valueName":"search_term_string"}}],"inLanguage":"en-US"},{"@type":"Person","@id":"https:\/\/veritasinfo.org\/#\/schema\/person\/fe199eede04c3937362892b7444747cc","name":"US6","image":{"@type":"ImageObject","inLanguage":"en-US","@id":"https:\/\/veritasinfo.org\/#\/schema\/person\/image\/","url":"https:\/\/secure.gravatar.com\/avatar\/cb16c3c31c9d23b9b8c705964598220b3014e42ff51eb540ff23cefa3ae8c15f?s=96&d=mm&r=g","contentUrl":"https:\/\/secure.gravatar.com\/avatar\/cb16c3c31c9d23b9b8c705964598220b3014e42ff51eb540ff23cefa3ae8c15f?s=96&d=mm&r=g","caption":"US6"},"url":"https:\/\/veritasinfo.org\/?author=7"}]}},"featured_image_urls":{"full":["https:\/\/veritasinfo.org\/wp-content\/uploads\/2026\/09\/757665_vukasinovic.webp",762,425,false],"thumbnail":["https:\/\/veritasinfo.org\/wp-content\/uploads\/2026\/09\/757665_vukasinovic-150x150.webp",150,150,true],"medium":["https:\/\/veritasinfo.org\/wp-content\/uploads\/2026\/09\/757665_vukasinovic-300x167.webp",300,167,true],"medium_large":["https:\/\/veritasinfo.org\/wp-content\/uploads\/2026\/09\/757665_vukasinovic.webp",640,357,false],"large":["https:\/\/veritasinfo.org\/wp-content\/uploads\/2026\/09\/757665_vukasinovic.webp",640,357,false],"1536x1536":["https:\/\/veritasinfo.org\/wp-content\/uploads\/2026\/09\/757665_vukasinovic.webp",762,425,false],"2048x2048":["https:\/\/veritasinfo.org\/wp-content\/uploads\/2026\/09\/757665_vukasinovic.webp",762,425,false],"kreeti-slider-full":["https:\/\/veritasinfo.org\/wp-content\/uploads\/2026\/09\/757665_vukasinovic.webp",762,425,false],"kreeti-featured":["https:\/\/veritasinfo.org\/wp-content\/uploads\/2026\/09\/757665_vukasinovic.webp",762,425,false],"kreeti-medium":["https:\/\/veritasinfo.org\/wp-content\/uploads\/2026\/09\/757665_vukasinovic-720x425.webp",720,425,true],"kreeti-medium-square":["https:\/\/veritasinfo.org\/wp-content\/uploads\/2026\/09\/757665_vukasinovic-350x350.webp",350,350,true]},"author_info":{"info":["US6"]},"category_info":"<a href=\"https:\/\/veritasinfo.org\/?cat=60\" rel=\"category\">Shoq\u00ebrore<\/a>","tag_info":"Shoq\u00ebrore","comment_count":"0","_links":{"self":[{"href":"https:\/\/veritasinfo.org\/index.php?rest_route=\/wp\/v2\/posts\/64030","targetHints":{"allow":["GET"]}}],"collection":[{"href":"https:\/\/veritasinfo.org\/index.php?rest_route=\/wp\/v2\/posts"}],"about":[{"href":"https:\/\/veritasinfo.org\/index.php?rest_route=\/wp\/v2\/types\/post"}],"author":[{"embeddable":true,"href":"https:\/\/veritasinfo.org\/index.php?rest_route=\/wp\/v2\/users\/7"}],"replies":[{"embeddable":true,"href":"https:\/\/veritasinfo.org\/index.php?rest_route=%2Fwp%2Fv2%2Fcomments&post=64030"}],"version-history":[{"count":1,"href":"https:\/\/veritasinfo.org\/index.php?rest_route=\/wp\/v2\/posts\/64030\/revisions"}],"predecessor-version":[{"id":64032,"href":"https:\/\/veritasinfo.org\/index.php?rest_route=\/wp\/v2\/posts\/64030\/revisions\/64032"}],"wp:featuredmedia":[{"embeddable":true,"href":"https:\/\/veritasinfo.org\/index.php?rest_route=\/wp\/v2\/media\/64031"}],"wp:attachment":[{"href":"https:\/\/veritasinfo.org\/index.php?rest_route=%2Fwp%2Fv2%2Fmedia&parent=64030"}],"wp:term":[{"taxonomy":"category","embeddable":true,"href":"https:\/\/veritasinfo.org\/index.php?rest_route=%2Fwp%2Fv2%2Fcategories&post=64030"},{"taxonomy":"post_tag","embeddable":true,"href":"https:\/\/veritasinfo.org\/index.php?rest_route=%2Fwp%2Fv2%2Ftags&post=64030"}],"curies":[{"name":"wp","href":"https:\/\/api.w.org\/{rel}","templated":true}]}}