{"id":64027,"date":"2026-09-03T19:22:56","date_gmt":"2026-09-03T17:22:56","guid":{"rendered":"https:\/\/veritasinfo.org\/?p=64027"},"modified":"2026-09-03T19:23:09","modified_gmt":"2026-09-03T17:23:09","slug":"sarping-dokumentovao-zlocine-milosevicevog-rezima-kurti-izrazava-zahvalnost","status":"publish","type":"post","link":"https:\/\/veritasinfo.org\/?p=64027&lang=sr","title":{"rendered":"\u0160arping dokumentovao zlo\u010dine Milo\u0161evic\u0301evog re\u017eima, Kurti izra\u017eava zahvalnost"},"content":{"rendered":"<p>Pri\u0161tina, 3. septembar 2026. 19:19<\/p>\n<p>Vr\u0161ilac du\u017enosti premijera Republike Kosovo, Aljbin Kurti, primio je na sastanku biv\u0161eg ministra odbrane Savezne Republike Nema\u010dke, Rudolfa \u0160arpinga, koji je obavljao ovu funkciju u periodu 1998\u20132002.<\/p>\n<p>Premijer Kurti zahvalio se \u0160arpingu na njegovoj vitalnoj ulozi i vrednom doprinosu u koordinaciji politi\u010dkih i vojnih akcija Nema\u010dke sa saveznicima NATO-a tokom intervencije 1999. godine, isti\u010duc\u0301i da je stajao uz narod Kosova u najte\u017eim vremenima.<\/p>\n<p>\u201eOsuda plana &#8216;Konjski vrat&#8217;, kao i ubistva, masakri, etni\u010dko \u010di\u0161c\u0301enje i genocid Srbije nad Albancima u poslednjem ratu na Kosovu, pored insistiranja na zalaganju za intervenciju NATO-a, stavovi su koji biv\u0161eg nema\u010dkog ministra odbrane, Rudolfa \u0160arpinga, zauvek stavljaju na pravu stranu istorije\u201c, rekao je Kurti.<\/p>\n<p>Na sastanku su istaknuti i njegovi memoari \u201eVir durfen nicht vegsehen: Der Kosovo-Krieg und Europa\u201c, u kojima \u0160arping dokumentuje stradanje albanskog naroda i zlo\u010dine re\u017eima Slobodana Milo\u0161evic\u0301a.<\/p>\n","protected":false},"excerpt":{"rendered":"<p>Pri\u0161tina, 3. septembar 2026. 19:19 Vr\u0161ilac du\u017enosti premijera Republike Kosovo, Aljbin Kurti, primio je na sastanku biv\u0161eg ministra odbrane Savezne Republike Nema\u010dke, Rudolfa \u0160arpinga, koji<\/p>\n","protected":false},"author":7,"featured_media":64028,"comment_status":"open","ping_status":"open","sticky":false,"template":"","format":"standard","meta":{"footnotes":""},"categories":[28],"tags":[],"class_list":["post-64027","post","type-post","status-publish","format-standard","has-post-thumbnail","hentry","category-politika"],"yoast_head":"<!-- This site is optimized with the Yoast SEO plugin v25.3.1 - https:\/\/yoast.com\/wordpress\/plugins\/seo\/ -->\n<title>\u0160arping dokumentovao zlo\u010dine Milo\u0161evic\u0301evog re\u017eima, Kurti izra\u017eava zahvalnost -<\/title>\n<meta name=\"robots\" content=\"index, follow, max-snippet:-1, max-image-preview:large, max-video-preview:-1\" \/>\n<link rel=\"canonical\" href=\"https:\/\/veritasinfo.org\/?p=64027&lang=sr\" \/>\n<meta property=\"og:locale\" content=\"en_US\" \/>\n<meta property=\"og:type\" content=\"article\" \/>\n<meta property=\"og:title\" content=\"\u0160arping dokumentovao zlo\u010dine Milo\u0161evic\u0301evog re\u017eima, Kurti izra\u017eava zahvalnost -\" \/>\n<meta property=\"og:description\" content=\"Pri\u0161tina, 3. septembar 2026. 19:19 Vr\u0161ilac du\u017enosti premijera Republike Kosovo, Aljbin Kurti, primio je na sastanku biv\u0161eg ministra odbrane Savezne Republike Nema\u010dke, Rudolfa \u0160arpinga, koji\" \/>\n<meta property=\"og:url\" content=\"https:\/\/veritasinfo.org\/?p=64027&amp;lang=sr\" \/>\n<meta property=\"article:published_time\" content=\"2026-09-03T17:22:56+00:00\" \/>\n<meta property=\"article:modified_time\" content=\"2026-09-03T17:23:09+00:00\" \/>\n<meta property=\"og:image\" content=\"https:\/\/veritasinfo.org\/wp-content\/uploads\/2026\/09\/55505776381_e7fbce264d_o-1-scaled.jpg\" \/>\n\t<meta property=\"og:image:width\" content=\"2560\" \/>\n\t<meta property=\"og:image:height\" content=\"1704\" \/>\n\t<meta property=\"og:image:type\" content=\"image\/jpeg\" \/>\n<meta name=\"author\" content=\"US6\" \/>\n<meta name=\"twitter:card\" content=\"summary_large_image\" \/>\n<meta name=\"twitter:label1\" content=\"Written by\" \/>\n\t<meta name=\"twitter:data1\" content=\"US6\" \/>\n\t<meta name=\"twitter:label2\" content=\"Est. reading time\" \/>\n\t<meta name=\"twitter:data2\" content=\"1 minute\" \/>\n<script type=\"application\/ld+json\" class=\"yoast-schema-graph\">{\"@context\":\"https:\/\/schema.org\",\"@graph\":[{\"@type\":\"WebPage\",\"@id\":\"https:\/\/veritasinfo.org\/?p=64027&lang=sr\",\"url\":\"https:\/\/veritasinfo.org\/?p=64027&lang=sr\",\"name\":\"\u0160arping dokumentovao zlo\u010dine Milo\u0161evic\u0301evog re\u017eima, Kurti izra\u017eava zahvalnost -\",\"isPartOf\":{\"@id\":\"https:\/\/veritasinfo.org\/#website\"},\"primaryImageOfPage\":{\"@id\":\"https:\/\/veritasinfo.org\/?p=64027&lang=sr#primaryimage\"},\"image\":{\"@id\":\"https:\/\/veritasinfo.org\/?p=64027&lang=sr#primaryimage\"},\"thumbnailUrl\":\"https:\/\/veritasinfo.org\/wp-content\/uploads\/2026\/09\/55505776381_e7fbce264d_o-1-scaled.jpg\",\"datePublished\":\"2026-09-03T17:22:56+00:00\",\"dateModified\":\"2026-09-03T17:23:09+00:00\",\"author\":{\"@id\":\"https:\/\/veritasinfo.org\/#\/schema\/person\/fe199eede04c3937362892b7444747cc\"},\"breadcrumb\":{\"@id\":\"https:\/\/veritasinfo.org\/?p=64027&lang=sr#breadcrumb\"},\"inLanguage\":\"en-US\",\"potentialAction\":[{\"@type\":\"ReadAction\",\"target\":[\"https:\/\/veritasinfo.org\/?p=64027&lang=sr\"]}]},{\"@type\":\"ImageObject\",\"inLanguage\":\"en-US\",\"@id\":\"https:\/\/veritasinfo.org\/?p=64027&lang=sr#primaryimage\",\"url\":\"https:\/\/veritasinfo.org\/wp-content\/uploads\/2026\/09\/55505776381_e7fbce264d_o-1-scaled.jpg\",\"contentUrl\":\"https:\/\/veritasinfo.org\/wp-content\/uploads\/2026\/09\/55505776381_e7fbce264d_o-1-scaled.jpg\",\"width\":2560,\"height\":1704},{\"@type\":\"BreadcrumbList\",\"@id\":\"https:\/\/veritasinfo.org\/?p=64027&lang=sr#breadcrumb\",\"itemListElement\":[{\"@type\":\"ListItem\",\"position\":1,\"name\":\"Home\",\"item\":\"https:\/\/veritasinfo.org\/\"},{\"@type\":\"ListItem\",\"position\":2,\"name\":\"\u0160arping dokumentovao zlo\u010dine Milo\u0161evic\u0301evog re\u017eima, Kurti izra\u017eava zahvalnost\"}]},{\"@type\":\"WebSite\",\"@id\":\"https:\/\/veritasinfo.org\/#website\",\"url\":\"https:\/\/veritasinfo.org\/\",\"name\":\"\",\"description\":\"\",\"potentialAction\":[{\"@type\":\"SearchAction\",\"target\":{\"@type\":\"EntryPoint\",\"urlTemplate\":\"https:\/\/veritasinfo.org\/?s={search_term_string}\"},\"query-input\":{\"@type\":\"PropertyValueSpecification\",\"valueRequired\":true,\"valueName\":\"search_term_string\"}}],\"inLanguage\":\"en-US\"},{\"@type\":\"Person\",\"@id\":\"https:\/\/veritasinfo.org\/#\/schema\/person\/fe199eede04c3937362892b7444747cc\",\"name\":\"US6\",\"image\":{\"@type\":\"ImageObject\",\"inLanguage\":\"en-US\",\"@id\":\"https:\/\/veritasinfo.org\/#\/schema\/person\/image\/\",\"url\":\"https:\/\/secure.gravatar.com\/avatar\/cb16c3c31c9d23b9b8c705964598220b3014e42ff51eb540ff23cefa3ae8c15f?s=96&d=mm&r=g\",\"contentUrl\":\"https:\/\/secure.gravatar.com\/avatar\/cb16c3c31c9d23b9b8c705964598220b3014e42ff51eb540ff23cefa3ae8c15f?s=96&d=mm&r=g\",\"caption\":\"US6\"},\"url\":\"https:\/\/veritasinfo.org\/?author=7\"}]}<\/script>\n<!-- \/ Yoast SEO plugin. -->","yoast_head_json":{"title":"\u0160arping dokumentovao zlo\u010dine Milo\u0161evic\u0301evog re\u017eima, Kurti izra\u017eava zahvalnost -","robots":{"index":"index","follow":"follow","max-snippet":"max-snippet:-1","max-image-preview":"max-image-preview:large","max-video-preview":"max-video-preview:-1"},"canonical":"https:\/\/veritasinfo.org\/?p=64027&lang=sr","og_locale":"en_US","og_type":"article","og_title":"\u0160arping dokumentovao zlo\u010dine Milo\u0161evic\u0301evog re\u017eima, Kurti izra\u017eava zahvalnost -","og_description":"Pri\u0161tina, 3. septembar 2026. 19:19 Vr\u0161ilac du\u017enosti premijera Republike Kosovo, Aljbin Kurti, primio je na sastanku biv\u0161eg ministra odbrane Savezne Republike Nema\u010dke, Rudolfa \u0160arpinga, koji","og_url":"https:\/\/veritasinfo.org\/?p=64027&lang=sr","article_published_time":"2026-09-03T17:22:56+00:00","article_modified_time":"2026-09-03T17:23:09+00:00","og_image":[{"width":2560,"height":1704,"url":"https:\/\/veritasinfo.org\/wp-content\/uploads\/2026\/09\/55505776381_e7fbce264d_o-1-scaled.jpg","type":"image\/jpeg"}],"author":"US6","twitter_card":"summary_large_image","twitter_misc":{"Written by":"US6","Est. reading time":"1 minute"},"schema":{"@context":"https:\/\/schema.org","@graph":[{"@type":"WebPage","@id":"https:\/\/veritasinfo.org\/?p=64027&lang=sr","url":"https:\/\/veritasinfo.org\/?p=64027&lang=sr","name":"\u0160arping dokumentovao zlo\u010dine Milo\u0161evic\u0301evog re\u017eima, Kurti izra\u017eava zahvalnost -","isPartOf":{"@id":"https:\/\/veritasinfo.org\/#website"},"primaryImageOfPage":{"@id":"https:\/\/veritasinfo.org\/?p=64027&lang=sr#primaryimage"},"image":{"@id":"https:\/\/veritasinfo.org\/?p=64027&lang=sr#primaryimage"},"thumbnailUrl":"https:\/\/veritasinfo.org\/wp-content\/uploads\/2026\/09\/55505776381_e7fbce264d_o-1-scaled.jpg","datePublished":"2026-09-03T17:22:56+00:00","dateModified":"2026-09-03T17:23:09+00:00","author":{"@id":"https:\/\/veritasinfo.org\/#\/schema\/person\/fe199eede04c3937362892b7444747cc"},"breadcrumb":{"@id":"https:\/\/veritasinfo.org\/?p=64027&lang=sr#breadcrumb"},"inLanguage":"en-US","potentialAction":[{"@type":"ReadAction","target":["https:\/\/veritasinfo.org\/?p=64027&lang=sr"]}]},{"@type":"ImageObject","inLanguage":"en-US","@id":"https:\/\/veritasinfo.org\/?p=64027&lang=sr#primaryimage","url":"https:\/\/veritasinfo.org\/wp-content\/uploads\/2026\/09\/55505776381_e7fbce264d_o-1-scaled.jpg","contentUrl":"https:\/\/veritasinfo.org\/wp-content\/uploads\/2026\/09\/55505776381_e7fbce264d_o-1-scaled.jpg","width":2560,"height":1704},{"@type":"BreadcrumbList","@id":"https:\/\/veritasinfo.org\/?p=64027&lang=sr#breadcrumb","itemListElement":[{"@type":"ListItem","position":1,"name":"Home","item":"https:\/\/veritasinfo.org\/"},{"@type":"ListItem","position":2,"name":"\u0160arping dokumentovao zlo\u010dine Milo\u0161evic\u0301evog re\u017eima, Kurti izra\u017eava zahvalnost"}]},{"@type":"WebSite","@id":"https:\/\/veritasinfo.org\/#website","url":"https:\/\/veritasinfo.org\/","name":"","description":"","potentialAction":[{"@type":"SearchAction","target":{"@type":"EntryPoint","urlTemplate":"https:\/\/veritasinfo.org\/?s={search_term_string}"},"query-input":{"@type":"PropertyValueSpecification","valueRequired":true,"valueName":"search_term_string"}}],"inLanguage":"en-US"},{"@type":"Person","@id":"https:\/\/veritasinfo.org\/#\/schema\/person\/fe199eede04c3937362892b7444747cc","name":"US6","image":{"@type":"ImageObject","inLanguage":"en-US","@id":"https:\/\/veritasinfo.org\/#\/schema\/person\/image\/","url":"https:\/\/secure.gravatar.com\/avatar\/cb16c3c31c9d23b9b8c705964598220b3014e42ff51eb540ff23cefa3ae8c15f?s=96&d=mm&r=g","contentUrl":"https:\/\/secure.gravatar.com\/avatar\/cb16c3c31c9d23b9b8c705964598220b3014e42ff51eb540ff23cefa3ae8c15f?s=96&d=mm&r=g","caption":"US6"},"url":"https:\/\/veritasinfo.org\/?author=7"}]}},"featured_image_urls":{"full":["https:\/\/veritasinfo.org\/wp-content\/uploads\/2026\/09\/55505776381_e7fbce264d_o-1-scaled.jpg",2560,1704,false],"thumbnail":["https:\/\/veritasinfo.org\/wp-content\/uploads\/2026\/09\/55505776381_e7fbce264d_o-1-150x150.jpg",150,150,true],"medium":["https:\/\/veritasinfo.org\/wp-content\/uploads\/2026\/09\/55505776381_e7fbce264d_o-1-300x200.jpg",300,200,true],"medium_large":["https:\/\/veritasinfo.org\/wp-content\/uploads\/2026\/09\/55505776381_e7fbce264d_o-1-768x511.jpg",640,426,true],"large":["https:\/\/veritasinfo.org\/wp-content\/uploads\/2026\/09\/55505776381_e7fbce264d_o-1-1024x682.jpg",640,426,true],"1536x1536":["https:\/\/veritasinfo.org\/wp-content\/uploads\/2026\/09\/55505776381_e7fbce264d_o-1-1536x1022.jpg",1536,1022,true],"2048x2048":["https:\/\/veritasinfo.org\/wp-content\/uploads\/2026\/09\/55505776381_e7fbce264d_o-1-2048x1363.jpg",2048,1363,true],"kreeti-slider-full":["https:\/\/veritasinfo.org\/wp-content\/uploads\/2026\/09\/55505776381_e7fbce264d_o-1-1280x720.jpg",1280,720,true],"kreeti-featured":["https:\/\/veritasinfo.org\/wp-content\/uploads\/2026\/09\/55505776381_e7fbce264d_o-1-1024x682.jpg",1024,682,true],"kreeti-medium":["https:\/\/veritasinfo.org\/wp-content\/uploads\/2026\/09\/55505776381_e7fbce264d_o-1-720x530.jpg",720,530,true],"kreeti-medium-square":["https:\/\/veritasinfo.org\/wp-content\/uploads\/2026\/09\/55505776381_e7fbce264d_o-1-350x350.jpg",350,350,true]},"author_info":{"info":["US6"]},"category_info":"<a href=\"https:\/\/veritasinfo.org\/?cat=28&#038;lang=sr\" rel=\"category\">Politika<\/a>","tag_info":"Politika","comment_count":"0","_links":{"self":[{"href":"https:\/\/veritasinfo.org\/index.php?rest_route=\/wp\/v2\/posts\/64027","targetHints":{"allow":["GET"]}}],"collection":[{"href":"https:\/\/veritasinfo.org\/index.php?rest_route=\/wp\/v2\/posts"}],"about":[{"href":"https:\/\/veritasinfo.org\/index.php?rest_route=\/wp\/v2\/types\/post"}],"author":[{"embeddable":true,"href":"https:\/\/veritasinfo.org\/index.php?rest_route=\/wp\/v2\/users\/7"}],"replies":[{"embeddable":true,"href":"https:\/\/veritasinfo.org\/index.php?rest_route=%2Fwp%2Fv2%2Fcomments&post=64027"}],"version-history":[{"count":1,"href":"https:\/\/veritasinfo.org\/index.php?rest_route=\/wp\/v2\/posts\/64027\/revisions"}],"predecessor-version":[{"id":64029,"href":"https:\/\/veritasinfo.org\/index.php?rest_route=\/wp\/v2\/posts\/64027\/revisions\/64029"}],"wp:featuredmedia":[{"embeddable":true,"href":"https:\/\/veritasinfo.org\/index.php?rest_route=\/wp\/v2\/media\/64028"}],"wp:attachment":[{"href":"https:\/\/veritasinfo.org\/index.php?rest_route=%2Fwp%2Fv2%2Fmedia&parent=64027"}],"wp:term":[{"taxonomy":"category","embeddable":true,"href":"https:\/\/veritasinfo.org\/index.php?rest_route=%2Fwp%2Fv2%2Fcategories&post=64027"},{"taxonomy":"post_tag","embeddable":true,"href":"https:\/\/veritasinfo.org\/index.php?rest_route=%2Fwp%2Fv2%2Ftags&post=64027"}],"curies":[{"name":"wp","href":"https:\/\/api.w.org\/{rel}","templated":true}]}}