{"id":64021,"date":"2026-09-03T17:08:27","date_gmt":"2026-09-03T15:08:27","guid":{"rendered":"https:\/\/veritasinfo.org\/?p=64021"},"modified":"2026-09-03T17:08:27","modified_gmt":"2026-09-03T15:08:27","slug":"kosovo-ucestvuje-na-neformalnom-sastanku-ministara-eu-u-dablinu","status":"publish","type":"post","link":"https:\/\/veritasinfo.org\/?p=64021&lang=sr","title":{"rendered":"Kosovo u\u010destvuje na neformalnom sastanku ministara EU u Dablinu"},"content":{"rendered":"<p>Pri\u0161tina, 3. septembar 2026. 17:05<\/p>\n<p>Glavni pregovara\u010d Republike Kosovo sa Evropskom unijom, Jeton Zuljfaj, predstavlja Kosovo na neformalnom sastanku ministara za evropske poslove, koji se odr\u017eava 3. i 4. septembra u Dablinu, pod irskim predsedavanje Savetom EU.<\/p>\n<p>Prema zvani\u010dnom saop\u0161tenju, ovom sastanku prisustvuju ministri zemalja \u010dlanica EU, predstavnici zemalja kandidata i potencijalnih kandidata, evropski komesari i poslanici Evropskog parlamenta.<\/p>\n<p>Dnevni red sastanka obuhvata tri glavne teme: Vi\u0161egodi\u0161nji finansijski okvir za period 2028\u20132034, pro\u0161irenje Evropske unije i ja\u010danje demokratske odr\u017eivosti EU.<\/p>\n<p>Ministri i predstavnici zemalja kandidata i potencijalnih kandidata pridru\u017eic\u0301e se zemljama \u010dlanicama na posebnoj radnoj sednici o pro\u0161irenju. O\u010dekuje se da c\u0301e i glavni pregovara\u010d Zuljfaj imati intervenciju na ovoj sednici.<\/p>\n<p>O\u010dekuje se da c\u0301e Zuljfaj tokom svog govora predstaviti prioritete Kosova u procesu evropskih integracija, sa posebnim naglaskom na dobijanje statusa zemlje kandidata i otvaranje pregovora o \u010dlanstvu.<\/p>\n<p>Prema stavu Kosova, ovi koraci su zaslu\u017eeni na osnovu preduzetih reformi i postignutih rezultata u procesu evropskih integracija.<\/p>\n<p>\u201eKosovo ostaje posvec\u0301eno svom putu ka Evropskoj uniji i unapre\u0111enju reformi koje pribli\u017eavaju zemlju evropskoj porodici\u201c, navodi se u saop\u0161tenju.<\/p>\n","protected":false},"excerpt":{"rendered":"<p>Pri\u0161tina, 3. septembar 2026. 17:05 Glavni pregovara\u010d Republike Kosovo sa Evropskom unijom, Jeton Zuljfaj, predstavlja Kosovo na neformalnom sastanku ministara za evropske poslove, koji se<\/p>\n","protected":false},"author":7,"featured_media":64022,"comment_status":"open","ping_status":"open","sticky":false,"template":"","format":"standard","meta":{"footnotes":""},"categories":[28],"tags":[],"class_list":["post-64021","post","type-post","status-publish","format-standard","has-post-thumbnail","hentry","category-politika"],"yoast_head":"<!-- This site is optimized with the Yoast SEO plugin v25.3.1 - https:\/\/yoast.com\/wordpress\/plugins\/seo\/ -->\n<title>Kosovo u\u010destvuje na neformalnom sastanku ministara EU u Dablinu -<\/title>\n<meta name=\"robots\" content=\"index, follow, max-snippet:-1, max-image-preview:large, max-video-preview:-1\" \/>\n<link rel=\"canonical\" href=\"https:\/\/veritasinfo.org\/?p=64021&lang=sr\" \/>\n<meta property=\"og:locale\" content=\"en_US\" \/>\n<meta property=\"og:type\" content=\"article\" \/>\n<meta property=\"og:title\" content=\"Kosovo u\u010destvuje na neformalnom sastanku ministara EU u Dablinu -\" \/>\n<meta property=\"og:description\" content=\"Pri\u0161tina, 3. septembar 2026. 17:05 Glavni pregovara\u010d Republike Kosovo sa Evropskom unijom, Jeton Zuljfaj, predstavlja Kosovo na neformalnom sastanku ministara za evropske poslove, koji se\" \/>\n<meta property=\"og:url\" content=\"https:\/\/veritasinfo.org\/?p=64021&amp;lang=sr\" \/>\n<meta property=\"article:published_time\" content=\"2026-09-03T15:08:27+00:00\" \/>\n<meta property=\"og:image\" content=\"https:\/\/veritasinfo.org\/wp-content\/uploads\/2026\/09\/Screenshot_20260903_170507_Chrome-1.jpg\" \/>\n\t<meta property=\"og:image:width\" content=\"991\" \/>\n\t<meta property=\"og:image:height\" content=\"623\" \/>\n\t<meta property=\"og:image:type\" content=\"image\/jpeg\" \/>\n<meta name=\"author\" content=\"US6\" \/>\n<meta name=\"twitter:card\" content=\"summary_large_image\" \/>\n<meta name=\"twitter:label1\" content=\"Written by\" \/>\n\t<meta name=\"twitter:data1\" content=\"US6\" \/>\n\t<meta name=\"twitter:label2\" content=\"Est. reading time\" \/>\n\t<meta name=\"twitter:data2\" content=\"1 minute\" \/>\n<script type=\"application\/ld+json\" class=\"yoast-schema-graph\">{\"@context\":\"https:\/\/schema.org\",\"@graph\":[{\"@type\":\"WebPage\",\"@id\":\"https:\/\/veritasinfo.org\/?p=64021&lang=sr\",\"url\":\"https:\/\/veritasinfo.org\/?p=64021&lang=sr\",\"name\":\"Kosovo u\u010destvuje na neformalnom sastanku ministara EU u Dablinu -\",\"isPartOf\":{\"@id\":\"https:\/\/veritasinfo.org\/#website\"},\"primaryImageOfPage\":{\"@id\":\"https:\/\/veritasinfo.org\/?p=64021&lang=sr#primaryimage\"},\"image\":{\"@id\":\"https:\/\/veritasinfo.org\/?p=64021&lang=sr#primaryimage\"},\"thumbnailUrl\":\"https:\/\/veritasinfo.org\/wp-content\/uploads\/2026\/09\/Screenshot_20260903_170507_Chrome-1.jpg\",\"datePublished\":\"2026-09-03T15:08:27+00:00\",\"author\":{\"@id\":\"https:\/\/veritasinfo.org\/#\/schema\/person\/fe199eede04c3937362892b7444747cc\"},\"breadcrumb\":{\"@id\":\"https:\/\/veritasinfo.org\/?p=64021&lang=sr#breadcrumb\"},\"inLanguage\":\"en-US\",\"potentialAction\":[{\"@type\":\"ReadAction\",\"target\":[\"https:\/\/veritasinfo.org\/?p=64021&lang=sr\"]}]},{\"@type\":\"ImageObject\",\"inLanguage\":\"en-US\",\"@id\":\"https:\/\/veritasinfo.org\/?p=64021&lang=sr#primaryimage\",\"url\":\"https:\/\/veritasinfo.org\/wp-content\/uploads\/2026\/09\/Screenshot_20260903_170507_Chrome-1.jpg\",\"contentUrl\":\"https:\/\/veritasinfo.org\/wp-content\/uploads\/2026\/09\/Screenshot_20260903_170507_Chrome-1.jpg\",\"width\":991,\"height\":623},{\"@type\":\"BreadcrumbList\",\"@id\":\"https:\/\/veritasinfo.org\/?p=64021&lang=sr#breadcrumb\",\"itemListElement\":[{\"@type\":\"ListItem\",\"position\":1,\"name\":\"Home\",\"item\":\"https:\/\/veritasinfo.org\/\"},{\"@type\":\"ListItem\",\"position\":2,\"name\":\"Kosovo u\u010destvuje na neformalnom sastanku ministara EU u Dablinu\"}]},{\"@type\":\"WebSite\",\"@id\":\"https:\/\/veritasinfo.org\/#website\",\"url\":\"https:\/\/veritasinfo.org\/\",\"name\":\"\",\"description\":\"\",\"potentialAction\":[{\"@type\":\"SearchAction\",\"target\":{\"@type\":\"EntryPoint\",\"urlTemplate\":\"https:\/\/veritasinfo.org\/?s={search_term_string}\"},\"query-input\":{\"@type\":\"PropertyValueSpecification\",\"valueRequired\":true,\"valueName\":\"search_term_string\"}}],\"inLanguage\":\"en-US\"},{\"@type\":\"Person\",\"@id\":\"https:\/\/veritasinfo.org\/#\/schema\/person\/fe199eede04c3937362892b7444747cc\",\"name\":\"US6\",\"image\":{\"@type\":\"ImageObject\",\"inLanguage\":\"en-US\",\"@id\":\"https:\/\/veritasinfo.org\/#\/schema\/person\/image\/\",\"url\":\"https:\/\/secure.gravatar.com\/avatar\/cb16c3c31c9d23b9b8c705964598220b3014e42ff51eb540ff23cefa3ae8c15f?s=96&d=mm&r=g\",\"contentUrl\":\"https:\/\/secure.gravatar.com\/avatar\/cb16c3c31c9d23b9b8c705964598220b3014e42ff51eb540ff23cefa3ae8c15f?s=96&d=mm&r=g\",\"caption\":\"US6\"},\"url\":\"https:\/\/veritasinfo.org\/?author=7\"}]}<\/script>\n<!-- \/ Yoast SEO plugin. -->","yoast_head_json":{"title":"Kosovo u\u010destvuje na neformalnom sastanku ministara EU u Dablinu -","robots":{"index":"index","follow":"follow","max-snippet":"max-snippet:-1","max-image-preview":"max-image-preview:large","max-video-preview":"max-video-preview:-1"},"canonical":"https:\/\/veritasinfo.org\/?p=64021&lang=sr","og_locale":"en_US","og_type":"article","og_title":"Kosovo u\u010destvuje na neformalnom sastanku ministara EU u Dablinu -","og_description":"Pri\u0161tina, 3. septembar 2026. 17:05 Glavni pregovara\u010d Republike Kosovo sa Evropskom unijom, Jeton Zuljfaj, predstavlja Kosovo na neformalnom sastanku ministara za evropske poslove, koji se","og_url":"https:\/\/veritasinfo.org\/?p=64021&lang=sr","article_published_time":"2026-09-03T15:08:27+00:00","og_image":[{"width":991,"height":623,"url":"https:\/\/veritasinfo.org\/wp-content\/uploads\/2026\/09\/Screenshot_20260903_170507_Chrome-1.jpg","type":"image\/jpeg"}],"author":"US6","twitter_card":"summary_large_image","twitter_misc":{"Written by":"US6","Est. reading time":"1 minute"},"schema":{"@context":"https:\/\/schema.org","@graph":[{"@type":"WebPage","@id":"https:\/\/veritasinfo.org\/?p=64021&lang=sr","url":"https:\/\/veritasinfo.org\/?p=64021&lang=sr","name":"Kosovo u\u010destvuje na neformalnom sastanku ministara EU u Dablinu -","isPartOf":{"@id":"https:\/\/veritasinfo.org\/#website"},"primaryImageOfPage":{"@id":"https:\/\/veritasinfo.org\/?p=64021&lang=sr#primaryimage"},"image":{"@id":"https:\/\/veritasinfo.org\/?p=64021&lang=sr#primaryimage"},"thumbnailUrl":"https:\/\/veritasinfo.org\/wp-content\/uploads\/2026\/09\/Screenshot_20260903_170507_Chrome-1.jpg","datePublished":"2026-09-03T15:08:27+00:00","author":{"@id":"https:\/\/veritasinfo.org\/#\/schema\/person\/fe199eede04c3937362892b7444747cc"},"breadcrumb":{"@id":"https:\/\/veritasinfo.org\/?p=64021&lang=sr#breadcrumb"},"inLanguage":"en-US","potentialAction":[{"@type":"ReadAction","target":["https:\/\/veritasinfo.org\/?p=64021&lang=sr"]}]},{"@type":"ImageObject","inLanguage":"en-US","@id":"https:\/\/veritasinfo.org\/?p=64021&lang=sr#primaryimage","url":"https:\/\/veritasinfo.org\/wp-content\/uploads\/2026\/09\/Screenshot_20260903_170507_Chrome-1.jpg","contentUrl":"https:\/\/veritasinfo.org\/wp-content\/uploads\/2026\/09\/Screenshot_20260903_170507_Chrome-1.jpg","width":991,"height":623},{"@type":"BreadcrumbList","@id":"https:\/\/veritasinfo.org\/?p=64021&lang=sr#breadcrumb","itemListElement":[{"@type":"ListItem","position":1,"name":"Home","item":"https:\/\/veritasinfo.org\/"},{"@type":"ListItem","position":2,"name":"Kosovo u\u010destvuje na neformalnom sastanku ministara EU u Dablinu"}]},{"@type":"WebSite","@id":"https:\/\/veritasinfo.org\/#website","url":"https:\/\/veritasinfo.org\/","name":"","description":"","potentialAction":[{"@type":"SearchAction","target":{"@type":"EntryPoint","urlTemplate":"https:\/\/veritasinfo.org\/?s={search_term_string}"},"query-input":{"@type":"PropertyValueSpecification","valueRequired":true,"valueName":"search_term_string"}}],"inLanguage":"en-US"},{"@type":"Person","@id":"https:\/\/veritasinfo.org\/#\/schema\/person\/fe199eede04c3937362892b7444747cc","name":"US6","image":{"@type":"ImageObject","inLanguage":"en-US","@id":"https:\/\/veritasinfo.org\/#\/schema\/person\/image\/","url":"https:\/\/secure.gravatar.com\/avatar\/cb16c3c31c9d23b9b8c705964598220b3014e42ff51eb540ff23cefa3ae8c15f?s=96&d=mm&r=g","contentUrl":"https:\/\/secure.gravatar.com\/avatar\/cb16c3c31c9d23b9b8c705964598220b3014e42ff51eb540ff23cefa3ae8c15f?s=96&d=mm&r=g","caption":"US6"},"url":"https:\/\/veritasinfo.org\/?author=7"}]}},"featured_image_urls":{"full":["https:\/\/veritasinfo.org\/wp-content\/uploads\/2026\/09\/Screenshot_20260903_170507_Chrome-1.jpg",991,623,false],"thumbnail":["https:\/\/veritasinfo.org\/wp-content\/uploads\/2026\/09\/Screenshot_20260903_170507_Chrome-1-150x150.jpg",150,150,true],"medium":["https:\/\/veritasinfo.org\/wp-content\/uploads\/2026\/09\/Screenshot_20260903_170507_Chrome-1-300x189.jpg",300,189,true],"medium_large":["https:\/\/veritasinfo.org\/wp-content\/uploads\/2026\/09\/Screenshot_20260903_170507_Chrome-1-768x483.jpg",640,403,true],"large":["https:\/\/veritasinfo.org\/wp-content\/uploads\/2026\/09\/Screenshot_20260903_170507_Chrome-1.jpg",640,402,false],"1536x1536":["https:\/\/veritasinfo.org\/wp-content\/uploads\/2026\/09\/Screenshot_20260903_170507_Chrome-1.jpg",991,623,false],"2048x2048":["https:\/\/veritasinfo.org\/wp-content\/uploads\/2026\/09\/Screenshot_20260903_170507_Chrome-1.jpg",991,623,false],"kreeti-slider-full":["https:\/\/veritasinfo.org\/wp-content\/uploads\/2026\/09\/Screenshot_20260903_170507_Chrome-1.jpg",991,623,false],"kreeti-featured":["https:\/\/veritasinfo.org\/wp-content\/uploads\/2026\/09\/Screenshot_20260903_170507_Chrome-1.jpg",991,623,false],"kreeti-medium":["https:\/\/veritasinfo.org\/wp-content\/uploads\/2026\/09\/Screenshot_20260903_170507_Chrome-1-720x530.jpg",720,530,true],"kreeti-medium-square":["https:\/\/veritasinfo.org\/wp-content\/uploads\/2026\/09\/Screenshot_20260903_170507_Chrome-1-350x350.jpg",350,350,true]},"author_info":{"info":["US6"]},"category_info":"<a href=\"https:\/\/veritasinfo.org\/?cat=28&#038;lang=sr\" rel=\"category\">Politika<\/a>","tag_info":"Politika","comment_count":"0","_links":{"self":[{"href":"https:\/\/veritasinfo.org\/index.php?rest_route=\/wp\/v2\/posts\/64021","targetHints":{"allow":["GET"]}}],"collection":[{"href":"https:\/\/veritasinfo.org\/index.php?rest_route=\/wp\/v2\/posts"}],"about":[{"href":"https:\/\/veritasinfo.org\/index.php?rest_route=\/wp\/v2\/types\/post"}],"author":[{"embeddable":true,"href":"https:\/\/veritasinfo.org\/index.php?rest_route=\/wp\/v2\/users\/7"}],"replies":[{"embeddable":true,"href":"https:\/\/veritasinfo.org\/index.php?rest_route=%2Fwp%2Fv2%2Fcomments&post=64021"}],"version-history":[{"count":1,"href":"https:\/\/veritasinfo.org\/index.php?rest_route=\/wp\/v2\/posts\/64021\/revisions"}],"predecessor-version":[{"id":64023,"href":"https:\/\/veritasinfo.org\/index.php?rest_route=\/wp\/v2\/posts\/64021\/revisions\/64023"}],"wp:featuredmedia":[{"embeddable":true,"href":"https:\/\/veritasinfo.org\/index.php?rest_route=\/wp\/v2\/media\/64022"}],"wp:attachment":[{"href":"https:\/\/veritasinfo.org\/index.php?rest_route=%2Fwp%2Fv2%2Fmedia&parent=64021"}],"wp:term":[{"taxonomy":"category","embeddable":true,"href":"https:\/\/veritasinfo.org\/index.php?rest_route=%2Fwp%2Fv2%2Fcategories&post=64021"},{"taxonomy":"post_tag","embeddable":true,"href":"https:\/\/veritasinfo.org\/index.php?rest_route=%2Fwp%2Fv2%2Ftags&post=64021"}],"curies":[{"name":"wp","href":"https:\/\/api.w.org\/{rel}","templated":true}]}}