{"id":64018,"date":"2026-09-03T17:05:38","date_gmt":"2026-09-03T15:05:38","guid":{"rendered":"https:\/\/veritasinfo.org\/?p=64018"},"modified":"2026-09-03T17:05:38","modified_gmt":"2026-09-03T15:05:38","slug":"kosova-merr-pjese-ne-takimin-joformal-te-ministrave-te-be-se-ne-dublin","status":"publish","type":"post","link":"https:\/\/veritasinfo.org\/?p=64018","title":{"rendered":"Kosova merr pjes\u00eb n\u00eb takimin joformal t\u00eb ministrave t\u00eb BE-s\u00eb n\u00eb Dublin"},"content":{"rendered":"<p>Prishtin\u00eb, 3 shtator 2026 17:05<\/p>\n<p>Kryenegociatori i Republik\u00ebs s\u00eb Kosov\u00ebs me Bashkimin Evropian, Jeton Zulfaj, po p\u00ebrfaq\u00ebson Kosov\u00ebn n\u00eb takimin joformal t\u00eb Ministrave p\u00ebr \u00c7\u00ebshtje Evropiane, i cili po mbahet m\u00eb 3 dhe 4 shtator n\u00eb Dublin, n\u00ebn Presidenc\u00ebn irlandeze t\u00eb K\u00ebshillit t\u00eb BE-s\u00eb.<\/p>\n<p>Sipas njoftimit zyrtar, n\u00eb k\u00ebt\u00eb takim marrin pjes\u00eb ministrat e shteteve an\u00ebtare t\u00eb BE-s\u00eb, p\u00ebrfaq\u00ebsues nga vendet kandidate dhe kandidate potenciale, Komisioner\u00eb Evropian\u00eb si dhe deputet\u00eb t\u00eb Parlamentit Evropian.<\/p>\n<p>N\u00eb agjend\u00ebn e takimit jan\u00eb p\u00ebrfshir\u00eb tri tema kryesore: Korniza Financiare Shum\u00ebvje\u00e7are p\u00ebr periudh\u00ebn 2028\u20132034, zgjerimi i Bashkimit Evropian dhe forcimi i q\u00ebndrueshm\u00ebris\u00eb demokratike t\u00eb BE-s\u00eb.<\/p>\n<p>Ministrat dhe p\u00ebrfaq\u00ebsuesit e vendeve kandidate dhe kandidate potenciale do t\u2019u bashkohen shteteve an\u00ebtare n\u00eb nj\u00eb sesion t\u00eb ve\u00e7ant\u00eb pune p\u00ebr zgjerimin. N\u00eb k\u00ebt\u00eb sesion pritet t\u00eb ket\u00eb nj\u00eb intervenim edhe Kryenegociatori Zulfaj.<\/p>\n<p>Gjat\u00eb fjal\u00ebs s\u00eb tij, Zulfaj pritet t\u00eb paraqes\u00eb prioritetet e Kosov\u00ebs n\u00eb procesin e integrimit evropian, me theks t\u00eb ve\u00e7ant\u00eb n\u00eb marrjen e statusit t\u00eb vendit kandidat dhe hapjen e negociatave p\u00ebr an\u00ebtar\u00ebsim.<\/p>\n<p>Sipas q\u00ebndrimit t\u00eb Kosov\u00ebs, k\u00ebta hapa jan\u00eb t\u00eb merituar n\u00eb baz\u00eb t\u00eb reformave t\u00eb nd\u00ebrmarra dhe rezultateve t\u00eb arritura n\u00eb procesin e integrimit evropian.<\/p>\n<p>\u201cKosova mbetet e p\u00ebrkushtuar n\u00eb rrug\u00ebtimin e saj drejt Bashkimit Evropian dhe n\u00eb avancimin e reformave q\u00eb e afrojn\u00eb vendin me familjen evropiane\u201d, theksohet n\u00eb njoftim.\/<\/p>\n","protected":false},"excerpt":{"rendered":"<p>Prishtin\u00eb, 3 shtator 2026 17:05 Kryenegociatori i Republik\u00ebs s\u00eb Kosov\u00ebs me Bashkimin Evropian, Jeton Zulfaj, po p\u00ebrfaq\u00ebson Kosov\u00ebn n\u00eb takimin joformal t\u00eb Ministrave p\u00ebr \u00c7\u00ebshtje<\/p>\n","protected":false},"author":7,"featured_media":64019,"comment_status":"open","ping_status":"open","sticky":false,"template":"","format":"standard","meta":{"footnotes":""},"categories":[58],"tags":[],"class_list":["post-64018","post","type-post","status-publish","format-standard","has-post-thumbnail","hentry","category-politike-sq"],"yoast_head":"<!-- This site is optimized with the Yoast SEO plugin v25.3.1 - https:\/\/yoast.com\/wordpress\/plugins\/seo\/ -->\n<title>Kosova merr pjes\u00eb n\u00eb takimin joformal t\u00eb ministrave t\u00eb BE-s\u00eb n\u00eb Dublin -<\/title>\n<meta name=\"robots\" content=\"index, follow, max-snippet:-1, max-image-preview:large, max-video-preview:-1\" \/>\n<link rel=\"canonical\" href=\"https:\/\/veritasinfo.org\/?p=64018\" \/>\n<meta property=\"og:locale\" content=\"en_US\" \/>\n<meta property=\"og:type\" content=\"article\" \/>\n<meta property=\"og:title\" content=\"Kosova merr pjes\u00eb n\u00eb takimin joformal t\u00eb ministrave t\u00eb BE-s\u00eb n\u00eb Dublin -\" \/>\n<meta property=\"og:description\" content=\"Prishtin\u00eb, 3 shtator 2026 17:05 Kryenegociatori i Republik\u00ebs s\u00eb Kosov\u00ebs me Bashkimin Evropian, Jeton Zulfaj, po p\u00ebrfaq\u00ebson Kosov\u00ebn n\u00eb takimin joformal t\u00eb Ministrave p\u00ebr \u00c7\u00ebshtje\" \/>\n<meta property=\"og:url\" content=\"https:\/\/veritasinfo.org\/?p=64018\" \/>\n<meta property=\"article:published_time\" content=\"2026-09-03T15:05:38+00:00\" \/>\n<meta property=\"og:image\" content=\"https:\/\/veritasinfo.org\/wp-content\/uploads\/2026\/09\/Screenshot_20260903_170507_Chrome.jpg\" \/>\n\t<meta property=\"og:image:width\" content=\"991\" \/>\n\t<meta property=\"og:image:height\" content=\"623\" \/>\n\t<meta property=\"og:image:type\" content=\"image\/jpeg\" \/>\n<meta name=\"author\" content=\"US6\" \/>\n<meta name=\"twitter:card\" content=\"summary_large_image\" \/>\n<meta name=\"twitter:label1\" content=\"Written by\" \/>\n\t<meta name=\"twitter:data1\" content=\"US6\" \/>\n\t<meta name=\"twitter:label2\" content=\"Est. reading time\" \/>\n\t<meta name=\"twitter:data2\" content=\"2 minutes\" \/>\n<script type=\"application\/ld+json\" class=\"yoast-schema-graph\">{\"@context\":\"https:\/\/schema.org\",\"@graph\":[{\"@type\":\"WebPage\",\"@id\":\"https:\/\/veritasinfo.org\/?p=64018\",\"url\":\"https:\/\/veritasinfo.org\/?p=64018\",\"name\":\"Kosova merr pjes\u00eb n\u00eb takimin joformal t\u00eb ministrave t\u00eb BE-s\u00eb n\u00eb Dublin -\",\"isPartOf\":{\"@id\":\"https:\/\/veritasinfo.org\/#website\"},\"primaryImageOfPage\":{\"@id\":\"https:\/\/veritasinfo.org\/?p=64018#primaryimage\"},\"image\":{\"@id\":\"https:\/\/veritasinfo.org\/?p=64018#primaryimage\"},\"thumbnailUrl\":\"https:\/\/veritasinfo.org\/wp-content\/uploads\/2026\/09\/Screenshot_20260903_170507_Chrome.jpg\",\"datePublished\":\"2026-09-03T15:05:38+00:00\",\"author\":{\"@id\":\"https:\/\/veritasinfo.org\/#\/schema\/person\/fe199eede04c3937362892b7444747cc\"},\"breadcrumb\":{\"@id\":\"https:\/\/veritasinfo.org\/?p=64018#breadcrumb\"},\"inLanguage\":\"en-US\",\"potentialAction\":[{\"@type\":\"ReadAction\",\"target\":[\"https:\/\/veritasinfo.org\/?p=64018\"]}]},{\"@type\":\"ImageObject\",\"inLanguage\":\"en-US\",\"@id\":\"https:\/\/veritasinfo.org\/?p=64018#primaryimage\",\"url\":\"https:\/\/veritasinfo.org\/wp-content\/uploads\/2026\/09\/Screenshot_20260903_170507_Chrome.jpg\",\"contentUrl\":\"https:\/\/veritasinfo.org\/wp-content\/uploads\/2026\/09\/Screenshot_20260903_170507_Chrome.jpg\",\"width\":991,\"height\":623},{\"@type\":\"BreadcrumbList\",\"@id\":\"https:\/\/veritasinfo.org\/?p=64018#breadcrumb\",\"itemListElement\":[{\"@type\":\"ListItem\",\"position\":1,\"name\":\"Home\",\"item\":\"https:\/\/veritasinfo.org\/\"},{\"@type\":\"ListItem\",\"position\":2,\"name\":\"Kosova merr pjes\u00eb n\u00eb takimin joformal t\u00eb ministrave t\u00eb BE-s\u00eb n\u00eb Dublin\"}]},{\"@type\":\"WebSite\",\"@id\":\"https:\/\/veritasinfo.org\/#website\",\"url\":\"https:\/\/veritasinfo.org\/\",\"name\":\"\",\"description\":\"\",\"potentialAction\":[{\"@type\":\"SearchAction\",\"target\":{\"@type\":\"EntryPoint\",\"urlTemplate\":\"https:\/\/veritasinfo.org\/?s={search_term_string}\"},\"query-input\":{\"@type\":\"PropertyValueSpecification\",\"valueRequired\":true,\"valueName\":\"search_term_string\"}}],\"inLanguage\":\"en-US\"},{\"@type\":\"Person\",\"@id\":\"https:\/\/veritasinfo.org\/#\/schema\/person\/fe199eede04c3937362892b7444747cc\",\"name\":\"US6\",\"image\":{\"@type\":\"ImageObject\",\"inLanguage\":\"en-US\",\"@id\":\"https:\/\/veritasinfo.org\/#\/schema\/person\/image\/\",\"url\":\"https:\/\/secure.gravatar.com\/avatar\/cb16c3c31c9d23b9b8c705964598220b3014e42ff51eb540ff23cefa3ae8c15f?s=96&d=mm&r=g\",\"contentUrl\":\"https:\/\/secure.gravatar.com\/avatar\/cb16c3c31c9d23b9b8c705964598220b3014e42ff51eb540ff23cefa3ae8c15f?s=96&d=mm&r=g\",\"caption\":\"US6\"},\"url\":\"https:\/\/veritasinfo.org\/?author=7\"}]}<\/script>\n<!-- \/ Yoast SEO plugin. -->","yoast_head_json":{"title":"Kosova merr pjes\u00eb n\u00eb takimin joformal t\u00eb ministrave t\u00eb BE-s\u00eb n\u00eb Dublin -","robots":{"index":"index","follow":"follow","max-snippet":"max-snippet:-1","max-image-preview":"max-image-preview:large","max-video-preview":"max-video-preview:-1"},"canonical":"https:\/\/veritasinfo.org\/?p=64018","og_locale":"en_US","og_type":"article","og_title":"Kosova merr pjes\u00eb n\u00eb takimin joformal t\u00eb ministrave t\u00eb BE-s\u00eb n\u00eb Dublin -","og_description":"Prishtin\u00eb, 3 shtator 2026 17:05 Kryenegociatori i Republik\u00ebs s\u00eb Kosov\u00ebs me Bashkimin Evropian, Jeton Zulfaj, po p\u00ebrfaq\u00ebson Kosov\u00ebn n\u00eb takimin joformal t\u00eb Ministrave p\u00ebr \u00c7\u00ebshtje","og_url":"https:\/\/veritasinfo.org\/?p=64018","article_published_time":"2026-09-03T15:05:38+00:00","og_image":[{"width":991,"height":623,"url":"https:\/\/veritasinfo.org\/wp-content\/uploads\/2026\/09\/Screenshot_20260903_170507_Chrome.jpg","type":"image\/jpeg"}],"author":"US6","twitter_card":"summary_large_image","twitter_misc":{"Written by":"US6","Est. reading time":"2 minutes"},"schema":{"@context":"https:\/\/schema.org","@graph":[{"@type":"WebPage","@id":"https:\/\/veritasinfo.org\/?p=64018","url":"https:\/\/veritasinfo.org\/?p=64018","name":"Kosova merr pjes\u00eb n\u00eb takimin joformal t\u00eb ministrave t\u00eb BE-s\u00eb n\u00eb Dublin -","isPartOf":{"@id":"https:\/\/veritasinfo.org\/#website"},"primaryImageOfPage":{"@id":"https:\/\/veritasinfo.org\/?p=64018#primaryimage"},"image":{"@id":"https:\/\/veritasinfo.org\/?p=64018#primaryimage"},"thumbnailUrl":"https:\/\/veritasinfo.org\/wp-content\/uploads\/2026\/09\/Screenshot_20260903_170507_Chrome.jpg","datePublished":"2026-09-03T15:05:38+00:00","author":{"@id":"https:\/\/veritasinfo.org\/#\/schema\/person\/fe199eede04c3937362892b7444747cc"},"breadcrumb":{"@id":"https:\/\/veritasinfo.org\/?p=64018#breadcrumb"},"inLanguage":"en-US","potentialAction":[{"@type":"ReadAction","target":["https:\/\/veritasinfo.org\/?p=64018"]}]},{"@type":"ImageObject","inLanguage":"en-US","@id":"https:\/\/veritasinfo.org\/?p=64018#primaryimage","url":"https:\/\/veritasinfo.org\/wp-content\/uploads\/2026\/09\/Screenshot_20260903_170507_Chrome.jpg","contentUrl":"https:\/\/veritasinfo.org\/wp-content\/uploads\/2026\/09\/Screenshot_20260903_170507_Chrome.jpg","width":991,"height":623},{"@type":"BreadcrumbList","@id":"https:\/\/veritasinfo.org\/?p=64018#breadcrumb","itemListElement":[{"@type":"ListItem","position":1,"name":"Home","item":"https:\/\/veritasinfo.org\/"},{"@type":"ListItem","position":2,"name":"Kosova merr pjes\u00eb n\u00eb takimin joformal t\u00eb ministrave t\u00eb BE-s\u00eb n\u00eb Dublin"}]},{"@type":"WebSite","@id":"https:\/\/veritasinfo.org\/#website","url":"https:\/\/veritasinfo.org\/","name":"","description":"","potentialAction":[{"@type":"SearchAction","target":{"@type":"EntryPoint","urlTemplate":"https:\/\/veritasinfo.org\/?s={search_term_string}"},"query-input":{"@type":"PropertyValueSpecification","valueRequired":true,"valueName":"search_term_string"}}],"inLanguage":"en-US"},{"@type":"Person","@id":"https:\/\/veritasinfo.org\/#\/schema\/person\/fe199eede04c3937362892b7444747cc","name":"US6","image":{"@type":"ImageObject","inLanguage":"en-US","@id":"https:\/\/veritasinfo.org\/#\/schema\/person\/image\/","url":"https:\/\/secure.gravatar.com\/avatar\/cb16c3c31c9d23b9b8c705964598220b3014e42ff51eb540ff23cefa3ae8c15f?s=96&d=mm&r=g","contentUrl":"https:\/\/secure.gravatar.com\/avatar\/cb16c3c31c9d23b9b8c705964598220b3014e42ff51eb540ff23cefa3ae8c15f?s=96&d=mm&r=g","caption":"US6"},"url":"https:\/\/veritasinfo.org\/?author=7"}]}},"featured_image_urls":{"full":["https:\/\/veritasinfo.org\/wp-content\/uploads\/2026\/09\/Screenshot_20260903_170507_Chrome.jpg",991,623,false],"thumbnail":["https:\/\/veritasinfo.org\/wp-content\/uploads\/2026\/09\/Screenshot_20260903_170507_Chrome-150x150.jpg",150,150,true],"medium":["https:\/\/veritasinfo.org\/wp-content\/uploads\/2026\/09\/Screenshot_20260903_170507_Chrome-300x189.jpg",300,189,true],"medium_large":["https:\/\/veritasinfo.org\/wp-content\/uploads\/2026\/09\/Screenshot_20260903_170507_Chrome-768x483.jpg",640,403,true],"large":["https:\/\/veritasinfo.org\/wp-content\/uploads\/2026\/09\/Screenshot_20260903_170507_Chrome.jpg",640,402,false],"1536x1536":["https:\/\/veritasinfo.org\/wp-content\/uploads\/2026\/09\/Screenshot_20260903_170507_Chrome.jpg",991,623,false],"2048x2048":["https:\/\/veritasinfo.org\/wp-content\/uploads\/2026\/09\/Screenshot_20260903_170507_Chrome.jpg",991,623,false],"kreeti-slider-full":["https:\/\/veritasinfo.org\/wp-content\/uploads\/2026\/09\/Screenshot_20260903_170507_Chrome.jpg",991,623,false],"kreeti-featured":["https:\/\/veritasinfo.org\/wp-content\/uploads\/2026\/09\/Screenshot_20260903_170507_Chrome.jpg",991,623,false],"kreeti-medium":["https:\/\/veritasinfo.org\/wp-content\/uploads\/2026\/09\/Screenshot_20260903_170507_Chrome-720x530.jpg",720,530,true],"kreeti-medium-square":["https:\/\/veritasinfo.org\/wp-content\/uploads\/2026\/09\/Screenshot_20260903_170507_Chrome-350x350.jpg",350,350,true]},"author_info":{"info":["US6"]},"category_info":"<a href=\"https:\/\/veritasinfo.org\/?cat=58\" rel=\"category\">Politik\u00eb<\/a>","tag_info":"Politik\u00eb","comment_count":"0","_links":{"self":[{"href":"https:\/\/veritasinfo.org\/index.php?rest_route=\/wp\/v2\/posts\/64018","targetHints":{"allow":["GET"]}}],"collection":[{"href":"https:\/\/veritasinfo.org\/index.php?rest_route=\/wp\/v2\/posts"}],"about":[{"href":"https:\/\/veritasinfo.org\/index.php?rest_route=\/wp\/v2\/types\/post"}],"author":[{"embeddable":true,"href":"https:\/\/veritasinfo.org\/index.php?rest_route=\/wp\/v2\/users\/7"}],"replies":[{"embeddable":true,"href":"https:\/\/veritasinfo.org\/index.php?rest_route=%2Fwp%2Fv2%2Fcomments&post=64018"}],"version-history":[{"count":1,"href":"https:\/\/veritasinfo.org\/index.php?rest_route=\/wp\/v2\/posts\/64018\/revisions"}],"predecessor-version":[{"id":64020,"href":"https:\/\/veritasinfo.org\/index.php?rest_route=\/wp\/v2\/posts\/64018\/revisions\/64020"}],"wp:featuredmedia":[{"embeddable":true,"href":"https:\/\/veritasinfo.org\/index.php?rest_route=\/wp\/v2\/media\/64019"}],"wp:attachment":[{"href":"https:\/\/veritasinfo.org\/index.php?rest_route=%2Fwp%2Fv2%2Fmedia&parent=64018"}],"wp:term":[{"taxonomy":"category","embeddable":true,"href":"https:\/\/veritasinfo.org\/index.php?rest_route=%2Fwp%2Fv2%2Fcategories&post=64018"},{"taxonomy":"post_tag","embeddable":true,"href":"https:\/\/veritasinfo.org\/index.php?rest_route=%2Fwp%2Fv2%2Ftags&post=64018"}],"curies":[{"name":"wp","href":"https:\/\/api.w.org\/{rel}","templated":true}]}}