{"id":64010,"date":"2026-09-03T14:58:46","date_gmt":"2026-09-03T12:58:46","guid":{"rendered":"https:\/\/veritasinfo.org\/?p=64010"},"modified":"2026-09-03T14:58:46","modified_gmt":"2026-09-03T12:58:46","slug":"arrestohet-nje-i-dyshuar-per-krime-lufte-ne-zubin-potok","status":"publish","type":"post","link":"https:\/\/veritasinfo.org\/?p=64010","title":{"rendered":"Arrestohet nj\u00eb i dyshuar p\u00ebr krime lufte n\u00eb Zubin-Potok"},"content":{"rendered":"<p>Prishtin\u00eb, 3 shtator 2026 14:58<\/p>\n<p>Nj\u00eb person \u00ebsht\u00eb arrestuar n\u00eb Zubin-Potok p\u00ebr krime lufte.<\/p>\n<p>Arrestimi, sipas Policis\u00eb, \u00ebsht\u00eb b\u00ebr\u00eb n\u00eb kuad\u00ebr t\u00eb hetimeve q\u00eb jan\u00eb duke u zhvilluar lidhur me rastin p\u00ebr krime lufte n\u00eb Zubin-Potok.<\/p>\n<p>R.K. \u00ebsht\u00eb arrestuar n\u00ebn dyshim p\u00ebr kryerjen e vepr\u00ebs penale \u201cKrime lufte kund\u00ebr popullsis\u00eb civile\u201d, dhe \u00ebsht\u00eb ndaluar p\u00ebr 48 or\u00eb.<\/p>\n<p>Brenda afatit ligjor t\u00eb p\u00ebrcaktuar me Kodin e Procedur\u00ebs Penale, Prokuroria do t\u00eb parashtroj\u00eb k\u00ebrkes\u00eb p\u00ebr caktimin e mas\u00ebs s\u00eb paraburgimit n\u00eb Gjykat\u00ebn Themelore n\u00eb Prishtin\u00eb, nd\u00ebrsa, n\u00eb koordinim me hetuesit policor\u00eb, do t\u00eb vazhdoj\u00eb nd\u00ebrmarrjen e veprimeve t\u00eb nevojshme hetimore.<\/p>\n<p>Gjat\u00eb muajit t\u00eb kaluar n\u00eb tri fshatra t\u00eb Zubin-Potokut jan\u00eb gjetur eshtrat e t\u00eb pakt\u00ebn 23 personave nga lufta e fundit n\u00eb Kosov\u00eb. Lidhur me k\u00ebt\u00eb rast jan\u00eb duke u hetuar tre persona J.R., M.J dhe M.B. n\u00ebn dyshimin p\u00ebr kryerjen e vepr\u00ebs penale \u201cKrime lufte kund\u00ebr popullsis\u00eb civile\u201d, t\u00eb cil\u00ebt ndodhen n\u00eb mas\u00ebn e paraburgimit.<\/p>\n<p>N\u00eb Kosov\u00eb konsiderohen t\u00eb zhdukur edhe rreth 1 mij\u00eb e 560 persona nga lufta e fundit<\/p>\n","protected":false},"excerpt":{"rendered":"<p>Prishtin\u00eb, 3 shtator 2026 14:58 Nj\u00eb person \u00ebsht\u00eb arrestuar n\u00eb Zubin-Potok p\u00ebr krime lufte. Arrestimi, sipas Policis\u00eb, \u00ebsht\u00eb b\u00ebr\u00eb n\u00eb kuad\u00ebr t\u00eb hetimeve q\u00eb jan\u00eb<\/p>\n","protected":false},"author":7,"featured_media":53355,"comment_status":"open","ping_status":"open","sticky":false,"template":"","format":"standard","meta":{"footnotes":""},"categories":[101],"tags":[],"class_list":["post-64010","post","type-post","status-publish","format-standard","has-post-thumbnail","hentry","category-kronike"],"yoast_head":"<!-- This site is optimized with the Yoast SEO plugin v25.3.1 - https:\/\/yoast.com\/wordpress\/plugins\/seo\/ -->\n<title>Arrestohet nj\u00eb i dyshuar p\u00ebr krime lufte n\u00eb Zubin-Potok -<\/title>\n<meta name=\"robots\" content=\"index, follow, max-snippet:-1, max-image-preview:large, max-video-preview:-1\" \/>\n<link rel=\"canonical\" href=\"https:\/\/veritasinfo.org\/?p=64010\" \/>\n<meta property=\"og:locale\" content=\"en_US\" \/>\n<meta property=\"og:type\" content=\"article\" \/>\n<meta property=\"og:title\" content=\"Arrestohet nj\u00eb i dyshuar p\u00ebr krime lufte n\u00eb Zubin-Potok -\" \/>\n<meta property=\"og:description\" content=\"Prishtin\u00eb, 3 shtator 2026 14:58 Nj\u00eb person \u00ebsht\u00eb arrestuar n\u00eb Zubin-Potok p\u00ebr krime lufte. Arrestimi, sipas Policis\u00eb, \u00ebsht\u00eb b\u00ebr\u00eb n\u00eb kuad\u00ebr t\u00eb hetimeve q\u00eb jan\u00eb\" \/>\n<meta property=\"og:url\" content=\"https:\/\/veritasinfo.org\/?p=64010\" \/>\n<meta property=\"article:published_time\" content=\"2026-09-03T12:58:46+00:00\" \/>\n<meta property=\"og:image\" content=\"https:\/\/veritasinfo.org\/wp-content\/uploads\/2026\/06\/arrestime-750x375-1.gif\" \/>\n\t<meta property=\"og:image:width\" content=\"750\" \/>\n\t<meta property=\"og:image:height\" content=\"375\" \/>\n\t<meta property=\"og:image:type\" content=\"image\/gif\" \/>\n<meta name=\"author\" content=\"US6\" \/>\n<meta name=\"twitter:card\" content=\"summary_large_image\" \/>\n<meta name=\"twitter:label1\" content=\"Written by\" \/>\n\t<meta name=\"twitter:data1\" content=\"US6\" \/>\n\t<meta name=\"twitter:label2\" content=\"Est. reading time\" \/>\n\t<meta name=\"twitter:data2\" content=\"1 minute\" \/>\n<script type=\"application\/ld+json\" class=\"yoast-schema-graph\">{\"@context\":\"https:\/\/schema.org\",\"@graph\":[{\"@type\":\"WebPage\",\"@id\":\"https:\/\/veritasinfo.org\/?p=64010\",\"url\":\"https:\/\/veritasinfo.org\/?p=64010\",\"name\":\"Arrestohet nj\u00eb i dyshuar p\u00ebr krime lufte n\u00eb Zubin-Potok -\",\"isPartOf\":{\"@id\":\"https:\/\/veritasinfo.org\/#website\"},\"primaryImageOfPage\":{\"@id\":\"https:\/\/veritasinfo.org\/?p=64010#primaryimage\"},\"image\":{\"@id\":\"https:\/\/veritasinfo.org\/?p=64010#primaryimage\"},\"thumbnailUrl\":\"https:\/\/veritasinfo.org\/wp-content\/uploads\/2026\/06\/arrestime-750x375-1.gif\",\"datePublished\":\"2026-09-03T12:58:46+00:00\",\"author\":{\"@id\":\"https:\/\/veritasinfo.org\/#\/schema\/person\/fe199eede04c3937362892b7444747cc\"},\"breadcrumb\":{\"@id\":\"https:\/\/veritasinfo.org\/?p=64010#breadcrumb\"},\"inLanguage\":\"en-US\",\"potentialAction\":[{\"@type\":\"ReadAction\",\"target\":[\"https:\/\/veritasinfo.org\/?p=64010\"]}]},{\"@type\":\"ImageObject\",\"inLanguage\":\"en-US\",\"@id\":\"https:\/\/veritasinfo.org\/?p=64010#primaryimage\",\"url\":\"https:\/\/veritasinfo.org\/wp-content\/uploads\/2026\/06\/arrestime-750x375-1.gif\",\"contentUrl\":\"https:\/\/veritasinfo.org\/wp-content\/uploads\/2026\/06\/arrestime-750x375-1.gif\",\"width\":750,\"height\":375},{\"@type\":\"BreadcrumbList\",\"@id\":\"https:\/\/veritasinfo.org\/?p=64010#breadcrumb\",\"itemListElement\":[{\"@type\":\"ListItem\",\"position\":1,\"name\":\"Home\",\"item\":\"https:\/\/veritasinfo.org\/\"},{\"@type\":\"ListItem\",\"position\":2,\"name\":\"Arrestohet nj\u00eb i dyshuar p\u00ebr krime lufte n\u00eb Zubin-Potok\"}]},{\"@type\":\"WebSite\",\"@id\":\"https:\/\/veritasinfo.org\/#website\",\"url\":\"https:\/\/veritasinfo.org\/\",\"name\":\"\",\"description\":\"\",\"potentialAction\":[{\"@type\":\"SearchAction\",\"target\":{\"@type\":\"EntryPoint\",\"urlTemplate\":\"https:\/\/veritasinfo.org\/?s={search_term_string}\"},\"query-input\":{\"@type\":\"PropertyValueSpecification\",\"valueRequired\":true,\"valueName\":\"search_term_string\"}}],\"inLanguage\":\"en-US\"},{\"@type\":\"Person\",\"@id\":\"https:\/\/veritasinfo.org\/#\/schema\/person\/fe199eede04c3937362892b7444747cc\",\"name\":\"US6\",\"image\":{\"@type\":\"ImageObject\",\"inLanguage\":\"en-US\",\"@id\":\"https:\/\/veritasinfo.org\/#\/schema\/person\/image\/\",\"url\":\"https:\/\/secure.gravatar.com\/avatar\/cb16c3c31c9d23b9b8c705964598220b3014e42ff51eb540ff23cefa3ae8c15f?s=96&d=mm&r=g\",\"contentUrl\":\"https:\/\/secure.gravatar.com\/avatar\/cb16c3c31c9d23b9b8c705964598220b3014e42ff51eb540ff23cefa3ae8c15f?s=96&d=mm&r=g\",\"caption\":\"US6\"},\"url\":\"https:\/\/veritasinfo.org\/?author=7\"}]}<\/script>\n<!-- \/ Yoast SEO plugin. -->","yoast_head_json":{"title":"Arrestohet nj\u00eb i dyshuar p\u00ebr krime lufte n\u00eb Zubin-Potok -","robots":{"index":"index","follow":"follow","max-snippet":"max-snippet:-1","max-image-preview":"max-image-preview:large","max-video-preview":"max-video-preview:-1"},"canonical":"https:\/\/veritasinfo.org\/?p=64010","og_locale":"en_US","og_type":"article","og_title":"Arrestohet nj\u00eb i dyshuar p\u00ebr krime lufte n\u00eb Zubin-Potok -","og_description":"Prishtin\u00eb, 3 shtator 2026 14:58 Nj\u00eb person \u00ebsht\u00eb arrestuar n\u00eb Zubin-Potok p\u00ebr krime lufte. Arrestimi, sipas Policis\u00eb, \u00ebsht\u00eb b\u00ebr\u00eb n\u00eb kuad\u00ebr t\u00eb hetimeve q\u00eb jan\u00eb","og_url":"https:\/\/veritasinfo.org\/?p=64010","article_published_time":"2026-09-03T12:58:46+00:00","og_image":[{"width":750,"height":375,"url":"https:\/\/veritasinfo.org\/wp-content\/uploads\/2026\/06\/arrestime-750x375-1.gif","type":"image\/gif"}],"author":"US6","twitter_card":"summary_large_image","twitter_misc":{"Written by":"US6","Est. reading time":"1 minute"},"schema":{"@context":"https:\/\/schema.org","@graph":[{"@type":"WebPage","@id":"https:\/\/veritasinfo.org\/?p=64010","url":"https:\/\/veritasinfo.org\/?p=64010","name":"Arrestohet nj\u00eb i dyshuar p\u00ebr krime lufte n\u00eb Zubin-Potok -","isPartOf":{"@id":"https:\/\/veritasinfo.org\/#website"},"primaryImageOfPage":{"@id":"https:\/\/veritasinfo.org\/?p=64010#primaryimage"},"image":{"@id":"https:\/\/veritasinfo.org\/?p=64010#primaryimage"},"thumbnailUrl":"https:\/\/veritasinfo.org\/wp-content\/uploads\/2026\/06\/arrestime-750x375-1.gif","datePublished":"2026-09-03T12:58:46+00:00","author":{"@id":"https:\/\/veritasinfo.org\/#\/schema\/person\/fe199eede04c3937362892b7444747cc"},"breadcrumb":{"@id":"https:\/\/veritasinfo.org\/?p=64010#breadcrumb"},"inLanguage":"en-US","potentialAction":[{"@type":"ReadAction","target":["https:\/\/veritasinfo.org\/?p=64010"]}]},{"@type":"ImageObject","inLanguage":"en-US","@id":"https:\/\/veritasinfo.org\/?p=64010#primaryimage","url":"https:\/\/veritasinfo.org\/wp-content\/uploads\/2026\/06\/arrestime-750x375-1.gif","contentUrl":"https:\/\/veritasinfo.org\/wp-content\/uploads\/2026\/06\/arrestime-750x375-1.gif","width":750,"height":375},{"@type":"BreadcrumbList","@id":"https:\/\/veritasinfo.org\/?p=64010#breadcrumb","itemListElement":[{"@type":"ListItem","position":1,"name":"Home","item":"https:\/\/veritasinfo.org\/"},{"@type":"ListItem","position":2,"name":"Arrestohet nj\u00eb i dyshuar p\u00ebr krime lufte n\u00eb Zubin-Potok"}]},{"@type":"WebSite","@id":"https:\/\/veritasinfo.org\/#website","url":"https:\/\/veritasinfo.org\/","name":"","description":"","potentialAction":[{"@type":"SearchAction","target":{"@type":"EntryPoint","urlTemplate":"https:\/\/veritasinfo.org\/?s={search_term_string}"},"query-input":{"@type":"PropertyValueSpecification","valueRequired":true,"valueName":"search_term_string"}}],"inLanguage":"en-US"},{"@type":"Person","@id":"https:\/\/veritasinfo.org\/#\/schema\/person\/fe199eede04c3937362892b7444747cc","name":"US6","image":{"@type":"ImageObject","inLanguage":"en-US","@id":"https:\/\/veritasinfo.org\/#\/schema\/person\/image\/","url":"https:\/\/secure.gravatar.com\/avatar\/cb16c3c31c9d23b9b8c705964598220b3014e42ff51eb540ff23cefa3ae8c15f?s=96&d=mm&r=g","contentUrl":"https:\/\/secure.gravatar.com\/avatar\/cb16c3c31c9d23b9b8c705964598220b3014e42ff51eb540ff23cefa3ae8c15f?s=96&d=mm&r=g","caption":"US6"},"url":"https:\/\/veritasinfo.org\/?author=7"}]}},"featured_image_urls":{"full":["https:\/\/veritasinfo.org\/wp-content\/uploads\/2026\/06\/arrestime-750x375-1.gif",750,375,false],"thumbnail":["https:\/\/veritasinfo.org\/wp-content\/uploads\/2026\/06\/arrestime-750x375-1-150x150.gif",150,150,true],"medium":["https:\/\/veritasinfo.org\/wp-content\/uploads\/2026\/06\/arrestime-750x375-1-300x150.gif",300,150,true],"medium_large":["https:\/\/veritasinfo.org\/wp-content\/uploads\/2026\/06\/arrestime-750x375-1.gif",640,320,false],"large":["https:\/\/veritasinfo.org\/wp-content\/uploads\/2026\/06\/arrestime-750x375-1.gif",640,320,false],"1536x1536":["https:\/\/veritasinfo.org\/wp-content\/uploads\/2026\/06\/arrestime-750x375-1.gif",750,375,false],"2048x2048":["https:\/\/veritasinfo.org\/wp-content\/uploads\/2026\/06\/arrestime-750x375-1.gif",750,375,false],"kreeti-slider-full":["https:\/\/veritasinfo.org\/wp-content\/uploads\/2026\/06\/arrestime-750x375-1.gif",750,375,false],"kreeti-featured":["https:\/\/veritasinfo.org\/wp-content\/uploads\/2026\/06\/arrestime-750x375-1.gif",750,375,false],"kreeti-medium":["https:\/\/veritasinfo.org\/wp-content\/uploads\/2026\/06\/arrestime-750x375-1-720x375.gif",720,375,true],"kreeti-medium-square":["https:\/\/veritasinfo.org\/wp-content\/uploads\/2026\/06\/arrestime-750x375-1-350x350.gif",350,350,true]},"author_info":{"info":["US6"]},"category_info":"<a href=\"https:\/\/veritasinfo.org\/?cat=101\" rel=\"category\">Kronik\u00eb<\/a>","tag_info":"Kronik\u00eb","comment_count":"0","_links":{"self":[{"href":"https:\/\/veritasinfo.org\/index.php?rest_route=\/wp\/v2\/posts\/64010","targetHints":{"allow":["GET"]}}],"collection":[{"href":"https:\/\/veritasinfo.org\/index.php?rest_route=\/wp\/v2\/posts"}],"about":[{"href":"https:\/\/veritasinfo.org\/index.php?rest_route=\/wp\/v2\/types\/post"}],"author":[{"embeddable":true,"href":"https:\/\/veritasinfo.org\/index.php?rest_route=\/wp\/v2\/users\/7"}],"replies":[{"embeddable":true,"href":"https:\/\/veritasinfo.org\/index.php?rest_route=%2Fwp%2Fv2%2Fcomments&post=64010"}],"version-history":[{"count":1,"href":"https:\/\/veritasinfo.org\/index.php?rest_route=\/wp\/v2\/posts\/64010\/revisions"}],"predecessor-version":[{"id":64011,"href":"https:\/\/veritasinfo.org\/index.php?rest_route=\/wp\/v2\/posts\/64010\/revisions\/64011"}],"wp:attachment":[{"href":"https:\/\/veritasinfo.org\/index.php?rest_route=%2Fwp%2Fv2%2Fmedia&parent=64010"}],"wp:term":[{"taxonomy":"category","embeddable":true,"href":"https:\/\/veritasinfo.org\/index.php?rest_route=%2Fwp%2Fv2%2Fcategories&post=64010"},{"taxonomy":"post_tag","embeddable":true,"href":"https:\/\/veritasinfo.org\/index.php?rest_route=%2Fwp%2Fv2%2Ftags&post=64010"}],"curies":[{"name":"wp","href":"https:\/\/api.w.org\/{rel}","templated":true}]}}