{"id":6400,"date":"2025-08-02T21:37:46","date_gmt":"2025-08-02T19:37:46","guid":{"rendered":"https:\/\/veritasinfo.org\/?p=6400"},"modified":"2025-08-02T21:37:46","modified_gmt":"2025-08-02T19:37:46","slug":"rrefimi-i-gashit-sergjan-simiq-vrau-tre-serbe-serbia-po-tenton-te-fabrikoje-ngjarjen","status":"publish","type":"post","link":"https:\/\/veritasinfo.org\/?p=6400","title":{"rendered":"Rr\u00ebfimi i Gashit: S\u00ebrgjan Simiq vrau tre serb\u00eb, Serbia po tenton t\u00eb fabrikoj\u00eb ngjarjen"},"content":{"rendered":"<p>Prishtin\u00eb, 02 Gusht 2025<\/p>\n<p><strong>Tre serb\u00eb q\u00eb dyshohet t\u00eb jen\u00eb vrar\u00eb me sopat\u00eb nga kush\u00ebriri i tyre n\u00eb maj t\u00eb vitit 1999 n\u00eb fshatin Busi t\u00eb Prishtin\u00ebs, n\u00ebp\u00ebrmjet fabrikimit e propagand\u00ebs, Serbia po p\u00ebrpiqet t\u2019i paraqes\u00eb si \u201ct\u00eb masakruar nga fqinj\u00ebt shqiptar\u00eb\u201d.<\/strong><\/p>\n<div class=\"code-block code-block-9\">N\u00eb nj\u00eb rr\u00ebfim p\u00ebr televizionin <a href=\"https:\/\/www.dukagjini.com\/rrefimi-i-gashit-sergjan-simiq-vrau-tre-serbe-serbia-po-tenton-te-fabrikoje-ngjarjen\/\">Dukagjini<\/a>, Imer Gashi nga Busia tha se n\u00eb p\u00ebrvjetorin e vrasjes s\u00eb Zhivojin, Trojan dhe Zhivko Simiq \u2013 n\u00eb fund t\u00eb muajit maj t\u00eb k\u00ebtij viti \u2013 nj\u00eb grup serb\u00ebsh s\u00eb bashku me prij\u00ebs fetar\u00eb ishin n\u00eb fshat.<\/div>\n<div>\n<div class=\"code-block code-block-2\">\n<p>Ai fillimisht ishte habitur me numrin njer\u00ebzve, automjeteve dhe kamerave q\u00eb pa posht\u00eb pron\u00ebs s\u00eb tij.<\/p>\n<p>Sipas Gashit, n\u00eb vendin ku ishin vrar\u00eb tre serb\u00ebt, ata vendos\u00ebn lule dhe nj\u00eb kryq t\u00eb improvizuar \u2013 teksa kryen filmime, si\u00e7 tha, p\u00ebr nj\u00eb \u201cdokumentar\u201d propagandues.<\/p>\n<div class=\"code-block code-block-2\">\n<div data-type=\"_mgwidget\" data-widget-id=\"1053450\" data-uid=\"15988\">\n<div id=\"mgw1053450_15988\">\n<div class=\"mgbox\">\n<div id=\"83a74828-6fd7-11f0-9c64-c4cbe1e8e652\" class=\"mgline teaser-24309433 type-w\" data-i=\"3JNNl2i38G8wgWDfbYXhH4LhrfQXDDJatwPlgcPzDjCqxu4ITh6MEFjtc_sGlSbCcH0YVTEHELz55gVqYIoq96HiLknYkQzFO34C5q-zE9Q*\" data-observing-start=\"1754163295951\" data-observing-time=\"1344\" data-showed=\"1\">\n<div class=\"image-with-text\">\n<div class=\"text-elements\">\n<div class=\"text_on_hover\">\n<div class=\"fake\">\n<div class=\"mcdomain\"><\/div>\n<\/div>\n<div class=\"mgtobottom\">\n<div class=\"mcdomain\"><\/div>\n<\/div>\n<\/div>\n<\/div>\n<\/div>\n<\/div>\n<div id=\"83a7482c-6fd7-11f0-9c64-c4cbe1e8e652\" class=\"mgline teaser-24289968 type-w\" data-i=\"3JNNl2i38G8wgWDfbYXhH1_cHBWHXvo8Q2DMiCw5DOh-sj7DRjVRDROJ0YiQLZeBcH0YVTEHELz55gVqYIoq9wmcTqIwAfCqLl5JUwR4SME*\" data-observing-start=\"1754163296088\" data-observing-time=\"1001\" data-showed=\"1\">\n<div class=\"image-with-text\">\n<div class=\"text-elements\">\n<div class=\"text_on_hover\">\n<div class=\"mctitle\"><\/div>\n<\/div>\n<\/div>\n<\/div>\n<\/div>\n<\/div>\n<\/div>\n<\/div>\n<\/div>\n<\/div>\n<\/div>\n","protected":false},"excerpt":{"rendered":"<p>Prishtin\u00eb, 02 Gusht 2025 Tre serb\u00eb q\u00eb dyshohet t\u00eb jen\u00eb vrar\u00eb me sopat\u00eb nga kush\u00ebriri i tyre n\u00eb maj t\u00eb vitit 1999 n\u00eb fshatin Busi<\/p>\n","protected":false},"author":1,"featured_media":6401,"comment_status":"open","ping_status":"open","sticky":false,"template":"","format":"standard","meta":{"footnotes":""},"categories":[58],"tags":[],"class_list":["post-6400","post","type-post","status-publish","format-standard","has-post-thumbnail","hentry","category-politike-sq"],"yoast_head":"<!-- This site is optimized with the Yoast SEO plugin v25.3.1 - https:\/\/yoast.com\/wordpress\/plugins\/seo\/ -->\n<title>Rr\u00ebfimi i Gashit: S\u00ebrgjan Simiq vrau tre serb\u00eb, Serbia po tenton t\u00eb fabrikoj\u00eb ngjarjen -<\/title>\n<meta name=\"robots\" content=\"index, follow, max-snippet:-1, max-image-preview:large, max-video-preview:-1\" \/>\n<link rel=\"canonical\" href=\"https:\/\/veritasinfo.org\/?p=6400\" \/>\n<meta property=\"og:locale\" content=\"en_US\" \/>\n<meta property=\"og:type\" content=\"article\" \/>\n<meta property=\"og:title\" content=\"Rr\u00ebfimi i Gashit: S\u00ebrgjan Simiq vrau tre serb\u00eb, Serbia po tenton t\u00eb fabrikoj\u00eb ngjarjen -\" \/>\n<meta property=\"og:description\" content=\"Prishtin\u00eb, 02 Gusht 2025 Tre serb\u00eb q\u00eb dyshohet t\u00eb jen\u00eb vrar\u00eb me sopat\u00eb nga kush\u00ebriri i tyre n\u00eb maj t\u00eb vitit 1999 n\u00eb fshatin Busi\" \/>\n<meta property=\"og:url\" content=\"https:\/\/veritasinfo.org\/?p=6400\" \/>\n<meta property=\"article:published_time\" content=\"2025-08-02T19:37:46+00:00\" \/>\n<meta property=\"og:image\" content=\"https:\/\/veritasinfo.org\/wp-content\/uploads\/2025\/08\/IMG_2508.jpeg\" \/>\n\t<meta property=\"og:image:width\" content=\"1536\" \/>\n\t<meta property=\"og:image:height\" content=\"864\" \/>\n\t<meta property=\"og:image:type\" content=\"image\/jpeg\" \/>\n<meta name=\"author\" content=\"admin\" \/>\n<meta name=\"twitter:card\" content=\"summary_large_image\" \/>\n<meta name=\"twitter:label1\" content=\"Written by\" \/>\n\t<meta name=\"twitter:data1\" content=\"admin\" \/>\n\t<meta name=\"twitter:label2\" content=\"Est. reading time\" \/>\n\t<meta name=\"twitter:data2\" content=\"1 minute\" \/>\n<script type=\"application\/ld+json\" class=\"yoast-schema-graph\">{\"@context\":\"https:\/\/schema.org\",\"@graph\":[{\"@type\":\"WebPage\",\"@id\":\"https:\/\/veritasinfo.org\/?p=6400\",\"url\":\"https:\/\/veritasinfo.org\/?p=6400\",\"name\":\"Rr\u00ebfimi i Gashit: S\u00ebrgjan Simiq vrau tre serb\u00eb, Serbia po tenton t\u00eb fabrikoj\u00eb ngjarjen -\",\"isPartOf\":{\"@id\":\"https:\/\/veritasinfo.org\/#website\"},\"primaryImageOfPage\":{\"@id\":\"https:\/\/veritasinfo.org\/?p=6400#primaryimage\"},\"image\":{\"@id\":\"https:\/\/veritasinfo.org\/?p=6400#primaryimage\"},\"thumbnailUrl\":\"https:\/\/veritasinfo.org\/wp-content\/uploads\/2025\/08\/IMG_2508.jpeg\",\"datePublished\":\"2025-08-02T19:37:46+00:00\",\"author\":{\"@id\":\"https:\/\/veritasinfo.org\/#\/schema\/person\/7701f8c088bece422266b100a712374f\"},\"breadcrumb\":{\"@id\":\"https:\/\/veritasinfo.org\/?p=6400#breadcrumb\"},\"inLanguage\":\"en-US\",\"potentialAction\":[{\"@type\":\"ReadAction\",\"target\":[\"https:\/\/veritasinfo.org\/?p=6400\"]}]},{\"@type\":\"ImageObject\",\"inLanguage\":\"en-US\",\"@id\":\"https:\/\/veritasinfo.org\/?p=6400#primaryimage\",\"url\":\"https:\/\/veritasinfo.org\/wp-content\/uploads\/2025\/08\/IMG_2508.jpeg\",\"contentUrl\":\"https:\/\/veritasinfo.org\/wp-content\/uploads\/2025\/08\/IMG_2508.jpeg\",\"width\":1536,\"height\":864},{\"@type\":\"BreadcrumbList\",\"@id\":\"https:\/\/veritasinfo.org\/?p=6400#breadcrumb\",\"itemListElement\":[{\"@type\":\"ListItem\",\"position\":1,\"name\":\"Home\",\"item\":\"https:\/\/veritasinfo.org\/\"},{\"@type\":\"ListItem\",\"position\":2,\"name\":\"Rr\u00ebfimi i Gashit: S\u00ebrgjan Simiq vrau tre serb\u00eb, Serbia po tenton t\u00eb fabrikoj\u00eb ngjarjen\"}]},{\"@type\":\"WebSite\",\"@id\":\"https:\/\/veritasinfo.org\/#website\",\"url\":\"https:\/\/veritasinfo.org\/\",\"name\":\"\",\"description\":\"\",\"potentialAction\":[{\"@type\":\"SearchAction\",\"target\":{\"@type\":\"EntryPoint\",\"urlTemplate\":\"https:\/\/veritasinfo.org\/?s={search_term_string}\"},\"query-input\":{\"@type\":\"PropertyValueSpecification\",\"valueRequired\":true,\"valueName\":\"search_term_string\"}}],\"inLanguage\":\"en-US\"},{\"@type\":\"Person\",\"@id\":\"https:\/\/veritasinfo.org\/#\/schema\/person\/7701f8c088bece422266b100a712374f\",\"name\":\"admin\",\"image\":{\"@type\":\"ImageObject\",\"inLanguage\":\"en-US\",\"@id\":\"https:\/\/veritasinfo.org\/#\/schema\/person\/image\/\",\"url\":\"https:\/\/secure.gravatar.com\/avatar\/ea53aa3bf6c9a12d5fde8ce4deff43fef3885ae33cf60184161a50d6987cfd2f?s=96&d=mm&r=g\",\"contentUrl\":\"https:\/\/secure.gravatar.com\/avatar\/ea53aa3bf6c9a12d5fde8ce4deff43fef3885ae33cf60184161a50d6987cfd2f?s=96&d=mm&r=g\",\"caption\":\"admin\"},\"sameAs\":[\"https:\/\/veritasinfo.org\"],\"url\":\"https:\/\/veritasinfo.org\/?author=1\"}]}<\/script>\n<!-- \/ Yoast SEO plugin. -->","yoast_head_json":{"title":"Rr\u00ebfimi i Gashit: S\u00ebrgjan Simiq vrau tre serb\u00eb, Serbia po tenton t\u00eb fabrikoj\u00eb ngjarjen -","robots":{"index":"index","follow":"follow","max-snippet":"max-snippet:-1","max-image-preview":"max-image-preview:large","max-video-preview":"max-video-preview:-1"},"canonical":"https:\/\/veritasinfo.org\/?p=6400","og_locale":"en_US","og_type":"article","og_title":"Rr\u00ebfimi i Gashit: S\u00ebrgjan Simiq vrau tre serb\u00eb, Serbia po tenton t\u00eb fabrikoj\u00eb ngjarjen -","og_description":"Prishtin\u00eb, 02 Gusht 2025 Tre serb\u00eb q\u00eb dyshohet t\u00eb jen\u00eb vrar\u00eb me sopat\u00eb nga kush\u00ebriri i tyre n\u00eb maj t\u00eb vitit 1999 n\u00eb fshatin Busi","og_url":"https:\/\/veritasinfo.org\/?p=6400","article_published_time":"2025-08-02T19:37:46+00:00","og_image":[{"width":1536,"height":864,"url":"https:\/\/veritasinfo.org\/wp-content\/uploads\/2025\/08\/IMG_2508.jpeg","type":"image\/jpeg"}],"author":"admin","twitter_card":"summary_large_image","twitter_misc":{"Written by":"admin","Est. reading time":"1 minute"},"schema":{"@context":"https:\/\/schema.org","@graph":[{"@type":"WebPage","@id":"https:\/\/veritasinfo.org\/?p=6400","url":"https:\/\/veritasinfo.org\/?p=6400","name":"Rr\u00ebfimi i Gashit: S\u00ebrgjan Simiq vrau tre serb\u00eb, Serbia po tenton t\u00eb fabrikoj\u00eb ngjarjen -","isPartOf":{"@id":"https:\/\/veritasinfo.org\/#website"},"primaryImageOfPage":{"@id":"https:\/\/veritasinfo.org\/?p=6400#primaryimage"},"image":{"@id":"https:\/\/veritasinfo.org\/?p=6400#primaryimage"},"thumbnailUrl":"https:\/\/veritasinfo.org\/wp-content\/uploads\/2025\/08\/IMG_2508.jpeg","datePublished":"2025-08-02T19:37:46+00:00","author":{"@id":"https:\/\/veritasinfo.org\/#\/schema\/person\/7701f8c088bece422266b100a712374f"},"breadcrumb":{"@id":"https:\/\/veritasinfo.org\/?p=6400#breadcrumb"},"inLanguage":"en-US","potentialAction":[{"@type":"ReadAction","target":["https:\/\/veritasinfo.org\/?p=6400"]}]},{"@type":"ImageObject","inLanguage":"en-US","@id":"https:\/\/veritasinfo.org\/?p=6400#primaryimage","url":"https:\/\/veritasinfo.org\/wp-content\/uploads\/2025\/08\/IMG_2508.jpeg","contentUrl":"https:\/\/veritasinfo.org\/wp-content\/uploads\/2025\/08\/IMG_2508.jpeg","width":1536,"height":864},{"@type":"BreadcrumbList","@id":"https:\/\/veritasinfo.org\/?p=6400#breadcrumb","itemListElement":[{"@type":"ListItem","position":1,"name":"Home","item":"https:\/\/veritasinfo.org\/"},{"@type":"ListItem","position":2,"name":"Rr\u00ebfimi i Gashit: S\u00ebrgjan Simiq vrau tre serb\u00eb, Serbia po tenton t\u00eb fabrikoj\u00eb ngjarjen"}]},{"@type":"WebSite","@id":"https:\/\/veritasinfo.org\/#website","url":"https:\/\/veritasinfo.org\/","name":"","description":"","potentialAction":[{"@type":"SearchAction","target":{"@type":"EntryPoint","urlTemplate":"https:\/\/veritasinfo.org\/?s={search_term_string}"},"query-input":{"@type":"PropertyValueSpecification","valueRequired":true,"valueName":"search_term_string"}}],"inLanguage":"en-US"},{"@type":"Person","@id":"https:\/\/veritasinfo.org\/#\/schema\/person\/7701f8c088bece422266b100a712374f","name":"admin","image":{"@type":"ImageObject","inLanguage":"en-US","@id":"https:\/\/veritasinfo.org\/#\/schema\/person\/image\/","url":"https:\/\/secure.gravatar.com\/avatar\/ea53aa3bf6c9a12d5fde8ce4deff43fef3885ae33cf60184161a50d6987cfd2f?s=96&d=mm&r=g","contentUrl":"https:\/\/secure.gravatar.com\/avatar\/ea53aa3bf6c9a12d5fde8ce4deff43fef3885ae33cf60184161a50d6987cfd2f?s=96&d=mm&r=g","caption":"admin"},"sameAs":["https:\/\/veritasinfo.org"],"url":"https:\/\/veritasinfo.org\/?author=1"}]}},"featured_image_urls":{"full":["https:\/\/veritasinfo.org\/wp-content\/uploads\/2025\/08\/IMG_2508.jpeg",1536,864,false],"thumbnail":["https:\/\/veritasinfo.org\/wp-content\/uploads\/2025\/08\/IMG_2508-150x150.jpeg",150,150,true],"medium":["https:\/\/veritasinfo.org\/wp-content\/uploads\/2025\/08\/IMG_2508-300x169.jpeg",300,169,true],"medium_large":["https:\/\/veritasinfo.org\/wp-content\/uploads\/2025\/08\/IMG_2508-768x432.jpeg",640,360,true],"large":["https:\/\/veritasinfo.org\/wp-content\/uploads\/2025\/08\/IMG_2508-1024x576.jpeg",640,360,true],"1536x1536":["https:\/\/veritasinfo.org\/wp-content\/uploads\/2025\/08\/IMG_2508.jpeg",1536,864,false],"2048x2048":["https:\/\/veritasinfo.org\/wp-content\/uploads\/2025\/08\/IMG_2508.jpeg",1536,864,false],"kreeti-slider-full":["https:\/\/veritasinfo.org\/wp-content\/uploads\/2025\/08\/IMG_2508.jpeg",1280,720,false],"kreeti-featured":["https:\/\/veritasinfo.org\/wp-content\/uploads\/2025\/08\/IMG_2508.jpeg",1024,576,false],"kreeti-medium":["https:\/\/veritasinfo.org\/wp-content\/uploads\/2025\/08\/IMG_2508.jpeg",720,405,false],"kreeti-medium-square":["https:\/\/veritasinfo.org\/wp-content\/uploads\/2025\/08\/IMG_2508.jpeg",350,197,false]},"author_info":{"info":["admin"]},"category_info":"<a href=\"https:\/\/veritasinfo.org\/?cat=58\" rel=\"category\">Politik\u00eb<\/a>","tag_info":"Politik\u00eb","comment_count":"0","_links":{"self":[{"href":"https:\/\/veritasinfo.org\/index.php?rest_route=\/wp\/v2\/posts\/6400","targetHints":{"allow":["GET"]}}],"collection":[{"href":"https:\/\/veritasinfo.org\/index.php?rest_route=\/wp\/v2\/posts"}],"about":[{"href":"https:\/\/veritasinfo.org\/index.php?rest_route=\/wp\/v2\/types\/post"}],"author":[{"embeddable":true,"href":"https:\/\/veritasinfo.org\/index.php?rest_route=\/wp\/v2\/users\/1"}],"replies":[{"embeddable":true,"href":"https:\/\/veritasinfo.org\/index.php?rest_route=%2Fwp%2Fv2%2Fcomments&post=6400"}],"version-history":[{"count":1,"href":"https:\/\/veritasinfo.org\/index.php?rest_route=\/wp\/v2\/posts\/6400\/revisions"}],"predecessor-version":[{"id":6402,"href":"https:\/\/veritasinfo.org\/index.php?rest_route=\/wp\/v2\/posts\/6400\/revisions\/6402"}],"wp:featuredmedia":[{"embeddable":true,"href":"https:\/\/veritasinfo.org\/index.php?rest_route=\/wp\/v2\/media\/6401"}],"wp:attachment":[{"href":"https:\/\/veritasinfo.org\/index.php?rest_route=%2Fwp%2Fv2%2Fmedia&parent=6400"}],"wp:term":[{"taxonomy":"category","embeddable":true,"href":"https:\/\/veritasinfo.org\/index.php?rest_route=%2Fwp%2Fv2%2Fcategories&post=6400"},{"taxonomy":"post_tag","embeddable":true,"href":"https:\/\/veritasinfo.org\/index.php?rest_route=%2Fwp%2Fv2%2Ftags&post=6400"}],"curies":[{"name":"wp","href":"https:\/\/api.w.org\/{rel}","templated":true}]}}