{"id":63972,"date":"2026-09-03T08:32:55","date_gmt":"2026-09-03T06:32:55","guid":{"rendered":"https:\/\/veritasinfo.org\/?p=63972"},"modified":"2026-09-03T08:32:55","modified_gmt":"2026-09-03T06:32:55","slug":"kosova-kerkon-serish-qasje-ne-arkivat-ushtarake-te-serbise-per-zbardhjen-e-fatit-te-te-zhdukurve","status":"publish","type":"post","link":"https:\/\/veritasinfo.org\/?p=63972","title":{"rendered":"Kosova k\u00ebrkon s\u00ebrish qasje n\u00eb arkivat ushtarake t\u00eb Serbis\u00eb p\u00ebr zbardhjen e fatit t\u00eb t\u00eb zhdukurve"},"content":{"rendered":"<p>Prishtin\u00eb, 3 shtator 2026 08:32<\/p>\n<p>Mungesa e informacionit t\u00eb besuesh\u00ebm p\u00ebr vendndodhjet e mundshme t\u00eb varreve dhe qasja n\u00eb arkivat ushtarake t\u00eb Serbis\u00eb mbeten nd\u00ebr pengesat kryesore n\u00eb procesin e zbardhjes s\u00eb fatit t\u00eb personave t\u00eb zhdukur gjat\u00eb luft\u00ebs n\u00eb Kosov\u00eb.<\/p>\n<p>K\u00ebto \u00e7\u00ebshtje jan\u00eb ngritur s\u00ebrish nga delegacioni i Komisionit Qeveritar p\u00ebr Personat e Zhdukur dhe p\u00ebrfaq\u00ebsuesit e familjeve t\u00eb t\u00eb zhdukurve gjat\u00eb nj\u00eb vizite n\u00eb selin\u00eb e Komitetit Nd\u00ebrkomb\u00ebtar t\u00eb Kryqit t\u00eb Kuq (KNKK) n\u00eb Gjenev\u00eb.<\/p>\n<p>Takimi u zhvillua n\u00eb kuad\u00ebr t\u00eb aktiviteteve p\u00ebr sh\u00ebnimin e Dit\u00ebs Nd\u00ebrkomb\u00ebtare t\u00eb Viktimave t\u00eb Zhdukjeve me Forc\u00eb, n\u00eb nj\u00eb koh\u00eb kur institucionet e Kosov\u00ebs po p\u00ebrballen me nj\u00eb faz\u00eb t\u00eb re t\u00eb k\u00ebrkimeve p\u00ebr personat e zhdukur, pas gjetjes s\u00eb mbetjeve mortore n\u00eb disa lokacione n\u00eb komun\u00ebn e Zubin Potokut.<\/p>\n<p>Delegacioni kosovar zhvilloi takime me Kristina Imbach von Arx, bashk\u00ebpun\u00ebtore e Operacioneve t\u00eb Mbrojtjes p\u00ebr Euroazin\u00eb, dhe Florian von Koenig, k\u00ebshilltar n\u00eb Agjencin\u00eb Qendrore t\u00eb Gjurmimit dhe n\u00eb Qendr\u00ebn e Kryqit t\u00eb Kuq dhe Gjysm\u00ebh\u00ebn\u00ebs s\u00eb Kuqe p\u00ebr Personat e Zhdukur.<\/p>\n<p>Gjat\u00eb takimeve u prezantua progresi i deritanish\u00ebm n\u00eb k\u00ebrkimin e personave t\u00eb zhdukur, por edhe sfidat q\u00eb, sipas institucioneve t\u00eb Kosov\u00ebs, vazhdojn\u00eb ta pengojn\u00eb p\u00ebrfundimin e k\u00ebtij procesi.<\/p>\n<p>N\u00eb fokus t\u00eb diskutimeve ishte ve\u00e7an\u00ebrisht mungesa e informacionit t\u00eb besuesh\u00ebm p\u00ebr lokacionet ku mund t\u00eb jen\u00eb varrosur personat e zhdukur.<\/p>\n<p>Komisioni Qeveritar ka theksuar se, n\u00eb rastin e luft\u00ebs n\u00eb Kosov\u00eb, kjo problematik\u00eb lidhet edhe me munges\u00ebn e bashk\u00ebpunimit nga Serbia dhe pamund\u00ebsin\u00eb p\u00ebr t\u00eb pasur qasje n\u00eb arkivat e saj ushtarake.<\/p>\n<p>Megjithat\u00eb, n\u00eb njoftimin e Komisionit nuk \u00ebsht\u00eb specifikuar se cilat arkiva apo dokumente konkrete t\u00eb institucioneve serbe jan\u00eb k\u00ebrkuar n\u00eb k\u00ebt\u00eb faz\u00eb.<\/p>\n<p>N\u00eb takimin n\u00eb Gjenev\u00eb u diskutua edhe bashk\u00ebpunimi i deritanish\u00ebm nd\u00ebrmjet Komisionit Qeveritar ve\u00e7an\u00ebrisht n\u00eb shk\u00ebmbimin dhe analizimin e t\u00eb dh\u00ebnave.<\/p>\n<p>Sipas Komisionit, gjat\u00eb viteve t\u00eb fundit nj\u00eb pjes\u00eb e pun\u00ebs \u00ebsht\u00eb mb\u00ebshtetur n\u00eb raporte analitike t\u00eb p\u00ebrgatitura nga t\u00eb dh\u00ebnat e siguruara p\u00ebrmes arkivave nd\u00ebrkomb\u00ebtare. Ky bashk\u00ebpunim, sipas tyre, ka ndihmuar n\u00eb avancimin e disa rasteve t\u00eb personave t\u00eb zhdukur.<\/p>\n<p>Pal\u00ebt diskutuan gjithashtu rolin q\u00eb komisioni mund t\u00eb ket\u00eb n\u00eb fazat e ardhshme t\u00eb procesit, n\u00eb nj\u00eb koh\u00eb kur institucionet e Kosov\u00ebs kan\u00eb shprehur synimin q\u00eb k\u00ebrkimi i personave t\u00eb zhdukur t\u00eb zhvillohet n\u00ebn p\u00ebrgjegj\u00ebsi dhe juridiksion t\u00eb plot\u00eb t\u00eb institucioneve vendore.<\/p>\n<p>N\u00eb Gjenev\u00eb u diskutua edhe p\u00ebr p\u00ebrmir\u00ebsimin e kuadrit ligjor, t\u00eb drejtat e familjeve t\u00eb personave t\u00eb zhdukur, shk\u00ebmbimin e p\u00ebrvojave me shtetet q\u00eb kan\u00eb kaluar n\u00ebp\u00ebr konflikte, si dhe dokumentimin dhe p\u00ebrkujtimin e viktimave.<\/p>\n<p>Sipas t\u00eb dh\u00ebnave t\u00eb prezantuara nga Komisioni Qeveritar, 1,564 persona vazhdojn\u00eb t\u00eb jen\u00eb t\u00eb zhdukur n\u00eb lidhje me luft\u00ebn n\u00eb Kosov\u00eb.<\/p>\n<p>Kryetari i Komisionit, Agron Limani, ka k\u00ebrkuar vazhdimin e k\u00ebrkimeve, sigurimin e informacioneve t\u00eb reja dhe hapjen e arkivave p\u00ebrkat\u00ebse t\u00eb institucioneve serbe. Ai ka b\u00ebr\u00eb thirrje edhe p\u00ebr p\u00ebrdorim m\u00eb t\u00eb madh t\u00eb ekspertiz\u00ebs profesionale dhe teknologjis\u00eb moderne n\u00eb procesin e identifikimit dhe gjetjes s\u00eb personave t\u00eb zhdukur.<\/p>\n<p>G\u00ebrmimet n\u00eb Zubin Potok<\/p>\n<p>K\u00ebrkesa p\u00ebr sigurimin e informacioneve t\u00eb reja p\u00ebr varret e mundshme vjen pas g\u00ebrmimeve t\u00eb zhvilluara gjat\u00eb gushtit n\u00eb territorin e Zubin Potokut.<\/p>\n<p>N\u00eb tri lokacione \u2013 dy n\u00eb Kallud\u00ebr dhe nj\u00eb n\u00eb Jabuk\u00eb \u2013 jan\u00eb gjetur dhe zhvarrosur mbetje mortore. Institucionet e Kosov\u00ebs kan\u00eb vler\u00ebsuar se ato mund t\u2019u p\u00ebrkasin t\u00eb pakt\u00ebn 23 personave.<\/p>\n<p>N\u00eb lokacionin e par\u00eb n\u00eb Kallud\u00ebr jan\u00eb gjetur mbetje q\u00eb dyshohet se u p\u00ebrkasin 13 personave, nd\u00ebrsa n\u00eb Jabuk\u00eb jan\u00eb gjetur mbetje t\u00eb t\u00eb pakt\u00ebn kat\u00ebr personave. N\u00eb lokacionin e dyt\u00eb n\u00eb Kallud\u00ebr jan\u00eb gjetur mbetje t\u00eb t\u00eb pakt\u00ebn gjasht\u00eb personave.<\/p>\n<p>Megjithat\u00eb, numri p\u00ebrfundimtar dhe identiteti i viktimave ende nuk jan\u00eb konfirmuar. P\u00ebr k\u00ebt\u00eb pritet p\u00ebrfundimi i analizave mjeko-ligjore dhe ve\u00e7an\u00ebrisht i analizave t\u00eb ADN-s\u00eb.<\/p>\n<p>Gjat\u00eb gushtit, procesi i k\u00ebrkimit u zgjerua gradualisht. Fillimisht u gjet\u00ebn mbetje mortore n\u00eb Jabuk\u00eb, nd\u00ebrsa m\u00eb pas u hap\u00ebn edhe lokacione t\u00eb tjera n\u00eb Mala Kaludra.<\/p>\n<p>M\u00eb 24 gusht, kryeministri n\u00eb detyr\u00eb, Albin Kurti, e lidhi gjetjen e mbetjeve t\u00eb t\u00eb pakt\u00ebn 23 personave me rastin e 23 shqiptar\u00ebve t\u00eb zhdukur m\u00eb 19 prill 1999, t\u00eb cil\u00ebt njihen si pjes\u00ebtar\u00eb t\u00eb nj\u00eb grupi intelektual\u00ebsh nga Mitrovica.<\/p>\n<p>Kurti theksoi se identifikimi i mbetjeve ende nuk ka p\u00ebrfunduar dhe k\u00ebrkoi nga Serbia hapjen e arkivave t\u00eb Brigad\u00ebs s\u00eb 37-t\u00eb t\u00eb Motorizuar t\u00eb Ushtris\u00eb Jugosllave.<\/p>\n<p>Nj\u00eb k\u00ebrkes\u00eb t\u00eb ngjashme e ka b\u00ebr\u00eb edhe ministri n\u00eb detyr\u00eb i Pun\u00ebve t\u00eb Brendshme, Xhelal Sve\u00e7la, i cili ka k\u00ebrkuar q\u00eb Serbia t\u00eb ofroj\u00eb informacione p\u00ebr fatin dhe vendndodhjet e personave t\u00eb zhdukur gjat\u00eb luft\u00ebs.<\/p>\n<p>P\u00ebr analiz\u00eb t\u00eb ADN-s\u00eb, t\u00eb pakt\u00ebn dhjet\u00eb mostra kockore jan\u00eb d\u00ebrguar n\u00eb Hag\u00eb. Nd\u00ebrkoh\u00eb, m\u00eb 28 gusht, familjar\u00eb t\u00eb 23 personave t\u00eb zhdukur kan\u00eb vizituar lokacionin n\u00eb Kallud\u00ebr t\u00eb Vog\u00ebl, i cili nga institucionet e Kosov\u00ebs \u00ebsht\u00eb cil\u00ebsuar si vend i mundsh\u00ebm i nj\u00eb varri masiv.<\/p>\n<p>Megjithat\u00eb, institucionet kan\u00eb theksuar se vet\u00ebm rezultatet e analizave t\u00eb ADN-s\u00eb mund t\u00eb p\u00ebrcaktojn\u00eb n\u00ebse mbetjet e gjetura u p\u00ebrkasin personave t\u00eb zhdukur dhe kujt konkretisht.<\/p>\n<p>\u00c7\u00ebshtja e informacioneve p\u00ebr lokacionet e mundshme t\u00eb varreve dhe dokumentacionit t\u00eb koh\u00ebs s\u00eb luft\u00ebs mbetet k\u00ebshtu nj\u00eb nga pikat kryesore t\u00eb procesit t\u00eb zbardhjes s\u00eb fatit t\u00eb t\u00eb zhdukurve.<\/p>\n<p>27 vjet pas p\u00ebrfundimit t\u00eb luft\u00ebs, familjet ende presin p\u00ebrgjigje p\u00ebr fatin e t\u00eb af\u00ebrmve t\u00eb tyre, nd\u00ebrsa institucionet e Kosov\u00ebs vazhdojn\u00eb t\u00eb k\u00ebrkojn\u00eb nga Serbia hapjen e arkivave dhe ofrimin e informacionit q\u00eb mund t\u00eb ndihmoj\u00eb n\u00eb identifikimin e vendndodhjeve t\u00eb personave t\u00eb zhdukur.<\/p>\n<p>&nbsp;<\/p>\n","protected":false},"excerpt":{"rendered":"<p>Prishtin\u00eb, 3 shtator 2026 08:32 Mungesa e informacionit t\u00eb besuesh\u00ebm p\u00ebr vendndodhjet e mundshme t\u00eb varreve dhe qasja n\u00eb arkivat ushtarake t\u00eb Serbis\u00eb mbeten nd\u00ebr<\/p>\n","protected":false},"author":7,"featured_media":63973,"comment_status":"open","ping_status":"open","sticky":false,"template":"","format":"standard","meta":{"footnotes":""},"categories":[58],"tags":[],"class_list":["post-63972","post","type-post","status-publish","format-standard","has-post-thumbnail","hentry","category-politike-sq"],"yoast_head":"<!-- This site is optimized with the Yoast SEO plugin v25.3.1 - https:\/\/yoast.com\/wordpress\/plugins\/seo\/ -->\n<title>Kosova k\u00ebrkon s\u00ebrish qasje n\u00eb arkivat ushtarake t\u00eb Serbis\u00eb p\u00ebr zbardhjen e fatit t\u00eb t\u00eb zhdukurve -<\/title>\n<meta name=\"robots\" content=\"index, follow, max-snippet:-1, max-image-preview:large, max-video-preview:-1\" \/>\n<link rel=\"canonical\" href=\"https:\/\/veritasinfo.org\/?p=63972\" \/>\n<meta property=\"og:locale\" content=\"en_US\" \/>\n<meta property=\"og:type\" content=\"article\" \/>\n<meta property=\"og:title\" content=\"Kosova k\u00ebrkon s\u00ebrish qasje n\u00eb arkivat ushtarake t\u00eb Serbis\u00eb p\u00ebr zbardhjen e fatit t\u00eb t\u00eb zhdukurve -\" \/>\n<meta property=\"og:description\" content=\"Prishtin\u00eb, 3 shtator 2026 08:32 Mungesa e informacionit t\u00eb besuesh\u00ebm p\u00ebr vendndodhjet e mundshme t\u00eb varreve dhe qasja n\u00eb arkivat ushtarake t\u00eb Serbis\u00eb mbeten nd\u00ebr\" \/>\n<meta property=\"og:url\" content=\"https:\/\/veritasinfo.org\/?p=63972\" \/>\n<meta property=\"article:published_time\" content=\"2026-09-03T06:32:55+00:00\" \/>\n<meta property=\"og:image\" content=\"https:\/\/veritasinfo.org\/wp-content\/uploads\/2026\/09\/komisija-za-nestala-lica-1536x1456-1.jpg\" \/>\n\t<meta property=\"og:image:width\" content=\"1536\" \/>\n\t<meta property=\"og:image:height\" content=\"1456\" \/>\n\t<meta property=\"og:image:type\" content=\"image\/jpeg\" \/>\n<meta name=\"author\" content=\"US6\" \/>\n<meta name=\"twitter:card\" content=\"summary_large_image\" \/>\n<meta name=\"twitter:label1\" content=\"Written by\" \/>\n\t<meta name=\"twitter:data1\" content=\"US6\" \/>\n\t<meta name=\"twitter:label2\" content=\"Est. reading time\" \/>\n\t<meta name=\"twitter:data2\" content=\"5 minutes\" \/>\n<script type=\"application\/ld+json\" class=\"yoast-schema-graph\">{\"@context\":\"https:\/\/schema.org\",\"@graph\":[{\"@type\":\"WebPage\",\"@id\":\"https:\/\/veritasinfo.org\/?p=63972\",\"url\":\"https:\/\/veritasinfo.org\/?p=63972\",\"name\":\"Kosova k\u00ebrkon s\u00ebrish qasje n\u00eb arkivat ushtarake t\u00eb Serbis\u00eb p\u00ebr zbardhjen e fatit t\u00eb t\u00eb zhdukurve -\",\"isPartOf\":{\"@id\":\"https:\/\/veritasinfo.org\/#website\"},\"primaryImageOfPage\":{\"@id\":\"https:\/\/veritasinfo.org\/?p=63972#primaryimage\"},\"image\":{\"@id\":\"https:\/\/veritasinfo.org\/?p=63972#primaryimage\"},\"thumbnailUrl\":\"https:\/\/veritasinfo.org\/wp-content\/uploads\/2026\/09\/komisija-za-nestala-lica-1536x1456-1.jpg\",\"datePublished\":\"2026-09-03T06:32:55+00:00\",\"author\":{\"@id\":\"https:\/\/veritasinfo.org\/#\/schema\/person\/fe199eede04c3937362892b7444747cc\"},\"breadcrumb\":{\"@id\":\"https:\/\/veritasinfo.org\/?p=63972#breadcrumb\"},\"inLanguage\":\"en-US\",\"potentialAction\":[{\"@type\":\"ReadAction\",\"target\":[\"https:\/\/veritasinfo.org\/?p=63972\"]}]},{\"@type\":\"ImageObject\",\"inLanguage\":\"en-US\",\"@id\":\"https:\/\/veritasinfo.org\/?p=63972#primaryimage\",\"url\":\"https:\/\/veritasinfo.org\/wp-content\/uploads\/2026\/09\/komisija-za-nestala-lica-1536x1456-1.jpg\",\"contentUrl\":\"https:\/\/veritasinfo.org\/wp-content\/uploads\/2026\/09\/komisija-za-nestala-lica-1536x1456-1.jpg\",\"width\":1536,\"height\":1456},{\"@type\":\"BreadcrumbList\",\"@id\":\"https:\/\/veritasinfo.org\/?p=63972#breadcrumb\",\"itemListElement\":[{\"@type\":\"ListItem\",\"position\":1,\"name\":\"Home\",\"item\":\"https:\/\/veritasinfo.org\/\"},{\"@type\":\"ListItem\",\"position\":2,\"name\":\"Kosova k\u00ebrkon s\u00ebrish qasje n\u00eb arkivat ushtarake t\u00eb Serbis\u00eb p\u00ebr zbardhjen e fatit t\u00eb t\u00eb zhdukurve\"}]},{\"@type\":\"WebSite\",\"@id\":\"https:\/\/veritasinfo.org\/#website\",\"url\":\"https:\/\/veritasinfo.org\/\",\"name\":\"\",\"description\":\"\",\"potentialAction\":[{\"@type\":\"SearchAction\",\"target\":{\"@type\":\"EntryPoint\",\"urlTemplate\":\"https:\/\/veritasinfo.org\/?s={search_term_string}\"},\"query-input\":{\"@type\":\"PropertyValueSpecification\",\"valueRequired\":true,\"valueName\":\"search_term_string\"}}],\"inLanguage\":\"en-US\"},{\"@type\":\"Person\",\"@id\":\"https:\/\/veritasinfo.org\/#\/schema\/person\/fe199eede04c3937362892b7444747cc\",\"name\":\"US6\",\"image\":{\"@type\":\"ImageObject\",\"inLanguage\":\"en-US\",\"@id\":\"https:\/\/veritasinfo.org\/#\/schema\/person\/image\/\",\"url\":\"https:\/\/secure.gravatar.com\/avatar\/cb16c3c31c9d23b9b8c705964598220b3014e42ff51eb540ff23cefa3ae8c15f?s=96&d=mm&r=g\",\"contentUrl\":\"https:\/\/secure.gravatar.com\/avatar\/cb16c3c31c9d23b9b8c705964598220b3014e42ff51eb540ff23cefa3ae8c15f?s=96&d=mm&r=g\",\"caption\":\"US6\"},\"url\":\"https:\/\/veritasinfo.org\/?author=7\"}]}<\/script>\n<!-- \/ Yoast SEO plugin. -->","yoast_head_json":{"title":"Kosova k\u00ebrkon s\u00ebrish qasje n\u00eb arkivat ushtarake t\u00eb Serbis\u00eb p\u00ebr zbardhjen e fatit t\u00eb t\u00eb zhdukurve -","robots":{"index":"index","follow":"follow","max-snippet":"max-snippet:-1","max-image-preview":"max-image-preview:large","max-video-preview":"max-video-preview:-1"},"canonical":"https:\/\/veritasinfo.org\/?p=63972","og_locale":"en_US","og_type":"article","og_title":"Kosova k\u00ebrkon s\u00ebrish qasje n\u00eb arkivat ushtarake t\u00eb Serbis\u00eb p\u00ebr zbardhjen e fatit t\u00eb t\u00eb zhdukurve -","og_description":"Prishtin\u00eb, 3 shtator 2026 08:32 Mungesa e informacionit t\u00eb besuesh\u00ebm p\u00ebr vendndodhjet e mundshme t\u00eb varreve dhe qasja n\u00eb arkivat ushtarake t\u00eb Serbis\u00eb mbeten nd\u00ebr","og_url":"https:\/\/veritasinfo.org\/?p=63972","article_published_time":"2026-09-03T06:32:55+00:00","og_image":[{"width":1536,"height":1456,"url":"https:\/\/veritasinfo.org\/wp-content\/uploads\/2026\/09\/komisija-za-nestala-lica-1536x1456-1.jpg","type":"image\/jpeg"}],"author":"US6","twitter_card":"summary_large_image","twitter_misc":{"Written by":"US6","Est. reading time":"5 minutes"},"schema":{"@context":"https:\/\/schema.org","@graph":[{"@type":"WebPage","@id":"https:\/\/veritasinfo.org\/?p=63972","url":"https:\/\/veritasinfo.org\/?p=63972","name":"Kosova k\u00ebrkon s\u00ebrish qasje n\u00eb arkivat ushtarake t\u00eb Serbis\u00eb p\u00ebr zbardhjen e fatit t\u00eb t\u00eb zhdukurve -","isPartOf":{"@id":"https:\/\/veritasinfo.org\/#website"},"primaryImageOfPage":{"@id":"https:\/\/veritasinfo.org\/?p=63972#primaryimage"},"image":{"@id":"https:\/\/veritasinfo.org\/?p=63972#primaryimage"},"thumbnailUrl":"https:\/\/veritasinfo.org\/wp-content\/uploads\/2026\/09\/komisija-za-nestala-lica-1536x1456-1.jpg","datePublished":"2026-09-03T06:32:55+00:00","author":{"@id":"https:\/\/veritasinfo.org\/#\/schema\/person\/fe199eede04c3937362892b7444747cc"},"breadcrumb":{"@id":"https:\/\/veritasinfo.org\/?p=63972#breadcrumb"},"inLanguage":"en-US","potentialAction":[{"@type":"ReadAction","target":["https:\/\/veritasinfo.org\/?p=63972"]}]},{"@type":"ImageObject","inLanguage":"en-US","@id":"https:\/\/veritasinfo.org\/?p=63972#primaryimage","url":"https:\/\/veritasinfo.org\/wp-content\/uploads\/2026\/09\/komisija-za-nestala-lica-1536x1456-1.jpg","contentUrl":"https:\/\/veritasinfo.org\/wp-content\/uploads\/2026\/09\/komisija-za-nestala-lica-1536x1456-1.jpg","width":1536,"height":1456},{"@type":"BreadcrumbList","@id":"https:\/\/veritasinfo.org\/?p=63972#breadcrumb","itemListElement":[{"@type":"ListItem","position":1,"name":"Home","item":"https:\/\/veritasinfo.org\/"},{"@type":"ListItem","position":2,"name":"Kosova k\u00ebrkon s\u00ebrish qasje n\u00eb arkivat ushtarake t\u00eb Serbis\u00eb p\u00ebr zbardhjen e fatit t\u00eb t\u00eb zhdukurve"}]},{"@type":"WebSite","@id":"https:\/\/veritasinfo.org\/#website","url":"https:\/\/veritasinfo.org\/","name":"","description":"","potentialAction":[{"@type":"SearchAction","target":{"@type":"EntryPoint","urlTemplate":"https:\/\/veritasinfo.org\/?s={search_term_string}"},"query-input":{"@type":"PropertyValueSpecification","valueRequired":true,"valueName":"search_term_string"}}],"inLanguage":"en-US"},{"@type":"Person","@id":"https:\/\/veritasinfo.org\/#\/schema\/person\/fe199eede04c3937362892b7444747cc","name":"US6","image":{"@type":"ImageObject","inLanguage":"en-US","@id":"https:\/\/veritasinfo.org\/#\/schema\/person\/image\/","url":"https:\/\/secure.gravatar.com\/avatar\/cb16c3c31c9d23b9b8c705964598220b3014e42ff51eb540ff23cefa3ae8c15f?s=96&d=mm&r=g","contentUrl":"https:\/\/secure.gravatar.com\/avatar\/cb16c3c31c9d23b9b8c705964598220b3014e42ff51eb540ff23cefa3ae8c15f?s=96&d=mm&r=g","caption":"US6"},"url":"https:\/\/veritasinfo.org\/?author=7"}]}},"featured_image_urls":{"full":["https:\/\/veritasinfo.org\/wp-content\/uploads\/2026\/09\/komisija-za-nestala-lica-1536x1456-1.jpg",1536,1456,false],"thumbnail":["https:\/\/veritasinfo.org\/wp-content\/uploads\/2026\/09\/komisija-za-nestala-lica-1536x1456-1-150x150.jpg",150,150,true],"medium":["https:\/\/veritasinfo.org\/wp-content\/uploads\/2026\/09\/komisija-za-nestala-lica-1536x1456-1-300x284.jpg",300,284,true],"medium_large":["https:\/\/veritasinfo.org\/wp-content\/uploads\/2026\/09\/komisija-za-nestala-lica-1536x1456-1-768x728.jpg",640,607,true],"large":["https:\/\/veritasinfo.org\/wp-content\/uploads\/2026\/09\/komisija-za-nestala-lica-1536x1456-1-1024x971.jpg",640,607,true],"1536x1536":["https:\/\/veritasinfo.org\/wp-content\/uploads\/2026\/09\/komisija-za-nestala-lica-1536x1456-1.jpg",1536,1456,false],"2048x2048":["https:\/\/veritasinfo.org\/wp-content\/uploads\/2026\/09\/komisija-za-nestala-lica-1536x1456-1.jpg",1536,1456,false],"kreeti-slider-full":["https:\/\/veritasinfo.org\/wp-content\/uploads\/2026\/09\/komisija-za-nestala-lica-1536x1456-1-1280x720.jpg",1280,720,true],"kreeti-featured":["https:\/\/veritasinfo.org\/wp-content\/uploads\/2026\/09\/komisija-za-nestala-lica-1536x1456-1-1024x971.jpg",1024,971,true],"kreeti-medium":["https:\/\/veritasinfo.org\/wp-content\/uploads\/2026\/09\/komisija-za-nestala-lica-1536x1456-1-720x530.jpg",720,530,true],"kreeti-medium-square":["https:\/\/veritasinfo.org\/wp-content\/uploads\/2026\/09\/komisija-za-nestala-lica-1536x1456-1-350x350.jpg",350,350,true]},"author_info":{"info":["US6"]},"category_info":"<a href=\"https:\/\/veritasinfo.org\/?cat=58\" rel=\"category\">Politik\u00eb<\/a>","tag_info":"Politik\u00eb","comment_count":"0","_links":{"self":[{"href":"https:\/\/veritasinfo.org\/index.php?rest_route=\/wp\/v2\/posts\/63972","targetHints":{"allow":["GET"]}}],"collection":[{"href":"https:\/\/veritasinfo.org\/index.php?rest_route=\/wp\/v2\/posts"}],"about":[{"href":"https:\/\/veritasinfo.org\/index.php?rest_route=\/wp\/v2\/types\/post"}],"author":[{"embeddable":true,"href":"https:\/\/veritasinfo.org\/index.php?rest_route=\/wp\/v2\/users\/7"}],"replies":[{"embeddable":true,"href":"https:\/\/veritasinfo.org\/index.php?rest_route=%2Fwp%2Fv2%2Fcomments&post=63972"}],"version-history":[{"count":1,"href":"https:\/\/veritasinfo.org\/index.php?rest_route=\/wp\/v2\/posts\/63972\/revisions"}],"predecessor-version":[{"id":63974,"href":"https:\/\/veritasinfo.org\/index.php?rest_route=\/wp\/v2\/posts\/63972\/revisions\/63974"}],"wp:featuredmedia":[{"embeddable":true,"href":"https:\/\/veritasinfo.org\/index.php?rest_route=\/wp\/v2\/media\/63973"}],"wp:attachment":[{"href":"https:\/\/veritasinfo.org\/index.php?rest_route=%2Fwp%2Fv2%2Fmedia&parent=63972"}],"wp:term":[{"taxonomy":"category","embeddable":true,"href":"https:\/\/veritasinfo.org\/index.php?rest_route=%2Fwp%2Fv2%2Fcategories&post=63972"},{"taxonomy":"post_tag","embeddable":true,"href":"https:\/\/veritasinfo.org\/index.php?rest_route=%2Fwp%2Fv2%2Ftags&post=63972"}],"curies":[{"name":"wp","href":"https:\/\/api.w.org\/{rel}","templated":true}]}}