{"id":63965,"date":"2026-09-03T08:16:38","date_gmt":"2026-09-03T06:16:38","guid":{"rendered":"https:\/\/veritasinfo.org\/?p=63965"},"modified":"2026-09-03T08:16:38","modified_gmt":"2026-09-03T06:16:38","slug":"marreveshja-e-tregtise-se-lire-midis-efta-s-dhe-kosoves-hyn-ne-fuqi-me-1-tetor","status":"publish","type":"post","link":"https:\/\/veritasinfo.org\/?p=63965","title":{"rendered":"Marr\u00ebveshja e tregtis\u00eb s\u00eb lir\u00eb midis EFTA-s dhe Kosov\u00ebs hyn n\u00eb fuqi m\u00eb 1 tetor"},"content":{"rendered":"<p>Prishtin\u00eb, 3 shtator 2026 08:15<\/p>\n<p>Marr\u00ebveshja e tregtis\u00eb s\u00eb lir\u00eb midis EFTA-s (Zvic\u00ebr, Island\u00eb, Lihtenshtajn dhe Norvegji) dhe Kosov\u00ebs do t\u00eb hyj\u00eb n\u00eb fuqi m\u00eb 1 tetor 2026, njoftoi Ambasada e Zvicr\u00ebs n\u00eb Kosov\u00eb.<\/p>\n<p>Si\u00e7 thuhet n\u00eb deklarat\u00ebn e publikuar n\u00eb Facebook, K\u00ebshilli Federal Zviceran miratoi ndryshimet e nevojshme p\u00ebr t\u00eb v\u00ebn\u00eb n\u00eb praktik\u00eb marr\u00ebveshjen, duke krijuar mund\u00ebsi t\u00eb reja p\u00ebr bizneset dhe duke forcuar lidhjet ekonomike.<\/p>\n<p>&#8220;K\u00ebshtu, \u00ebsht\u00eb arritur nj\u00eb hap i r\u00ebnd\u00ebsish\u00ebm drejt marr\u00ebdh\u00ebnieve m\u00eb t\u00eb ngushta tregtare dhe mund\u00ebsive t\u00eb reja p\u00ebr kompanit\u00eb&#8221;, thuhet n\u00eb njoftim.<\/p>\n<p>&nbsp;<\/p>\n","protected":false},"excerpt":{"rendered":"<p>Prishtin\u00eb, 3 shtator 2026 08:15 Marr\u00ebveshja e tregtis\u00eb s\u00eb lir\u00eb midis EFTA-s (Zvic\u00ebr, Island\u00eb, Lihtenshtajn dhe Norvegji) dhe Kosov\u00ebs do t\u00eb hyj\u00eb n\u00eb fuqi m\u00eb<\/p>\n","protected":false},"author":7,"featured_media":63966,"comment_status":"open","ping_status":"open","sticky":false,"template":"","format":"standard","meta":{"footnotes":""},"categories":[58],"tags":[],"class_list":["post-63965","post","type-post","status-publish","format-standard","has-post-thumbnail","hentry","category-politike-sq"],"yoast_head":"<!-- This site is optimized with the Yoast SEO plugin v25.3.1 - https:\/\/yoast.com\/wordpress\/plugins\/seo\/ -->\n<title>Marr\u00ebveshja e tregtis\u00eb s\u00eb lir\u00eb midis EFTA-s dhe Kosov\u00ebs hyn n\u00eb fuqi m\u00eb 1 tetor -<\/title>\n<meta name=\"robots\" content=\"index, follow, max-snippet:-1, max-image-preview:large, max-video-preview:-1\" \/>\n<link rel=\"canonical\" href=\"https:\/\/veritasinfo.org\/?p=63965\" \/>\n<meta property=\"og:locale\" content=\"en_US\" \/>\n<meta property=\"og:type\" content=\"article\" \/>\n<meta property=\"og:title\" content=\"Marr\u00ebveshja e tregtis\u00eb s\u00eb lir\u00eb midis EFTA-s dhe Kosov\u00ebs hyn n\u00eb fuqi m\u00eb 1 tetor -\" \/>\n<meta property=\"og:description\" content=\"Prishtin\u00eb, 3 shtator 2026 08:15 Marr\u00ebveshja e tregtis\u00eb s\u00eb lir\u00eb midis EFTA-s (Zvic\u00ebr, Island\u00eb, Lihtenshtajn dhe Norvegji) dhe Kosov\u00ebs do t\u00eb hyj\u00eb n\u00eb fuqi m\u00eb\" \/>\n<meta property=\"og:url\" content=\"https:\/\/veritasinfo.org\/?p=63965\" \/>\n<meta property=\"article:published_time\" content=\"2026-09-03T06:16:38+00:00\" \/>\n<meta property=\"og:image\" content=\"https:\/\/veritasinfo.org\/wp-content\/uploads\/2026\/09\/efta_logo.jpg\" \/>\n\t<meta property=\"og:image:width\" content=\"686\" \/>\n\t<meta property=\"og:image:height\" content=\"386\" \/>\n\t<meta property=\"og:image:type\" content=\"image\/jpeg\" \/>\n<meta name=\"author\" content=\"US6\" \/>\n<meta name=\"twitter:card\" content=\"summary_large_image\" \/>\n<meta name=\"twitter:label1\" content=\"Written by\" \/>\n\t<meta name=\"twitter:data1\" content=\"US6\" \/>\n\t<meta name=\"twitter:label2\" content=\"Est. reading time\" \/>\n\t<meta name=\"twitter:data2\" content=\"1 minute\" \/>\n<script type=\"application\/ld+json\" class=\"yoast-schema-graph\">{\"@context\":\"https:\/\/schema.org\",\"@graph\":[{\"@type\":\"WebPage\",\"@id\":\"https:\/\/veritasinfo.org\/?p=63965\",\"url\":\"https:\/\/veritasinfo.org\/?p=63965\",\"name\":\"Marr\u00ebveshja e tregtis\u00eb s\u00eb lir\u00eb midis EFTA-s dhe Kosov\u00ebs hyn n\u00eb fuqi m\u00eb 1 tetor -\",\"isPartOf\":{\"@id\":\"https:\/\/veritasinfo.org\/#website\"},\"primaryImageOfPage\":{\"@id\":\"https:\/\/veritasinfo.org\/?p=63965#primaryimage\"},\"image\":{\"@id\":\"https:\/\/veritasinfo.org\/?p=63965#primaryimage\"},\"thumbnailUrl\":\"https:\/\/veritasinfo.org\/wp-content\/uploads\/2026\/09\/efta_logo.jpg\",\"datePublished\":\"2026-09-03T06:16:38+00:00\",\"author\":{\"@id\":\"https:\/\/veritasinfo.org\/#\/schema\/person\/fe199eede04c3937362892b7444747cc\"},\"breadcrumb\":{\"@id\":\"https:\/\/veritasinfo.org\/?p=63965#breadcrumb\"},\"inLanguage\":\"en-US\",\"potentialAction\":[{\"@type\":\"ReadAction\",\"target\":[\"https:\/\/veritasinfo.org\/?p=63965\"]}]},{\"@type\":\"ImageObject\",\"inLanguage\":\"en-US\",\"@id\":\"https:\/\/veritasinfo.org\/?p=63965#primaryimage\",\"url\":\"https:\/\/veritasinfo.org\/wp-content\/uploads\/2026\/09\/efta_logo.jpg\",\"contentUrl\":\"https:\/\/veritasinfo.org\/wp-content\/uploads\/2026\/09\/efta_logo.jpg\",\"width\":686,\"height\":386},{\"@type\":\"BreadcrumbList\",\"@id\":\"https:\/\/veritasinfo.org\/?p=63965#breadcrumb\",\"itemListElement\":[{\"@type\":\"ListItem\",\"position\":1,\"name\":\"Home\",\"item\":\"https:\/\/veritasinfo.org\/\"},{\"@type\":\"ListItem\",\"position\":2,\"name\":\"Marr\u00ebveshja e tregtis\u00eb s\u00eb lir\u00eb midis EFTA-s dhe Kosov\u00ebs hyn n\u00eb fuqi m\u00eb 1 tetor\"}]},{\"@type\":\"WebSite\",\"@id\":\"https:\/\/veritasinfo.org\/#website\",\"url\":\"https:\/\/veritasinfo.org\/\",\"name\":\"\",\"description\":\"\",\"potentialAction\":[{\"@type\":\"SearchAction\",\"target\":{\"@type\":\"EntryPoint\",\"urlTemplate\":\"https:\/\/veritasinfo.org\/?s={search_term_string}\"},\"query-input\":{\"@type\":\"PropertyValueSpecification\",\"valueRequired\":true,\"valueName\":\"search_term_string\"}}],\"inLanguage\":\"en-US\"},{\"@type\":\"Person\",\"@id\":\"https:\/\/veritasinfo.org\/#\/schema\/person\/fe199eede04c3937362892b7444747cc\",\"name\":\"US6\",\"image\":{\"@type\":\"ImageObject\",\"inLanguage\":\"en-US\",\"@id\":\"https:\/\/veritasinfo.org\/#\/schema\/person\/image\/\",\"url\":\"https:\/\/secure.gravatar.com\/avatar\/cb16c3c31c9d23b9b8c705964598220b3014e42ff51eb540ff23cefa3ae8c15f?s=96&d=mm&r=g\",\"contentUrl\":\"https:\/\/secure.gravatar.com\/avatar\/cb16c3c31c9d23b9b8c705964598220b3014e42ff51eb540ff23cefa3ae8c15f?s=96&d=mm&r=g\",\"caption\":\"US6\"},\"url\":\"https:\/\/veritasinfo.org\/?author=7\"}]}<\/script>\n<!-- \/ Yoast SEO plugin. -->","yoast_head_json":{"title":"Marr\u00ebveshja e tregtis\u00eb s\u00eb lir\u00eb midis EFTA-s dhe Kosov\u00ebs hyn n\u00eb fuqi m\u00eb 1 tetor -","robots":{"index":"index","follow":"follow","max-snippet":"max-snippet:-1","max-image-preview":"max-image-preview:large","max-video-preview":"max-video-preview:-1"},"canonical":"https:\/\/veritasinfo.org\/?p=63965","og_locale":"en_US","og_type":"article","og_title":"Marr\u00ebveshja e tregtis\u00eb s\u00eb lir\u00eb midis EFTA-s dhe Kosov\u00ebs hyn n\u00eb fuqi m\u00eb 1 tetor -","og_description":"Prishtin\u00eb, 3 shtator 2026 08:15 Marr\u00ebveshja e tregtis\u00eb s\u00eb lir\u00eb midis EFTA-s (Zvic\u00ebr, Island\u00eb, Lihtenshtajn dhe Norvegji) dhe Kosov\u00ebs do t\u00eb hyj\u00eb n\u00eb fuqi m\u00eb","og_url":"https:\/\/veritasinfo.org\/?p=63965","article_published_time":"2026-09-03T06:16:38+00:00","og_image":[{"width":686,"height":386,"url":"https:\/\/veritasinfo.org\/wp-content\/uploads\/2026\/09\/efta_logo.jpg","type":"image\/jpeg"}],"author":"US6","twitter_card":"summary_large_image","twitter_misc":{"Written by":"US6","Est. reading time":"1 minute"},"schema":{"@context":"https:\/\/schema.org","@graph":[{"@type":"WebPage","@id":"https:\/\/veritasinfo.org\/?p=63965","url":"https:\/\/veritasinfo.org\/?p=63965","name":"Marr\u00ebveshja e tregtis\u00eb s\u00eb lir\u00eb midis EFTA-s dhe Kosov\u00ebs hyn n\u00eb fuqi m\u00eb 1 tetor -","isPartOf":{"@id":"https:\/\/veritasinfo.org\/#website"},"primaryImageOfPage":{"@id":"https:\/\/veritasinfo.org\/?p=63965#primaryimage"},"image":{"@id":"https:\/\/veritasinfo.org\/?p=63965#primaryimage"},"thumbnailUrl":"https:\/\/veritasinfo.org\/wp-content\/uploads\/2026\/09\/efta_logo.jpg","datePublished":"2026-09-03T06:16:38+00:00","author":{"@id":"https:\/\/veritasinfo.org\/#\/schema\/person\/fe199eede04c3937362892b7444747cc"},"breadcrumb":{"@id":"https:\/\/veritasinfo.org\/?p=63965#breadcrumb"},"inLanguage":"en-US","potentialAction":[{"@type":"ReadAction","target":["https:\/\/veritasinfo.org\/?p=63965"]}]},{"@type":"ImageObject","inLanguage":"en-US","@id":"https:\/\/veritasinfo.org\/?p=63965#primaryimage","url":"https:\/\/veritasinfo.org\/wp-content\/uploads\/2026\/09\/efta_logo.jpg","contentUrl":"https:\/\/veritasinfo.org\/wp-content\/uploads\/2026\/09\/efta_logo.jpg","width":686,"height":386},{"@type":"BreadcrumbList","@id":"https:\/\/veritasinfo.org\/?p=63965#breadcrumb","itemListElement":[{"@type":"ListItem","position":1,"name":"Home","item":"https:\/\/veritasinfo.org\/"},{"@type":"ListItem","position":2,"name":"Marr\u00ebveshja e tregtis\u00eb s\u00eb lir\u00eb midis EFTA-s dhe Kosov\u00ebs hyn n\u00eb fuqi m\u00eb 1 tetor"}]},{"@type":"WebSite","@id":"https:\/\/veritasinfo.org\/#website","url":"https:\/\/veritasinfo.org\/","name":"","description":"","potentialAction":[{"@type":"SearchAction","target":{"@type":"EntryPoint","urlTemplate":"https:\/\/veritasinfo.org\/?s={search_term_string}"},"query-input":{"@type":"PropertyValueSpecification","valueRequired":true,"valueName":"search_term_string"}}],"inLanguage":"en-US"},{"@type":"Person","@id":"https:\/\/veritasinfo.org\/#\/schema\/person\/fe199eede04c3937362892b7444747cc","name":"US6","image":{"@type":"ImageObject","inLanguage":"en-US","@id":"https:\/\/veritasinfo.org\/#\/schema\/person\/image\/","url":"https:\/\/secure.gravatar.com\/avatar\/cb16c3c31c9d23b9b8c705964598220b3014e42ff51eb540ff23cefa3ae8c15f?s=96&d=mm&r=g","contentUrl":"https:\/\/secure.gravatar.com\/avatar\/cb16c3c31c9d23b9b8c705964598220b3014e42ff51eb540ff23cefa3ae8c15f?s=96&d=mm&r=g","caption":"US6"},"url":"https:\/\/veritasinfo.org\/?author=7"}]}},"featured_image_urls":{"full":["https:\/\/veritasinfo.org\/wp-content\/uploads\/2026\/09\/efta_logo.jpg",686,386,false],"thumbnail":["https:\/\/veritasinfo.org\/wp-content\/uploads\/2026\/09\/efta_logo-150x150.jpg",150,150,true],"medium":["https:\/\/veritasinfo.org\/wp-content\/uploads\/2026\/09\/efta_logo-300x169.jpg",300,169,true],"medium_large":["https:\/\/veritasinfo.org\/wp-content\/uploads\/2026\/09\/efta_logo.jpg",640,360,false],"large":["https:\/\/veritasinfo.org\/wp-content\/uploads\/2026\/09\/efta_logo.jpg",640,360,false],"1536x1536":["https:\/\/veritasinfo.org\/wp-content\/uploads\/2026\/09\/efta_logo.jpg",686,386,false],"2048x2048":["https:\/\/veritasinfo.org\/wp-content\/uploads\/2026\/09\/efta_logo.jpg",686,386,false],"kreeti-slider-full":["https:\/\/veritasinfo.org\/wp-content\/uploads\/2026\/09\/efta_logo.jpg",686,386,false],"kreeti-featured":["https:\/\/veritasinfo.org\/wp-content\/uploads\/2026\/09\/efta_logo.jpg",686,386,false],"kreeti-medium":["https:\/\/veritasinfo.org\/wp-content\/uploads\/2026\/09\/efta_logo.jpg",686,386,false],"kreeti-medium-square":["https:\/\/veritasinfo.org\/wp-content\/uploads\/2026\/09\/efta_logo-350x350.jpg",350,350,true]},"author_info":{"info":["US6"]},"category_info":"<a href=\"https:\/\/veritasinfo.org\/?cat=58\" rel=\"category\">Politik\u00eb<\/a>","tag_info":"Politik\u00eb","comment_count":"0","_links":{"self":[{"href":"https:\/\/veritasinfo.org\/index.php?rest_route=\/wp\/v2\/posts\/63965","targetHints":{"allow":["GET"]}}],"collection":[{"href":"https:\/\/veritasinfo.org\/index.php?rest_route=\/wp\/v2\/posts"}],"about":[{"href":"https:\/\/veritasinfo.org\/index.php?rest_route=\/wp\/v2\/types\/post"}],"author":[{"embeddable":true,"href":"https:\/\/veritasinfo.org\/index.php?rest_route=\/wp\/v2\/users\/7"}],"replies":[{"embeddable":true,"href":"https:\/\/veritasinfo.org\/index.php?rest_route=%2Fwp%2Fv2%2Fcomments&post=63965"}],"version-history":[{"count":1,"href":"https:\/\/veritasinfo.org\/index.php?rest_route=\/wp\/v2\/posts\/63965\/revisions"}],"predecessor-version":[{"id":63967,"href":"https:\/\/veritasinfo.org\/index.php?rest_route=\/wp\/v2\/posts\/63965\/revisions\/63967"}],"wp:featuredmedia":[{"embeddable":true,"href":"https:\/\/veritasinfo.org\/index.php?rest_route=\/wp\/v2\/media\/63966"}],"wp:attachment":[{"href":"https:\/\/veritasinfo.org\/index.php?rest_route=%2Fwp%2Fv2%2Fmedia&parent=63965"}],"wp:term":[{"taxonomy":"category","embeddable":true,"href":"https:\/\/veritasinfo.org\/index.php?rest_route=%2Fwp%2Fv2%2Fcategories&post=63965"},{"taxonomy":"post_tag","embeddable":true,"href":"https:\/\/veritasinfo.org\/index.php?rest_route=%2Fwp%2Fv2%2Ftags&post=63965"}],"curies":[{"name":"wp","href":"https:\/\/api.w.org\/{rel}","templated":true}]}}