{"id":63958,"date":"2026-09-03T08:00:35","date_gmt":"2026-09-03T06:00:35","guid":{"rendered":"https:\/\/veritasinfo.org\/?p=63958"},"modified":"2026-09-03T08:00:35","modified_gmt":"2026-09-03T06:00:35","slug":"kosovo-na-bledskom-forumu-zulfaj-govori-o-putu-ka-eu","status":"publish","type":"post","link":"https:\/\/veritasinfo.org\/?p=63958&lang=sr","title":{"rendered":"Kosovo na Bledskom forumu, Zulfaj govori o putu ka EU"},"content":{"rendered":"<p>Pri\u0161tina, 3. septembar 2026. 07:57<\/p>\n<p>Glavni pregovara\u010d Kosova sa Evropskom unijom, Jeton Zuljfaj, napisao je na Instagramu o svom u\u010de\u0161c\u0301u na 21. izdanju Bledskog strate\u0161kog foruma, gde je rekao da se razgovaralo o unapre\u0111enju agende za \u010dlanstvo Kosova u Evropskoj uniji.<\/p>\n<p>Zuljfaj je naveo da je tokom dva dana na Bledu u\u010destvovao u radnom jutru sa ministrima spoljnih poslova Zapadnog Balkana, kao i na panelima i sastancima sa predstavnicima dr\u017eava u\u010desnica.<\/p>\n<p>Najavio je da se na marginama foruma sastao i sa Natali Kauter, direktorkom za Zapadni Balkan, Tursku, Ujedinjeno Kraljevstvo i Savet Evrope u Saveznom ministarstvu spoljnih poslova Nema\u010dke.<\/p>\n<p>\u201eRazgovarali smo o reformama i putu ka EU, o statusu kandidata i otvaranju pregovora o pristupanju, ali pre svega o tome kako se politi\u010dka podr\u0161ka mo\u017ee pretvoriti u konkretne korake\u201c, napisao je Zuljfaj.<\/p>\n<p>Tako\u0111e je opisao grad Bled, rekav\u0161i da grad, raspore\u0111en oko istoimenog jezera, stvara atmosferu u kojoj \u201evreme kao da usporava\u201c.<\/p>\n<p>\u201eU gradu Bledu, raspore\u0111enom oko istoimenog jezera, vreme kao da usporava. Samo treba da pogledate okolo sebe i va\u0161 um se na trenutak zaustavlja. Ovde smo, tokom dva dana, na 21. izdanju Bledskog strate\u0161kog foruma, u\u010destvovali predstavljajuc\u0301i Republiku Kosovo. Radni doru\u010dak sa ministrima spoljnih poslova Zapadnog Balkana, prisustvovanje panelima i sastanci sa predstavnicima razli\u010ditih dr\u017eava u\u010desnica dali su nam priliku da unapredimo agendu \u010dlanstva Kosova u Evropskoj uniji. Na marginama Foruma, sastali smo se i sa gospo\u0111om Natali Kauter, direktorkom za Zapadni Balkan, Tursku, Ujedinjeno Kraljevstvo i Savet Evrope u Saveznom ministarstvu spoljnih poslova Nema\u010dke. Razgovarali smo o reformama i putu ka EU, o statusu kandidata i otvaranju pregovora o pristupanju, ali pre svega o tome kako se politi\u010dka podr\u0161ka mo\u017ee pretvoriti u konkretne korake\u201c, napisao je Zuljfaj.<\/p>\n","protected":false},"excerpt":{"rendered":"<p>Pri\u0161tina, 3. septembar 2026. 07:57 Glavni pregovara\u010d Kosova sa Evropskom unijom, Jeton Zuljfaj, napisao je na Instagramu o svom u\u010de\u0161c\u0301u na 21. izdanju Bledskog strate\u0161kog<\/p>\n","protected":false},"author":7,"featured_media":63959,"comment_status":"open","ping_status":"open","sticky":false,"template":"","format":"standard","meta":{"footnotes":""},"categories":[28],"tags":[],"class_list":["post-63958","post","type-post","status-publish","format-standard","has-post-thumbnail","hentry","category-politika"],"yoast_head":"<!-- This site is optimized with the Yoast SEO plugin v25.3.1 - https:\/\/yoast.com\/wordpress\/plugins\/seo\/ -->\n<title>Kosovo na Bledskom forumu, Zulfaj govori o putu ka EU -<\/title>\n<meta name=\"robots\" content=\"index, follow, max-snippet:-1, max-image-preview:large, max-video-preview:-1\" \/>\n<link rel=\"canonical\" href=\"https:\/\/veritasinfo.org\/?p=63958&lang=sr\" \/>\n<meta property=\"og:locale\" content=\"en_US\" \/>\n<meta property=\"og:type\" content=\"article\" \/>\n<meta property=\"og:title\" content=\"Kosovo na Bledskom forumu, Zulfaj govori o putu ka EU -\" \/>\n<meta property=\"og:description\" content=\"Pri\u0161tina, 3. septembar 2026. 07:57 Glavni pregovara\u010d Kosova sa Evropskom unijom, Jeton Zuljfaj, napisao je na Instagramu o svom u\u010de\u0161c\u0301u na 21. izdanju Bledskog strate\u0161kog\" \/>\n<meta property=\"og:url\" content=\"https:\/\/veritasinfo.org\/?p=63958&amp;lang=sr\" \/>\n<meta property=\"article:published_time\" content=\"2026-09-03T06:00:35+00:00\" \/>\n<meta property=\"og:image\" content=\"https:\/\/veritasinfo.org\/wp-content\/uploads\/2026\/09\/zuulfaj-600x360-1-1-1.png\" \/>\n\t<meta property=\"og:image:width\" content=\"600\" \/>\n\t<meta property=\"og:image:height\" content=\"360\" \/>\n\t<meta property=\"og:image:type\" content=\"image\/png\" \/>\n<meta name=\"author\" content=\"US6\" \/>\n<meta name=\"twitter:card\" content=\"summary_large_image\" \/>\n<meta name=\"twitter:label1\" content=\"Written by\" \/>\n\t<meta name=\"twitter:data1\" content=\"US6\" \/>\n\t<meta name=\"twitter:label2\" content=\"Est. reading time\" \/>\n\t<meta name=\"twitter:data2\" content=\"2 minutes\" \/>\n<script type=\"application\/ld+json\" class=\"yoast-schema-graph\">{\"@context\":\"https:\/\/schema.org\",\"@graph\":[{\"@type\":\"WebPage\",\"@id\":\"https:\/\/veritasinfo.org\/?p=63958&lang=sr\",\"url\":\"https:\/\/veritasinfo.org\/?p=63958&lang=sr\",\"name\":\"Kosovo na Bledskom forumu, Zulfaj govori o putu ka EU -\",\"isPartOf\":{\"@id\":\"https:\/\/veritasinfo.org\/#website\"},\"primaryImageOfPage\":{\"@id\":\"https:\/\/veritasinfo.org\/?p=63958&lang=sr#primaryimage\"},\"image\":{\"@id\":\"https:\/\/veritasinfo.org\/?p=63958&lang=sr#primaryimage\"},\"thumbnailUrl\":\"https:\/\/veritasinfo.org\/wp-content\/uploads\/2026\/09\/zuulfaj-600x360-1-1-1.png\",\"datePublished\":\"2026-09-03T06:00:35+00:00\",\"author\":{\"@id\":\"https:\/\/veritasinfo.org\/#\/schema\/person\/fe199eede04c3937362892b7444747cc\"},\"breadcrumb\":{\"@id\":\"https:\/\/veritasinfo.org\/?p=63958&lang=sr#breadcrumb\"},\"inLanguage\":\"en-US\",\"potentialAction\":[{\"@type\":\"ReadAction\",\"target\":[\"https:\/\/veritasinfo.org\/?p=63958&lang=sr\"]}]},{\"@type\":\"ImageObject\",\"inLanguage\":\"en-US\",\"@id\":\"https:\/\/veritasinfo.org\/?p=63958&lang=sr#primaryimage\",\"url\":\"https:\/\/veritasinfo.org\/wp-content\/uploads\/2026\/09\/zuulfaj-600x360-1-1-1.png\",\"contentUrl\":\"https:\/\/veritasinfo.org\/wp-content\/uploads\/2026\/09\/zuulfaj-600x360-1-1-1.png\",\"width\":600,\"height\":360},{\"@type\":\"BreadcrumbList\",\"@id\":\"https:\/\/veritasinfo.org\/?p=63958&lang=sr#breadcrumb\",\"itemListElement\":[{\"@type\":\"ListItem\",\"position\":1,\"name\":\"Home\",\"item\":\"https:\/\/veritasinfo.org\/\"},{\"@type\":\"ListItem\",\"position\":2,\"name\":\"Kosovo na Bledskom forumu, Zulfaj govori o putu ka EU\"}]},{\"@type\":\"WebSite\",\"@id\":\"https:\/\/veritasinfo.org\/#website\",\"url\":\"https:\/\/veritasinfo.org\/\",\"name\":\"\",\"description\":\"\",\"potentialAction\":[{\"@type\":\"SearchAction\",\"target\":{\"@type\":\"EntryPoint\",\"urlTemplate\":\"https:\/\/veritasinfo.org\/?s={search_term_string}\"},\"query-input\":{\"@type\":\"PropertyValueSpecification\",\"valueRequired\":true,\"valueName\":\"search_term_string\"}}],\"inLanguage\":\"en-US\"},{\"@type\":\"Person\",\"@id\":\"https:\/\/veritasinfo.org\/#\/schema\/person\/fe199eede04c3937362892b7444747cc\",\"name\":\"US6\",\"image\":{\"@type\":\"ImageObject\",\"inLanguage\":\"en-US\",\"@id\":\"https:\/\/veritasinfo.org\/#\/schema\/person\/image\/\",\"url\":\"https:\/\/secure.gravatar.com\/avatar\/cb16c3c31c9d23b9b8c705964598220b3014e42ff51eb540ff23cefa3ae8c15f?s=96&d=mm&r=g\",\"contentUrl\":\"https:\/\/secure.gravatar.com\/avatar\/cb16c3c31c9d23b9b8c705964598220b3014e42ff51eb540ff23cefa3ae8c15f?s=96&d=mm&r=g\",\"caption\":\"US6\"},\"url\":\"https:\/\/veritasinfo.org\/?author=7\"}]}<\/script>\n<!-- \/ Yoast SEO plugin. -->","yoast_head_json":{"title":"Kosovo na Bledskom forumu, Zulfaj govori o putu ka EU -","robots":{"index":"index","follow":"follow","max-snippet":"max-snippet:-1","max-image-preview":"max-image-preview:large","max-video-preview":"max-video-preview:-1"},"canonical":"https:\/\/veritasinfo.org\/?p=63958&lang=sr","og_locale":"en_US","og_type":"article","og_title":"Kosovo na Bledskom forumu, Zulfaj govori o putu ka EU -","og_description":"Pri\u0161tina, 3. septembar 2026. 07:57 Glavni pregovara\u010d Kosova sa Evropskom unijom, Jeton Zuljfaj, napisao je na Instagramu o svom u\u010de\u0161c\u0301u na 21. izdanju Bledskog strate\u0161kog","og_url":"https:\/\/veritasinfo.org\/?p=63958&lang=sr","article_published_time":"2026-09-03T06:00:35+00:00","og_image":[{"width":600,"height":360,"url":"https:\/\/veritasinfo.org\/wp-content\/uploads\/2026\/09\/zuulfaj-600x360-1-1-1.png","type":"image\/png"}],"author":"US6","twitter_card":"summary_large_image","twitter_misc":{"Written by":"US6","Est. reading time":"2 minutes"},"schema":{"@context":"https:\/\/schema.org","@graph":[{"@type":"WebPage","@id":"https:\/\/veritasinfo.org\/?p=63958&lang=sr","url":"https:\/\/veritasinfo.org\/?p=63958&lang=sr","name":"Kosovo na Bledskom forumu, Zulfaj govori o putu ka EU -","isPartOf":{"@id":"https:\/\/veritasinfo.org\/#website"},"primaryImageOfPage":{"@id":"https:\/\/veritasinfo.org\/?p=63958&lang=sr#primaryimage"},"image":{"@id":"https:\/\/veritasinfo.org\/?p=63958&lang=sr#primaryimage"},"thumbnailUrl":"https:\/\/veritasinfo.org\/wp-content\/uploads\/2026\/09\/zuulfaj-600x360-1-1-1.png","datePublished":"2026-09-03T06:00:35+00:00","author":{"@id":"https:\/\/veritasinfo.org\/#\/schema\/person\/fe199eede04c3937362892b7444747cc"},"breadcrumb":{"@id":"https:\/\/veritasinfo.org\/?p=63958&lang=sr#breadcrumb"},"inLanguage":"en-US","potentialAction":[{"@type":"ReadAction","target":["https:\/\/veritasinfo.org\/?p=63958&lang=sr"]}]},{"@type":"ImageObject","inLanguage":"en-US","@id":"https:\/\/veritasinfo.org\/?p=63958&lang=sr#primaryimage","url":"https:\/\/veritasinfo.org\/wp-content\/uploads\/2026\/09\/zuulfaj-600x360-1-1-1.png","contentUrl":"https:\/\/veritasinfo.org\/wp-content\/uploads\/2026\/09\/zuulfaj-600x360-1-1-1.png","width":600,"height":360},{"@type":"BreadcrumbList","@id":"https:\/\/veritasinfo.org\/?p=63958&lang=sr#breadcrumb","itemListElement":[{"@type":"ListItem","position":1,"name":"Home","item":"https:\/\/veritasinfo.org\/"},{"@type":"ListItem","position":2,"name":"Kosovo na Bledskom forumu, Zulfaj govori o putu ka EU"}]},{"@type":"WebSite","@id":"https:\/\/veritasinfo.org\/#website","url":"https:\/\/veritasinfo.org\/","name":"","description":"","potentialAction":[{"@type":"SearchAction","target":{"@type":"EntryPoint","urlTemplate":"https:\/\/veritasinfo.org\/?s={search_term_string}"},"query-input":{"@type":"PropertyValueSpecification","valueRequired":true,"valueName":"search_term_string"}}],"inLanguage":"en-US"},{"@type":"Person","@id":"https:\/\/veritasinfo.org\/#\/schema\/person\/fe199eede04c3937362892b7444747cc","name":"US6","image":{"@type":"ImageObject","inLanguage":"en-US","@id":"https:\/\/veritasinfo.org\/#\/schema\/person\/image\/","url":"https:\/\/secure.gravatar.com\/avatar\/cb16c3c31c9d23b9b8c705964598220b3014e42ff51eb540ff23cefa3ae8c15f?s=96&d=mm&r=g","contentUrl":"https:\/\/secure.gravatar.com\/avatar\/cb16c3c31c9d23b9b8c705964598220b3014e42ff51eb540ff23cefa3ae8c15f?s=96&d=mm&r=g","caption":"US6"},"url":"https:\/\/veritasinfo.org\/?author=7"}]}},"featured_image_urls":{"full":["https:\/\/veritasinfo.org\/wp-content\/uploads\/2026\/09\/zuulfaj-600x360-1-1-1.png",600,360,false],"thumbnail":["https:\/\/veritasinfo.org\/wp-content\/uploads\/2026\/09\/zuulfaj-600x360-1-1-1-150x150.png",150,150,true],"medium":["https:\/\/veritasinfo.org\/wp-content\/uploads\/2026\/09\/zuulfaj-600x360-1-1-1-300x180.png",300,180,true],"medium_large":["https:\/\/veritasinfo.org\/wp-content\/uploads\/2026\/09\/zuulfaj-600x360-1-1-1.png",600,360,false],"large":["https:\/\/veritasinfo.org\/wp-content\/uploads\/2026\/09\/zuulfaj-600x360-1-1-1.png",600,360,false],"1536x1536":["https:\/\/veritasinfo.org\/wp-content\/uploads\/2026\/09\/zuulfaj-600x360-1-1-1.png",600,360,false],"2048x2048":["https:\/\/veritasinfo.org\/wp-content\/uploads\/2026\/09\/zuulfaj-600x360-1-1-1.png",600,360,false],"kreeti-slider-full":["https:\/\/veritasinfo.org\/wp-content\/uploads\/2026\/09\/zuulfaj-600x360-1-1-1.png",600,360,false],"kreeti-featured":["https:\/\/veritasinfo.org\/wp-content\/uploads\/2026\/09\/zuulfaj-600x360-1-1-1.png",600,360,false],"kreeti-medium":["https:\/\/veritasinfo.org\/wp-content\/uploads\/2026\/09\/zuulfaj-600x360-1-1-1.png",600,360,false],"kreeti-medium-square":["https:\/\/veritasinfo.org\/wp-content\/uploads\/2026\/09\/zuulfaj-600x360-1-1-1-350x350.png",350,350,true]},"author_info":{"info":["US6"]},"category_info":"<a href=\"https:\/\/veritasinfo.org\/?cat=28&#038;lang=sr\" rel=\"category\">Politika<\/a>","tag_info":"Politika","comment_count":"0","_links":{"self":[{"href":"https:\/\/veritasinfo.org\/index.php?rest_route=\/wp\/v2\/posts\/63958","targetHints":{"allow":["GET"]}}],"collection":[{"href":"https:\/\/veritasinfo.org\/index.php?rest_route=\/wp\/v2\/posts"}],"about":[{"href":"https:\/\/veritasinfo.org\/index.php?rest_route=\/wp\/v2\/types\/post"}],"author":[{"embeddable":true,"href":"https:\/\/veritasinfo.org\/index.php?rest_route=\/wp\/v2\/users\/7"}],"replies":[{"embeddable":true,"href":"https:\/\/veritasinfo.org\/index.php?rest_route=%2Fwp%2Fv2%2Fcomments&post=63958"}],"version-history":[{"count":1,"href":"https:\/\/veritasinfo.org\/index.php?rest_route=\/wp\/v2\/posts\/63958\/revisions"}],"predecessor-version":[{"id":63960,"href":"https:\/\/veritasinfo.org\/index.php?rest_route=\/wp\/v2\/posts\/63958\/revisions\/63960"}],"wp:featuredmedia":[{"embeddable":true,"href":"https:\/\/veritasinfo.org\/index.php?rest_route=\/wp\/v2\/media\/63959"}],"wp:attachment":[{"href":"https:\/\/veritasinfo.org\/index.php?rest_route=%2Fwp%2Fv2%2Fmedia&parent=63958"}],"wp:term":[{"taxonomy":"category","embeddable":true,"href":"https:\/\/veritasinfo.org\/index.php?rest_route=%2Fwp%2Fv2%2Fcategories&post=63958"},{"taxonomy":"post_tag","embeddable":true,"href":"https:\/\/veritasinfo.org\/index.php?rest_route=%2Fwp%2Fv2%2Ftags&post=63958"}],"curies":[{"name":"wp","href":"https:\/\/api.w.org\/{rel}","templated":true}]}}