{"id":63955,"date":"2026-09-03T07:57:20","date_gmt":"2026-09-03T05:57:20","guid":{"rendered":"https:\/\/veritasinfo.org\/?p=63955"},"modified":"2026-09-03T07:57:20","modified_gmt":"2026-09-03T05:57:20","slug":"kosova-ne-forumin-e-bledit-zulfaj-diskuton-rrugen-drejt-be-se","status":"publish","type":"post","link":"https:\/\/veritasinfo.org\/?p=63955","title":{"rendered":"Kosova n\u00eb Forumin e Bledit, Zulfaj diskuton rrug\u00ebn drejt BE-s\u00eb"},"content":{"rendered":"<p>Prishtin\u00eb, 3 shtator 2026 07:57<\/p>\n<p>Kryenegociatori i Kosov\u00ebs me Bashkimin Evropian, Jeton Zulfaj, ka shkruar n\u00eb Instagram p\u00ebr pjes\u00ebmarrjen e tij n\u00eb edicionin e 21-t\u00eb t\u00eb Forumit Strategjik t\u00eb Bledit, ku tha se \u00ebsht\u00eb diskutuar p\u00ebr avancimin e agjend\u00ebs s\u00eb an\u00ebtar\u00ebsimit t\u00eb Kosov\u00ebs n\u00eb Bashkimin Evropian.<\/p>\n<p>Zulfa ka treguar se gjat\u00eb dy dit\u00ebve n\u00eb Bled ka marr\u00eb pjes\u00eb n\u00eb m\u00ebngjesin e pun\u00ebs me ministrat e Pun\u00ebve t\u00eb Jashtme t\u00eb Ballkanit Per\u00ebndimor, si dhe n\u00eb panele e takime me p\u00ebrfaq\u00ebsues t\u00eb shteteve pjes\u00ebmarr\u00ebse.<\/p>\n<p>Ai b\u00ebri t\u00eb ditur se n\u00eb margjinat e forumit \u00ebsht\u00eb takuar edhe me Natalie Kauther, drejtoresh\u00eb p\u00ebr Ballkanin Per\u00ebndimor, Turqin\u00eb, Mbret\u00ebrin\u00eb e Bashkuar dhe K\u00ebshillin e Evrop\u00ebs n\u00eb Ministrin\u00eb Federale t\u00eb Pun\u00ebve t\u00eb Jashtme t\u00eb Gjermanis\u00eb.<\/p>\n<p>\u201cFol\u00ebm p\u00ebr reformat dhe rrug\u00ebn drejt BE-s\u00eb, p\u00ebr statusin kandidat dhe hapjen e negociatave p\u00ebr an\u00ebtar\u00ebsim, por mbi t\u00eb gjitha p\u00ebr m\u00ebnyr\u00ebn se si mb\u00ebshtetja politike t\u00eb kthehet n\u00eb hapa konkret\u00eb\u201d, ka shkruar Zulfaj.<\/p>\n<p>Ai ka p\u00ebrshkruar edhe qytetin e Bledit, duke th\u00ebn\u00eb se qyteza e shtrir\u00eb p\u00ebrreth liqenit me t\u00eb nj\u00ebjtin em\u00ebr krijon nj\u00eb atmosfer\u00eb ku \u201ckoha sikur ngadal\u00ebsohet\u201d.<\/p>\n<p>\u201cN\u00eb qytez\u00ebn e Bledit, t\u00eb shtrir\u00eb p\u00ebrreth liqenit q\u00eb mban t\u00eb nj\u00ebjtin em\u00ebr, koha sikur ngadal\u00ebsohet. Mjafton t\u00eb hedh\u00ebsh shikimin dhe mendja pushon p\u00ebr nj\u00eb \u00e7ast. K\u00ebtu, p\u00ebr dy dit\u00eb, n\u00eb edicionin e 21-t\u00eb t\u00eb Forumit Strategjik t\u00eb Bledit, mor\u00ebm pjes\u00eb duke p\u00ebrfaq\u00ebsuar Republik\u00ebn e Kosov\u00ebs. M\u00ebngjesi i pun\u00ebs me ministrat e pun\u00ebve t\u00eb jashtme t\u00eb Ballkanit Per\u00ebndimor, ndjekja e paneleve dhe takimet me p\u00ebrfaq\u00ebsues t\u00eb shteteve t\u00eb ndryshme pjes\u00ebmarr\u00ebse na dhan\u00eb mund\u00ebsin\u00eb t\u00eb shtyjm\u00eb p\u00ebrpara agjend\u00ebn e an\u00ebtar\u00ebsimit t\u00eb Kosov\u00ebs n\u00eb Bashkimin Evropian. N\u00eb margjina t\u00eb Forumit e takuam edhe Znj. Natalie Kauther, Drejtoresh\u00eb p\u00ebr Ballkanin Per\u00ebndimor, Turqin\u00eb, Mbret\u00ebrin\u00eb e Bashkuar dhe K\u00ebshillin e Evrop\u00ebs n\u00eb Ministrin\u00eb Federale t\u00eb Pun\u00ebve t\u00eb Jashtme t\u00eb Gjermanis\u00eb. Fol\u00ebm p\u00ebr reformat dhe rrug\u00ebn drejt BE-s\u00eb, p\u00ebr statusin kandidat dhe hapjen e negociatave p\u00ebr an\u00ebtar\u00ebsim, por mbi t\u00eb gjitha p\u00ebr m\u00ebnyr\u00ebn se si mb\u00ebshtetja politike t\u00eb kthehet n\u00eb hapa konkret\u00eb\u201d, ka shkruar Zulfaj<\/p>\n","protected":false},"excerpt":{"rendered":"<p>Prishtin\u00eb, 3 shtator 2026 07:57 Kryenegociatori i Kosov\u00ebs me Bashkimin Evropian, Jeton Zulfaj, ka shkruar n\u00eb Instagram p\u00ebr pjes\u00ebmarrjen e tij n\u00eb edicionin e 21-t\u00eb<\/p>\n","protected":false},"author":7,"featured_media":63956,"comment_status":"open","ping_status":"open","sticky":false,"template":"","format":"standard","meta":{"footnotes":""},"categories":[58],"tags":[],"class_list":["post-63955","post","type-post","status-publish","format-standard","has-post-thumbnail","hentry","category-politike-sq"],"yoast_head":"<!-- This site is optimized with the Yoast SEO plugin v25.3.1 - https:\/\/yoast.com\/wordpress\/plugins\/seo\/ -->\n<title>Kosova n\u00eb Forumin e Bledit, Zulfaj diskuton rrug\u00ebn drejt BE-s\u00eb -<\/title>\n<meta name=\"robots\" content=\"index, follow, max-snippet:-1, max-image-preview:large, max-video-preview:-1\" \/>\n<link rel=\"canonical\" href=\"https:\/\/veritasinfo.org\/?p=63955\" \/>\n<meta property=\"og:locale\" content=\"en_US\" \/>\n<meta property=\"og:type\" content=\"article\" \/>\n<meta property=\"og:title\" content=\"Kosova n\u00eb Forumin e Bledit, Zulfaj diskuton rrug\u00ebn drejt BE-s\u00eb -\" \/>\n<meta property=\"og:description\" content=\"Prishtin\u00eb, 3 shtator 2026 07:57 Kryenegociatori i Kosov\u00ebs me Bashkimin Evropian, Jeton Zulfaj, ka shkruar n\u00eb Instagram p\u00ebr pjes\u00ebmarrjen e tij n\u00eb edicionin e 21-t\u00eb\" \/>\n<meta property=\"og:url\" content=\"https:\/\/veritasinfo.org\/?p=63955\" \/>\n<meta property=\"article:published_time\" content=\"2026-09-03T05:57:20+00:00\" \/>\n<meta property=\"og:image\" content=\"https:\/\/veritasinfo.org\/wp-content\/uploads\/2026\/09\/zuulfaj-600x360-1-1.png\" \/>\n\t<meta property=\"og:image:width\" content=\"600\" \/>\n\t<meta property=\"og:image:height\" content=\"360\" \/>\n\t<meta property=\"og:image:type\" content=\"image\/png\" \/>\n<meta name=\"author\" content=\"US6\" \/>\n<meta name=\"twitter:card\" content=\"summary_large_image\" \/>\n<meta name=\"twitter:label1\" content=\"Written by\" \/>\n\t<meta name=\"twitter:data1\" content=\"US6\" \/>\n\t<meta name=\"twitter:label2\" content=\"Est. reading time\" \/>\n\t<meta name=\"twitter:data2\" content=\"2 minutes\" \/>\n<script type=\"application\/ld+json\" class=\"yoast-schema-graph\">{\"@context\":\"https:\/\/schema.org\",\"@graph\":[{\"@type\":\"WebPage\",\"@id\":\"https:\/\/veritasinfo.org\/?p=63955\",\"url\":\"https:\/\/veritasinfo.org\/?p=63955\",\"name\":\"Kosova n\u00eb Forumin e Bledit, Zulfaj diskuton rrug\u00ebn drejt BE-s\u00eb -\",\"isPartOf\":{\"@id\":\"https:\/\/veritasinfo.org\/#website\"},\"primaryImageOfPage\":{\"@id\":\"https:\/\/veritasinfo.org\/?p=63955#primaryimage\"},\"image\":{\"@id\":\"https:\/\/veritasinfo.org\/?p=63955#primaryimage\"},\"thumbnailUrl\":\"https:\/\/veritasinfo.org\/wp-content\/uploads\/2026\/09\/zuulfaj-600x360-1-1.png\",\"datePublished\":\"2026-09-03T05:57:20+00:00\",\"author\":{\"@id\":\"https:\/\/veritasinfo.org\/#\/schema\/person\/fe199eede04c3937362892b7444747cc\"},\"breadcrumb\":{\"@id\":\"https:\/\/veritasinfo.org\/?p=63955#breadcrumb\"},\"inLanguage\":\"en-US\",\"potentialAction\":[{\"@type\":\"ReadAction\",\"target\":[\"https:\/\/veritasinfo.org\/?p=63955\"]}]},{\"@type\":\"ImageObject\",\"inLanguage\":\"en-US\",\"@id\":\"https:\/\/veritasinfo.org\/?p=63955#primaryimage\",\"url\":\"https:\/\/veritasinfo.org\/wp-content\/uploads\/2026\/09\/zuulfaj-600x360-1-1.png\",\"contentUrl\":\"https:\/\/veritasinfo.org\/wp-content\/uploads\/2026\/09\/zuulfaj-600x360-1-1.png\",\"width\":600,\"height\":360},{\"@type\":\"BreadcrumbList\",\"@id\":\"https:\/\/veritasinfo.org\/?p=63955#breadcrumb\",\"itemListElement\":[{\"@type\":\"ListItem\",\"position\":1,\"name\":\"Home\",\"item\":\"https:\/\/veritasinfo.org\/\"},{\"@type\":\"ListItem\",\"position\":2,\"name\":\"Kosova n\u00eb Forumin e Bledit, Zulfaj diskuton rrug\u00ebn drejt BE-s\u00eb\"}]},{\"@type\":\"WebSite\",\"@id\":\"https:\/\/veritasinfo.org\/#website\",\"url\":\"https:\/\/veritasinfo.org\/\",\"name\":\"\",\"description\":\"\",\"potentialAction\":[{\"@type\":\"SearchAction\",\"target\":{\"@type\":\"EntryPoint\",\"urlTemplate\":\"https:\/\/veritasinfo.org\/?s={search_term_string}\"},\"query-input\":{\"@type\":\"PropertyValueSpecification\",\"valueRequired\":true,\"valueName\":\"search_term_string\"}}],\"inLanguage\":\"en-US\"},{\"@type\":\"Person\",\"@id\":\"https:\/\/veritasinfo.org\/#\/schema\/person\/fe199eede04c3937362892b7444747cc\",\"name\":\"US6\",\"image\":{\"@type\":\"ImageObject\",\"inLanguage\":\"en-US\",\"@id\":\"https:\/\/veritasinfo.org\/#\/schema\/person\/image\/\",\"url\":\"https:\/\/secure.gravatar.com\/avatar\/cb16c3c31c9d23b9b8c705964598220b3014e42ff51eb540ff23cefa3ae8c15f?s=96&d=mm&r=g\",\"contentUrl\":\"https:\/\/secure.gravatar.com\/avatar\/cb16c3c31c9d23b9b8c705964598220b3014e42ff51eb540ff23cefa3ae8c15f?s=96&d=mm&r=g\",\"caption\":\"US6\"},\"url\":\"https:\/\/veritasinfo.org\/?author=7\"}]}<\/script>\n<!-- \/ Yoast SEO plugin. -->","yoast_head_json":{"title":"Kosova n\u00eb Forumin e Bledit, Zulfaj diskuton rrug\u00ebn drejt BE-s\u00eb -","robots":{"index":"index","follow":"follow","max-snippet":"max-snippet:-1","max-image-preview":"max-image-preview:large","max-video-preview":"max-video-preview:-1"},"canonical":"https:\/\/veritasinfo.org\/?p=63955","og_locale":"en_US","og_type":"article","og_title":"Kosova n\u00eb Forumin e Bledit, Zulfaj diskuton rrug\u00ebn drejt BE-s\u00eb -","og_description":"Prishtin\u00eb, 3 shtator 2026 07:57 Kryenegociatori i Kosov\u00ebs me Bashkimin Evropian, Jeton Zulfaj, ka shkruar n\u00eb Instagram p\u00ebr pjes\u00ebmarrjen e tij n\u00eb edicionin e 21-t\u00eb","og_url":"https:\/\/veritasinfo.org\/?p=63955","article_published_time":"2026-09-03T05:57:20+00:00","og_image":[{"width":600,"height":360,"url":"https:\/\/veritasinfo.org\/wp-content\/uploads\/2026\/09\/zuulfaj-600x360-1-1.png","type":"image\/png"}],"author":"US6","twitter_card":"summary_large_image","twitter_misc":{"Written by":"US6","Est. reading time":"2 minutes"},"schema":{"@context":"https:\/\/schema.org","@graph":[{"@type":"WebPage","@id":"https:\/\/veritasinfo.org\/?p=63955","url":"https:\/\/veritasinfo.org\/?p=63955","name":"Kosova n\u00eb Forumin e Bledit, Zulfaj diskuton rrug\u00ebn drejt BE-s\u00eb -","isPartOf":{"@id":"https:\/\/veritasinfo.org\/#website"},"primaryImageOfPage":{"@id":"https:\/\/veritasinfo.org\/?p=63955#primaryimage"},"image":{"@id":"https:\/\/veritasinfo.org\/?p=63955#primaryimage"},"thumbnailUrl":"https:\/\/veritasinfo.org\/wp-content\/uploads\/2026\/09\/zuulfaj-600x360-1-1.png","datePublished":"2026-09-03T05:57:20+00:00","author":{"@id":"https:\/\/veritasinfo.org\/#\/schema\/person\/fe199eede04c3937362892b7444747cc"},"breadcrumb":{"@id":"https:\/\/veritasinfo.org\/?p=63955#breadcrumb"},"inLanguage":"en-US","potentialAction":[{"@type":"ReadAction","target":["https:\/\/veritasinfo.org\/?p=63955"]}]},{"@type":"ImageObject","inLanguage":"en-US","@id":"https:\/\/veritasinfo.org\/?p=63955#primaryimage","url":"https:\/\/veritasinfo.org\/wp-content\/uploads\/2026\/09\/zuulfaj-600x360-1-1.png","contentUrl":"https:\/\/veritasinfo.org\/wp-content\/uploads\/2026\/09\/zuulfaj-600x360-1-1.png","width":600,"height":360},{"@type":"BreadcrumbList","@id":"https:\/\/veritasinfo.org\/?p=63955#breadcrumb","itemListElement":[{"@type":"ListItem","position":1,"name":"Home","item":"https:\/\/veritasinfo.org\/"},{"@type":"ListItem","position":2,"name":"Kosova n\u00eb Forumin e Bledit, Zulfaj diskuton rrug\u00ebn drejt BE-s\u00eb"}]},{"@type":"WebSite","@id":"https:\/\/veritasinfo.org\/#website","url":"https:\/\/veritasinfo.org\/","name":"","description":"","potentialAction":[{"@type":"SearchAction","target":{"@type":"EntryPoint","urlTemplate":"https:\/\/veritasinfo.org\/?s={search_term_string}"},"query-input":{"@type":"PropertyValueSpecification","valueRequired":true,"valueName":"search_term_string"}}],"inLanguage":"en-US"},{"@type":"Person","@id":"https:\/\/veritasinfo.org\/#\/schema\/person\/fe199eede04c3937362892b7444747cc","name":"US6","image":{"@type":"ImageObject","inLanguage":"en-US","@id":"https:\/\/veritasinfo.org\/#\/schema\/person\/image\/","url":"https:\/\/secure.gravatar.com\/avatar\/cb16c3c31c9d23b9b8c705964598220b3014e42ff51eb540ff23cefa3ae8c15f?s=96&d=mm&r=g","contentUrl":"https:\/\/secure.gravatar.com\/avatar\/cb16c3c31c9d23b9b8c705964598220b3014e42ff51eb540ff23cefa3ae8c15f?s=96&d=mm&r=g","caption":"US6"},"url":"https:\/\/veritasinfo.org\/?author=7"}]}},"featured_image_urls":{"full":["https:\/\/veritasinfo.org\/wp-content\/uploads\/2026\/09\/zuulfaj-600x360-1-1.png",600,360,false],"thumbnail":["https:\/\/veritasinfo.org\/wp-content\/uploads\/2026\/09\/zuulfaj-600x360-1-1-150x150.png",150,150,true],"medium":["https:\/\/veritasinfo.org\/wp-content\/uploads\/2026\/09\/zuulfaj-600x360-1-1-300x180.png",300,180,true],"medium_large":["https:\/\/veritasinfo.org\/wp-content\/uploads\/2026\/09\/zuulfaj-600x360-1-1.png",600,360,false],"large":["https:\/\/veritasinfo.org\/wp-content\/uploads\/2026\/09\/zuulfaj-600x360-1-1.png",600,360,false],"1536x1536":["https:\/\/veritasinfo.org\/wp-content\/uploads\/2026\/09\/zuulfaj-600x360-1-1.png",600,360,false],"2048x2048":["https:\/\/veritasinfo.org\/wp-content\/uploads\/2026\/09\/zuulfaj-600x360-1-1.png",600,360,false],"kreeti-slider-full":["https:\/\/veritasinfo.org\/wp-content\/uploads\/2026\/09\/zuulfaj-600x360-1-1.png",600,360,false],"kreeti-featured":["https:\/\/veritasinfo.org\/wp-content\/uploads\/2026\/09\/zuulfaj-600x360-1-1.png",600,360,false],"kreeti-medium":["https:\/\/veritasinfo.org\/wp-content\/uploads\/2026\/09\/zuulfaj-600x360-1-1.png",600,360,false],"kreeti-medium-square":["https:\/\/veritasinfo.org\/wp-content\/uploads\/2026\/09\/zuulfaj-600x360-1-1-350x350.png",350,350,true]},"author_info":{"info":["US6"]},"category_info":"<a href=\"https:\/\/veritasinfo.org\/?cat=58\" rel=\"category\">Politik\u00eb<\/a>","tag_info":"Politik\u00eb","comment_count":"0","_links":{"self":[{"href":"https:\/\/veritasinfo.org\/index.php?rest_route=\/wp\/v2\/posts\/63955","targetHints":{"allow":["GET"]}}],"collection":[{"href":"https:\/\/veritasinfo.org\/index.php?rest_route=\/wp\/v2\/posts"}],"about":[{"href":"https:\/\/veritasinfo.org\/index.php?rest_route=\/wp\/v2\/types\/post"}],"author":[{"embeddable":true,"href":"https:\/\/veritasinfo.org\/index.php?rest_route=\/wp\/v2\/users\/7"}],"replies":[{"embeddable":true,"href":"https:\/\/veritasinfo.org\/index.php?rest_route=%2Fwp%2Fv2%2Fcomments&post=63955"}],"version-history":[{"count":1,"href":"https:\/\/veritasinfo.org\/index.php?rest_route=\/wp\/v2\/posts\/63955\/revisions"}],"predecessor-version":[{"id":63957,"href":"https:\/\/veritasinfo.org\/index.php?rest_route=\/wp\/v2\/posts\/63955\/revisions\/63957"}],"wp:featuredmedia":[{"embeddable":true,"href":"https:\/\/veritasinfo.org\/index.php?rest_route=\/wp\/v2\/media\/63956"}],"wp:attachment":[{"href":"https:\/\/veritasinfo.org\/index.php?rest_route=%2Fwp%2Fv2%2Fmedia&parent=63955"}],"wp:term":[{"taxonomy":"category","embeddable":true,"href":"https:\/\/veritasinfo.org\/index.php?rest_route=%2Fwp%2Fv2%2Fcategories&post=63955"},{"taxonomy":"post_tag","embeddable":true,"href":"https:\/\/veritasinfo.org\/index.php?rest_route=%2Fwp%2Fv2%2Ftags&post=63955"}],"curies":[{"name":"wp","href":"https:\/\/api.w.org\/{rel}","templated":true}]}}