{"id":63953,"date":"2026-09-03T07:12:30","date_gmt":"2026-09-03T05:12:30","guid":{"rendered":"https:\/\/veritasinfo.org\/?p=63953"},"modified":"2026-09-03T07:12:30","modified_gmt":"2026-09-03T05:12:30","slug":"kurti-srbija-ima-za-cilj-da-potkopa-drzavnost-kosova-kroz-zajednicu","status":"publish","type":"post","link":"https:\/\/veritasinfo.org\/?p=63953&lang=sr","title":{"rendered":"Kurti: Srbija ima za cilj da potkopa dr\u017eavnost Kosova kroz Zajednicu"},"content":{"rendered":"<p>Pri\u0161tina, 3. septembar 2026. 07:08<\/p>\n<p>Vr\u0161ilac du\u017enosti premijera Albin Kurti govorio je o procesu dijaloga izme\u0111u Kosova i Srbije, uz posredovanje Evropske unije, uklju\u010dujuc\u0301i i pitanje formiranja Zajednice op\u0161tina sa srpskom vec\u0301inom.<\/p>\n<p>Tako\u0111e, Kurti je, pozvan u podkast \u201e\u0160tab generala Trinkanta\u201c, rekao da je Ustavni sud Kosova, svojom odlukom, utvrdio da je \u201emonoetni\u010dki karakter zajednice op\u0161tina u suprotnosti sa duhom Ustava\u201c.<\/p>\n<p>\u201eDeo ovog sporazuma su i prethodni sporazumi mojih prethodnika. Dakle, sporazum na koji se pozivate je tako\u0111e deo 39 sporazuma koje su sklopili moji prethodnici. Svi ovi sporazumi c\u0301e se uzeti u obzir, sve dok su va\u017eec\u0301i i pravno obavezujuc\u0301i, kao \u010dlanovi u osnovnim sporazumima na koje se odnose. Kosovo ima zajednicu svojih op\u0161tina. Svih 38 op\u0161tina su deo nje.\u201c Odluka na\u0161eg Ustavnog suda, doneta pre vi\u0161e od decenije, utvrdila je da monoetni\u010dki karakter zajednice op\u0161tina protivre\u010di duhu Ustava, \u010diji je arhitekta finski predsednik Marti Ahtisari, koji je tako\u0111e dobio Nobelovu nagradu za mir za svoj rad na izgradnji mira\u201c, rekao je on.<\/p>\n<p>Dalje, Kurti je rekao i da je problem sa Srbijom to \u0161to Beograd \u017eeli da stvori entitet unutar Kosova koji bi li\u010dio na Republiku Srpsku, kroz koji bi se potkopale dr\u017eavnost, nezavisnost i funkcionalnost Kosova.<\/p>\n<p>\u201eS druge strane, ja sam za saradnju izme\u0111u op\u0161tina. Ali to treba u\u010diniti kako bi se obezbedile bolje javne usluge, u okviru Republike Kosovo. Te\u0161koc\u0301a koju imamo je u tome \u0161to Beograd \u017eeli, unutar Republike Kosovo \u2014 koju ne priznaju \u2014 da stvori odre\u0111eni entitet, koji bi bio poput Republike Srpske u Bosni i Hercegovini, kako bi iznutra potkopao dr\u017eavnost, nezavisnost i funkcionalnost Kosova. I upravo tu le\u017ei razlika. Dakle, ko god \u017eeli zajednicu op\u0161tina, mi je vec\u0301 imamo. Ali ono \u0161to Srbija naziva udru\u017eenjem, zapravo nema nikakve veze sa srpskom zajednicom, vec\u0301 je protiv nezavisnosti Kosova. I tu le\u017ei jaz. Mislim da ove te\u0161koc\u0301e koje imamo u na\u0161im odnosima nisu povezane samo sa pitanjem na\u0161e nezavisnosti\u201c, izjavio je, izme\u0111u ostalog, Kurti.<\/p>\n","protected":false},"excerpt":{"rendered":"<p>Pri\u0161tina, 3. septembar 2026. 07:08 Vr\u0161ilac du\u017enosti premijera Albin Kurti govorio je o procesu dijaloga izme\u0111u Kosova i Srbije, uz posredovanje Evropske unije, uklju\u010dujuc\u0301i i<\/p>\n","protected":false},"author":7,"featured_media":54020,"comment_status":"open","ping_status":"open","sticky":false,"template":"","format":"standard","meta":{"footnotes":""},"categories":[28],"tags":[],"class_list":["post-63953","post","type-post","status-publish","format-standard","has-post-thumbnail","hentry","category-politika"],"yoast_head":"<!-- This site is optimized with the Yoast SEO plugin v25.3.1 - https:\/\/yoast.com\/wordpress\/plugins\/seo\/ -->\n<title>Kurti: Srbija ima za cilj da potkopa dr\u017eavnost Kosova kroz Zajednicu -<\/title>\n<meta name=\"robots\" content=\"index, follow, max-snippet:-1, max-image-preview:large, max-video-preview:-1\" \/>\n<link rel=\"canonical\" href=\"https:\/\/veritasinfo.org\/?p=63953&lang=sr\" \/>\n<meta property=\"og:locale\" content=\"en_US\" \/>\n<meta property=\"og:type\" content=\"article\" \/>\n<meta property=\"og:title\" content=\"Kurti: Srbija ima za cilj da potkopa dr\u017eavnost Kosova kroz Zajednicu -\" \/>\n<meta property=\"og:description\" content=\"Pri\u0161tina, 3. septembar 2026. 07:08 Vr\u0161ilac du\u017enosti premijera Albin Kurti govorio je o procesu dijaloga izme\u0111u Kosova i Srbije, uz posredovanje Evropske unije, uklju\u010dujuc\u0301i i\" \/>\n<meta property=\"og:url\" content=\"https:\/\/veritasinfo.org\/?p=63953&amp;lang=sr\" \/>\n<meta property=\"article:published_time\" content=\"2026-09-03T05:12:30+00:00\" \/>\n<meta property=\"og:image\" content=\"https:\/\/veritasinfo.org\/wp-content\/uploads\/2026\/06\/Kurti-2-750x375-2.jpg\" \/>\n\t<meta property=\"og:image:width\" content=\"750\" \/>\n\t<meta property=\"og:image:height\" content=\"375\" \/>\n\t<meta property=\"og:image:type\" content=\"image\/jpeg\" \/>\n<meta name=\"author\" content=\"US6\" \/>\n<meta name=\"twitter:card\" content=\"summary_large_image\" \/>\n<meta name=\"twitter:label1\" content=\"Written by\" \/>\n\t<meta name=\"twitter:data1\" content=\"US6\" \/>\n\t<meta name=\"twitter:label2\" content=\"Est. reading time\" \/>\n\t<meta name=\"twitter:data2\" content=\"2 minutes\" \/>\n<script type=\"application\/ld+json\" class=\"yoast-schema-graph\">{\"@context\":\"https:\/\/schema.org\",\"@graph\":[{\"@type\":\"WebPage\",\"@id\":\"https:\/\/veritasinfo.org\/?p=63953&lang=sr\",\"url\":\"https:\/\/veritasinfo.org\/?p=63953&lang=sr\",\"name\":\"Kurti: Srbija ima za cilj da potkopa dr\u017eavnost Kosova kroz Zajednicu -\",\"isPartOf\":{\"@id\":\"https:\/\/veritasinfo.org\/#website\"},\"primaryImageOfPage\":{\"@id\":\"https:\/\/veritasinfo.org\/?p=63953&lang=sr#primaryimage\"},\"image\":{\"@id\":\"https:\/\/veritasinfo.org\/?p=63953&lang=sr#primaryimage\"},\"thumbnailUrl\":\"https:\/\/veritasinfo.org\/wp-content\/uploads\/2026\/06\/Kurti-2-750x375-2.jpg\",\"datePublished\":\"2026-09-03T05:12:30+00:00\",\"author\":{\"@id\":\"https:\/\/veritasinfo.org\/#\/schema\/person\/fe199eede04c3937362892b7444747cc\"},\"breadcrumb\":{\"@id\":\"https:\/\/veritasinfo.org\/?p=63953&lang=sr#breadcrumb\"},\"inLanguage\":\"en-US\",\"potentialAction\":[{\"@type\":\"ReadAction\",\"target\":[\"https:\/\/veritasinfo.org\/?p=63953&lang=sr\"]}]},{\"@type\":\"ImageObject\",\"inLanguage\":\"en-US\",\"@id\":\"https:\/\/veritasinfo.org\/?p=63953&lang=sr#primaryimage\",\"url\":\"https:\/\/veritasinfo.org\/wp-content\/uploads\/2026\/06\/Kurti-2-750x375-2.jpg\",\"contentUrl\":\"https:\/\/veritasinfo.org\/wp-content\/uploads\/2026\/06\/Kurti-2-750x375-2.jpg\",\"width\":750,\"height\":375},{\"@type\":\"BreadcrumbList\",\"@id\":\"https:\/\/veritasinfo.org\/?p=63953&lang=sr#breadcrumb\",\"itemListElement\":[{\"@type\":\"ListItem\",\"position\":1,\"name\":\"Home\",\"item\":\"https:\/\/veritasinfo.org\/\"},{\"@type\":\"ListItem\",\"position\":2,\"name\":\"Kurti: Srbija ima za cilj da potkopa dr\u017eavnost Kosova kroz Zajednicu\"}]},{\"@type\":\"WebSite\",\"@id\":\"https:\/\/veritasinfo.org\/#website\",\"url\":\"https:\/\/veritasinfo.org\/\",\"name\":\"\",\"description\":\"\",\"potentialAction\":[{\"@type\":\"SearchAction\",\"target\":{\"@type\":\"EntryPoint\",\"urlTemplate\":\"https:\/\/veritasinfo.org\/?s={search_term_string}\"},\"query-input\":{\"@type\":\"PropertyValueSpecification\",\"valueRequired\":true,\"valueName\":\"search_term_string\"}}],\"inLanguage\":\"en-US\"},{\"@type\":\"Person\",\"@id\":\"https:\/\/veritasinfo.org\/#\/schema\/person\/fe199eede04c3937362892b7444747cc\",\"name\":\"US6\",\"image\":{\"@type\":\"ImageObject\",\"inLanguage\":\"en-US\",\"@id\":\"https:\/\/veritasinfo.org\/#\/schema\/person\/image\/\",\"url\":\"https:\/\/secure.gravatar.com\/avatar\/cb16c3c31c9d23b9b8c705964598220b3014e42ff51eb540ff23cefa3ae8c15f?s=96&d=mm&r=g\",\"contentUrl\":\"https:\/\/secure.gravatar.com\/avatar\/cb16c3c31c9d23b9b8c705964598220b3014e42ff51eb540ff23cefa3ae8c15f?s=96&d=mm&r=g\",\"caption\":\"US6\"},\"url\":\"https:\/\/veritasinfo.org\/?author=7\"}]}<\/script>\n<!-- \/ Yoast SEO plugin. -->","yoast_head_json":{"title":"Kurti: Srbija ima za cilj da potkopa dr\u017eavnost Kosova kroz Zajednicu -","robots":{"index":"index","follow":"follow","max-snippet":"max-snippet:-1","max-image-preview":"max-image-preview:large","max-video-preview":"max-video-preview:-1"},"canonical":"https:\/\/veritasinfo.org\/?p=63953&lang=sr","og_locale":"en_US","og_type":"article","og_title":"Kurti: Srbija ima za cilj da potkopa dr\u017eavnost Kosova kroz Zajednicu -","og_description":"Pri\u0161tina, 3. septembar 2026. 07:08 Vr\u0161ilac du\u017enosti premijera Albin Kurti govorio je o procesu dijaloga izme\u0111u Kosova i Srbije, uz posredovanje Evropske unije, uklju\u010dujuc\u0301i i","og_url":"https:\/\/veritasinfo.org\/?p=63953&lang=sr","article_published_time":"2026-09-03T05:12:30+00:00","og_image":[{"width":750,"height":375,"url":"https:\/\/veritasinfo.org\/wp-content\/uploads\/2026\/06\/Kurti-2-750x375-2.jpg","type":"image\/jpeg"}],"author":"US6","twitter_card":"summary_large_image","twitter_misc":{"Written by":"US6","Est. reading time":"2 minutes"},"schema":{"@context":"https:\/\/schema.org","@graph":[{"@type":"WebPage","@id":"https:\/\/veritasinfo.org\/?p=63953&lang=sr","url":"https:\/\/veritasinfo.org\/?p=63953&lang=sr","name":"Kurti: Srbija ima za cilj da potkopa dr\u017eavnost Kosova kroz Zajednicu -","isPartOf":{"@id":"https:\/\/veritasinfo.org\/#website"},"primaryImageOfPage":{"@id":"https:\/\/veritasinfo.org\/?p=63953&lang=sr#primaryimage"},"image":{"@id":"https:\/\/veritasinfo.org\/?p=63953&lang=sr#primaryimage"},"thumbnailUrl":"https:\/\/veritasinfo.org\/wp-content\/uploads\/2026\/06\/Kurti-2-750x375-2.jpg","datePublished":"2026-09-03T05:12:30+00:00","author":{"@id":"https:\/\/veritasinfo.org\/#\/schema\/person\/fe199eede04c3937362892b7444747cc"},"breadcrumb":{"@id":"https:\/\/veritasinfo.org\/?p=63953&lang=sr#breadcrumb"},"inLanguage":"en-US","potentialAction":[{"@type":"ReadAction","target":["https:\/\/veritasinfo.org\/?p=63953&lang=sr"]}]},{"@type":"ImageObject","inLanguage":"en-US","@id":"https:\/\/veritasinfo.org\/?p=63953&lang=sr#primaryimage","url":"https:\/\/veritasinfo.org\/wp-content\/uploads\/2026\/06\/Kurti-2-750x375-2.jpg","contentUrl":"https:\/\/veritasinfo.org\/wp-content\/uploads\/2026\/06\/Kurti-2-750x375-2.jpg","width":750,"height":375},{"@type":"BreadcrumbList","@id":"https:\/\/veritasinfo.org\/?p=63953&lang=sr#breadcrumb","itemListElement":[{"@type":"ListItem","position":1,"name":"Home","item":"https:\/\/veritasinfo.org\/"},{"@type":"ListItem","position":2,"name":"Kurti: Srbija ima za cilj da potkopa dr\u017eavnost Kosova kroz Zajednicu"}]},{"@type":"WebSite","@id":"https:\/\/veritasinfo.org\/#website","url":"https:\/\/veritasinfo.org\/","name":"","description":"","potentialAction":[{"@type":"SearchAction","target":{"@type":"EntryPoint","urlTemplate":"https:\/\/veritasinfo.org\/?s={search_term_string}"},"query-input":{"@type":"PropertyValueSpecification","valueRequired":true,"valueName":"search_term_string"}}],"inLanguage":"en-US"},{"@type":"Person","@id":"https:\/\/veritasinfo.org\/#\/schema\/person\/fe199eede04c3937362892b7444747cc","name":"US6","image":{"@type":"ImageObject","inLanguage":"en-US","@id":"https:\/\/veritasinfo.org\/#\/schema\/person\/image\/","url":"https:\/\/secure.gravatar.com\/avatar\/cb16c3c31c9d23b9b8c705964598220b3014e42ff51eb540ff23cefa3ae8c15f?s=96&d=mm&r=g","contentUrl":"https:\/\/secure.gravatar.com\/avatar\/cb16c3c31c9d23b9b8c705964598220b3014e42ff51eb540ff23cefa3ae8c15f?s=96&d=mm&r=g","caption":"US6"},"url":"https:\/\/veritasinfo.org\/?author=7"}]}},"featured_image_urls":{"full":["https:\/\/veritasinfo.org\/wp-content\/uploads\/2026\/06\/Kurti-2-750x375-2.jpg",750,375,false],"thumbnail":["https:\/\/veritasinfo.org\/wp-content\/uploads\/2026\/06\/Kurti-2-750x375-2-150x150.jpg",150,150,true],"medium":["https:\/\/veritasinfo.org\/wp-content\/uploads\/2026\/06\/Kurti-2-750x375-2-300x150.jpg",300,150,true],"medium_large":["https:\/\/veritasinfo.org\/wp-content\/uploads\/2026\/06\/Kurti-2-750x375-2.jpg",640,320,false],"large":["https:\/\/veritasinfo.org\/wp-content\/uploads\/2026\/06\/Kurti-2-750x375-2.jpg",640,320,false],"1536x1536":["https:\/\/veritasinfo.org\/wp-content\/uploads\/2026\/06\/Kurti-2-750x375-2.jpg",750,375,false],"2048x2048":["https:\/\/veritasinfo.org\/wp-content\/uploads\/2026\/06\/Kurti-2-750x375-2.jpg",750,375,false],"kreeti-slider-full":["https:\/\/veritasinfo.org\/wp-content\/uploads\/2026\/06\/Kurti-2-750x375-2.jpg",750,375,false],"kreeti-featured":["https:\/\/veritasinfo.org\/wp-content\/uploads\/2026\/06\/Kurti-2-750x375-2.jpg",750,375,false],"kreeti-medium":["https:\/\/veritasinfo.org\/wp-content\/uploads\/2026\/06\/Kurti-2-750x375-2-720x375.jpg",720,375,true],"kreeti-medium-square":["https:\/\/veritasinfo.org\/wp-content\/uploads\/2026\/06\/Kurti-2-750x375-2-350x350.jpg",350,350,true]},"author_info":{"info":["US6"]},"category_info":"<a href=\"https:\/\/veritasinfo.org\/?cat=28&#038;lang=sr\" rel=\"category\">Politika<\/a>","tag_info":"Politika","comment_count":"0","_links":{"self":[{"href":"https:\/\/veritasinfo.org\/index.php?rest_route=\/wp\/v2\/posts\/63953","targetHints":{"allow":["GET"]}}],"collection":[{"href":"https:\/\/veritasinfo.org\/index.php?rest_route=\/wp\/v2\/posts"}],"about":[{"href":"https:\/\/veritasinfo.org\/index.php?rest_route=\/wp\/v2\/types\/post"}],"author":[{"embeddable":true,"href":"https:\/\/veritasinfo.org\/index.php?rest_route=\/wp\/v2\/users\/7"}],"replies":[{"embeddable":true,"href":"https:\/\/veritasinfo.org\/index.php?rest_route=%2Fwp%2Fv2%2Fcomments&post=63953"}],"version-history":[{"count":1,"href":"https:\/\/veritasinfo.org\/index.php?rest_route=\/wp\/v2\/posts\/63953\/revisions"}],"predecessor-version":[{"id":63954,"href":"https:\/\/veritasinfo.org\/index.php?rest_route=\/wp\/v2\/posts\/63953\/revisions\/63954"}],"wp:featuredmedia":[{"embeddable":true,"href":"https:\/\/veritasinfo.org\/index.php?rest_route=\/wp\/v2\/media\/54020"}],"wp:attachment":[{"href":"https:\/\/veritasinfo.org\/index.php?rest_route=%2Fwp%2Fv2%2Fmedia&parent=63953"}],"wp:term":[{"taxonomy":"category","embeddable":true,"href":"https:\/\/veritasinfo.org\/index.php?rest_route=%2Fwp%2Fv2%2Fcategories&post=63953"},{"taxonomy":"post_tag","embeddable":true,"href":"https:\/\/veritasinfo.org\/index.php?rest_route=%2Fwp%2Fv2%2Ftags&post=63953"}],"curies":[{"name":"wp","href":"https:\/\/api.w.org\/{rel}","templated":true}]}}