{"id":63951,"date":"2026-09-03T07:09:17","date_gmt":"2026-09-03T05:09:17","guid":{"rendered":"https:\/\/veritasinfo.org\/?p=63951"},"modified":"2026-09-03T07:09:17","modified_gmt":"2026-09-03T05:09:17","slug":"kurti-serbia-synon-te-minoje-shtetesine-e-kosoves-permes-asociacionit","status":"publish","type":"post","link":"https:\/\/veritasinfo.org\/?p=63951","title":{"rendered":"Kurti: Serbia synon t\u00eb minoj\u00eb shtet\u00ebsin\u00eb e Kosov\u00ebs p\u00ebrmes Asociacionit"},"content":{"rendered":"<p>Prishtin\u00eb, 3 shtator 2026 07:08<\/p>\n<p>Kryeministri n\u00eb detyr\u00eb, Albin Kurti, ka folur p\u00ebr procesin e dialogut mes Kosov\u00ebs dhe Serbis\u00eb, i nd\u00ebrmjet\u00ebsuar nga Bashkimi Evropian, p\u00ebrfshir\u00eb k\u00ebtu edhe \u00e7\u00ebshtjen e formimit t\u00eb Asociacionit t\u00eb komunave me shumic\u00ebs serbe.<\/p>\n<p>P\u00ebr k\u00ebt\u00eb, Kurti, i ftuar n\u00eb \u201cGeneral Trinquant\u2019s Headquarters\u201d podcast, ka th\u00ebn\u00eb se, Gjykata Kushtetuese t\u00eb Kosov\u00ebs, p\u00ebrmes nj\u00eb vendimi, ka konstatuar se, \u2018\u2019 karakteri monoetnik i asociacionit t\u00eb komunave bie ndesh me frym\u00ebn e Kushtetut\u00ebs\u2019\u2019.<\/p>\n<p>\u2018\u2019Pjes\u00eb t\u00eb k\u00ebsaj marr\u00ebveshjeje jan\u00eb gjithashtu marr\u00ebveshje t\u00eb m\u00ebparshme t\u00eb paraardh\u00ebsve t\u00eb mi. Pra, edhe marr\u00ebveshja t\u00eb cil\u00ebs po i referoheni ju \u00ebsht\u00eb pjes\u00eb e 39 marr\u00ebveshjeve q\u00eb jan\u00eb b\u00ebr\u00eb nga paraardh\u00ebsit e mi. T\u00eb gjitha k\u00ebto marr\u00ebveshje do t\u00eb merren parasysh, p\u00ebr aq koh\u00eb sa jan\u00eb t\u00eb vlefshme dhe ligj\u00ebrisht detyruese, si nene n\u00eb marr\u00ebveshjet baz\u00eb q\u00eb i referohen p\u00ebrkat\u00ebsisht. Kosova ka nj\u00eb asociacion t\u00eb komunave t\u00eb saj. T\u00eb gjitha 38 komunat jan\u00eb pjes\u00eb e tij. Vendimi i Gjykat\u00ebs son\u00eb Kushtetuese, i marr\u00eb m\u00eb shum\u00eb se nj\u00eb dekad\u00eb m\u00eb par\u00eb, ka konstatuar se karakteri monoetnik i asociacionit t\u00eb komunave bie ndesh me frym\u00ebn e Kushtetut\u00ebs, arkitekt i s\u00eb cil\u00ebs \u00ebsht\u00eb presidenti finlandez Martti Ahtisaari, i cili gjithashtu fitoi \u00c7mimin Nobel p\u00ebr Paqe p\u00ebr pun\u00ebn e tij n\u00eb nd\u00ebrtimin e paqes\u201d, ka th\u00ebn\u00eb ai.<\/p>\n<p>Tutje, Kurti, ka th\u00ebn\u00eb edhe se, problemi me Serbin\u00eb \u00ebsht\u00eb se, Beogradi d\u00ebshiron q\u00eb brenda Kosov\u00ebs, t\u00eb krijohet nj\u00eb entitet q\u00eb do i ngjasonte Republik\u00ebs Srpska, p\u00ebrmes secil\u00ebs, do minohej shtet\u00ebsia, pavar\u00ebsia dhe funksionaliteti i Kosov\u00ebs.<\/p>\n<p>\u201cNga ana tjet\u00ebr, un\u00eb jam n\u00eb favor t\u00eb bashk\u00ebpunimit nd\u00ebrmjet komunave. Por kjo duhet t\u00eb b\u00ebhet me q\u00ebllim q\u00eb t\u00eb ofrohen sh\u00ebrbime m\u00eb t\u00eb mira publike, brenda kuadrit t\u00eb Republik\u00ebs s\u00eb Kosov\u00ebs. V\u00ebshtir\u00ebsia q\u00eb kemi \u00ebsht\u00eb se Beogradi d\u00ebshiron q\u00eb, brenda Republik\u00ebs s\u00eb Kosov\u00ebs \u2014 t\u00eb cil\u00ebn ata nuk e njohin \u2014 t\u00eb krijohet nj\u00eb entitet i caktuar, i cili do t\u00eb ishte si Republika Srpska n\u00eb Bosnje dhe Hercegovin\u00eb, me q\u00ebllim q\u00eb t\u00eb minoj\u00eb shtet\u00ebsin\u00eb, pavar\u00ebsin\u00eb dhe funksionalitetin e Kosov\u00ebs nga brenda. Dhe pik\u00ebrisht k\u00ebtu q\u00ebndron dallimi. Pra, kushdo q\u00eb d\u00ebshiron nj\u00eb asociacion t\u00eb komunave, ne tashm\u00eb e kemi nj\u00eb t\u00eb till\u00eb. Por ajo q\u00eb Serbia e quan asociacion, n\u00eb fakt nuk ka t\u00eb b\u00ebj\u00eb me komunitetin serb, por \u00ebsht\u00eb kund\u00ebr pavar\u00ebsis\u00eb s\u00eb Kosov\u00ebs. Dhe k\u00ebtu q\u00ebndron hendeku. Mendoj se k\u00ebto v\u00ebshtir\u00ebsi q\u00eb kemi n\u00eb marr\u00ebdh\u00ebniet tona nuk lidhen vet\u00ebm me \u00e7\u00ebshtjen e pavar\u00ebsis\u00eb son\u00eb\u201d, ka deklaruar Kurti mes tjerash.<\/p>\n<p>&nbsp;<\/p>\n","protected":false},"excerpt":{"rendered":"<p>Prishtin\u00eb, 3 shtator 2026 07:08 Kryeministri n\u00eb detyr\u00eb, Albin Kurti, ka folur p\u00ebr procesin e dialogut mes Kosov\u00ebs dhe Serbis\u00eb, i nd\u00ebrmjet\u00ebsuar nga Bashkimi Evropian,<\/p>\n","protected":false},"author":7,"featured_media":54016,"comment_status":"open","ping_status":"open","sticky":false,"template":"","format":"standard","meta":{"footnotes":""},"categories":[58],"tags":[],"class_list":["post-63951","post","type-post","status-publish","format-standard","has-post-thumbnail","hentry","category-politike-sq"],"yoast_head":"<!-- This site is optimized with the Yoast SEO plugin v25.3.1 - https:\/\/yoast.com\/wordpress\/plugins\/seo\/ -->\n<title>Kurti: Serbia synon t\u00eb minoj\u00eb shtet\u00ebsin\u00eb e Kosov\u00ebs p\u00ebrmes Asociacionit -<\/title>\n<meta name=\"robots\" content=\"index, follow, max-snippet:-1, max-image-preview:large, max-video-preview:-1\" \/>\n<link rel=\"canonical\" href=\"https:\/\/veritasinfo.org\/?p=63951\" \/>\n<meta property=\"og:locale\" content=\"en_US\" \/>\n<meta property=\"og:type\" content=\"article\" \/>\n<meta property=\"og:title\" content=\"Kurti: Serbia synon t\u00eb minoj\u00eb shtet\u00ebsin\u00eb e Kosov\u00ebs p\u00ebrmes Asociacionit -\" \/>\n<meta property=\"og:description\" content=\"Prishtin\u00eb, 3 shtator 2026 07:08 Kryeministri n\u00eb detyr\u00eb, Albin Kurti, ka folur p\u00ebr procesin e dialogut mes Kosov\u00ebs dhe Serbis\u00eb, i nd\u00ebrmjet\u00ebsuar nga Bashkimi Evropian,\" \/>\n<meta property=\"og:url\" content=\"https:\/\/veritasinfo.org\/?p=63951\" \/>\n<meta property=\"article:published_time\" content=\"2026-09-03T05:09:17+00:00\" \/>\n<meta property=\"og:image\" content=\"https:\/\/veritasinfo.org\/wp-content\/uploads\/2026\/06\/Kurti-2-750x375-1.jpg\" \/>\n\t<meta property=\"og:image:width\" content=\"750\" \/>\n\t<meta property=\"og:image:height\" content=\"375\" \/>\n\t<meta property=\"og:image:type\" content=\"image\/jpeg\" \/>\n<meta name=\"author\" content=\"US6\" \/>\n<meta name=\"twitter:card\" content=\"summary_large_image\" \/>\n<meta name=\"twitter:label1\" content=\"Written by\" \/>\n\t<meta name=\"twitter:data1\" content=\"US6\" \/>\n\t<meta name=\"twitter:label2\" content=\"Est. reading time\" \/>\n\t<meta name=\"twitter:data2\" content=\"2 minutes\" \/>\n<script type=\"application\/ld+json\" class=\"yoast-schema-graph\">{\"@context\":\"https:\/\/schema.org\",\"@graph\":[{\"@type\":\"WebPage\",\"@id\":\"https:\/\/veritasinfo.org\/?p=63951\",\"url\":\"https:\/\/veritasinfo.org\/?p=63951\",\"name\":\"Kurti: Serbia synon t\u00eb minoj\u00eb shtet\u00ebsin\u00eb e Kosov\u00ebs p\u00ebrmes Asociacionit -\",\"isPartOf\":{\"@id\":\"https:\/\/veritasinfo.org\/#website\"},\"primaryImageOfPage\":{\"@id\":\"https:\/\/veritasinfo.org\/?p=63951#primaryimage\"},\"image\":{\"@id\":\"https:\/\/veritasinfo.org\/?p=63951#primaryimage\"},\"thumbnailUrl\":\"https:\/\/veritasinfo.org\/wp-content\/uploads\/2026\/06\/Kurti-2-750x375-1.jpg\",\"datePublished\":\"2026-09-03T05:09:17+00:00\",\"author\":{\"@id\":\"https:\/\/veritasinfo.org\/#\/schema\/person\/fe199eede04c3937362892b7444747cc\"},\"breadcrumb\":{\"@id\":\"https:\/\/veritasinfo.org\/?p=63951#breadcrumb\"},\"inLanguage\":\"en-US\",\"potentialAction\":[{\"@type\":\"ReadAction\",\"target\":[\"https:\/\/veritasinfo.org\/?p=63951\"]}]},{\"@type\":\"ImageObject\",\"inLanguage\":\"en-US\",\"@id\":\"https:\/\/veritasinfo.org\/?p=63951#primaryimage\",\"url\":\"https:\/\/veritasinfo.org\/wp-content\/uploads\/2026\/06\/Kurti-2-750x375-1.jpg\",\"contentUrl\":\"https:\/\/veritasinfo.org\/wp-content\/uploads\/2026\/06\/Kurti-2-750x375-1.jpg\",\"width\":750,\"height\":375},{\"@type\":\"BreadcrumbList\",\"@id\":\"https:\/\/veritasinfo.org\/?p=63951#breadcrumb\",\"itemListElement\":[{\"@type\":\"ListItem\",\"position\":1,\"name\":\"Home\",\"item\":\"https:\/\/veritasinfo.org\/\"},{\"@type\":\"ListItem\",\"position\":2,\"name\":\"Kurti: Serbia synon t\u00eb minoj\u00eb shtet\u00ebsin\u00eb e Kosov\u00ebs p\u00ebrmes Asociacionit\"}]},{\"@type\":\"WebSite\",\"@id\":\"https:\/\/veritasinfo.org\/#website\",\"url\":\"https:\/\/veritasinfo.org\/\",\"name\":\"\",\"description\":\"\",\"potentialAction\":[{\"@type\":\"SearchAction\",\"target\":{\"@type\":\"EntryPoint\",\"urlTemplate\":\"https:\/\/veritasinfo.org\/?s={search_term_string}\"},\"query-input\":{\"@type\":\"PropertyValueSpecification\",\"valueRequired\":true,\"valueName\":\"search_term_string\"}}],\"inLanguage\":\"en-US\"},{\"@type\":\"Person\",\"@id\":\"https:\/\/veritasinfo.org\/#\/schema\/person\/fe199eede04c3937362892b7444747cc\",\"name\":\"US6\",\"image\":{\"@type\":\"ImageObject\",\"inLanguage\":\"en-US\",\"@id\":\"https:\/\/veritasinfo.org\/#\/schema\/person\/image\/\",\"url\":\"https:\/\/secure.gravatar.com\/avatar\/cb16c3c31c9d23b9b8c705964598220b3014e42ff51eb540ff23cefa3ae8c15f?s=96&d=mm&r=g\",\"contentUrl\":\"https:\/\/secure.gravatar.com\/avatar\/cb16c3c31c9d23b9b8c705964598220b3014e42ff51eb540ff23cefa3ae8c15f?s=96&d=mm&r=g\",\"caption\":\"US6\"},\"url\":\"https:\/\/veritasinfo.org\/?author=7\"}]}<\/script>\n<!-- \/ Yoast SEO plugin. -->","yoast_head_json":{"title":"Kurti: Serbia synon t\u00eb minoj\u00eb shtet\u00ebsin\u00eb e Kosov\u00ebs p\u00ebrmes Asociacionit -","robots":{"index":"index","follow":"follow","max-snippet":"max-snippet:-1","max-image-preview":"max-image-preview:large","max-video-preview":"max-video-preview:-1"},"canonical":"https:\/\/veritasinfo.org\/?p=63951","og_locale":"en_US","og_type":"article","og_title":"Kurti: Serbia synon t\u00eb minoj\u00eb shtet\u00ebsin\u00eb e Kosov\u00ebs p\u00ebrmes Asociacionit -","og_description":"Prishtin\u00eb, 3 shtator 2026 07:08 Kryeministri n\u00eb detyr\u00eb, Albin Kurti, ka folur p\u00ebr procesin e dialogut mes Kosov\u00ebs dhe Serbis\u00eb, i nd\u00ebrmjet\u00ebsuar nga Bashkimi Evropian,","og_url":"https:\/\/veritasinfo.org\/?p=63951","article_published_time":"2026-09-03T05:09:17+00:00","og_image":[{"width":750,"height":375,"url":"https:\/\/veritasinfo.org\/wp-content\/uploads\/2026\/06\/Kurti-2-750x375-1.jpg","type":"image\/jpeg"}],"author":"US6","twitter_card":"summary_large_image","twitter_misc":{"Written by":"US6","Est. reading time":"2 minutes"},"schema":{"@context":"https:\/\/schema.org","@graph":[{"@type":"WebPage","@id":"https:\/\/veritasinfo.org\/?p=63951","url":"https:\/\/veritasinfo.org\/?p=63951","name":"Kurti: Serbia synon t\u00eb minoj\u00eb shtet\u00ebsin\u00eb e Kosov\u00ebs p\u00ebrmes Asociacionit -","isPartOf":{"@id":"https:\/\/veritasinfo.org\/#website"},"primaryImageOfPage":{"@id":"https:\/\/veritasinfo.org\/?p=63951#primaryimage"},"image":{"@id":"https:\/\/veritasinfo.org\/?p=63951#primaryimage"},"thumbnailUrl":"https:\/\/veritasinfo.org\/wp-content\/uploads\/2026\/06\/Kurti-2-750x375-1.jpg","datePublished":"2026-09-03T05:09:17+00:00","author":{"@id":"https:\/\/veritasinfo.org\/#\/schema\/person\/fe199eede04c3937362892b7444747cc"},"breadcrumb":{"@id":"https:\/\/veritasinfo.org\/?p=63951#breadcrumb"},"inLanguage":"en-US","potentialAction":[{"@type":"ReadAction","target":["https:\/\/veritasinfo.org\/?p=63951"]}]},{"@type":"ImageObject","inLanguage":"en-US","@id":"https:\/\/veritasinfo.org\/?p=63951#primaryimage","url":"https:\/\/veritasinfo.org\/wp-content\/uploads\/2026\/06\/Kurti-2-750x375-1.jpg","contentUrl":"https:\/\/veritasinfo.org\/wp-content\/uploads\/2026\/06\/Kurti-2-750x375-1.jpg","width":750,"height":375},{"@type":"BreadcrumbList","@id":"https:\/\/veritasinfo.org\/?p=63951#breadcrumb","itemListElement":[{"@type":"ListItem","position":1,"name":"Home","item":"https:\/\/veritasinfo.org\/"},{"@type":"ListItem","position":2,"name":"Kurti: Serbia synon t\u00eb minoj\u00eb shtet\u00ebsin\u00eb e Kosov\u00ebs p\u00ebrmes Asociacionit"}]},{"@type":"WebSite","@id":"https:\/\/veritasinfo.org\/#website","url":"https:\/\/veritasinfo.org\/","name":"","description":"","potentialAction":[{"@type":"SearchAction","target":{"@type":"EntryPoint","urlTemplate":"https:\/\/veritasinfo.org\/?s={search_term_string}"},"query-input":{"@type":"PropertyValueSpecification","valueRequired":true,"valueName":"search_term_string"}}],"inLanguage":"en-US"},{"@type":"Person","@id":"https:\/\/veritasinfo.org\/#\/schema\/person\/fe199eede04c3937362892b7444747cc","name":"US6","image":{"@type":"ImageObject","inLanguage":"en-US","@id":"https:\/\/veritasinfo.org\/#\/schema\/person\/image\/","url":"https:\/\/secure.gravatar.com\/avatar\/cb16c3c31c9d23b9b8c705964598220b3014e42ff51eb540ff23cefa3ae8c15f?s=96&d=mm&r=g","contentUrl":"https:\/\/secure.gravatar.com\/avatar\/cb16c3c31c9d23b9b8c705964598220b3014e42ff51eb540ff23cefa3ae8c15f?s=96&d=mm&r=g","caption":"US6"},"url":"https:\/\/veritasinfo.org\/?author=7"}]}},"featured_image_urls":{"full":["https:\/\/veritasinfo.org\/wp-content\/uploads\/2026\/06\/Kurti-2-750x375-1.jpg",750,375,false],"thumbnail":["https:\/\/veritasinfo.org\/wp-content\/uploads\/2026\/06\/Kurti-2-750x375-1-150x150.jpg",150,150,true],"medium":["https:\/\/veritasinfo.org\/wp-content\/uploads\/2026\/06\/Kurti-2-750x375-1-300x150.jpg",300,150,true],"medium_large":["https:\/\/veritasinfo.org\/wp-content\/uploads\/2026\/06\/Kurti-2-750x375-1.jpg",640,320,false],"large":["https:\/\/veritasinfo.org\/wp-content\/uploads\/2026\/06\/Kurti-2-750x375-1.jpg",640,320,false],"1536x1536":["https:\/\/veritasinfo.org\/wp-content\/uploads\/2026\/06\/Kurti-2-750x375-1.jpg",750,375,false],"2048x2048":["https:\/\/veritasinfo.org\/wp-content\/uploads\/2026\/06\/Kurti-2-750x375-1.jpg",750,375,false],"kreeti-slider-full":["https:\/\/veritasinfo.org\/wp-content\/uploads\/2026\/06\/Kurti-2-750x375-1.jpg",750,375,false],"kreeti-featured":["https:\/\/veritasinfo.org\/wp-content\/uploads\/2026\/06\/Kurti-2-750x375-1.jpg",750,375,false],"kreeti-medium":["https:\/\/veritasinfo.org\/wp-content\/uploads\/2026\/06\/Kurti-2-750x375-1-720x375.jpg",720,375,true],"kreeti-medium-square":["https:\/\/veritasinfo.org\/wp-content\/uploads\/2026\/06\/Kurti-2-750x375-1-350x350.jpg",350,350,true]},"author_info":{"info":["US6"]},"category_info":"<a href=\"https:\/\/veritasinfo.org\/?cat=58\" rel=\"category\">Politik\u00eb<\/a>","tag_info":"Politik\u00eb","comment_count":"0","_links":{"self":[{"href":"https:\/\/veritasinfo.org\/index.php?rest_route=\/wp\/v2\/posts\/63951","targetHints":{"allow":["GET"]}}],"collection":[{"href":"https:\/\/veritasinfo.org\/index.php?rest_route=\/wp\/v2\/posts"}],"about":[{"href":"https:\/\/veritasinfo.org\/index.php?rest_route=\/wp\/v2\/types\/post"}],"author":[{"embeddable":true,"href":"https:\/\/veritasinfo.org\/index.php?rest_route=\/wp\/v2\/users\/7"}],"replies":[{"embeddable":true,"href":"https:\/\/veritasinfo.org\/index.php?rest_route=%2Fwp%2Fv2%2Fcomments&post=63951"}],"version-history":[{"count":1,"href":"https:\/\/veritasinfo.org\/index.php?rest_route=\/wp\/v2\/posts\/63951\/revisions"}],"predecessor-version":[{"id":63952,"href":"https:\/\/veritasinfo.org\/index.php?rest_route=\/wp\/v2\/posts\/63951\/revisions\/63952"}],"wp:featuredmedia":[{"embeddable":true,"href":"https:\/\/veritasinfo.org\/index.php?rest_route=\/wp\/v2\/media\/54016"}],"wp:attachment":[{"href":"https:\/\/veritasinfo.org\/index.php?rest_route=%2Fwp%2Fv2%2Fmedia&parent=63951"}],"wp:term":[{"taxonomy":"category","embeddable":true,"href":"https:\/\/veritasinfo.org\/index.php?rest_route=%2Fwp%2Fv2%2Fcategories&post=63951"},{"taxonomy":"post_tag","embeddable":true,"href":"https:\/\/veritasinfo.org\/index.php?rest_route=%2Fwp%2Fv2%2Ftags&post=63951"}],"curies":[{"name":"wp","href":"https:\/\/api.w.org\/{rel}","templated":true}]}}