{"id":63928,"date":"2026-09-02T18:55:49","date_gmt":"2026-09-02T16:55:49","guid":{"rendered":"https:\/\/veritasinfo.org\/?p=63928"},"modified":"2026-09-02T18:55:49","modified_gmt":"2026-09-02T16:55:49","slug":"sastanak-kurtija-i-abdidzikua-zavrsen-bez-rezultata","status":"publish","type":"post","link":"https:\/\/veritasinfo.org\/?p=63928&lang=sr","title":{"rendered":"Sastanak Kurtija i Abdid\u017eikua zavr\u0161en bez rezultata"},"content":{"rendered":"<p>Pri\u0161tina, 2. septembar 2026. 18:51<\/p>\n<p>Sastanak lidera Pokreta Samoopredeljenje Aljbina Kurtija i lidera Demokratskog saveza Kosova, Ljumira Abdid\u017eikua, zavr\u0161en je.<\/p>\n<p>Nakon sastanka, Kurti nije razgovarao sa medijima, dok je Abdid\u017eiku rekao da c\u0301e poku\u0161ati da se ponovo sastanu, ali da su brojke u Skup\u0161tini vec\u0301 poznate. Rekao je da zemlja ide ka novim izborima.<\/p>\n<p>Abdid\u017eiku je rekao da su razgovarali o najnovijim de\u0161avanjima.<\/p>\n<p>\u201eRedovno obave\u0161tavanje nakon de\u0161avanja u obe stranke, kako nala\u017ee redosled, bic\u0301e procesa diskusije, tako\u0111e c\u0301emo zvani\u010dno obave\u0161tavati jedni druge o de\u0161avanjima u stranci, to sam uradio za sastanke koji su se odr\u017eali ju\u010de, zvani\u010dno sam ih obavestio\u201c, rekao je Abdid\u017eiku.<\/p>\n<p>Sastanak je odr\u017ean nakon \u0161to je 6 od 18 poslanika DSK u utorak izjavilo da nec\u0301e podr\u017eati kandidaturu Bekima Sejdiua za predsednika.<\/p>\n<p>Abdid\u017eiku je u utorak, nakon sastanka Parlamentarne grupe, izjavio da su Hikmete Bajrami, Avdulah Hoti, Kujtim \u0160alja, Arben Ga\u0161i, Armend Zemaj i Janina Imeri izjavili da nec\u0301e glasati za Sejdiua.<\/p>\n<p>Istog utorka, sastao se i sa Parlamentarnom grupom Vetevendosje. Nakon sastanka, Kurti je rekao da su se svi u ovoj grupi slo\u017eili oko Sejdiuove kandidature, ali je rekao da je, sa odbijanjem 6 poslanika DSK, maksimalan broj glasova koji mogu da obezbede 74.<\/p>\n<p>Kurti je rekao da je politi\u010dki sporazum za njega i dalje va\u017eec\u0301i, ali je dodao da treba ponovo da se sastane sa Abdid\u017eikuom, a zatim i sa Predsedni\u0161tvom Vetevendosjea.<\/p>\n<p>Bekim Sejdiu je u ponedeljak predlo\u017een za predsedni\u010dkog kandidata nakon sporazuma postignutog izme\u0111u Vetevendosjea i DSK.<\/p>\n","protected":false},"excerpt":{"rendered":"<p>Pri\u0161tina, 2. septembar 2026. 18:51 Sastanak lidera Pokreta Samoopredeljenje Aljbina Kurtija i lidera Demokratskog saveza Kosova, Ljumira Abdid\u017eikua, zavr\u0161en je. Nakon sastanka, Kurti nije razgovarao<\/p>\n","protected":false},"author":7,"featured_media":60164,"comment_status":"open","ping_status":"open","sticky":false,"template":"","format":"standard","meta":{"footnotes":""},"categories":[28],"tags":[],"class_list":["post-63928","post","type-post","status-publish","format-standard","has-post-thumbnail","hentry","category-politika"],"yoast_head":"<!-- This site is optimized with the Yoast SEO plugin v25.3.1 - https:\/\/yoast.com\/wordpress\/plugins\/seo\/ -->\n<title>Sastanak Kurtija i Abdid\u017eikua zavr\u0161en bez rezultata -<\/title>\n<meta name=\"robots\" content=\"index, follow, max-snippet:-1, max-image-preview:large, max-video-preview:-1\" \/>\n<link rel=\"canonical\" href=\"https:\/\/veritasinfo.org\/?p=63928&lang=sr\" \/>\n<meta property=\"og:locale\" content=\"en_US\" \/>\n<meta property=\"og:type\" content=\"article\" \/>\n<meta property=\"og:title\" content=\"Sastanak Kurtija i Abdid\u017eikua zavr\u0161en bez rezultata -\" \/>\n<meta property=\"og:description\" content=\"Pri\u0161tina, 2. septembar 2026. 18:51 Sastanak lidera Pokreta Samoopredeljenje Aljbina Kurtija i lidera Demokratskog saveza Kosova, Ljumira Abdid\u017eikua, zavr\u0161en je. Nakon sastanka, Kurti nije razgovarao\" \/>\n<meta property=\"og:url\" content=\"https:\/\/veritasinfo.org\/?p=63928&amp;lang=sr\" \/>\n<meta property=\"article:published_time\" content=\"2026-09-02T16:55:49+00:00\" \/>\n<meta property=\"og:image\" content=\"https:\/\/veritasinfo.org\/wp-content\/uploads\/2026\/08\/749417_Kurti-Abdixhikuu-1.webp\" \/>\n\t<meta property=\"og:image:width\" content=\"900\" \/>\n\t<meta property=\"og:image:height\" content=\"520\" \/>\n\t<meta property=\"og:image:type\" content=\"image\/webp\" \/>\n<meta name=\"author\" content=\"US6\" \/>\n<meta name=\"twitter:card\" content=\"summary_large_image\" \/>\n<meta name=\"twitter:label1\" content=\"Written by\" \/>\n\t<meta name=\"twitter:data1\" content=\"US6\" \/>\n\t<meta name=\"twitter:label2\" content=\"Est. reading time\" \/>\n\t<meta name=\"twitter:data2\" content=\"2 minutes\" \/>\n<script type=\"application\/ld+json\" class=\"yoast-schema-graph\">{\"@context\":\"https:\/\/schema.org\",\"@graph\":[{\"@type\":\"WebPage\",\"@id\":\"https:\/\/veritasinfo.org\/?p=63928&lang=sr\",\"url\":\"https:\/\/veritasinfo.org\/?p=63928&lang=sr\",\"name\":\"Sastanak Kurtija i Abdid\u017eikua zavr\u0161en bez rezultata -\",\"isPartOf\":{\"@id\":\"https:\/\/veritasinfo.org\/#website\"},\"primaryImageOfPage\":{\"@id\":\"https:\/\/veritasinfo.org\/?p=63928&lang=sr#primaryimage\"},\"image\":{\"@id\":\"https:\/\/veritasinfo.org\/?p=63928&lang=sr#primaryimage\"},\"thumbnailUrl\":\"https:\/\/veritasinfo.org\/wp-content\/uploads\/2026\/08\/749417_Kurti-Abdixhikuu-1.webp\",\"datePublished\":\"2026-09-02T16:55:49+00:00\",\"author\":{\"@id\":\"https:\/\/veritasinfo.org\/#\/schema\/person\/fe199eede04c3937362892b7444747cc\"},\"breadcrumb\":{\"@id\":\"https:\/\/veritasinfo.org\/?p=63928&lang=sr#breadcrumb\"},\"inLanguage\":\"en-US\",\"potentialAction\":[{\"@type\":\"ReadAction\",\"target\":[\"https:\/\/veritasinfo.org\/?p=63928&lang=sr\"]}]},{\"@type\":\"ImageObject\",\"inLanguage\":\"en-US\",\"@id\":\"https:\/\/veritasinfo.org\/?p=63928&lang=sr#primaryimage\",\"url\":\"https:\/\/veritasinfo.org\/wp-content\/uploads\/2026\/08\/749417_Kurti-Abdixhikuu-1.webp\",\"contentUrl\":\"https:\/\/veritasinfo.org\/wp-content\/uploads\/2026\/08\/749417_Kurti-Abdixhikuu-1.webp\",\"width\":900,\"height\":520},{\"@type\":\"BreadcrumbList\",\"@id\":\"https:\/\/veritasinfo.org\/?p=63928&lang=sr#breadcrumb\",\"itemListElement\":[{\"@type\":\"ListItem\",\"position\":1,\"name\":\"Home\",\"item\":\"https:\/\/veritasinfo.org\/\"},{\"@type\":\"ListItem\",\"position\":2,\"name\":\"Sastanak Kurtija i Abdid\u017eikua zavr\u0161en bez rezultata\"}]},{\"@type\":\"WebSite\",\"@id\":\"https:\/\/veritasinfo.org\/#website\",\"url\":\"https:\/\/veritasinfo.org\/\",\"name\":\"\",\"description\":\"\",\"potentialAction\":[{\"@type\":\"SearchAction\",\"target\":{\"@type\":\"EntryPoint\",\"urlTemplate\":\"https:\/\/veritasinfo.org\/?s={search_term_string}\"},\"query-input\":{\"@type\":\"PropertyValueSpecification\",\"valueRequired\":true,\"valueName\":\"search_term_string\"}}],\"inLanguage\":\"en-US\"},{\"@type\":\"Person\",\"@id\":\"https:\/\/veritasinfo.org\/#\/schema\/person\/fe199eede04c3937362892b7444747cc\",\"name\":\"US6\",\"image\":{\"@type\":\"ImageObject\",\"inLanguage\":\"en-US\",\"@id\":\"https:\/\/veritasinfo.org\/#\/schema\/person\/image\/\",\"url\":\"https:\/\/secure.gravatar.com\/avatar\/cb16c3c31c9d23b9b8c705964598220b3014e42ff51eb540ff23cefa3ae8c15f?s=96&d=mm&r=g\",\"contentUrl\":\"https:\/\/secure.gravatar.com\/avatar\/cb16c3c31c9d23b9b8c705964598220b3014e42ff51eb540ff23cefa3ae8c15f?s=96&d=mm&r=g\",\"caption\":\"US6\"},\"url\":\"https:\/\/veritasinfo.org\/?author=7\"}]}<\/script>\n<!-- \/ Yoast SEO plugin. -->","yoast_head_json":{"title":"Sastanak Kurtija i Abdid\u017eikua zavr\u0161en bez rezultata -","robots":{"index":"index","follow":"follow","max-snippet":"max-snippet:-1","max-image-preview":"max-image-preview:large","max-video-preview":"max-video-preview:-1"},"canonical":"https:\/\/veritasinfo.org\/?p=63928&lang=sr","og_locale":"en_US","og_type":"article","og_title":"Sastanak Kurtija i Abdid\u017eikua zavr\u0161en bez rezultata -","og_description":"Pri\u0161tina, 2. septembar 2026. 18:51 Sastanak lidera Pokreta Samoopredeljenje Aljbina Kurtija i lidera Demokratskog saveza Kosova, Ljumira Abdid\u017eikua, zavr\u0161en je. Nakon sastanka, Kurti nije razgovarao","og_url":"https:\/\/veritasinfo.org\/?p=63928&lang=sr","article_published_time":"2026-09-02T16:55:49+00:00","og_image":[{"width":900,"height":520,"url":"https:\/\/veritasinfo.org\/wp-content\/uploads\/2026\/08\/749417_Kurti-Abdixhikuu-1.webp","type":"image\/webp"}],"author":"US6","twitter_card":"summary_large_image","twitter_misc":{"Written by":"US6","Est. reading time":"2 minutes"},"schema":{"@context":"https:\/\/schema.org","@graph":[{"@type":"WebPage","@id":"https:\/\/veritasinfo.org\/?p=63928&lang=sr","url":"https:\/\/veritasinfo.org\/?p=63928&lang=sr","name":"Sastanak Kurtija i Abdid\u017eikua zavr\u0161en bez rezultata -","isPartOf":{"@id":"https:\/\/veritasinfo.org\/#website"},"primaryImageOfPage":{"@id":"https:\/\/veritasinfo.org\/?p=63928&lang=sr#primaryimage"},"image":{"@id":"https:\/\/veritasinfo.org\/?p=63928&lang=sr#primaryimage"},"thumbnailUrl":"https:\/\/veritasinfo.org\/wp-content\/uploads\/2026\/08\/749417_Kurti-Abdixhikuu-1.webp","datePublished":"2026-09-02T16:55:49+00:00","author":{"@id":"https:\/\/veritasinfo.org\/#\/schema\/person\/fe199eede04c3937362892b7444747cc"},"breadcrumb":{"@id":"https:\/\/veritasinfo.org\/?p=63928&lang=sr#breadcrumb"},"inLanguage":"en-US","potentialAction":[{"@type":"ReadAction","target":["https:\/\/veritasinfo.org\/?p=63928&lang=sr"]}]},{"@type":"ImageObject","inLanguage":"en-US","@id":"https:\/\/veritasinfo.org\/?p=63928&lang=sr#primaryimage","url":"https:\/\/veritasinfo.org\/wp-content\/uploads\/2026\/08\/749417_Kurti-Abdixhikuu-1.webp","contentUrl":"https:\/\/veritasinfo.org\/wp-content\/uploads\/2026\/08\/749417_Kurti-Abdixhikuu-1.webp","width":900,"height":520},{"@type":"BreadcrumbList","@id":"https:\/\/veritasinfo.org\/?p=63928&lang=sr#breadcrumb","itemListElement":[{"@type":"ListItem","position":1,"name":"Home","item":"https:\/\/veritasinfo.org\/"},{"@type":"ListItem","position":2,"name":"Sastanak Kurtija i Abdid\u017eikua zavr\u0161en bez rezultata"}]},{"@type":"WebSite","@id":"https:\/\/veritasinfo.org\/#website","url":"https:\/\/veritasinfo.org\/","name":"","description":"","potentialAction":[{"@type":"SearchAction","target":{"@type":"EntryPoint","urlTemplate":"https:\/\/veritasinfo.org\/?s={search_term_string}"},"query-input":{"@type":"PropertyValueSpecification","valueRequired":true,"valueName":"search_term_string"}}],"inLanguage":"en-US"},{"@type":"Person","@id":"https:\/\/veritasinfo.org\/#\/schema\/person\/fe199eede04c3937362892b7444747cc","name":"US6","image":{"@type":"ImageObject","inLanguage":"en-US","@id":"https:\/\/veritasinfo.org\/#\/schema\/person\/image\/","url":"https:\/\/secure.gravatar.com\/avatar\/cb16c3c31c9d23b9b8c705964598220b3014e42ff51eb540ff23cefa3ae8c15f?s=96&d=mm&r=g","contentUrl":"https:\/\/secure.gravatar.com\/avatar\/cb16c3c31c9d23b9b8c705964598220b3014e42ff51eb540ff23cefa3ae8c15f?s=96&d=mm&r=g","caption":"US6"},"url":"https:\/\/veritasinfo.org\/?author=7"}]}},"featured_image_urls":{"full":["https:\/\/veritasinfo.org\/wp-content\/uploads\/2026\/08\/749417_Kurti-Abdixhikuu-1.webp",900,520,false],"thumbnail":["https:\/\/veritasinfo.org\/wp-content\/uploads\/2026\/08\/749417_Kurti-Abdixhikuu-1-150x150.webp",150,150,true],"medium":["https:\/\/veritasinfo.org\/wp-content\/uploads\/2026\/08\/749417_Kurti-Abdixhikuu-1-300x173.webp",300,173,true],"medium_large":["https:\/\/veritasinfo.org\/wp-content\/uploads\/2026\/08\/749417_Kurti-Abdixhikuu-1-768x444.webp",640,370,true],"large":["https:\/\/veritasinfo.org\/wp-content\/uploads\/2026\/08\/749417_Kurti-Abdixhikuu-1.webp",640,370,false],"1536x1536":["https:\/\/veritasinfo.org\/wp-content\/uploads\/2026\/08\/749417_Kurti-Abdixhikuu-1.webp",900,520,false],"2048x2048":["https:\/\/veritasinfo.org\/wp-content\/uploads\/2026\/08\/749417_Kurti-Abdixhikuu-1.webp",900,520,false],"kreeti-slider-full":["https:\/\/veritasinfo.org\/wp-content\/uploads\/2026\/08\/749417_Kurti-Abdixhikuu-1.webp",900,520,false],"kreeti-featured":["https:\/\/veritasinfo.org\/wp-content\/uploads\/2026\/08\/749417_Kurti-Abdixhikuu-1.webp",900,520,false],"kreeti-medium":["https:\/\/veritasinfo.org\/wp-content\/uploads\/2026\/08\/749417_Kurti-Abdixhikuu-1-720x520.webp",720,520,true],"kreeti-medium-square":["https:\/\/veritasinfo.org\/wp-content\/uploads\/2026\/08\/749417_Kurti-Abdixhikuu-1-350x350.webp",350,350,true]},"author_info":{"info":["US6"]},"category_info":"<a href=\"https:\/\/veritasinfo.org\/?cat=28&#038;lang=sr\" rel=\"category\">Politika<\/a>","tag_info":"Politika","comment_count":"0","_links":{"self":[{"href":"https:\/\/veritasinfo.org\/index.php?rest_route=\/wp\/v2\/posts\/63928","targetHints":{"allow":["GET"]}}],"collection":[{"href":"https:\/\/veritasinfo.org\/index.php?rest_route=\/wp\/v2\/posts"}],"about":[{"href":"https:\/\/veritasinfo.org\/index.php?rest_route=\/wp\/v2\/types\/post"}],"author":[{"embeddable":true,"href":"https:\/\/veritasinfo.org\/index.php?rest_route=\/wp\/v2\/users\/7"}],"replies":[{"embeddable":true,"href":"https:\/\/veritasinfo.org\/index.php?rest_route=%2Fwp%2Fv2%2Fcomments&post=63928"}],"version-history":[{"count":1,"href":"https:\/\/veritasinfo.org\/index.php?rest_route=\/wp\/v2\/posts\/63928\/revisions"}],"predecessor-version":[{"id":63929,"href":"https:\/\/veritasinfo.org\/index.php?rest_route=\/wp\/v2\/posts\/63928\/revisions\/63929"}],"wp:featuredmedia":[{"embeddable":true,"href":"https:\/\/veritasinfo.org\/index.php?rest_route=\/wp\/v2\/media\/60164"}],"wp:attachment":[{"href":"https:\/\/veritasinfo.org\/index.php?rest_route=%2Fwp%2Fv2%2Fmedia&parent=63928"}],"wp:term":[{"taxonomy":"category","embeddable":true,"href":"https:\/\/veritasinfo.org\/index.php?rest_route=%2Fwp%2Fv2%2Fcategories&post=63928"},{"taxonomy":"post_tag","embeddable":true,"href":"https:\/\/veritasinfo.org\/index.php?rest_route=%2Fwp%2Fv2%2Ftags&post=63928"}],"curies":[{"name":"wp","href":"https:\/\/api.w.org\/{rel}","templated":true}]}}